{"id":42360,"date":"2020-05-26T11:49:01","date_gmt":"2020-05-26T14:49:01","guid":{"rendered":"http:\/\/www.noticiasradioreflejos.com.ar\/noticias\/?p=42360"},"modified":"2020-05-26T11:49:01","modified_gmt":"2020-05-26T14:49:01","slug":"encuentro-con-autoridades-provinciales-de-turismo","status":"publish","type":"post","link":"https:\/\/www.noticiasradioreflejos.com.ar\/2021\/encuentro-con-autoridades-provinciales-de-turismo\/","title":{"rendered":"Encuentro con autoridades provinciales de turismo."},"content":{"rendered":"<p>El lunes 25 de mayo los Concejales del Frente de Todos y Frente Justicialista Cumplir mantuvimos una reuni\u00f3n virtual con la Subsecretaria de Turismo de la Provincia de Bs. As. Ianina Bak y la Directora Provincial de Promoci\u00f3n y Coordinaci\u00f3n Tur\u00edstica Agustina Gonz\u00e1lez Carman.<!--more--><br \/>\nEn dicha reuni\u00f3n conversamos acerca de la situaci\u00f3n actual del turismo, sus consecuencias como producto de la pandemia que azota al mundo y las perspectivas en cuanto a la reactivaci\u00f3n progresiva del sector.<br \/>\nAmablemente las autoridades provinciales escucharon nuestras inquietudes, las cuales fueron recabadas con diferentes actores del sector tur\u00edstico (c\u00e1maras, asociaciones, prestadores, operadores, empleados).<br \/>\nCon muy buena disposici\u00f3n expusieron los Planes, Programas y acciones implementados por el Gobierno Provincial y el Gobierno Nacional, al mismo tiempo que acordamos enviar las distintas propuestas que fueron surgiendo y que surjan en el futuro por partes de los diferentes actores tur\u00edsticos.<br \/>\nHicimos propicia la ocasi\u00f3n para manifestar la preocupaci\u00f3n de empleados eventuales que desde el mes de marzo no perciben salario ni pueden acceder a beneficios como el Ingreso Familiar de Emergencia.<br \/>\nQuedamos a disposici\u00f3n de cada vecino, instituci\u00f3n, prestador, operador que desee acercarnos sus inquietudes y propuestas para poder transmitirlas. Siempre con el convencimiento de que la salida es con Todos.<br \/>\n<strong><br \/>\nConcejales del Frente de Todos  y Frente Justicialista Cumplir. <\/strong><\/p>\n","protected":false},"excerpt":{"rendered":"<p>El lunes 25 de mayo los Concejales del Frente de Todos y Frente Justicialista Cumplir mantuvimos una reuni\u00f3n virtual con la Subsecretaria de Turismo de la Provincia de Bs. As. Ianina Bak y la Directora Provincial de Promoci\u00f3n y Coordinaci\u00f3n Tur\u00edstica Agustina Gonz\u00e1lez Carman.<\/p>\n","protected":false},"author":3,"featured_media":0,"comment_status":"closed","ping_status":"open","sticky":false,"template":"","format":"standard","meta":{"footnotes":""},"categories":[24],"tags":[],"class_list":["post-42360","post","type-post","status-publish","format-standard","hentry","category-politica"],"yoast_head":"<!-- This site is optimized with the Yoast SEO plugin v25.9 - https:\/\/yoast.com\/wordpress\/plugins\/seo\/ -->\n<title>Encuentro con autoridades provinciales de turismo. - Noticias Radio Reflejos<\/title>\n<meta name=\"robots\" content=\"index, follow, max-snippet:-1, max-image-preview:large, max-video-preview:-1\" \/>\n<link rel=\"canonical\" href=\"https:\/\/www.noticiasradioreflejos.com.ar\/2021\/encuentro-con-autoridades-provinciales-de-turismo\/\" \/>\n<meta property=\"og:locale\" content=\"es_ES\" \/>\n<meta property=\"og:type\" content=\"article\" \/>\n<meta property=\"og:title\" content=\"Encuentro con autoridades provinciales de turismo. - Noticias Radio Reflejos\" \/>\n<meta property=\"og:description\" content=\"El lunes 25 de mayo los Concejales del Frente de Todos y Frente Justicialista Cumplir mantuvimos una reuni\u00f3n virtual con la Subsecretaria de Turismo de la Provincia de Bs. As. Ianina Bak y la Directora Provincial de Promoci\u00f3n y Coordinaci\u00f3n Tur\u00edstica Agustina Gonz\u00e1lez Carman.\" \/>\n<meta property=\"og:url\" content=\"https:\/\/www.noticiasradioreflejos.com.ar\/2021\/encuentro-con-autoridades-provinciales-de-turismo\/\" \/>\n<meta property=\"og:site_name\" content=\"Noticias Radio Reflejos\" \/>\n<meta property=\"article:published_time\" content=\"2020-05-26T14:49:01+00:00\" \/>\n<meta property=\"og:image\" content=\"https:\/\/www.noticiasradioreflejos.com.ar\/2021\/wp-content\/uploads\/2021\/07\/logosol300x200.png\" \/>\n\t<meta property=\"og:image:width\" content=\"300\" \/>\n\t<meta property=\"og:image:height\" content=\"200\" \/>\n\t<meta property=\"og:image:type\" content=\"image\/png\" \/>\n<meta name=\"author\" content=\"Arnaldo Botto\" \/>\n<meta name=\"twitter:card\" content=\"summary_large_image\" \/>\n<script type=\"application\/ld+json\" class=\"yoast-schema-graph\">{\"@context\":\"https:\/\/schema.org\",\"@graph\":[{\"@type\":\"WebPage\",\"@id\":\"https:\/\/www.noticiasradioreflejos.com.ar\/2021\/encuentro-con-autoridades-provinciales-de-turismo\/\",\"url\":\"https:\/\/www.noticiasradioreflejos.com.ar\/2021\/encuentro-con-autoridades-provinciales-de-turismo\/\",\"name\":\"Encuentro con autoridades provinciales de turismo. - Noticias Radio Reflejos\",\"isPartOf\":{\"@id\":\"https:\/\/www.noticiasradioreflejos.com.ar\/2021\/#website\"},\"datePublished\":\"2020-05-26T14:49:01+00:00\",\"author\":{\"@id\":\"https:\/\/www.noticiasradioreflejos.com.ar\/2021\/#\/schema\/person\/ad82545263dcc5ec0996818884fd5fb1\"},\"breadcrumb\":{\"@id\":\"https:\/\/www.noticiasradioreflejos.com.ar\/2021\/encuentro-con-autoridades-provinciales-de-turismo\/#breadcrumb\"},\"inLanguage\":\"es\",\"potentialAction\":[{\"@type\":\"ReadAction\",\"target\":[\"https:\/\/www.noticiasradioreflejos.com.ar\/2021\/encuentro-con-autoridades-provinciales-de-turismo\/\"]}]},{\"@type\":\"BreadcrumbList\",\"@id\":\"https:\/\/www.noticiasradioreflejos.com.ar\/2021\/encuentro-con-autoridades-provinciales-de-turismo\/#breadcrumb\",\"itemListElement\":[{\"@type\":\"ListItem\",\"position\":1,\"name\":\"Portada\",\"item\":\"https:\/\/www.noticiasradioreflejos.com.ar\/2021\/\"},{\"@type\":\"ListItem\",\"position\":2,\"name\":\"Encuentro con autoridades provinciales de turismo.\"}]},{\"@type\":\"WebSite\",\"@id\":\"https:\/\/www.noticiasradioreflejos.com.ar\/2021\/#website\",\"url\":\"https:\/\/www.noticiasradioreflejos.com.ar\/2021\/\",\"name\":\"Noticias Radio Reflejos\",\"description\":\"Las noticias de mi comarca\",\"potentialAction\":[{\"@type\":\"SearchAction\",\"target\":{\"@type\":\"EntryPoint\",\"urlTemplate\":\"https:\/\/www.noticiasradioreflejos.com.ar\/2021\/?s={search_term_string}\"},\"query-input\":{\"@type\":\"PropertyValueSpecification\",\"valueRequired\":true,\"valueName\":\"search_term_string\"}}],\"inLanguage\":\"es\"},{\"@type\":\"Person\",\"@id\":\"https:\/\/www.noticiasradioreflejos.com.ar\/2021\/#\/schema\/person\/ad82545263dcc5ec0996818884fd5fb1\",\"name\":\"Arnaldo Botto\",\"image\":{\"@type\":\"ImageObject\",\"inLanguage\":\"es\",\"@id\":\"https:\/\/www.noticiasradioreflejos.com.ar\/2021\/#\/schema\/person\/image\/\",\"url\":\"https:\/\/secure.gravatar.com\/avatar\/55cb5e37c1efa326397366e6974cb338056df65cb50e7d64d1cf314e87504837?s=96&d=mm&r=g\",\"contentUrl\":\"https:\/\/secure.gravatar.com\/avatar\/55cb5e37c1efa326397366e6974cb338056df65cb50e7d64d1cf314e87504837?s=96&d=mm&r=g\",\"caption\":\"Arnaldo Botto\"},\"url\":\"https:\/\/www.noticiasradioreflejos.com.ar\/2021\/author\/arnaldo\/\"}]}<\/script>\n<!-- \/ Yoast SEO plugin. -->","yoast_head_json":{"title":"Encuentro con autoridades provinciales de turismo. - Noticias Radio Reflejos","robots":{"index":"index","follow":"follow","max-snippet":"max-snippet:-1","max-image-preview":"max-image-preview:large","max-video-preview":"max-video-preview:-1"},"canonical":"https:\/\/www.noticiasradioreflejos.com.ar\/2021\/encuentro-con-autoridades-provinciales-de-turismo\/","og_locale":"es_ES","og_type":"article","og_title":"Encuentro con autoridades provinciales de turismo. - Noticias Radio Reflejos","og_description":"El lunes 25 de mayo los Concejales del Frente de Todos y Frente Justicialista Cumplir mantuvimos una reuni\u00f3n virtual con la Subsecretaria de Turismo de la Provincia de Bs. As. Ianina Bak y la Directora Provincial de Promoci\u00f3n y Coordinaci\u00f3n Tur\u00edstica Agustina Gonz\u00e1lez Carman.","og_url":"https:\/\/www.noticiasradioreflejos.com.ar\/2021\/encuentro-con-autoridades-provinciales-de-turismo\/","og_site_name":"Noticias Radio Reflejos","article_published_time":"2020-05-26T14:49:01+00:00","og_image":[{"width":300,"height":200,"url":"https:\/\/www.noticiasradioreflejos.com.ar\/2021\/wp-content\/uploads\/2021\/07\/logosol300x200.png","type":"image\/png"}],"author":"Arnaldo Botto","twitter_card":"summary_large_image","schema":{"@context":"https:\/\/schema.org","@graph":[{"@type":"WebPage","@id":"https:\/\/www.noticiasradioreflejos.com.ar\/2021\/encuentro-con-autoridades-provinciales-de-turismo\/","url":"https:\/\/www.noticiasradioreflejos.com.ar\/2021\/encuentro-con-autoridades-provinciales-de-turismo\/","name":"Encuentro con autoridades provinciales de turismo. - Noticias Radio Reflejos","isPartOf":{"@id":"https:\/\/www.noticiasradioreflejos.com.ar\/2021\/#website"},"datePublished":"2020-05-26T14:49:01+00:00","author":{"@id":"https:\/\/www.noticiasradioreflejos.com.ar\/2021\/#\/schema\/person\/ad82545263dcc5ec0996818884fd5fb1"},"breadcrumb":{"@id":"https:\/\/www.noticiasradioreflejos.com.ar\/2021\/encuentro-con-autoridades-provinciales-de-turismo\/#breadcrumb"},"inLanguage":"es","potentialAction":[{"@type":"ReadAction","target":["https:\/\/www.noticiasradioreflejos.com.ar\/2021\/encuentro-con-autoridades-provinciales-de-turismo\/"]}]},{"@type":"BreadcrumbList","@id":"https:\/\/www.noticiasradioreflejos.com.ar\/2021\/encuentro-con-autoridades-provinciales-de-turismo\/#breadcrumb","itemListElement":[{"@type":"ListItem","position":1,"name":"Portada","item":"https:\/\/www.noticiasradioreflejos.com.ar\/2021\/"},{"@type":"ListItem","position":2,"name":"Encuentro con autoridades provinciales de turismo."}]},{"@type":"WebSite","@id":"https:\/\/www.noticiasradioreflejos.com.ar\/2021\/#website","url":"https:\/\/www.noticiasradioreflejos.com.ar\/2021\/","name":"Noticias Radio Reflejos","description":"Las noticias de mi comarca","potentialAction":[{"@type":"SearchAction","target":{"@type":"EntryPoint","urlTemplate":"https:\/\/www.noticiasradioreflejos.com.ar\/2021\/?s={search_term_string}"},"query-input":{"@type":"PropertyValueSpecification","valueRequired":true,"valueName":"search_term_string"}}],"inLanguage":"es"},{"@type":"Person","@id":"https:\/\/www.noticiasradioreflejos.com.ar\/2021\/#\/schema\/person\/ad82545263dcc5ec0996818884fd5fb1","name":"Arnaldo Botto","image":{"@type":"ImageObject","inLanguage":"es","@id":"https:\/\/www.noticiasradioreflejos.com.ar\/2021\/#\/schema\/person\/image\/","url":"https:\/\/secure.gravatar.com\/avatar\/55cb5e37c1efa326397366e6974cb338056df65cb50e7d64d1cf314e87504837?s=96&d=mm&r=g","contentUrl":"https:\/\/secure.gravatar.com\/avatar\/55cb5e37c1efa326397366e6974cb338056df65cb50e7d64d1cf314e87504837?s=96&d=mm&r=g","caption":"Arnaldo Botto"},"url":"https:\/\/www.noticiasradioreflejos.com.ar\/2021\/author\/arnaldo\/"}]}},"_links":{"self":[{"href":"https:\/\/www.noticiasradioreflejos.com.ar\/2021\/wp-json\/wp\/v2\/posts\/42360","targetHints":{"allow":["GET"]}}],"collection":[{"href":"https:\/\/www.noticiasradioreflejos.com.ar\/2021\/wp-json\/wp\/v2\/posts"}],"about":[{"href":"https:\/\/www.noticiasradioreflejos.com.ar\/2021\/wp-json\/wp\/v2\/types\/post"}],"author":[{"embeddable":true,"href":"https:\/\/www.noticiasradioreflejos.com.ar\/2021\/wp-json\/wp\/v2\/users\/3"}],"replies":[{"embeddable":true,"href":"https:\/\/www.noticiasradioreflejos.com.ar\/2021\/wp-json\/wp\/v2\/comments?post=42360"}],"version-history":[{"count":0,"href":"https:\/\/www.noticiasradioreflejos.com.ar\/2021\/wp-json\/wp\/v2\/posts\/42360\/revisions"}],"wp:attachment":[{"href":"https:\/\/www.noticiasradioreflejos.com.ar\/2021\/wp-json\/wp\/v2\/media?parent=42360"}],"wp:term":[{"taxonomy":"category","embeddable":true,"href":"https:\/\/www.noticiasradioreflejos.com.ar\/2021\/wp-json\/wp\/v2\/categories?post=42360"},{"taxonomy":"post_tag","embeddable":true,"href":"https:\/\/www.noticiasradioreflejos.com.ar\/2021\/wp-json\/wp\/v2\/tags?post=42360"}],"curies":[{"name":"wp","href":"https:\/\/api.w.org\/{rel}","templated":true}]}}