{"id":42358,"date":"2020-05-26T11:39:54","date_gmt":"2020-05-26T14:39:54","guid":{"rendered":"http:\/\/www.noticiasradioreflejos.com.ar\/noticias\/?p=42358"},"modified":"2020-05-26T11:39:54","modified_gmt":"2020-05-26T14:39:54","slug":"se-habilitara-la-pesca-unicamente-para-vecinos-del-distrito","status":"publish","type":"post","link":"https:\/\/www.noticiasradioreflejos.com.ar\/2021\/se-habilitara-la-pesca-unicamente-para-vecinos-del-distrito\/","title":{"rendered":"Se habilitar\u00e1 la pesca \u00fanicamente para vecinos del distrito"},"content":{"rendered":"<p>Tornquist Municipio informa que con el fin de comenzar a reactivar las actividades productivas y de subsistencia, como as\u00ed tambi\u00e9n las de esparcimiento, y por no representar un riesgo para la salud de los habitantes, a partir de hoy, 26 de mayo, se habilitar\u00e1 la pesca deportiva en el distrito de Tornquist, reglamentada a trav\u00e9s del siguiente protocolo: <!--more--><\/p>\n<p>1) La autorizaci\u00f3n opera exclusivamente para habitantes del Distrito de Tornquist, sea por tener domicilio en alguna de las localidades del Partido o su zona rural, como para los residentes estables.<\/p>\n<p>2) La autorizaci\u00f3n opera exclusivamente para realizar la pesca en lagunas, r\u00edos o arroyos del Distrito de Tornquist.<\/p>\n<p>3) Para circular, el pescador deber\u00e1 exhibir en el puesto de control el Permiso Provincial para realizar dicha actividad (Licencia de pesca), el cual se obtendr\u00e1 en todos los comercios de pesca habilitados. (Link para realizar el tr\u00e1mite: http:\/\/www.maa.gba.gov.ar\/sistemas\/pesca\/licencias\/licencias00.php )<\/p>\n<p>4) Si se realiza la pesca en la modalidad \u201cde costa\u201d, se autoriza que se trasladen hasta un m\u00e1ximo de 2 personas por veh\u00edculo, ya en el lugar de pesca deber\u00e1n respetar el distanciamiento social de 2 metros entre pescador y pescador, quedando prohibido que entre pescadores se compartan utensilios como as\u00ed tambi\u00e9n mate o alimentos.<\/p>\n<p>5) Pesca modalidad embarcado: El traslado deber\u00e1 ser igual que en la modalidad \u201cde costa\u201d y una vez ya embarcados se autoriza hasta un m\u00e1ximo de 2 personas por bote o lancha, sin importar el tama\u00f1o de la embarcaci\u00f3n.<\/p>\n<p>6) Queda prohibido el uso de camping o armado de carpas o similar, como as\u00ed tambi\u00e9n hacer fuego en fogones habilitados o la costa.<\/p>\n<p>7) Se recomienda llevar elementos de higiene y sanidad, tales como jab\u00f3n, toallas, alcohol en gel o alcohol dilu\u00eddo en agua.<\/p>\n<p>8) La vigencia de la presente autorizaci\u00f3n quedar\u00e1 sujeta a que se sostengan las condiciones epidemiol\u00f3gicas existentes en la actualidad en nuestro Partido, as\u00ed como tambi\u00e9n al comportamiento social que se presente en el desarrollo de las actividades.<\/p>\n<p>Recordamos que la vigencia de nueva habilitaci\u00f3n quedar\u00e1 sujeta a que se sostenga las condiciones epidemiol\u00f3gicas existentes en nuestro distrito, y el comportamiento social sea el solicitado.<br \/>\nSolicitamos nuevamente la buena colaboraci\u00f3n de los vecinos del distrito, para poder ir permitiendo cada d\u00eda nuevas actividades y continuar administrando el aislamiento.<\/p>\n","protected":false},"excerpt":{"rendered":"<p>Tornquist Municipio informa que con el fin de comenzar a reactivar las actividades productivas y de subsistencia, como as\u00ed tambi\u00e9n las de esparcimiento, y por no representar un riesgo para la salud de los habitantes, a partir de hoy, 26 de mayo, se habilitar\u00e1 la pesca deportiva en el distrito de Tornquist, reglamentada a trav\u00e9s [&hellip;]<\/p>\n","protected":false},"author":3,"featured_media":0,"comment_status":"closed","ping_status":"open","sticky":false,"template":"","format":"standard","meta":{"footnotes":""},"categories":[28],"tags":[],"class_list":["post-42358","post","type-post","status-publish","format-standard","hentry","category-municipales"],"yoast_head":"<!-- This site is optimized with the Yoast SEO plugin v25.9 - https:\/\/yoast.com\/wordpress\/plugins\/seo\/ -->\n<title>Se habilitar\u00e1 la pesca \u00fanicamente para vecinos del distrito - Noticias Radio Reflejos<\/title>\n<meta name=\"robots\" content=\"index, follow, max-snippet:-1, max-image-preview:large, max-video-preview:-1\" \/>\n<link rel=\"canonical\" href=\"https:\/\/www.noticiasradioreflejos.com.ar\/2021\/se-habilitara-la-pesca-unicamente-para-vecinos-del-distrito\/\" \/>\n<meta property=\"og:locale\" content=\"es_ES\" \/>\n<meta property=\"og:type\" content=\"article\" \/>\n<meta property=\"og:title\" content=\"Se habilitar\u00e1 la pesca \u00fanicamente para vecinos del distrito - Noticias Radio Reflejos\" \/>\n<meta property=\"og:description\" content=\"Tornquist Municipio informa que con el fin de comenzar a reactivar las actividades productivas y de subsistencia, como as\u00ed tambi\u00e9n las de esparcimiento, y por no representar un riesgo para la salud de los habitantes, a partir de hoy, 26 de mayo, se habilitar\u00e1 la pesca deportiva en el distrito de Tornquist, reglamentada a trav\u00e9s [&hellip;]\" \/>\n<meta property=\"og:url\" content=\"https:\/\/www.noticiasradioreflejos.com.ar\/2021\/se-habilitara-la-pesca-unicamente-para-vecinos-del-distrito\/\" \/>\n<meta property=\"og:site_name\" content=\"Noticias Radio Reflejos\" \/>\n<meta property=\"article:published_time\" content=\"2020-05-26T14:39:54+00:00\" \/>\n<meta property=\"og:image\" content=\"https:\/\/www.noticiasradioreflejos.com.ar\/2021\/wp-content\/uploads\/2021\/07\/logosol300x200.png\" \/>\n\t<meta property=\"og:image:width\" content=\"300\" \/>\n\t<meta property=\"og:image:height\" content=\"200\" \/>\n\t<meta property=\"og:image:type\" content=\"image\/png\" \/>\n<meta name=\"author\" content=\"Arnaldo Botto\" \/>\n<meta name=\"twitter:card\" content=\"summary_large_image\" \/>\n<script type=\"application\/ld+json\" class=\"yoast-schema-graph\">{\"@context\":\"https:\/\/schema.org\",\"@graph\":[{\"@type\":\"WebPage\",\"@id\":\"https:\/\/www.noticiasradioreflejos.com.ar\/2021\/se-habilitara-la-pesca-unicamente-para-vecinos-del-distrito\/\",\"url\":\"https:\/\/www.noticiasradioreflejos.com.ar\/2021\/se-habilitara-la-pesca-unicamente-para-vecinos-del-distrito\/\",\"name\":\"Se habilitar\u00e1 la pesca \u00fanicamente para vecinos del distrito - Noticias Radio Reflejos\",\"isPartOf\":{\"@id\":\"https:\/\/www.noticiasradioreflejos.com.ar\/2021\/#website\"},\"datePublished\":\"2020-05-26T14:39:54+00:00\",\"author\":{\"@id\":\"https:\/\/www.noticiasradioreflejos.com.ar\/2021\/#\/schema\/person\/ad82545263dcc5ec0996818884fd5fb1\"},\"breadcrumb\":{\"@id\":\"https:\/\/www.noticiasradioreflejos.com.ar\/2021\/se-habilitara-la-pesca-unicamente-para-vecinos-del-distrito\/#breadcrumb\"},\"inLanguage\":\"es\",\"potentialAction\":[{\"@type\":\"ReadAction\",\"target\":[\"https:\/\/www.noticiasradioreflejos.com.ar\/2021\/se-habilitara-la-pesca-unicamente-para-vecinos-del-distrito\/\"]}]},{\"@type\":\"BreadcrumbList\",\"@id\":\"https:\/\/www.noticiasradioreflejos.com.ar\/2021\/se-habilitara-la-pesca-unicamente-para-vecinos-del-distrito\/#breadcrumb\",\"itemListElement\":[{\"@type\":\"ListItem\",\"position\":1,\"name\":\"Portada\",\"item\":\"https:\/\/www.noticiasradioreflejos.com.ar\/2021\/\"},{\"@type\":\"ListItem\",\"position\":2,\"name\":\"Se habilitar\u00e1 la pesca \u00fanicamente para vecinos del distrito\"}]},{\"@type\":\"WebSite\",\"@id\":\"https:\/\/www.noticiasradioreflejos.com.ar\/2021\/#website\",\"url\":\"https:\/\/www.noticiasradioreflejos.com.ar\/2021\/\",\"name\":\"Noticias Radio Reflejos\",\"description\":\"Las noticias de mi comarca\",\"potentialAction\":[{\"@type\":\"SearchAction\",\"target\":{\"@type\":\"EntryPoint\",\"urlTemplate\":\"https:\/\/www.noticiasradioreflejos.com.ar\/2021\/?s={search_term_string}\"},\"query-input\":{\"@type\":\"PropertyValueSpecification\",\"valueRequired\":true,\"valueName\":\"search_term_string\"}}],\"inLanguage\":\"es\"},{\"@type\":\"Person\",\"@id\":\"https:\/\/www.noticiasradioreflejos.com.ar\/2021\/#\/schema\/person\/ad82545263dcc5ec0996818884fd5fb1\",\"name\":\"Arnaldo Botto\",\"image\":{\"@type\":\"ImageObject\",\"inLanguage\":\"es\",\"@id\":\"https:\/\/www.noticiasradioreflejos.com.ar\/2021\/#\/schema\/person\/image\/\",\"url\":\"https:\/\/secure.gravatar.com\/avatar\/55cb5e37c1efa326397366e6974cb338056df65cb50e7d64d1cf314e87504837?s=96&d=mm&r=g\",\"contentUrl\":\"https:\/\/secure.gravatar.com\/avatar\/55cb5e37c1efa326397366e6974cb338056df65cb50e7d64d1cf314e87504837?s=96&d=mm&r=g\",\"caption\":\"Arnaldo Botto\"},\"url\":\"https:\/\/www.noticiasradioreflejos.com.ar\/2021\/author\/arnaldo\/\"}]}<\/script>\n<!-- \/ Yoast SEO plugin. -->","yoast_head_json":{"title":"Se habilitar\u00e1 la pesca \u00fanicamente para vecinos del distrito - Noticias Radio Reflejos","robots":{"index":"index","follow":"follow","max-snippet":"max-snippet:-1","max-image-preview":"max-image-preview:large","max-video-preview":"max-video-preview:-1"},"canonical":"https:\/\/www.noticiasradioreflejos.com.ar\/2021\/se-habilitara-la-pesca-unicamente-para-vecinos-del-distrito\/","og_locale":"es_ES","og_type":"article","og_title":"Se habilitar\u00e1 la pesca \u00fanicamente para vecinos del distrito - Noticias Radio Reflejos","og_description":"Tornquist Municipio informa que con el fin de comenzar a reactivar las actividades productivas y de subsistencia, como as\u00ed tambi\u00e9n las de esparcimiento, y por no representar un riesgo para la salud de los habitantes, a partir de hoy, 26 de mayo, se habilitar\u00e1 la pesca deportiva en el distrito de Tornquist, reglamentada a trav\u00e9s [&hellip;]","og_url":"https:\/\/www.noticiasradioreflejos.com.ar\/2021\/se-habilitara-la-pesca-unicamente-para-vecinos-del-distrito\/","og_site_name":"Noticias Radio Reflejos","article_published_time":"2020-05-26T14:39:54+00:00","og_image":[{"width":300,"height":200,"url":"https:\/\/www.noticiasradioreflejos.com.ar\/2021\/wp-content\/uploads\/2021\/07\/logosol300x200.png","type":"image\/png"}],"author":"Arnaldo Botto","twitter_card":"summary_large_image","schema":{"@context":"https:\/\/schema.org","@graph":[{"@type":"WebPage","@id":"https:\/\/www.noticiasradioreflejos.com.ar\/2021\/se-habilitara-la-pesca-unicamente-para-vecinos-del-distrito\/","url":"https:\/\/www.noticiasradioreflejos.com.ar\/2021\/se-habilitara-la-pesca-unicamente-para-vecinos-del-distrito\/","name":"Se habilitar\u00e1 la pesca \u00fanicamente para vecinos del distrito - Noticias Radio Reflejos","isPartOf":{"@id":"https:\/\/www.noticiasradioreflejos.com.ar\/2021\/#website"},"datePublished":"2020-05-26T14:39:54+00:00","author":{"@id":"https:\/\/www.noticiasradioreflejos.com.ar\/2021\/#\/schema\/person\/ad82545263dcc5ec0996818884fd5fb1"},"breadcrumb":{"@id":"https:\/\/www.noticiasradioreflejos.com.ar\/2021\/se-habilitara-la-pesca-unicamente-para-vecinos-del-distrito\/#breadcrumb"},"inLanguage":"es","potentialAction":[{"@type":"ReadAction","target":["https:\/\/www.noticiasradioreflejos.com.ar\/2021\/se-habilitara-la-pesca-unicamente-para-vecinos-del-distrito\/"]}]},{"@type":"BreadcrumbList","@id":"https:\/\/www.noticiasradioreflejos.com.ar\/2021\/se-habilitara-la-pesca-unicamente-para-vecinos-del-distrito\/#breadcrumb","itemListElement":[{"@type":"ListItem","position":1,"name":"Portada","item":"https:\/\/www.noticiasradioreflejos.com.ar\/2021\/"},{"@type":"ListItem","position":2,"name":"Se habilitar\u00e1 la pesca \u00fanicamente para vecinos del distrito"}]},{"@type":"WebSite","@id":"https:\/\/www.noticiasradioreflejos.com.ar\/2021\/#website","url":"https:\/\/www.noticiasradioreflejos.com.ar\/2021\/","name":"Noticias Radio Reflejos","description":"Las noticias de mi comarca","potentialAction":[{"@type":"SearchAction","target":{"@type":"EntryPoint","urlTemplate":"https:\/\/www.noticiasradioreflejos.com.ar\/2021\/?s={search_term_string}"},"query-input":{"@type":"PropertyValueSpecification","valueRequired":true,"valueName":"search_term_string"}}],"inLanguage":"es"},{"@type":"Person","@id":"https:\/\/www.noticiasradioreflejos.com.ar\/2021\/#\/schema\/person\/ad82545263dcc5ec0996818884fd5fb1","name":"Arnaldo Botto","image":{"@type":"ImageObject","inLanguage":"es","@id":"https:\/\/www.noticiasradioreflejos.com.ar\/2021\/#\/schema\/person\/image\/","url":"https:\/\/secure.gravatar.com\/avatar\/55cb5e37c1efa326397366e6974cb338056df65cb50e7d64d1cf314e87504837?s=96&d=mm&r=g","contentUrl":"https:\/\/secure.gravatar.com\/avatar\/55cb5e37c1efa326397366e6974cb338056df65cb50e7d64d1cf314e87504837?s=96&d=mm&r=g","caption":"Arnaldo Botto"},"url":"https:\/\/www.noticiasradioreflejos.com.ar\/2021\/author\/arnaldo\/"}]}},"_links":{"self":[{"href":"https:\/\/www.noticiasradioreflejos.com.ar\/2021\/wp-json\/wp\/v2\/posts\/42358","targetHints":{"allow":["GET"]}}],"collection":[{"href":"https:\/\/www.noticiasradioreflejos.com.ar\/2021\/wp-json\/wp\/v2\/posts"}],"about":[{"href":"https:\/\/www.noticiasradioreflejos.com.ar\/2021\/wp-json\/wp\/v2\/types\/post"}],"author":[{"embeddable":true,"href":"https:\/\/www.noticiasradioreflejos.com.ar\/2021\/wp-json\/wp\/v2\/users\/3"}],"replies":[{"embeddable":true,"href":"https:\/\/www.noticiasradioreflejos.com.ar\/2021\/wp-json\/wp\/v2\/comments?post=42358"}],"version-history":[{"count":0,"href":"https:\/\/www.noticiasradioreflejos.com.ar\/2021\/wp-json\/wp\/v2\/posts\/42358\/revisions"}],"wp:attachment":[{"href":"https:\/\/www.noticiasradioreflejos.com.ar\/2021\/wp-json\/wp\/v2\/media?parent=42358"}],"wp:term":[{"taxonomy":"category","embeddable":true,"href":"https:\/\/www.noticiasradioreflejos.com.ar\/2021\/wp-json\/wp\/v2\/categories?post=42358"},{"taxonomy":"post_tag","embeddable":true,"href":"https:\/\/www.noticiasradioreflejos.com.ar\/2021\/wp-json\/wp\/v2\/tags?post=42358"}],"curies":[{"name":"wp","href":"https:\/\/api.w.org\/{rel}","templated":true}]}}