{"id":42354,"date":"2020-05-25T22:59:16","date_gmt":"2020-05-26T01:59:16","guid":{"rendered":"http:\/\/www.noticiasradioreflejos.com.ar\/noticias\/?p=42354"},"modified":"2020-05-25T22:59:16","modified_gmt":"2020-05-26T01:59:16","slug":"comunicado-del-consejo-municipal-de-las-mujeres-6","status":"publish","type":"post","link":"https:\/\/www.noticiasradioreflejos.com.ar\/2021\/comunicado-del-consejo-municipal-de-las-mujeres-6\/","title":{"rendered":"Comunicado del Consejo Municipal de las Mujeres."},"content":{"rendered":"<p>Desde 1987, el Movimiento de Salud Internacional se ha comprometido a la campa\u00f1a del D\u00eda Internacional de Acci\u00f3n por la Salud de las Mujeres cada 28 de mayo.<!--more--><br \/>\nEn coincidencia con la conmemoraci\u00f3n y con el prop\u00f3sito de reafirmar el derecho a la salud como derecho humano de las mujeres, este 28 de mayo a las 19 horas, nos acompa\u00f1ar\u00e1 la referente de salud sexual y salud reproductiva de la Regi\u00f3n Sanitaria I de Provincia de Buenos Aires, Lic. Mariana Rubio, para conversar sobre derechos sexuales y derechos reproductivos y el acceso a la salud.<\/p>\n<p>El Consejo Municipal de las Mujeres de Tornquist (CMMT) te invita a participar de este encuentro, el primero de un ciclo de conversaciones que tienen objetivo la conformaci\u00f3n de una red de promotorxs de derechos con perspectiva de g\u00e9neros pues el rol de lxs promotorxs es clave en la articulaci\u00f3n y el acompa\u00f1amiento de diversas situaciones de vulneraciones de derechos.<\/p>\n<p>Para participar del encuentro te invitamos a seguirnos en las redes sociales IG: @cmmujerestornquist &#8211; Facebook: Consejo Municipal de las Mujeres Tornquist y dejanos tus datos en el siguiente link https:\/\/forms.gle\/UEqjRNBNMAs44WpWA<\/p>\n<p><a href=\"http:\/\/live.staticflickr.com\/65535\/49936875667_5515d837e0_s.jpg\" title=\"image\" rel=\"\"><img loading=\"lazy\" decoding=\"async\" src=\"http:\/\/live.staticflickr.com\/65535\/49936875667_5515d837e0_c.jpg\" width=\"800\" height=\"671\" alt=\"image\" title=\"image\" class=\"aligncenter\"><\/a><\/p>\n","protected":false},"excerpt":{"rendered":"<p>Desde 1987, el Movimiento de Salud Internacional se ha comprometido a la campa\u00f1a del D\u00eda Internacional de Acci\u00f3n por la Salud de las Mujeres cada 28 de mayo.<\/p>\n","protected":false},"author":3,"featured_media":0,"comment_status":"closed","ping_status":"open","sticky":false,"template":"","format":"standard","meta":{"footnotes":""},"categories":[26],"tags":[],"class_list":["post-42354","post","type-post","status-publish","format-standard","hentry","category-sociedad"],"yoast_head":"<!-- This site is optimized with the Yoast SEO plugin v25.9 - https:\/\/yoast.com\/wordpress\/plugins\/seo\/ -->\n<title>Comunicado del Consejo Municipal de las Mujeres. - Noticias Radio Reflejos<\/title>\n<meta name=\"robots\" content=\"index, follow, max-snippet:-1, max-image-preview:large, max-video-preview:-1\" \/>\n<link rel=\"canonical\" href=\"https:\/\/www.noticiasradioreflejos.com.ar\/2021\/comunicado-del-consejo-municipal-de-las-mujeres-6\/\" \/>\n<meta property=\"og:locale\" content=\"es_ES\" \/>\n<meta property=\"og:type\" content=\"article\" \/>\n<meta property=\"og:title\" content=\"Comunicado del Consejo Municipal de las Mujeres. - Noticias Radio Reflejos\" \/>\n<meta property=\"og:description\" content=\"Desde 1987, el Movimiento de Salud Internacional se ha comprometido a la campa\u00f1a del D\u00eda Internacional de Acci\u00f3n por la Salud de las Mujeres cada 28 de mayo.\" \/>\n<meta property=\"og:url\" content=\"https:\/\/www.noticiasradioreflejos.com.ar\/2021\/comunicado-del-consejo-municipal-de-las-mujeres-6\/\" \/>\n<meta property=\"og:site_name\" content=\"Noticias Radio Reflejos\" \/>\n<meta property=\"article:published_time\" content=\"2020-05-26T01:59:16+00:00\" \/>\n<meta property=\"og:image\" content=\"http:\/\/live.staticflickr.com\/65535\/49936875667_5515d837e0_c.jpg\" \/>\n<meta name=\"author\" content=\"Arnaldo Botto\" \/>\n<meta name=\"twitter:card\" content=\"summary_large_image\" \/>\n<script type=\"application\/ld+json\" class=\"yoast-schema-graph\">{\"@context\":\"https:\/\/schema.org\",\"@graph\":[{\"@type\":\"WebPage\",\"@id\":\"https:\/\/www.noticiasradioreflejos.com.ar\/2021\/comunicado-del-consejo-municipal-de-las-mujeres-6\/\",\"url\":\"https:\/\/www.noticiasradioreflejos.com.ar\/2021\/comunicado-del-consejo-municipal-de-las-mujeres-6\/\",\"name\":\"Comunicado del Consejo Municipal de las Mujeres. - Noticias Radio Reflejos\",\"isPartOf\":{\"@id\":\"https:\/\/www.noticiasradioreflejos.com.ar\/2021\/#website\"},\"primaryImageOfPage\":{\"@id\":\"https:\/\/www.noticiasradioreflejos.com.ar\/2021\/comunicado-del-consejo-municipal-de-las-mujeres-6\/#primaryimage\"},\"image\":{\"@id\":\"https:\/\/www.noticiasradioreflejos.com.ar\/2021\/comunicado-del-consejo-municipal-de-las-mujeres-6\/#primaryimage\"},\"thumbnailUrl\":\"http:\/\/live.staticflickr.com\/65535\/49936875667_5515d837e0_c.jpg\",\"datePublished\":\"2020-05-26T01:59:16+00:00\",\"author\":{\"@id\":\"https:\/\/www.noticiasradioreflejos.com.ar\/2021\/#\/schema\/person\/ad82545263dcc5ec0996818884fd5fb1\"},\"breadcrumb\":{\"@id\":\"https:\/\/www.noticiasradioreflejos.com.ar\/2021\/comunicado-del-consejo-municipal-de-las-mujeres-6\/#breadcrumb\"},\"inLanguage\":\"es\",\"potentialAction\":[{\"@type\":\"ReadAction\",\"target\":[\"https:\/\/www.noticiasradioreflejos.com.ar\/2021\/comunicado-del-consejo-municipal-de-las-mujeres-6\/\"]}]},{\"@type\":\"ImageObject\",\"inLanguage\":\"es\",\"@id\":\"https:\/\/www.noticiasradioreflejos.com.ar\/2021\/comunicado-del-consejo-municipal-de-las-mujeres-6\/#primaryimage\",\"url\":\"http:\/\/live.staticflickr.com\/65535\/49936875667_5515d837e0_c.jpg\",\"contentUrl\":\"http:\/\/live.staticflickr.com\/65535\/49936875667_5515d837e0_c.jpg\"},{\"@type\":\"BreadcrumbList\",\"@id\":\"https:\/\/www.noticiasradioreflejos.com.ar\/2021\/comunicado-del-consejo-municipal-de-las-mujeres-6\/#breadcrumb\",\"itemListElement\":[{\"@type\":\"ListItem\",\"position\":1,\"name\":\"Portada\",\"item\":\"https:\/\/www.noticiasradioreflejos.com.ar\/2021\/\"},{\"@type\":\"ListItem\",\"position\":2,\"name\":\"Comunicado del Consejo Municipal de las Mujeres.\"}]},{\"@type\":\"WebSite\",\"@id\":\"https:\/\/www.noticiasradioreflejos.com.ar\/2021\/#website\",\"url\":\"https:\/\/www.noticiasradioreflejos.com.ar\/2021\/\",\"name\":\"Noticias Radio Reflejos\",\"description\":\"Las noticias de mi comarca\",\"potentialAction\":[{\"@type\":\"SearchAction\",\"target\":{\"@type\":\"EntryPoint\",\"urlTemplate\":\"https:\/\/www.noticiasradioreflejos.com.ar\/2021\/?s={search_term_string}\"},\"query-input\":{\"@type\":\"PropertyValueSpecification\",\"valueRequired\":true,\"valueName\":\"search_term_string\"}}],\"inLanguage\":\"es\"},{\"@type\":\"Person\",\"@id\":\"https:\/\/www.noticiasradioreflejos.com.ar\/2021\/#\/schema\/person\/ad82545263dcc5ec0996818884fd5fb1\",\"name\":\"Arnaldo Botto\",\"image\":{\"@type\":\"ImageObject\",\"inLanguage\":\"es\",\"@id\":\"https:\/\/www.noticiasradioreflejos.com.ar\/2021\/#\/schema\/person\/image\/\",\"url\":\"https:\/\/secure.gravatar.com\/avatar\/55cb5e37c1efa326397366e6974cb338056df65cb50e7d64d1cf314e87504837?s=96&d=mm&r=g\",\"contentUrl\":\"https:\/\/secure.gravatar.com\/avatar\/55cb5e37c1efa326397366e6974cb338056df65cb50e7d64d1cf314e87504837?s=96&d=mm&r=g\",\"caption\":\"Arnaldo Botto\"},\"url\":\"https:\/\/www.noticiasradioreflejos.com.ar\/2021\/author\/arnaldo\/\"}]}<\/script>\n<!-- \/ Yoast SEO plugin. -->","yoast_head_json":{"title":"Comunicado del Consejo Municipal de las Mujeres. - Noticias Radio Reflejos","robots":{"index":"index","follow":"follow","max-snippet":"max-snippet:-1","max-image-preview":"max-image-preview:large","max-video-preview":"max-video-preview:-1"},"canonical":"https:\/\/www.noticiasradioreflejos.com.ar\/2021\/comunicado-del-consejo-municipal-de-las-mujeres-6\/","og_locale":"es_ES","og_type":"article","og_title":"Comunicado del Consejo Municipal de las Mujeres. - Noticias Radio Reflejos","og_description":"Desde 1987, el Movimiento de Salud Internacional se ha comprometido a la campa\u00f1a del D\u00eda Internacional de Acci\u00f3n por la Salud de las Mujeres cada 28 de mayo.","og_url":"https:\/\/www.noticiasradioreflejos.com.ar\/2021\/comunicado-del-consejo-municipal-de-las-mujeres-6\/","og_site_name":"Noticias Radio Reflejos","article_published_time":"2020-05-26T01:59:16+00:00","og_image":[{"url":"http:\/\/live.staticflickr.com\/65535\/49936875667_5515d837e0_c.jpg","type":"","width":"","height":""}],"author":"Arnaldo Botto","twitter_card":"summary_large_image","schema":{"@context":"https:\/\/schema.org","@graph":[{"@type":"WebPage","@id":"https:\/\/www.noticiasradioreflejos.com.ar\/2021\/comunicado-del-consejo-municipal-de-las-mujeres-6\/","url":"https:\/\/www.noticiasradioreflejos.com.ar\/2021\/comunicado-del-consejo-municipal-de-las-mujeres-6\/","name":"Comunicado del Consejo Municipal de las Mujeres. - Noticias Radio Reflejos","isPartOf":{"@id":"https:\/\/www.noticiasradioreflejos.com.ar\/2021\/#website"},"primaryImageOfPage":{"@id":"https:\/\/www.noticiasradioreflejos.com.ar\/2021\/comunicado-del-consejo-municipal-de-las-mujeres-6\/#primaryimage"},"image":{"@id":"https:\/\/www.noticiasradioreflejos.com.ar\/2021\/comunicado-del-consejo-municipal-de-las-mujeres-6\/#primaryimage"},"thumbnailUrl":"http:\/\/live.staticflickr.com\/65535\/49936875667_5515d837e0_c.jpg","datePublished":"2020-05-26T01:59:16+00:00","author":{"@id":"https:\/\/www.noticiasradioreflejos.com.ar\/2021\/#\/schema\/person\/ad82545263dcc5ec0996818884fd5fb1"},"breadcrumb":{"@id":"https:\/\/www.noticiasradioreflejos.com.ar\/2021\/comunicado-del-consejo-municipal-de-las-mujeres-6\/#breadcrumb"},"inLanguage":"es","potentialAction":[{"@type":"ReadAction","target":["https:\/\/www.noticiasradioreflejos.com.ar\/2021\/comunicado-del-consejo-municipal-de-las-mujeres-6\/"]}]},{"@type":"ImageObject","inLanguage":"es","@id":"https:\/\/www.noticiasradioreflejos.com.ar\/2021\/comunicado-del-consejo-municipal-de-las-mujeres-6\/#primaryimage","url":"http:\/\/live.staticflickr.com\/65535\/49936875667_5515d837e0_c.jpg","contentUrl":"http:\/\/live.staticflickr.com\/65535\/49936875667_5515d837e0_c.jpg"},{"@type":"BreadcrumbList","@id":"https:\/\/www.noticiasradioreflejos.com.ar\/2021\/comunicado-del-consejo-municipal-de-las-mujeres-6\/#breadcrumb","itemListElement":[{"@type":"ListItem","position":1,"name":"Portada","item":"https:\/\/www.noticiasradioreflejos.com.ar\/2021\/"},{"@type":"ListItem","position":2,"name":"Comunicado del Consejo Municipal de las Mujeres."}]},{"@type":"WebSite","@id":"https:\/\/www.noticiasradioreflejos.com.ar\/2021\/#website","url":"https:\/\/www.noticiasradioreflejos.com.ar\/2021\/","name":"Noticias Radio Reflejos","description":"Las noticias de mi comarca","potentialAction":[{"@type":"SearchAction","target":{"@type":"EntryPoint","urlTemplate":"https:\/\/www.noticiasradioreflejos.com.ar\/2021\/?s={search_term_string}"},"query-input":{"@type":"PropertyValueSpecification","valueRequired":true,"valueName":"search_term_string"}}],"inLanguage":"es"},{"@type":"Person","@id":"https:\/\/www.noticiasradioreflejos.com.ar\/2021\/#\/schema\/person\/ad82545263dcc5ec0996818884fd5fb1","name":"Arnaldo Botto","image":{"@type":"ImageObject","inLanguage":"es","@id":"https:\/\/www.noticiasradioreflejos.com.ar\/2021\/#\/schema\/person\/image\/","url":"https:\/\/secure.gravatar.com\/avatar\/55cb5e37c1efa326397366e6974cb338056df65cb50e7d64d1cf314e87504837?s=96&d=mm&r=g","contentUrl":"https:\/\/secure.gravatar.com\/avatar\/55cb5e37c1efa326397366e6974cb338056df65cb50e7d64d1cf314e87504837?s=96&d=mm&r=g","caption":"Arnaldo Botto"},"url":"https:\/\/www.noticiasradioreflejos.com.ar\/2021\/author\/arnaldo\/"}]}},"_links":{"self":[{"href":"https:\/\/www.noticiasradioreflejos.com.ar\/2021\/wp-json\/wp\/v2\/posts\/42354","targetHints":{"allow":["GET"]}}],"collection":[{"href":"https:\/\/www.noticiasradioreflejos.com.ar\/2021\/wp-json\/wp\/v2\/posts"}],"about":[{"href":"https:\/\/www.noticiasradioreflejos.com.ar\/2021\/wp-json\/wp\/v2\/types\/post"}],"author":[{"embeddable":true,"href":"https:\/\/www.noticiasradioreflejos.com.ar\/2021\/wp-json\/wp\/v2\/users\/3"}],"replies":[{"embeddable":true,"href":"https:\/\/www.noticiasradioreflejos.com.ar\/2021\/wp-json\/wp\/v2\/comments?post=42354"}],"version-history":[{"count":0,"href":"https:\/\/www.noticiasradioreflejos.com.ar\/2021\/wp-json\/wp\/v2\/posts\/42354\/revisions"}],"wp:attachment":[{"href":"https:\/\/www.noticiasradioreflejos.com.ar\/2021\/wp-json\/wp\/v2\/media?parent=42354"}],"wp:term":[{"taxonomy":"category","embeddable":true,"href":"https:\/\/www.noticiasradioreflejos.com.ar\/2021\/wp-json\/wp\/v2\/categories?post=42354"},{"taxonomy":"post_tag","embeddable":true,"href":"https:\/\/www.noticiasradioreflejos.com.ar\/2021\/wp-json\/wp\/v2\/tags?post=42354"}],"curies":[{"name":"wp","href":"https:\/\/api.w.org\/{rel}","templated":true}]}}