{"id":42338,"date":"2020-05-24T23:51:43","date_gmt":"2020-05-25T02:51:43","guid":{"rendered":"http:\/\/www.noticiasradioreflejos.com.ar\/noticias\/?p=42338"},"modified":"2020-05-24T23:51:43","modified_gmt":"2020-05-25T02:51:43","slug":"salutacioones-por-el-25-de-mayo","status":"publish","type":"post","link":"https:\/\/www.noticiasradioreflejos.com.ar\/2021\/salutacioones-por-el-25-de-mayo\/","title":{"rendered":"Salutaciones por el 25 de Mayo."},"content":{"rendered":"<p>A continuaci\u00f3n publicamos los mensajes recibidos en nuestra redacci\u00f3n con motivo de la fecha patria <!--more--><\/p>\n<p>Hoy, recordamos que hace 210 a\u00f1os, se hizo realidad el sue\u00f1o de un pu\u00f1ado de hombres que por amor a la tierra, que es la nuestra, decidieron buscar la \u00ablibertad\u00bb&#8230; Muchos de ellos pudieron pensar que ser\u00eda imposible, que nunca la conseguir\u00edan y s\u00f3lo hubiera sido un gran proyecto pero no bajaron sus brazos a pesar de las tantas dificultades que se presentaron, porque con todas sus fuerzas estos hombres decidieron luchar por la libertad.<br \/>\nDespu\u00e9s de tantos a\u00f1os y como desde aquel d\u00eda, conmemoramos aquella Revoluci\u00f3n de Mayo, una de las fechas patrias m\u00e1s importantes para la Rep\u00fablica Argentina, el inicio del proceso de surgimiento del Estado Argentino.<br \/>\nEs por ello que hoy m\u00e1s que nunca, debemos recordar los logros obtenidos y poner en pr\u00e1ctica el compromiso de todos para que perduren a trav\u00e9s del tiempo, en homenaje a la Libertad que consiguieron nuestros pr\u00f3ceres y a todos los habitantes de esta tierra que desean un pa\u00eds libre, justo, solidario y pac\u00edfico a pesar de todos los desaf\u00edos que debamos afrontar.<\/p>\n<p>\u00a1Feliz d\u00eda de la Patria a todos los argentinos que trabajan d\u00eda a d\u00eda para construir una sociedad m\u00e1s pr\u00f3spera y justa!\u201d.<\/p>\n<p>&#8211;               &#8212;&#8212;&#8212;&#8212;&#8212;<br \/>\n25 de Mayo- Conmemoraci\u00f3n de la Revoluci\u00f3n de Mayo\u201d<br \/>\nLos grandes acontecimientos forman cimas morales, desde cuya c\u00faspide, se domina el basto escenario de la vida de los pueblos, con sus luchas, sus vicisitudes, y sus triunfos.<br \/>\nComo aquel 25 de Mayo, de hace 210 a\u00f1os, afrontamos problemas y nuevos desaf\u00edos. Es por ello que debemos rescatar tradiciones sobre la base de la libertad y la solidaridad.<br \/>\nEl Intendente Municipal Sergio Bordoni saluda a todos los vecinos, e invita a buscar el camino de la paz con opciones dignas y v\u00e1lidas para resolver todo aquello que nos aflige.<br \/>\n\u00a1Feliz d\u00eda de la Patria!<\/p>\n","protected":false},"excerpt":{"rendered":"<p>A continuaci\u00f3n publicamos los mensajes recibidos en nuestra redacci\u00f3n con motivo de la fecha patria<\/p>\n","protected":false},"author":3,"featured_media":0,"comment_status":"closed","ping_status":"open","sticky":false,"template":"","format":"standard","meta":{"footnotes":""},"categories":[28],"tags":[],"class_list":["post-42338","post","type-post","status-publish","format-standard","hentry","category-municipales"],"yoast_head":"<!-- This site is optimized with the Yoast SEO plugin v25.9 - https:\/\/yoast.com\/wordpress\/plugins\/seo\/ -->\n<title>Salutaciones por el 25 de Mayo. - Noticias Radio Reflejos<\/title>\n<meta name=\"robots\" content=\"index, follow, max-snippet:-1, max-image-preview:large, max-video-preview:-1\" \/>\n<link rel=\"canonical\" href=\"https:\/\/www.noticiasradioreflejos.com.ar\/2021\/salutacioones-por-el-25-de-mayo\/\" \/>\n<meta property=\"og:locale\" content=\"es_ES\" \/>\n<meta property=\"og:type\" content=\"article\" \/>\n<meta property=\"og:title\" content=\"Salutaciones por el 25 de Mayo. - Noticias Radio Reflejos\" \/>\n<meta property=\"og:description\" content=\"A continuaci\u00f3n publicamos los mensajes recibidos en nuestra redacci\u00f3n con motivo de la fecha patria\" \/>\n<meta property=\"og:url\" content=\"https:\/\/www.noticiasradioreflejos.com.ar\/2021\/salutacioones-por-el-25-de-mayo\/\" \/>\n<meta property=\"og:site_name\" content=\"Noticias Radio Reflejos\" \/>\n<meta property=\"article:published_time\" content=\"2020-05-25T02:51:43+00:00\" \/>\n<meta property=\"og:image\" content=\"https:\/\/www.noticiasradioreflejos.com.ar\/2021\/wp-content\/uploads\/2021\/07\/logosol300x200.png\" \/>\n\t<meta property=\"og:image:width\" content=\"300\" \/>\n\t<meta property=\"og:image:height\" content=\"200\" \/>\n\t<meta property=\"og:image:type\" content=\"image\/png\" \/>\n<meta name=\"author\" content=\"Arnaldo Botto\" \/>\n<meta name=\"twitter:card\" content=\"summary_large_image\" \/>\n<script type=\"application\/ld+json\" class=\"yoast-schema-graph\">{\"@context\":\"https:\/\/schema.org\",\"@graph\":[{\"@type\":\"WebPage\",\"@id\":\"https:\/\/www.noticiasradioreflejos.com.ar\/2021\/salutacioones-por-el-25-de-mayo\/\",\"url\":\"https:\/\/www.noticiasradioreflejos.com.ar\/2021\/salutacioones-por-el-25-de-mayo\/\",\"name\":\"Salutaciones por el 25 de Mayo. - Noticias Radio Reflejos\",\"isPartOf\":{\"@id\":\"https:\/\/www.noticiasradioreflejos.com.ar\/2021\/#website\"},\"datePublished\":\"2020-05-25T02:51:43+00:00\",\"author\":{\"@id\":\"https:\/\/www.noticiasradioreflejos.com.ar\/2021\/#\/schema\/person\/ad82545263dcc5ec0996818884fd5fb1\"},\"breadcrumb\":{\"@id\":\"https:\/\/www.noticiasradioreflejos.com.ar\/2021\/salutacioones-por-el-25-de-mayo\/#breadcrumb\"},\"inLanguage\":\"es\",\"potentialAction\":[{\"@type\":\"ReadAction\",\"target\":[\"https:\/\/www.noticiasradioreflejos.com.ar\/2021\/salutacioones-por-el-25-de-mayo\/\"]}]},{\"@type\":\"BreadcrumbList\",\"@id\":\"https:\/\/www.noticiasradioreflejos.com.ar\/2021\/salutacioones-por-el-25-de-mayo\/#breadcrumb\",\"itemListElement\":[{\"@type\":\"ListItem\",\"position\":1,\"name\":\"Portada\",\"item\":\"https:\/\/www.noticiasradioreflejos.com.ar\/2021\/\"},{\"@type\":\"ListItem\",\"position\":2,\"name\":\"Salutaciones por el 25 de Mayo.\"}]},{\"@type\":\"WebSite\",\"@id\":\"https:\/\/www.noticiasradioreflejos.com.ar\/2021\/#website\",\"url\":\"https:\/\/www.noticiasradioreflejos.com.ar\/2021\/\",\"name\":\"Noticias Radio Reflejos\",\"description\":\"Las noticias de mi comarca\",\"potentialAction\":[{\"@type\":\"SearchAction\",\"target\":{\"@type\":\"EntryPoint\",\"urlTemplate\":\"https:\/\/www.noticiasradioreflejos.com.ar\/2021\/?s={search_term_string}\"},\"query-input\":{\"@type\":\"PropertyValueSpecification\",\"valueRequired\":true,\"valueName\":\"search_term_string\"}}],\"inLanguage\":\"es\"},{\"@type\":\"Person\",\"@id\":\"https:\/\/www.noticiasradioreflejos.com.ar\/2021\/#\/schema\/person\/ad82545263dcc5ec0996818884fd5fb1\",\"name\":\"Arnaldo Botto\",\"image\":{\"@type\":\"ImageObject\",\"inLanguage\":\"es\",\"@id\":\"https:\/\/www.noticiasradioreflejos.com.ar\/2021\/#\/schema\/person\/image\/\",\"url\":\"https:\/\/secure.gravatar.com\/avatar\/55cb5e37c1efa326397366e6974cb338056df65cb50e7d64d1cf314e87504837?s=96&d=mm&r=g\",\"contentUrl\":\"https:\/\/secure.gravatar.com\/avatar\/55cb5e37c1efa326397366e6974cb338056df65cb50e7d64d1cf314e87504837?s=96&d=mm&r=g\",\"caption\":\"Arnaldo Botto\"},\"url\":\"https:\/\/www.noticiasradioreflejos.com.ar\/2021\/author\/arnaldo\/\"}]}<\/script>\n<!-- \/ Yoast SEO plugin. -->","yoast_head_json":{"title":"Salutaciones por el 25 de Mayo. - Noticias Radio Reflejos","robots":{"index":"index","follow":"follow","max-snippet":"max-snippet:-1","max-image-preview":"max-image-preview:large","max-video-preview":"max-video-preview:-1"},"canonical":"https:\/\/www.noticiasradioreflejos.com.ar\/2021\/salutacioones-por-el-25-de-mayo\/","og_locale":"es_ES","og_type":"article","og_title":"Salutaciones por el 25 de Mayo. - Noticias Radio Reflejos","og_description":"A continuaci\u00f3n publicamos los mensajes recibidos en nuestra redacci\u00f3n con motivo de la fecha patria","og_url":"https:\/\/www.noticiasradioreflejos.com.ar\/2021\/salutacioones-por-el-25-de-mayo\/","og_site_name":"Noticias Radio Reflejos","article_published_time":"2020-05-25T02:51:43+00:00","og_image":[{"width":300,"height":200,"url":"https:\/\/www.noticiasradioreflejos.com.ar\/2021\/wp-content\/uploads\/2021\/07\/logosol300x200.png","type":"image\/png"}],"author":"Arnaldo Botto","twitter_card":"summary_large_image","schema":{"@context":"https:\/\/schema.org","@graph":[{"@type":"WebPage","@id":"https:\/\/www.noticiasradioreflejos.com.ar\/2021\/salutacioones-por-el-25-de-mayo\/","url":"https:\/\/www.noticiasradioreflejos.com.ar\/2021\/salutacioones-por-el-25-de-mayo\/","name":"Salutaciones por el 25 de Mayo. - Noticias Radio Reflejos","isPartOf":{"@id":"https:\/\/www.noticiasradioreflejos.com.ar\/2021\/#website"},"datePublished":"2020-05-25T02:51:43+00:00","author":{"@id":"https:\/\/www.noticiasradioreflejos.com.ar\/2021\/#\/schema\/person\/ad82545263dcc5ec0996818884fd5fb1"},"breadcrumb":{"@id":"https:\/\/www.noticiasradioreflejos.com.ar\/2021\/salutacioones-por-el-25-de-mayo\/#breadcrumb"},"inLanguage":"es","potentialAction":[{"@type":"ReadAction","target":["https:\/\/www.noticiasradioreflejos.com.ar\/2021\/salutacioones-por-el-25-de-mayo\/"]}]},{"@type":"BreadcrumbList","@id":"https:\/\/www.noticiasradioreflejos.com.ar\/2021\/salutacioones-por-el-25-de-mayo\/#breadcrumb","itemListElement":[{"@type":"ListItem","position":1,"name":"Portada","item":"https:\/\/www.noticiasradioreflejos.com.ar\/2021\/"},{"@type":"ListItem","position":2,"name":"Salutaciones por el 25 de Mayo."}]},{"@type":"WebSite","@id":"https:\/\/www.noticiasradioreflejos.com.ar\/2021\/#website","url":"https:\/\/www.noticiasradioreflejos.com.ar\/2021\/","name":"Noticias Radio Reflejos","description":"Las noticias de mi comarca","potentialAction":[{"@type":"SearchAction","target":{"@type":"EntryPoint","urlTemplate":"https:\/\/www.noticiasradioreflejos.com.ar\/2021\/?s={search_term_string}"},"query-input":{"@type":"PropertyValueSpecification","valueRequired":true,"valueName":"search_term_string"}}],"inLanguage":"es"},{"@type":"Person","@id":"https:\/\/www.noticiasradioreflejos.com.ar\/2021\/#\/schema\/person\/ad82545263dcc5ec0996818884fd5fb1","name":"Arnaldo Botto","image":{"@type":"ImageObject","inLanguage":"es","@id":"https:\/\/www.noticiasradioreflejos.com.ar\/2021\/#\/schema\/person\/image\/","url":"https:\/\/secure.gravatar.com\/avatar\/55cb5e37c1efa326397366e6974cb338056df65cb50e7d64d1cf314e87504837?s=96&d=mm&r=g","contentUrl":"https:\/\/secure.gravatar.com\/avatar\/55cb5e37c1efa326397366e6974cb338056df65cb50e7d64d1cf314e87504837?s=96&d=mm&r=g","caption":"Arnaldo Botto"},"url":"https:\/\/www.noticiasradioreflejos.com.ar\/2021\/author\/arnaldo\/"}]}},"_links":{"self":[{"href":"https:\/\/www.noticiasradioreflejos.com.ar\/2021\/wp-json\/wp\/v2\/posts\/42338","targetHints":{"allow":["GET"]}}],"collection":[{"href":"https:\/\/www.noticiasradioreflejos.com.ar\/2021\/wp-json\/wp\/v2\/posts"}],"about":[{"href":"https:\/\/www.noticiasradioreflejos.com.ar\/2021\/wp-json\/wp\/v2\/types\/post"}],"author":[{"embeddable":true,"href":"https:\/\/www.noticiasradioreflejos.com.ar\/2021\/wp-json\/wp\/v2\/users\/3"}],"replies":[{"embeddable":true,"href":"https:\/\/www.noticiasradioreflejos.com.ar\/2021\/wp-json\/wp\/v2\/comments?post=42338"}],"version-history":[{"count":0,"href":"https:\/\/www.noticiasradioreflejos.com.ar\/2021\/wp-json\/wp\/v2\/posts\/42338\/revisions"}],"wp:attachment":[{"href":"https:\/\/www.noticiasradioreflejos.com.ar\/2021\/wp-json\/wp\/v2\/media?parent=42338"}],"wp:term":[{"taxonomy":"category","embeddable":true,"href":"https:\/\/www.noticiasradioreflejos.com.ar\/2021\/wp-json\/wp\/v2\/categories?post=42338"},{"taxonomy":"post_tag","embeddable":true,"href":"https:\/\/www.noticiasradioreflejos.com.ar\/2021\/wp-json\/wp\/v2\/tags?post=42338"}],"curies":[{"name":"wp","href":"https:\/\/api.w.org\/{rel}","templated":true}]}}