{"id":42290,"date":"2020-05-22T14:53:32","date_gmt":"2020-05-22T17:53:32","guid":{"rendered":"http:\/\/www.noticiasradioreflejos.com.ar\/noticias\/?p=42290"},"modified":"2020-05-22T14:53:32","modified_gmt":"2020-05-22T17:53:32","slug":"lo-que-mas-nos-angustia-es-la-divulgacion-de-falsa-informacion-de-una-menor-en-redes-sociales","status":"publish","type":"post","link":"https:\/\/www.noticiasradioreflejos.com.ar\/2021\/lo-que-mas-nos-angustia-es-la-divulgacion-de-falsa-informacion-de-una-menor-en-redes-sociales\/","title":{"rendered":"\u00abLo que m\u00e1s nos angustia es la divulgaci\u00f3n de falsa informaci\u00f3n de una menor, en redes sociales\u201d"},"content":{"rendered":"<p><strong>Sandro Pino<\/strong> es el Padre de la menor, quien fue divulgada como caso sospechoso de Coronavirus en Sierra de la Ventana mediante las redes sociales.<!--more--> Comienza aclarando que \u00abNosotros tomamos nuestros propios recaudos para cuidarnos de la enfermedad\u00bb. Sandro nos cuenta que su hija, en el transcurso de la semana pasada, hab\u00eda tenido dolores de cabeza y algunas l\u00edneas no muy intensas de fiebre. Ante esta situaci\u00f3n, llev\u00f3 a su hija con su m\u00e9dica de confianza, que se encontraba en la unidad sanitaria de Sierra de la Ventana, quien inmediatamente aisl\u00f3 a la ni\u00f1a. \u00abLo hicimos por una cuesti\u00f3n de salud en nuestra vivienda porque tenemos un\/a familiar que pertenece al grupo de riesgo\u00bb, justific\u00f3.<\/p>\n<p>Dando su testimonio como padre, Sandro confiesa haberse puesto muy sensible debido a la situaci\u00f3n. \u00abEstamos muy angustiados. Estoy de acuerdo con informar a la gente, pero hay que tener cuidado cuando hay menores de por medio\u00bb, se refiri\u00f3 \u00e9l a que en su casa se asustaron mucho con la noticia. \u00abAl otro d\u00eda nos iban a entregar los resultados de los estudios y no llegaron. As\u00ed que fue una noche m\u00e1s sin dormir. Est\u00e1bamos seguros de que el resultado iba a dar negativo, pero hasta que no tuvimos la confirmaci\u00f3n, pensamos miles de cosas\u00bb, expres\u00f3 desde su lugar como padre.<\/p>\n<p>A la ni\u00f1a se le hizo el hisopado correspondiente para ver si se trataba de un caso de COVID-19 que finalmente dio negativo. \u00abLo que m\u00e1s nos angustia es la divulgaci\u00f3n de falsa informaci\u00f3n de una menor. Le dir\u00eda a la gente que se pongan a pensar en c\u00f3mo se sentir\u00edan si el nombre de sus hijos est\u00e1 expuesto en redes sociales\u00bb, dijo Sandro angustiado.<\/p>\n<p>Al continuar con la nota, pudimos hablar con Laura, madre de la ni\u00f1a en cuesti\u00f3n. \u00abNosotros somos de la provincia de R\u00edo Negro, donde se nos comunica la cantidad de casos positivos, sospechosos y negativos, pero jam\u00e1s se divulga el nombre. Muchas veces la gente padece discriminaci\u00f3n por haber contra\u00eddo el virus\u00bb nos explic\u00f3, constatando lo que repudian. \u00abYo creo que quien cometi\u00f3 el error de publicar el nombre de un menor en redes sociales, no tiene ning\u00fan derecho a opinar sobre el comportamiento del municipio o dem\u00e1s\u00bb, opin\u00f3 con dolor.<\/p>\n<p>La familia resalta su agradecimiento hacia al personal municipal y al personal m\u00e9dico de la sala sanitaria de Sierra por su disposici\u00f3n y por el resguardo de la identidad de su hija. \u00abGracias a Dios, s\u00f3lo tuvo un virus de invierno\u00bb, aclar\u00f3 finalmente Laura.<\/p>\n<p><iframe loading=\"lazy\" src=\"https:\/\/w.soundcloud.com\/player\/?url=https%3A\/\/api.soundcloud.com\/tracks\/825826174&amp;color=%23ff5500&amp;auto_play=false&amp;hide_related=false&amp;show_comments=true&amp;show_user=true&amp;show_reposts=false&amp;show_teaser=true\" width=\"100%\" height=\"166\" frameborder=\"no\" scrolling=\"no\"><\/iframe><\/p>\n<div style=\"font-size: 10px; color: #cccccc; line-break: anywhere; word-break: normal; overflow: hidden; white-space: nowrap; text-overflow: ellipsis; font-family: Interstate,Lucida Grande,Lucida Sans Unicode,Lucida Sans,Garuda,Verdana,Tahoma,sans-serif; font-weight: 100;\"><a style=\"color: #cccccc; text-decoration: none;\" title=\"fmreflejos 103.7\" href=\"https:\/\/soundcloud.com\/fmreflejos-103-7\" target=\"_blank\" rel=\"noopener\">fmreflejos 103.7<\/a> \u00b7 <a style=\"color: #cccccc; text-decoration: none;\" title=\"Nota Sandro Pino\" href=\"https:\/\/soundcloud.com\/fmreflejos-103-7\/nota-sandro-pino\" target=\"_blank\" rel=\"noopener\">Nota Sandro Pino<\/a><\/div>\n","protected":false},"excerpt":{"rendered":"<p>Sandro Pino es el Padre de la menor, quien fue divulgada como caso sospechoso de Coronavirus en Sierra de la Ventana mediante las redes sociales.<\/p>\n","protected":false},"author":3,"featured_media":0,"comment_status":"closed","ping_status":"open","sticky":false,"template":"","format":"standard","meta":{"footnotes":""},"categories":[30,26],"tags":[],"class_list":["post-42290","post","type-post","status-publish","format-standard","hentry","category-salud","category-sociedad"],"yoast_head":"<!-- This site is optimized with the Yoast SEO plugin v25.9 - https:\/\/yoast.com\/wordpress\/plugins\/seo\/ -->\n<title>&quot;Lo que m\u00e1s nos angustia es la divulgaci\u00f3n de falsa informaci\u00f3n de una menor, en redes sociales\u201d - Noticias Radio Reflejos<\/title>\n<meta name=\"robots\" content=\"index, follow, max-snippet:-1, max-image-preview:large, max-video-preview:-1\" \/>\n<link rel=\"canonical\" href=\"https:\/\/www.noticiasradioreflejos.com.ar\/2021\/lo-que-mas-nos-angustia-es-la-divulgacion-de-falsa-informacion-de-una-menor-en-redes-sociales\/\" \/>\n<meta property=\"og:locale\" content=\"es_ES\" \/>\n<meta property=\"og:type\" content=\"article\" \/>\n<meta property=\"og:title\" content=\"&quot;Lo que m\u00e1s nos angustia es la divulgaci\u00f3n de falsa informaci\u00f3n de una menor, en redes sociales\u201d - Noticias Radio Reflejos\" \/>\n<meta property=\"og:description\" content=\"Sandro Pino es el Padre de la menor, quien fue divulgada como caso sospechoso de Coronavirus en Sierra de la Ventana mediante las redes sociales.\" \/>\n<meta property=\"og:url\" content=\"https:\/\/www.noticiasradioreflejos.com.ar\/2021\/lo-que-mas-nos-angustia-es-la-divulgacion-de-falsa-informacion-de-una-menor-en-redes-sociales\/\" \/>\n<meta property=\"og:site_name\" content=\"Noticias Radio Reflejos\" \/>\n<meta property=\"article:published_time\" content=\"2020-05-22T17:53:32+00:00\" \/>\n<meta property=\"og:image\" content=\"https:\/\/www.noticiasradioreflejos.com.ar\/2021\/wp-content\/uploads\/2021\/07\/logosol300x200.png\" \/>\n\t<meta property=\"og:image:width\" content=\"300\" \/>\n\t<meta property=\"og:image:height\" content=\"200\" \/>\n\t<meta property=\"og:image:type\" content=\"image\/png\" \/>\n<meta name=\"author\" content=\"Arnaldo Botto\" \/>\n<meta name=\"twitter:card\" content=\"summary_large_image\" \/>\n<script type=\"application\/ld+json\" class=\"yoast-schema-graph\">{\"@context\":\"https:\/\/schema.org\",\"@graph\":[{\"@type\":\"WebPage\",\"@id\":\"https:\/\/www.noticiasradioreflejos.com.ar\/2021\/lo-que-mas-nos-angustia-es-la-divulgacion-de-falsa-informacion-de-una-menor-en-redes-sociales\/\",\"url\":\"https:\/\/www.noticiasradioreflejos.com.ar\/2021\/lo-que-mas-nos-angustia-es-la-divulgacion-de-falsa-informacion-de-una-menor-en-redes-sociales\/\",\"name\":\"\\\"Lo que m\u00e1s nos angustia es la divulgaci\u00f3n de falsa informaci\u00f3n de una menor, en redes sociales\u201d - Noticias Radio Reflejos\",\"isPartOf\":{\"@id\":\"https:\/\/www.noticiasradioreflejos.com.ar\/2021\/#website\"},\"datePublished\":\"2020-05-22T17:53:32+00:00\",\"author\":{\"@id\":\"https:\/\/www.noticiasradioreflejos.com.ar\/2021\/#\/schema\/person\/ad82545263dcc5ec0996818884fd5fb1\"},\"breadcrumb\":{\"@id\":\"https:\/\/www.noticiasradioreflejos.com.ar\/2021\/lo-que-mas-nos-angustia-es-la-divulgacion-de-falsa-informacion-de-una-menor-en-redes-sociales\/#breadcrumb\"},\"inLanguage\":\"es\",\"potentialAction\":[{\"@type\":\"ReadAction\",\"target\":[\"https:\/\/www.noticiasradioreflejos.com.ar\/2021\/lo-que-mas-nos-angustia-es-la-divulgacion-de-falsa-informacion-de-una-menor-en-redes-sociales\/\"]}]},{\"@type\":\"BreadcrumbList\",\"@id\":\"https:\/\/www.noticiasradioreflejos.com.ar\/2021\/lo-que-mas-nos-angustia-es-la-divulgacion-de-falsa-informacion-de-una-menor-en-redes-sociales\/#breadcrumb\",\"itemListElement\":[{\"@type\":\"ListItem\",\"position\":1,\"name\":\"Portada\",\"item\":\"https:\/\/www.noticiasradioreflejos.com.ar\/2021\/\"},{\"@type\":\"ListItem\",\"position\":2,\"name\":\"\u00abLo que m\u00e1s nos angustia es la divulgaci\u00f3n de falsa informaci\u00f3n de una menor, en redes sociales\u201d\"}]},{\"@type\":\"WebSite\",\"@id\":\"https:\/\/www.noticiasradioreflejos.com.ar\/2021\/#website\",\"url\":\"https:\/\/www.noticiasradioreflejos.com.ar\/2021\/\",\"name\":\"Noticias Radio Reflejos\",\"description\":\"Las noticias de mi comarca\",\"potentialAction\":[{\"@type\":\"SearchAction\",\"target\":{\"@type\":\"EntryPoint\",\"urlTemplate\":\"https:\/\/www.noticiasradioreflejos.com.ar\/2021\/?s={search_term_string}\"},\"query-input\":{\"@type\":\"PropertyValueSpecification\",\"valueRequired\":true,\"valueName\":\"search_term_string\"}}],\"inLanguage\":\"es\"},{\"@type\":\"Person\",\"@id\":\"https:\/\/www.noticiasradioreflejos.com.ar\/2021\/#\/schema\/person\/ad82545263dcc5ec0996818884fd5fb1\",\"name\":\"Arnaldo Botto\",\"image\":{\"@type\":\"ImageObject\",\"inLanguage\":\"es\",\"@id\":\"https:\/\/www.noticiasradioreflejos.com.ar\/2021\/#\/schema\/person\/image\/\",\"url\":\"https:\/\/secure.gravatar.com\/avatar\/55cb5e37c1efa326397366e6974cb338056df65cb50e7d64d1cf314e87504837?s=96&d=mm&r=g\",\"contentUrl\":\"https:\/\/secure.gravatar.com\/avatar\/55cb5e37c1efa326397366e6974cb338056df65cb50e7d64d1cf314e87504837?s=96&d=mm&r=g\",\"caption\":\"Arnaldo Botto\"},\"url\":\"https:\/\/www.noticiasradioreflejos.com.ar\/2021\/author\/arnaldo\/\"}]}<\/script>\n<!-- \/ Yoast SEO plugin. -->","yoast_head_json":{"title":"\"Lo que m\u00e1s nos angustia es la divulgaci\u00f3n de falsa informaci\u00f3n de una menor, en redes sociales\u201d - Noticias Radio Reflejos","robots":{"index":"index","follow":"follow","max-snippet":"max-snippet:-1","max-image-preview":"max-image-preview:large","max-video-preview":"max-video-preview:-1"},"canonical":"https:\/\/www.noticiasradioreflejos.com.ar\/2021\/lo-que-mas-nos-angustia-es-la-divulgacion-de-falsa-informacion-de-una-menor-en-redes-sociales\/","og_locale":"es_ES","og_type":"article","og_title":"\"Lo que m\u00e1s nos angustia es la divulgaci\u00f3n de falsa informaci\u00f3n de una menor, en redes sociales\u201d - Noticias Radio Reflejos","og_description":"Sandro Pino es el Padre de la menor, quien fue divulgada como caso sospechoso de Coronavirus en Sierra de la Ventana mediante las redes sociales.","og_url":"https:\/\/www.noticiasradioreflejos.com.ar\/2021\/lo-que-mas-nos-angustia-es-la-divulgacion-de-falsa-informacion-de-una-menor-en-redes-sociales\/","og_site_name":"Noticias Radio Reflejos","article_published_time":"2020-05-22T17:53:32+00:00","og_image":[{"width":300,"height":200,"url":"https:\/\/www.noticiasradioreflejos.com.ar\/2021\/wp-content\/uploads\/2021\/07\/logosol300x200.png","type":"image\/png"}],"author":"Arnaldo Botto","twitter_card":"summary_large_image","schema":{"@context":"https:\/\/schema.org","@graph":[{"@type":"WebPage","@id":"https:\/\/www.noticiasradioreflejos.com.ar\/2021\/lo-que-mas-nos-angustia-es-la-divulgacion-de-falsa-informacion-de-una-menor-en-redes-sociales\/","url":"https:\/\/www.noticiasradioreflejos.com.ar\/2021\/lo-que-mas-nos-angustia-es-la-divulgacion-de-falsa-informacion-de-una-menor-en-redes-sociales\/","name":"\"Lo que m\u00e1s nos angustia es la divulgaci\u00f3n de falsa informaci\u00f3n de una menor, en redes sociales\u201d - Noticias Radio Reflejos","isPartOf":{"@id":"https:\/\/www.noticiasradioreflejos.com.ar\/2021\/#website"},"datePublished":"2020-05-22T17:53:32+00:00","author":{"@id":"https:\/\/www.noticiasradioreflejos.com.ar\/2021\/#\/schema\/person\/ad82545263dcc5ec0996818884fd5fb1"},"breadcrumb":{"@id":"https:\/\/www.noticiasradioreflejos.com.ar\/2021\/lo-que-mas-nos-angustia-es-la-divulgacion-de-falsa-informacion-de-una-menor-en-redes-sociales\/#breadcrumb"},"inLanguage":"es","potentialAction":[{"@type":"ReadAction","target":["https:\/\/www.noticiasradioreflejos.com.ar\/2021\/lo-que-mas-nos-angustia-es-la-divulgacion-de-falsa-informacion-de-una-menor-en-redes-sociales\/"]}]},{"@type":"BreadcrumbList","@id":"https:\/\/www.noticiasradioreflejos.com.ar\/2021\/lo-que-mas-nos-angustia-es-la-divulgacion-de-falsa-informacion-de-una-menor-en-redes-sociales\/#breadcrumb","itemListElement":[{"@type":"ListItem","position":1,"name":"Portada","item":"https:\/\/www.noticiasradioreflejos.com.ar\/2021\/"},{"@type":"ListItem","position":2,"name":"\u00abLo que m\u00e1s nos angustia es la divulgaci\u00f3n de falsa informaci\u00f3n de una menor, en redes sociales\u201d"}]},{"@type":"WebSite","@id":"https:\/\/www.noticiasradioreflejos.com.ar\/2021\/#website","url":"https:\/\/www.noticiasradioreflejos.com.ar\/2021\/","name":"Noticias Radio Reflejos","description":"Las noticias de mi comarca","potentialAction":[{"@type":"SearchAction","target":{"@type":"EntryPoint","urlTemplate":"https:\/\/www.noticiasradioreflejos.com.ar\/2021\/?s={search_term_string}"},"query-input":{"@type":"PropertyValueSpecification","valueRequired":true,"valueName":"search_term_string"}}],"inLanguage":"es"},{"@type":"Person","@id":"https:\/\/www.noticiasradioreflejos.com.ar\/2021\/#\/schema\/person\/ad82545263dcc5ec0996818884fd5fb1","name":"Arnaldo Botto","image":{"@type":"ImageObject","inLanguage":"es","@id":"https:\/\/www.noticiasradioreflejos.com.ar\/2021\/#\/schema\/person\/image\/","url":"https:\/\/secure.gravatar.com\/avatar\/55cb5e37c1efa326397366e6974cb338056df65cb50e7d64d1cf314e87504837?s=96&d=mm&r=g","contentUrl":"https:\/\/secure.gravatar.com\/avatar\/55cb5e37c1efa326397366e6974cb338056df65cb50e7d64d1cf314e87504837?s=96&d=mm&r=g","caption":"Arnaldo Botto"},"url":"https:\/\/www.noticiasradioreflejos.com.ar\/2021\/author\/arnaldo\/"}]}},"_links":{"self":[{"href":"https:\/\/www.noticiasradioreflejos.com.ar\/2021\/wp-json\/wp\/v2\/posts\/42290","targetHints":{"allow":["GET"]}}],"collection":[{"href":"https:\/\/www.noticiasradioreflejos.com.ar\/2021\/wp-json\/wp\/v2\/posts"}],"about":[{"href":"https:\/\/www.noticiasradioreflejos.com.ar\/2021\/wp-json\/wp\/v2\/types\/post"}],"author":[{"embeddable":true,"href":"https:\/\/www.noticiasradioreflejos.com.ar\/2021\/wp-json\/wp\/v2\/users\/3"}],"replies":[{"embeddable":true,"href":"https:\/\/www.noticiasradioreflejos.com.ar\/2021\/wp-json\/wp\/v2\/comments?post=42290"}],"version-history":[{"count":0,"href":"https:\/\/www.noticiasradioreflejos.com.ar\/2021\/wp-json\/wp\/v2\/posts\/42290\/revisions"}],"wp:attachment":[{"href":"https:\/\/www.noticiasradioreflejos.com.ar\/2021\/wp-json\/wp\/v2\/media?parent=42290"}],"wp:term":[{"taxonomy":"category","embeddable":true,"href":"https:\/\/www.noticiasradioreflejos.com.ar\/2021\/wp-json\/wp\/v2\/categories?post=42290"},{"taxonomy":"post_tag","embeddable":true,"href":"https:\/\/www.noticiasradioreflejos.com.ar\/2021\/wp-json\/wp\/v2\/tags?post=42290"}],"curies":[{"name":"wp","href":"https:\/\/api.w.org\/{rel}","templated":true}]}}