{"id":42289,"date":"2020-05-22T12:48:11","date_gmt":"2020-05-22T15:48:11","guid":{"rendered":"http:\/\/www.noticiasradioreflejos.com.ar\/noticias\/?p=42289"},"modified":"2020-05-22T12:48:11","modified_gmt":"2020-05-22T15:48:11","slug":"recuerdan-que-las-personas-que-deben-vacunarse-tienen-permiso-de-circulacion-para-esos-fines","status":"publish","type":"post","link":"https:\/\/www.noticiasradioreflejos.com.ar\/2021\/recuerdan-que-las-personas-que-deben-vacunarse-tienen-permiso-de-circulacion-para-esos-fines\/","title":{"rendered":"Recuerdan que las personas que deben vacunarse tienen permiso de circulaci\u00f3n para esos fines"},"content":{"rendered":"<p>Marina Pasinovich, de la Direcci\u00f3n de Control de Enfermedades Inmunoprevenibles del Ministerio de Salud, record\u00f3 hoy que las personas que deban ser vacunadas durante el aislamiento social obligatorio tienen habilitado el permiso de circulaci\u00f3n para ese fin. En ese marco, advirti\u00f3 que una disminuci\u00f3n en el porcentaje de los que las reciben vacunas implica el riesgo de sobrecargar al sistema sanitario con afecciones evitables.<!--more--><br \/>\nAl participar del reporte diario que emite la cartera de Salud para informar la evoluci\u00f3n de la pandemia de coronavirus, la pediatra especializada en infectolog\u00eda explic\u00f3 que, si bien no existe vacuna para prevenir la Covid-19, se debe mantener el esquema de vacunaci\u00f3n obligatorio para evitar otras enfermedades como la gripe, el neumococo o el sarampi\u00f3n.<\/p>\n<p>\u00abLas vacunas salvan vidas; se calcula que entre 2 y 3 millones de ni\u00f1os salvan su vida cada a\u00f1o por las inmunizaciones. En lugares como Argentina, donde son gratuitas y obligatorias, brindan equidad a la poblaci\u00f3n ya que est\u00e1n dirigidas a todos sin importar donde vivan, situaci\u00f3n econ\u00f3mica o situaci\u00f3n de salud\u00bb, se\u00f1al\u00f3.<\/p>\n<p>En ese sentido, defini\u00f3 como \u00aboportunidades perdidas\u00bb de inmunizaci\u00f3n a aquellas que se dan \u00abcada vez que una persona tiene contacto con el sistema sanitario y no recibe las vacunas que le corresponde a pesar de no tener contraindicaciones\u00bb.<\/p>\n<p>\u00abLas oportunidades perdidas son un doble riesgo, ya que permiten el resurgimiento de enfermedades prevenibles por vacunas, que, adem\u00e1s, van a sobrecargar el sistema sanitario\u00bb, dijo Pasinovich.<\/p>\n<p>Por ello, subray\u00f3 que, m\u00e1s all\u00e1 del \u00abcontexto s\u00faper complejo que requiere el aislamiento, es necesario que eso no signifique una disminuci\u00f3n de las coberturas\u00bb de las inmunizaciones.<\/p>\n<p>Llam\u00f3 por \u00faltimo a trabajar en \u00abel refuerzo de la confianza de las personas\u00bb insistiendo en que son \u00abherramientas efectivas\u00bb gratuitas, seguras y que salvan vidas.<\/p>\n","protected":false},"excerpt":{"rendered":"<p>Marina Pasinovich, de la Direcci\u00f3n de Control de Enfermedades Inmunoprevenibles del Ministerio de Salud, record\u00f3 hoy que las personas que deban ser vacunadas durante el aislamiento social obligatorio tienen habilitado el permiso de circulaci\u00f3n para ese fin. En ese marco, advirti\u00f3 que una disminuci\u00f3n en el porcentaje de los que las reciben vacunas implica el [&hellip;]<\/p>\n","protected":false},"author":3,"featured_media":0,"comment_status":"closed","ping_status":"open","sticky":false,"template":"","format":"standard","meta":{"footnotes":""},"categories":[30],"tags":[],"class_list":["post-42289","post","type-post","status-publish","format-standard","hentry","category-salud"],"yoast_head":"<!-- This site is optimized with the Yoast SEO plugin v25.9 - https:\/\/yoast.com\/wordpress\/plugins\/seo\/ -->\n<title>Recuerdan que las personas que deben vacunarse tienen permiso de circulaci\u00f3n para esos fines - Noticias Radio Reflejos<\/title>\n<meta name=\"robots\" content=\"index, follow, max-snippet:-1, max-image-preview:large, max-video-preview:-1\" \/>\n<link rel=\"canonical\" href=\"https:\/\/www.noticiasradioreflejos.com.ar\/2021\/recuerdan-que-las-personas-que-deben-vacunarse-tienen-permiso-de-circulacion-para-esos-fines\/\" \/>\n<meta property=\"og:locale\" content=\"es_ES\" \/>\n<meta property=\"og:type\" content=\"article\" \/>\n<meta property=\"og:title\" content=\"Recuerdan que las personas que deben vacunarse tienen permiso de circulaci\u00f3n para esos fines - Noticias Radio Reflejos\" \/>\n<meta property=\"og:description\" content=\"Marina Pasinovich, de la Direcci\u00f3n de Control de Enfermedades Inmunoprevenibles del Ministerio de Salud, record\u00f3 hoy que las personas que deban ser vacunadas durante el aislamiento social obligatorio tienen habilitado el permiso de circulaci\u00f3n para ese fin. En ese marco, advirti\u00f3 que una disminuci\u00f3n en el porcentaje de los que las reciben vacunas implica el [&hellip;]\" \/>\n<meta property=\"og:url\" content=\"https:\/\/www.noticiasradioreflejos.com.ar\/2021\/recuerdan-que-las-personas-que-deben-vacunarse-tienen-permiso-de-circulacion-para-esos-fines\/\" \/>\n<meta property=\"og:site_name\" content=\"Noticias Radio Reflejos\" \/>\n<meta property=\"article:published_time\" content=\"2020-05-22T15:48:11+00:00\" \/>\n<meta property=\"og:image\" content=\"https:\/\/www.noticiasradioreflejos.com.ar\/2021\/wp-content\/uploads\/2021\/07\/logosol300x200.png\" \/>\n\t<meta property=\"og:image:width\" content=\"300\" \/>\n\t<meta property=\"og:image:height\" content=\"200\" \/>\n\t<meta property=\"og:image:type\" content=\"image\/png\" \/>\n<meta name=\"author\" content=\"Arnaldo Botto\" \/>\n<meta name=\"twitter:card\" content=\"summary_large_image\" \/>\n<script type=\"application\/ld+json\" class=\"yoast-schema-graph\">{\"@context\":\"https:\/\/schema.org\",\"@graph\":[{\"@type\":\"WebPage\",\"@id\":\"https:\/\/www.noticiasradioreflejos.com.ar\/2021\/recuerdan-que-las-personas-que-deben-vacunarse-tienen-permiso-de-circulacion-para-esos-fines\/\",\"url\":\"https:\/\/www.noticiasradioreflejos.com.ar\/2021\/recuerdan-que-las-personas-que-deben-vacunarse-tienen-permiso-de-circulacion-para-esos-fines\/\",\"name\":\"Recuerdan que las personas que deben vacunarse tienen permiso de circulaci\u00f3n para esos fines - Noticias Radio Reflejos\",\"isPartOf\":{\"@id\":\"https:\/\/www.noticiasradioreflejos.com.ar\/2021\/#website\"},\"datePublished\":\"2020-05-22T15:48:11+00:00\",\"author\":{\"@id\":\"https:\/\/www.noticiasradioreflejos.com.ar\/2021\/#\/schema\/person\/ad82545263dcc5ec0996818884fd5fb1\"},\"breadcrumb\":{\"@id\":\"https:\/\/www.noticiasradioreflejos.com.ar\/2021\/recuerdan-que-las-personas-que-deben-vacunarse-tienen-permiso-de-circulacion-para-esos-fines\/#breadcrumb\"},\"inLanguage\":\"es\",\"potentialAction\":[{\"@type\":\"ReadAction\",\"target\":[\"https:\/\/www.noticiasradioreflejos.com.ar\/2021\/recuerdan-que-las-personas-que-deben-vacunarse-tienen-permiso-de-circulacion-para-esos-fines\/\"]}]},{\"@type\":\"BreadcrumbList\",\"@id\":\"https:\/\/www.noticiasradioreflejos.com.ar\/2021\/recuerdan-que-las-personas-que-deben-vacunarse-tienen-permiso-de-circulacion-para-esos-fines\/#breadcrumb\",\"itemListElement\":[{\"@type\":\"ListItem\",\"position\":1,\"name\":\"Portada\",\"item\":\"https:\/\/www.noticiasradioreflejos.com.ar\/2021\/\"},{\"@type\":\"ListItem\",\"position\":2,\"name\":\"Recuerdan que las personas que deben vacunarse tienen permiso de circulaci\u00f3n para esos fines\"}]},{\"@type\":\"WebSite\",\"@id\":\"https:\/\/www.noticiasradioreflejos.com.ar\/2021\/#website\",\"url\":\"https:\/\/www.noticiasradioreflejos.com.ar\/2021\/\",\"name\":\"Noticias Radio Reflejos\",\"description\":\"Las noticias de mi comarca\",\"potentialAction\":[{\"@type\":\"SearchAction\",\"target\":{\"@type\":\"EntryPoint\",\"urlTemplate\":\"https:\/\/www.noticiasradioreflejos.com.ar\/2021\/?s={search_term_string}\"},\"query-input\":{\"@type\":\"PropertyValueSpecification\",\"valueRequired\":true,\"valueName\":\"search_term_string\"}}],\"inLanguage\":\"es\"},{\"@type\":\"Person\",\"@id\":\"https:\/\/www.noticiasradioreflejos.com.ar\/2021\/#\/schema\/person\/ad82545263dcc5ec0996818884fd5fb1\",\"name\":\"Arnaldo Botto\",\"image\":{\"@type\":\"ImageObject\",\"inLanguage\":\"es\",\"@id\":\"https:\/\/www.noticiasradioreflejos.com.ar\/2021\/#\/schema\/person\/image\/\",\"url\":\"https:\/\/secure.gravatar.com\/avatar\/55cb5e37c1efa326397366e6974cb338056df65cb50e7d64d1cf314e87504837?s=96&d=mm&r=g\",\"contentUrl\":\"https:\/\/secure.gravatar.com\/avatar\/55cb5e37c1efa326397366e6974cb338056df65cb50e7d64d1cf314e87504837?s=96&d=mm&r=g\",\"caption\":\"Arnaldo Botto\"},\"url\":\"https:\/\/www.noticiasradioreflejos.com.ar\/2021\/author\/arnaldo\/\"}]}<\/script>\n<!-- \/ Yoast SEO plugin. -->","yoast_head_json":{"title":"Recuerdan que las personas que deben vacunarse tienen permiso de circulaci\u00f3n para esos fines - Noticias Radio Reflejos","robots":{"index":"index","follow":"follow","max-snippet":"max-snippet:-1","max-image-preview":"max-image-preview:large","max-video-preview":"max-video-preview:-1"},"canonical":"https:\/\/www.noticiasradioreflejos.com.ar\/2021\/recuerdan-que-las-personas-que-deben-vacunarse-tienen-permiso-de-circulacion-para-esos-fines\/","og_locale":"es_ES","og_type":"article","og_title":"Recuerdan que las personas que deben vacunarse tienen permiso de circulaci\u00f3n para esos fines - Noticias Radio Reflejos","og_description":"Marina Pasinovich, de la Direcci\u00f3n de Control de Enfermedades Inmunoprevenibles del Ministerio de Salud, record\u00f3 hoy que las personas que deban ser vacunadas durante el aislamiento social obligatorio tienen habilitado el permiso de circulaci\u00f3n para ese fin. En ese marco, advirti\u00f3 que una disminuci\u00f3n en el porcentaje de los que las reciben vacunas implica el [&hellip;]","og_url":"https:\/\/www.noticiasradioreflejos.com.ar\/2021\/recuerdan-que-las-personas-que-deben-vacunarse-tienen-permiso-de-circulacion-para-esos-fines\/","og_site_name":"Noticias Radio Reflejos","article_published_time":"2020-05-22T15:48:11+00:00","og_image":[{"width":300,"height":200,"url":"https:\/\/www.noticiasradioreflejos.com.ar\/2021\/wp-content\/uploads\/2021\/07\/logosol300x200.png","type":"image\/png"}],"author":"Arnaldo Botto","twitter_card":"summary_large_image","schema":{"@context":"https:\/\/schema.org","@graph":[{"@type":"WebPage","@id":"https:\/\/www.noticiasradioreflejos.com.ar\/2021\/recuerdan-que-las-personas-que-deben-vacunarse-tienen-permiso-de-circulacion-para-esos-fines\/","url":"https:\/\/www.noticiasradioreflejos.com.ar\/2021\/recuerdan-que-las-personas-que-deben-vacunarse-tienen-permiso-de-circulacion-para-esos-fines\/","name":"Recuerdan que las personas que deben vacunarse tienen permiso de circulaci\u00f3n para esos fines - Noticias Radio Reflejos","isPartOf":{"@id":"https:\/\/www.noticiasradioreflejos.com.ar\/2021\/#website"},"datePublished":"2020-05-22T15:48:11+00:00","author":{"@id":"https:\/\/www.noticiasradioreflejos.com.ar\/2021\/#\/schema\/person\/ad82545263dcc5ec0996818884fd5fb1"},"breadcrumb":{"@id":"https:\/\/www.noticiasradioreflejos.com.ar\/2021\/recuerdan-que-las-personas-que-deben-vacunarse-tienen-permiso-de-circulacion-para-esos-fines\/#breadcrumb"},"inLanguage":"es","potentialAction":[{"@type":"ReadAction","target":["https:\/\/www.noticiasradioreflejos.com.ar\/2021\/recuerdan-que-las-personas-que-deben-vacunarse-tienen-permiso-de-circulacion-para-esos-fines\/"]}]},{"@type":"BreadcrumbList","@id":"https:\/\/www.noticiasradioreflejos.com.ar\/2021\/recuerdan-que-las-personas-que-deben-vacunarse-tienen-permiso-de-circulacion-para-esos-fines\/#breadcrumb","itemListElement":[{"@type":"ListItem","position":1,"name":"Portada","item":"https:\/\/www.noticiasradioreflejos.com.ar\/2021\/"},{"@type":"ListItem","position":2,"name":"Recuerdan que las personas que deben vacunarse tienen permiso de circulaci\u00f3n para esos fines"}]},{"@type":"WebSite","@id":"https:\/\/www.noticiasradioreflejos.com.ar\/2021\/#website","url":"https:\/\/www.noticiasradioreflejos.com.ar\/2021\/","name":"Noticias Radio Reflejos","description":"Las noticias de mi comarca","potentialAction":[{"@type":"SearchAction","target":{"@type":"EntryPoint","urlTemplate":"https:\/\/www.noticiasradioreflejos.com.ar\/2021\/?s={search_term_string}"},"query-input":{"@type":"PropertyValueSpecification","valueRequired":true,"valueName":"search_term_string"}}],"inLanguage":"es"},{"@type":"Person","@id":"https:\/\/www.noticiasradioreflejos.com.ar\/2021\/#\/schema\/person\/ad82545263dcc5ec0996818884fd5fb1","name":"Arnaldo Botto","image":{"@type":"ImageObject","inLanguage":"es","@id":"https:\/\/www.noticiasradioreflejos.com.ar\/2021\/#\/schema\/person\/image\/","url":"https:\/\/secure.gravatar.com\/avatar\/55cb5e37c1efa326397366e6974cb338056df65cb50e7d64d1cf314e87504837?s=96&d=mm&r=g","contentUrl":"https:\/\/secure.gravatar.com\/avatar\/55cb5e37c1efa326397366e6974cb338056df65cb50e7d64d1cf314e87504837?s=96&d=mm&r=g","caption":"Arnaldo Botto"},"url":"https:\/\/www.noticiasradioreflejos.com.ar\/2021\/author\/arnaldo\/"}]}},"_links":{"self":[{"href":"https:\/\/www.noticiasradioreflejos.com.ar\/2021\/wp-json\/wp\/v2\/posts\/42289","targetHints":{"allow":["GET"]}}],"collection":[{"href":"https:\/\/www.noticiasradioreflejos.com.ar\/2021\/wp-json\/wp\/v2\/posts"}],"about":[{"href":"https:\/\/www.noticiasradioreflejos.com.ar\/2021\/wp-json\/wp\/v2\/types\/post"}],"author":[{"embeddable":true,"href":"https:\/\/www.noticiasradioreflejos.com.ar\/2021\/wp-json\/wp\/v2\/users\/3"}],"replies":[{"embeddable":true,"href":"https:\/\/www.noticiasradioreflejos.com.ar\/2021\/wp-json\/wp\/v2\/comments?post=42289"}],"version-history":[{"count":0,"href":"https:\/\/www.noticiasradioreflejos.com.ar\/2021\/wp-json\/wp\/v2\/posts\/42289\/revisions"}],"wp:attachment":[{"href":"https:\/\/www.noticiasradioreflejos.com.ar\/2021\/wp-json\/wp\/v2\/media?parent=42289"}],"wp:term":[{"taxonomy":"category","embeddable":true,"href":"https:\/\/www.noticiasradioreflejos.com.ar\/2021\/wp-json\/wp\/v2\/categories?post=42289"},{"taxonomy":"post_tag","embeddable":true,"href":"https:\/\/www.noticiasradioreflejos.com.ar\/2021\/wp-json\/wp\/v2\/tags?post=42289"}],"curies":[{"name":"wp","href":"https:\/\/api.w.org\/{rel}","templated":true}]}}