{"id":42287,"date":"2020-05-22T11:40:17","date_gmt":"2020-05-22T14:40:17","guid":{"rendered":"http:\/\/www.noticiasradioreflejos.com.ar\/noticias\/?p=42287"},"modified":"2020-05-22T11:40:17","modified_gmt":"2020-05-22T14:40:17","slug":"piden-a-companias-celulares-liberar-paquetes-de-datos-para-mayor-acceso-a-plataformas-educativas","status":"publish","type":"post","link":"https:\/\/www.noticiasradioreflejos.com.ar\/2021\/piden-a-companias-celulares-liberar-paquetes-de-datos-para-mayor-acceso-a-plataformas-educativas\/","title":{"rendered":"Piden a compa\u00f1\u00edas celulares liberar paquetes de datos para mayor acceso a plataformas educativas"},"content":{"rendered":"<p>Diputados nacionales de Juntos por el Cambio pidieron hoy al gobierno nacional que intervenga ante las compa\u00f1\u00edas de telefon\u00eda celular, para que liberen los paquetes de datos para el uso libre de las plataformas educativas de los dominios \u201c.edu\u201d y la plataforma \u201cEduc.ar\u201d. Se trata de una iniciativa presentada por la diputada, Adriana C\u00e1ceres, a la que adhirieron sus pares Mar\u00eda Luj\u00e1n Rey, Mercedes Joury, Camila Crescimbeni, Hern\u00e1n Berisso, Lidia Asc\u00e1rate, Alicia Fregonese, y Dina Rezinovsky, y que apunta fundamentalmente a integrar a todos los alumnos al sistema educativo.<!--more--><\/p>\n<p>\u201cSolicitamos a la Secretar\u00eda de Comercio Interior que arbitre los medios necesarios para que las compa\u00f1\u00edas de telefon\u00eda celular liberen el uso de paquetes de datos\u201d, expres\u00f3 C\u00e1ceres en un comunicado de prensa.<\/p>\n<p>Sostuvo que el objetivo de esa medida es el de \u201cpromover el uso de este tipo de plataformas para mejorar la continuidad pedag\u00f3gica de todos los ni\u00f1os, ni\u00f1as y adolescentes escolarizados\u201d.<\/p>\n<p>En ese sentido, la diputada de JxC remarc\u00f3 la importancia de trabajar en ese sentido para \u201creducir el impacto negativo que el aislamiento social y obligatorio pueda causar sobre el sistema educativo en su conjunto\u201d.<\/p>\n<p>En el marco de la pandemia, \u00abla modalidad de educaci\u00f3n a distancia mediante el uso de plataformas educativas constituye un avance en los m\u00e9todos de formaci\u00f3n que cada vez es m\u00e1s utilizado\u00bb, seg\u00fan se\u00f1alan los fundamentos del proyecto.<\/p>\n<p>\u201cEsta situaci\u00f3n puede arrojar un incremento en las inequidades de las trayectorias educativas de aquellos ni\u00f1os, ni\u00f1as y adolescentes en situaci\u00f3n de vulnerabilidad social, pudiendo causar retrasos, perdidas de a\u00f1o o incluso deserci\u00f3n escolar\u201d, indic\u00f3 la diputada de Juntos por el Cambio.<\/p>\n<p>Seg\u00fan datos recogidos en un informe del Instituto Nacional de Estad\u00edsticas y Censos del a\u00f1o 2019, en Argentina hay 39,9 millones de tel\u00e9fonos celulares de activos, lo que indica que 8 de cada 10 personas son due\u00f1as de un tel\u00e9fono inteligente, se\u00f1ala el texto.<\/p>\n<p>Finalmente, la legisladora se\u00f1al\u00f3 que estos datos \u201cindican que la mayor\u00eda de la poblaci\u00f3n de la Argentina podr\u00eda disponer de Internet en su casa a trav\u00e9s de la telefon\u00eda m\u00f3vil, posibilitando de esta manera acceder a las plataformas educativas previamente mencionadas o funcionando como modem para acceder a internet desde las Netbooks o PC\u201d.<\/p>\n","protected":false},"excerpt":{"rendered":"<p>Diputados nacionales de Juntos por el Cambio pidieron hoy al gobierno nacional que intervenga ante las compa\u00f1\u00edas de telefon\u00eda celular, para que liberen los paquetes de datos para el uso libre de las plataformas educativas de los dominios \u201c.edu\u201d y la plataforma \u201cEduc.ar\u201d. Se trata de una iniciativa presentada por la diputada, Adriana C\u00e1ceres, a [&hellip;]<\/p>\n","protected":false},"author":3,"featured_media":0,"comment_status":"closed","ping_status":"open","sticky":false,"template":"","format":"standard","meta":{"footnotes":""},"categories":[24],"tags":[],"class_list":["post-42287","post","type-post","status-publish","format-standard","hentry","category-politica"],"yoast_head":"<!-- This site is optimized with the Yoast SEO plugin v25.9 - https:\/\/yoast.com\/wordpress\/plugins\/seo\/ -->\n<title>Piden a compa\u00f1\u00edas celulares liberar paquetes de datos para mayor acceso a plataformas educativas - Noticias Radio Reflejos<\/title>\n<meta name=\"robots\" content=\"index, follow, max-snippet:-1, max-image-preview:large, max-video-preview:-1\" \/>\n<link rel=\"canonical\" href=\"https:\/\/www.noticiasradioreflejos.com.ar\/2021\/piden-a-companias-celulares-liberar-paquetes-de-datos-para-mayor-acceso-a-plataformas-educativas\/\" \/>\n<meta property=\"og:locale\" content=\"es_ES\" \/>\n<meta property=\"og:type\" content=\"article\" \/>\n<meta property=\"og:title\" content=\"Piden a compa\u00f1\u00edas celulares liberar paquetes de datos para mayor acceso a plataformas educativas - Noticias Radio Reflejos\" \/>\n<meta property=\"og:description\" content=\"Diputados nacionales de Juntos por el Cambio pidieron hoy al gobierno nacional que intervenga ante las compa\u00f1\u00edas de telefon\u00eda celular, para que liberen los paquetes de datos para el uso libre de las plataformas educativas de los dominios \u201c.edu\u201d y la plataforma \u201cEduc.ar\u201d. Se trata de una iniciativa presentada por la diputada, Adriana C\u00e1ceres, a [&hellip;]\" \/>\n<meta property=\"og:url\" content=\"https:\/\/www.noticiasradioreflejos.com.ar\/2021\/piden-a-companias-celulares-liberar-paquetes-de-datos-para-mayor-acceso-a-plataformas-educativas\/\" \/>\n<meta property=\"og:site_name\" content=\"Noticias Radio Reflejos\" \/>\n<meta property=\"article:published_time\" content=\"2020-05-22T14:40:17+00:00\" \/>\n<meta property=\"og:image\" content=\"https:\/\/www.noticiasradioreflejos.com.ar\/2021\/wp-content\/uploads\/2021\/07\/logosol300x200.png\" \/>\n\t<meta property=\"og:image:width\" content=\"300\" \/>\n\t<meta property=\"og:image:height\" content=\"200\" \/>\n\t<meta property=\"og:image:type\" content=\"image\/png\" \/>\n<meta name=\"author\" content=\"Arnaldo Botto\" \/>\n<meta name=\"twitter:card\" content=\"summary_large_image\" \/>\n<script type=\"application\/ld+json\" class=\"yoast-schema-graph\">{\"@context\":\"https:\/\/schema.org\",\"@graph\":[{\"@type\":\"WebPage\",\"@id\":\"https:\/\/www.noticiasradioreflejos.com.ar\/2021\/piden-a-companias-celulares-liberar-paquetes-de-datos-para-mayor-acceso-a-plataformas-educativas\/\",\"url\":\"https:\/\/www.noticiasradioreflejos.com.ar\/2021\/piden-a-companias-celulares-liberar-paquetes-de-datos-para-mayor-acceso-a-plataformas-educativas\/\",\"name\":\"Piden a compa\u00f1\u00edas celulares liberar paquetes de datos para mayor acceso a plataformas educativas - Noticias Radio Reflejos\",\"isPartOf\":{\"@id\":\"https:\/\/www.noticiasradioreflejos.com.ar\/2021\/#website\"},\"datePublished\":\"2020-05-22T14:40:17+00:00\",\"author\":{\"@id\":\"https:\/\/www.noticiasradioreflejos.com.ar\/2021\/#\/schema\/person\/ad82545263dcc5ec0996818884fd5fb1\"},\"breadcrumb\":{\"@id\":\"https:\/\/www.noticiasradioreflejos.com.ar\/2021\/piden-a-companias-celulares-liberar-paquetes-de-datos-para-mayor-acceso-a-plataformas-educativas\/#breadcrumb\"},\"inLanguage\":\"es\",\"potentialAction\":[{\"@type\":\"ReadAction\",\"target\":[\"https:\/\/www.noticiasradioreflejos.com.ar\/2021\/piden-a-companias-celulares-liberar-paquetes-de-datos-para-mayor-acceso-a-plataformas-educativas\/\"]}]},{\"@type\":\"BreadcrumbList\",\"@id\":\"https:\/\/www.noticiasradioreflejos.com.ar\/2021\/piden-a-companias-celulares-liberar-paquetes-de-datos-para-mayor-acceso-a-plataformas-educativas\/#breadcrumb\",\"itemListElement\":[{\"@type\":\"ListItem\",\"position\":1,\"name\":\"Portada\",\"item\":\"https:\/\/www.noticiasradioreflejos.com.ar\/2021\/\"},{\"@type\":\"ListItem\",\"position\":2,\"name\":\"Piden a compa\u00f1\u00edas celulares liberar paquetes de datos para mayor acceso a plataformas educativas\"}]},{\"@type\":\"WebSite\",\"@id\":\"https:\/\/www.noticiasradioreflejos.com.ar\/2021\/#website\",\"url\":\"https:\/\/www.noticiasradioreflejos.com.ar\/2021\/\",\"name\":\"Noticias Radio Reflejos\",\"description\":\"Las noticias de mi comarca\",\"potentialAction\":[{\"@type\":\"SearchAction\",\"target\":{\"@type\":\"EntryPoint\",\"urlTemplate\":\"https:\/\/www.noticiasradioreflejos.com.ar\/2021\/?s={search_term_string}\"},\"query-input\":{\"@type\":\"PropertyValueSpecification\",\"valueRequired\":true,\"valueName\":\"search_term_string\"}}],\"inLanguage\":\"es\"},{\"@type\":\"Person\",\"@id\":\"https:\/\/www.noticiasradioreflejos.com.ar\/2021\/#\/schema\/person\/ad82545263dcc5ec0996818884fd5fb1\",\"name\":\"Arnaldo Botto\",\"image\":{\"@type\":\"ImageObject\",\"inLanguage\":\"es\",\"@id\":\"https:\/\/www.noticiasradioreflejos.com.ar\/2021\/#\/schema\/person\/image\/\",\"url\":\"https:\/\/secure.gravatar.com\/avatar\/55cb5e37c1efa326397366e6974cb338056df65cb50e7d64d1cf314e87504837?s=96&d=mm&r=g\",\"contentUrl\":\"https:\/\/secure.gravatar.com\/avatar\/55cb5e37c1efa326397366e6974cb338056df65cb50e7d64d1cf314e87504837?s=96&d=mm&r=g\",\"caption\":\"Arnaldo Botto\"},\"url\":\"https:\/\/www.noticiasradioreflejos.com.ar\/2021\/author\/arnaldo\/\"}]}<\/script>\n<!-- \/ Yoast SEO plugin. -->","yoast_head_json":{"title":"Piden a compa\u00f1\u00edas celulares liberar paquetes de datos para mayor acceso a plataformas educativas - Noticias Radio Reflejos","robots":{"index":"index","follow":"follow","max-snippet":"max-snippet:-1","max-image-preview":"max-image-preview:large","max-video-preview":"max-video-preview:-1"},"canonical":"https:\/\/www.noticiasradioreflejos.com.ar\/2021\/piden-a-companias-celulares-liberar-paquetes-de-datos-para-mayor-acceso-a-plataformas-educativas\/","og_locale":"es_ES","og_type":"article","og_title":"Piden a compa\u00f1\u00edas celulares liberar paquetes de datos para mayor acceso a plataformas educativas - Noticias Radio Reflejos","og_description":"Diputados nacionales de Juntos por el Cambio pidieron hoy al gobierno nacional que intervenga ante las compa\u00f1\u00edas de telefon\u00eda celular, para que liberen los paquetes de datos para el uso libre de las plataformas educativas de los dominios \u201c.edu\u201d y la plataforma \u201cEduc.ar\u201d. Se trata de una iniciativa presentada por la diputada, Adriana C\u00e1ceres, a [&hellip;]","og_url":"https:\/\/www.noticiasradioreflejos.com.ar\/2021\/piden-a-companias-celulares-liberar-paquetes-de-datos-para-mayor-acceso-a-plataformas-educativas\/","og_site_name":"Noticias Radio Reflejos","article_published_time":"2020-05-22T14:40:17+00:00","og_image":[{"width":300,"height":200,"url":"https:\/\/www.noticiasradioreflejos.com.ar\/2021\/wp-content\/uploads\/2021\/07\/logosol300x200.png","type":"image\/png"}],"author":"Arnaldo Botto","twitter_card":"summary_large_image","schema":{"@context":"https:\/\/schema.org","@graph":[{"@type":"WebPage","@id":"https:\/\/www.noticiasradioreflejos.com.ar\/2021\/piden-a-companias-celulares-liberar-paquetes-de-datos-para-mayor-acceso-a-plataformas-educativas\/","url":"https:\/\/www.noticiasradioreflejos.com.ar\/2021\/piden-a-companias-celulares-liberar-paquetes-de-datos-para-mayor-acceso-a-plataformas-educativas\/","name":"Piden a compa\u00f1\u00edas celulares liberar paquetes de datos para mayor acceso a plataformas educativas - Noticias Radio Reflejos","isPartOf":{"@id":"https:\/\/www.noticiasradioreflejos.com.ar\/2021\/#website"},"datePublished":"2020-05-22T14:40:17+00:00","author":{"@id":"https:\/\/www.noticiasradioreflejos.com.ar\/2021\/#\/schema\/person\/ad82545263dcc5ec0996818884fd5fb1"},"breadcrumb":{"@id":"https:\/\/www.noticiasradioreflejos.com.ar\/2021\/piden-a-companias-celulares-liberar-paquetes-de-datos-para-mayor-acceso-a-plataformas-educativas\/#breadcrumb"},"inLanguage":"es","potentialAction":[{"@type":"ReadAction","target":["https:\/\/www.noticiasradioreflejos.com.ar\/2021\/piden-a-companias-celulares-liberar-paquetes-de-datos-para-mayor-acceso-a-plataformas-educativas\/"]}]},{"@type":"BreadcrumbList","@id":"https:\/\/www.noticiasradioreflejos.com.ar\/2021\/piden-a-companias-celulares-liberar-paquetes-de-datos-para-mayor-acceso-a-plataformas-educativas\/#breadcrumb","itemListElement":[{"@type":"ListItem","position":1,"name":"Portada","item":"https:\/\/www.noticiasradioreflejos.com.ar\/2021\/"},{"@type":"ListItem","position":2,"name":"Piden a compa\u00f1\u00edas celulares liberar paquetes de datos para mayor acceso a plataformas educativas"}]},{"@type":"WebSite","@id":"https:\/\/www.noticiasradioreflejos.com.ar\/2021\/#website","url":"https:\/\/www.noticiasradioreflejos.com.ar\/2021\/","name":"Noticias Radio Reflejos","description":"Las noticias de mi comarca","potentialAction":[{"@type":"SearchAction","target":{"@type":"EntryPoint","urlTemplate":"https:\/\/www.noticiasradioreflejos.com.ar\/2021\/?s={search_term_string}"},"query-input":{"@type":"PropertyValueSpecification","valueRequired":true,"valueName":"search_term_string"}}],"inLanguage":"es"},{"@type":"Person","@id":"https:\/\/www.noticiasradioreflejos.com.ar\/2021\/#\/schema\/person\/ad82545263dcc5ec0996818884fd5fb1","name":"Arnaldo Botto","image":{"@type":"ImageObject","inLanguage":"es","@id":"https:\/\/www.noticiasradioreflejos.com.ar\/2021\/#\/schema\/person\/image\/","url":"https:\/\/secure.gravatar.com\/avatar\/55cb5e37c1efa326397366e6974cb338056df65cb50e7d64d1cf314e87504837?s=96&d=mm&r=g","contentUrl":"https:\/\/secure.gravatar.com\/avatar\/55cb5e37c1efa326397366e6974cb338056df65cb50e7d64d1cf314e87504837?s=96&d=mm&r=g","caption":"Arnaldo Botto"},"url":"https:\/\/www.noticiasradioreflejos.com.ar\/2021\/author\/arnaldo\/"}]}},"_links":{"self":[{"href":"https:\/\/www.noticiasradioreflejos.com.ar\/2021\/wp-json\/wp\/v2\/posts\/42287","targetHints":{"allow":["GET"]}}],"collection":[{"href":"https:\/\/www.noticiasradioreflejos.com.ar\/2021\/wp-json\/wp\/v2\/posts"}],"about":[{"href":"https:\/\/www.noticiasradioreflejos.com.ar\/2021\/wp-json\/wp\/v2\/types\/post"}],"author":[{"embeddable":true,"href":"https:\/\/www.noticiasradioreflejos.com.ar\/2021\/wp-json\/wp\/v2\/users\/3"}],"replies":[{"embeddable":true,"href":"https:\/\/www.noticiasradioreflejos.com.ar\/2021\/wp-json\/wp\/v2\/comments?post=42287"}],"version-history":[{"count":0,"href":"https:\/\/www.noticiasradioreflejos.com.ar\/2021\/wp-json\/wp\/v2\/posts\/42287\/revisions"}],"wp:attachment":[{"href":"https:\/\/www.noticiasradioreflejos.com.ar\/2021\/wp-json\/wp\/v2\/media?parent=42287"}],"wp:term":[{"taxonomy":"category","embeddable":true,"href":"https:\/\/www.noticiasradioreflejos.com.ar\/2021\/wp-json\/wp\/v2\/categories?post=42287"},{"taxonomy":"post_tag","embeddable":true,"href":"https:\/\/www.noticiasradioreflejos.com.ar\/2021\/wp-json\/wp\/v2\/tags?post=42287"}],"curies":[{"name":"wp","href":"https:\/\/api.w.org\/{rel}","templated":true}]}}