{"id":42283,"date":"2020-05-22T11:01:52","date_gmt":"2020-05-22T14:01:52","guid":{"rendered":"http:\/\/www.noticiasradioreflejos.com.ar\/noticias\/?p=42283"},"modified":"2020-05-22T11:01:52","modified_gmt":"2020-05-22T14:01:52","slug":"bordoni-afirmo-que-en-el-parque-eolico-de-tornquist-se-cumplen-los-protocolos","status":"publish","type":"post","link":"https:\/\/www.noticiasradioreflejos.com.ar\/2021\/bordoni-afirmo-que-en-el-parque-eolico-de-tornquist-se-cumplen-los-protocolos\/","title":{"rendered":"Bordoni afirm\u00f3 que en el parque e\u00f3lico de Tornquist se cumplen los protocolos."},"content":{"rendered":"<p>El intendente recalc\u00f3 que cada trabajador que llega al distrito tiene que realizar la cuarentena correspondiente. Alejandro Gonz\u00e1lez, delegado de la obra \u00abEl Mataco y San Jorge\u00bb, denunci\u00f3 ante el Ministerio de Trabajo \u00abfalta de cumplimiento de los protocolos sanitarios pertinentes. El intendente  Sergio Bordoni, aclar\u00f3 esta ma\u00f1ana en di\u00e1logo con Radio Altos con Luis Cano, que en el parque e\u00f3lico ubicado en el acceso a Tres Picos se est\u00e1n cumpliendo los protocolos correspondientes.<!--more--><br \/>\nAdmiti\u00f3 que ante la preocupaci\u00f3n que gener\u00f3 el brote de coronavirus en el predio de aerogeneradores de Villarino, funcionarios comunales se dirigieron al que est\u00e1 emplazado en su distrito para corroborar que se cumplan con las medidas sanitarias y evitar contagios.<\/p>\n<p>Seg\u00fan inform\u00f3, el secretario de Gobierno y Seguridad de la vecina comuna, Ezequiel Gabella, recorri\u00f3 el parque e\u00f3lico y se reuni\u00f3 con el encargado del personal. \u201cNosotros no podemos parar la obra, fuimos a decir que cumplan y est\u00e1n cumpliendo los protocolos\u201d, asegur\u00f3.<\/p>\n<p>Vale recordar que como public\u00e1bamos ayer en nuestro diario digital, Alejandro Gonz\u00e1lez, delegado de la obra \u00abEl Mataco y San Jorge\u00bb, denunci\u00f3 ante el Ministerio de Trabajo \u00abfalta de cumplimiento de los protocolos sanitarios pertinentes\u00bb en el emprendimiento que est\u00e1 localizado en kil\u00f3metro 48 de la ruta 33.<\/p>\n<p>El jefe comunal aclar\u00f3 que no tienen la posibilidad de suspender las actividades en el parque e\u00f3lico porque tras la inspecci\u00f3n constataron que se cumpl\u00edan las normativas. En ese sentido, recalc\u00f3 que es el gremio de la UOCRA el que puede determinar que se paralicen los trabajos.<\/p>\n<p>Sobre los trabajadores que llegar\u00edan desde Rosario para sumarse a las tareas en Tornquist, asever\u00f3 que tienen la obligaci\u00f3n de realizar siete d\u00edas de cuarentena y luego de un hisopado pueden sumarse a los trabajos. La otra alternativa es completar 14 d\u00edas de cuarentena en el distrito.<\/p>\n<p>\u201cEso hacemos con todos los trabajadores que llegan al distrito\u201d, remarc\u00f3.<\/p>\n<p>\u201cConstatamos que esas tres personas no est\u00e1n trabajando. No tenemos un solo caso de coronavirus, queremos preservar la salud de nuestros ciudadanos\u201d, concluy\u00f3.<\/p>\n","protected":false},"excerpt":{"rendered":"<p>El intendente recalc\u00f3 que cada trabajador que llega al distrito tiene que realizar la cuarentena correspondiente. Alejandro Gonz\u00e1lez, delegado de la obra \u00abEl Mataco y San Jorge\u00bb, denunci\u00f3 ante el Ministerio de Trabajo \u00abfalta de cumplimiento de los protocolos sanitarios pertinentes. El intendente Sergio Bordoni, aclar\u00f3 esta ma\u00f1ana en di\u00e1logo con Radio Altos con Luis [&hellip;]<\/p>\n","protected":false},"author":3,"featured_media":0,"comment_status":"closed","ping_status":"open","sticky":false,"template":"","format":"standard","meta":{"footnotes":""},"categories":[24],"tags":[],"class_list":["post-42283","post","type-post","status-publish","format-standard","hentry","category-politica"],"yoast_head":"<!-- This site is optimized with the Yoast SEO plugin v25.9 - https:\/\/yoast.com\/wordpress\/plugins\/seo\/ -->\n<title>Bordoni afirm\u00f3 que en el parque e\u00f3lico de Tornquist se cumplen los protocolos. - Noticias Radio Reflejos<\/title>\n<meta name=\"robots\" content=\"index, follow, max-snippet:-1, max-image-preview:large, max-video-preview:-1\" \/>\n<link rel=\"canonical\" href=\"https:\/\/www.noticiasradioreflejos.com.ar\/2021\/bordoni-afirmo-que-en-el-parque-eolico-de-tornquist-se-cumplen-los-protocolos\/\" \/>\n<meta property=\"og:locale\" content=\"es_ES\" \/>\n<meta property=\"og:type\" content=\"article\" \/>\n<meta property=\"og:title\" content=\"Bordoni afirm\u00f3 que en el parque e\u00f3lico de Tornquist se cumplen los protocolos. - Noticias Radio Reflejos\" \/>\n<meta property=\"og:description\" content=\"El intendente recalc\u00f3 que cada trabajador que llega al distrito tiene que realizar la cuarentena correspondiente. Alejandro Gonz\u00e1lez, delegado de la obra \u00abEl Mataco y San Jorge\u00bb, denunci\u00f3 ante el Ministerio de Trabajo \u00abfalta de cumplimiento de los protocolos sanitarios pertinentes. El intendente Sergio Bordoni, aclar\u00f3 esta ma\u00f1ana en di\u00e1logo con Radio Altos con Luis [&hellip;]\" \/>\n<meta property=\"og:url\" content=\"https:\/\/www.noticiasradioreflejos.com.ar\/2021\/bordoni-afirmo-que-en-el-parque-eolico-de-tornquist-se-cumplen-los-protocolos\/\" \/>\n<meta property=\"og:site_name\" content=\"Noticias Radio Reflejos\" \/>\n<meta property=\"article:published_time\" content=\"2020-05-22T14:01:52+00:00\" \/>\n<meta property=\"og:image\" content=\"https:\/\/www.noticiasradioreflejos.com.ar\/2021\/wp-content\/uploads\/2021\/07\/logosol300x200.png\" \/>\n\t<meta property=\"og:image:width\" content=\"300\" \/>\n\t<meta property=\"og:image:height\" content=\"200\" \/>\n\t<meta property=\"og:image:type\" content=\"image\/png\" \/>\n<meta name=\"author\" content=\"Arnaldo Botto\" \/>\n<meta name=\"twitter:card\" content=\"summary_large_image\" \/>\n<script type=\"application\/ld+json\" class=\"yoast-schema-graph\">{\"@context\":\"https:\/\/schema.org\",\"@graph\":[{\"@type\":\"WebPage\",\"@id\":\"https:\/\/www.noticiasradioreflejos.com.ar\/2021\/bordoni-afirmo-que-en-el-parque-eolico-de-tornquist-se-cumplen-los-protocolos\/\",\"url\":\"https:\/\/www.noticiasradioreflejos.com.ar\/2021\/bordoni-afirmo-que-en-el-parque-eolico-de-tornquist-se-cumplen-los-protocolos\/\",\"name\":\"Bordoni afirm\u00f3 que en el parque e\u00f3lico de Tornquist se cumplen los protocolos. - Noticias Radio Reflejos\",\"isPartOf\":{\"@id\":\"https:\/\/www.noticiasradioreflejos.com.ar\/2021\/#website\"},\"datePublished\":\"2020-05-22T14:01:52+00:00\",\"author\":{\"@id\":\"https:\/\/www.noticiasradioreflejos.com.ar\/2021\/#\/schema\/person\/ad82545263dcc5ec0996818884fd5fb1\"},\"breadcrumb\":{\"@id\":\"https:\/\/www.noticiasradioreflejos.com.ar\/2021\/bordoni-afirmo-que-en-el-parque-eolico-de-tornquist-se-cumplen-los-protocolos\/#breadcrumb\"},\"inLanguage\":\"es\",\"potentialAction\":[{\"@type\":\"ReadAction\",\"target\":[\"https:\/\/www.noticiasradioreflejos.com.ar\/2021\/bordoni-afirmo-que-en-el-parque-eolico-de-tornquist-se-cumplen-los-protocolos\/\"]}]},{\"@type\":\"BreadcrumbList\",\"@id\":\"https:\/\/www.noticiasradioreflejos.com.ar\/2021\/bordoni-afirmo-que-en-el-parque-eolico-de-tornquist-se-cumplen-los-protocolos\/#breadcrumb\",\"itemListElement\":[{\"@type\":\"ListItem\",\"position\":1,\"name\":\"Portada\",\"item\":\"https:\/\/www.noticiasradioreflejos.com.ar\/2021\/\"},{\"@type\":\"ListItem\",\"position\":2,\"name\":\"Bordoni afirm\u00f3 que en el parque e\u00f3lico de Tornquist se cumplen los protocolos.\"}]},{\"@type\":\"WebSite\",\"@id\":\"https:\/\/www.noticiasradioreflejos.com.ar\/2021\/#website\",\"url\":\"https:\/\/www.noticiasradioreflejos.com.ar\/2021\/\",\"name\":\"Noticias Radio Reflejos\",\"description\":\"Las noticias de mi comarca\",\"potentialAction\":[{\"@type\":\"SearchAction\",\"target\":{\"@type\":\"EntryPoint\",\"urlTemplate\":\"https:\/\/www.noticiasradioreflejos.com.ar\/2021\/?s={search_term_string}\"},\"query-input\":{\"@type\":\"PropertyValueSpecification\",\"valueRequired\":true,\"valueName\":\"search_term_string\"}}],\"inLanguage\":\"es\"},{\"@type\":\"Person\",\"@id\":\"https:\/\/www.noticiasradioreflejos.com.ar\/2021\/#\/schema\/person\/ad82545263dcc5ec0996818884fd5fb1\",\"name\":\"Arnaldo Botto\",\"image\":{\"@type\":\"ImageObject\",\"inLanguage\":\"es\",\"@id\":\"https:\/\/www.noticiasradioreflejos.com.ar\/2021\/#\/schema\/person\/image\/\",\"url\":\"https:\/\/secure.gravatar.com\/avatar\/55cb5e37c1efa326397366e6974cb338056df65cb50e7d64d1cf314e87504837?s=96&d=mm&r=g\",\"contentUrl\":\"https:\/\/secure.gravatar.com\/avatar\/55cb5e37c1efa326397366e6974cb338056df65cb50e7d64d1cf314e87504837?s=96&d=mm&r=g\",\"caption\":\"Arnaldo Botto\"},\"url\":\"https:\/\/www.noticiasradioreflejos.com.ar\/2021\/author\/arnaldo\/\"}]}<\/script>\n<!-- \/ Yoast SEO plugin. -->","yoast_head_json":{"title":"Bordoni afirm\u00f3 que en el parque e\u00f3lico de Tornquist se cumplen los protocolos. - Noticias Radio Reflejos","robots":{"index":"index","follow":"follow","max-snippet":"max-snippet:-1","max-image-preview":"max-image-preview:large","max-video-preview":"max-video-preview:-1"},"canonical":"https:\/\/www.noticiasradioreflejos.com.ar\/2021\/bordoni-afirmo-que-en-el-parque-eolico-de-tornquist-se-cumplen-los-protocolos\/","og_locale":"es_ES","og_type":"article","og_title":"Bordoni afirm\u00f3 que en el parque e\u00f3lico de Tornquist se cumplen los protocolos. - Noticias Radio Reflejos","og_description":"El intendente recalc\u00f3 que cada trabajador que llega al distrito tiene que realizar la cuarentena correspondiente. Alejandro Gonz\u00e1lez, delegado de la obra \u00abEl Mataco y San Jorge\u00bb, denunci\u00f3 ante el Ministerio de Trabajo \u00abfalta de cumplimiento de los protocolos sanitarios pertinentes. El intendente Sergio Bordoni, aclar\u00f3 esta ma\u00f1ana en di\u00e1logo con Radio Altos con Luis [&hellip;]","og_url":"https:\/\/www.noticiasradioreflejos.com.ar\/2021\/bordoni-afirmo-que-en-el-parque-eolico-de-tornquist-se-cumplen-los-protocolos\/","og_site_name":"Noticias Radio Reflejos","article_published_time":"2020-05-22T14:01:52+00:00","og_image":[{"width":300,"height":200,"url":"https:\/\/www.noticiasradioreflejos.com.ar\/2021\/wp-content\/uploads\/2021\/07\/logosol300x200.png","type":"image\/png"}],"author":"Arnaldo Botto","twitter_card":"summary_large_image","schema":{"@context":"https:\/\/schema.org","@graph":[{"@type":"WebPage","@id":"https:\/\/www.noticiasradioreflejos.com.ar\/2021\/bordoni-afirmo-que-en-el-parque-eolico-de-tornquist-se-cumplen-los-protocolos\/","url":"https:\/\/www.noticiasradioreflejos.com.ar\/2021\/bordoni-afirmo-que-en-el-parque-eolico-de-tornquist-se-cumplen-los-protocolos\/","name":"Bordoni afirm\u00f3 que en el parque e\u00f3lico de Tornquist se cumplen los protocolos. - Noticias Radio Reflejos","isPartOf":{"@id":"https:\/\/www.noticiasradioreflejos.com.ar\/2021\/#website"},"datePublished":"2020-05-22T14:01:52+00:00","author":{"@id":"https:\/\/www.noticiasradioreflejos.com.ar\/2021\/#\/schema\/person\/ad82545263dcc5ec0996818884fd5fb1"},"breadcrumb":{"@id":"https:\/\/www.noticiasradioreflejos.com.ar\/2021\/bordoni-afirmo-que-en-el-parque-eolico-de-tornquist-se-cumplen-los-protocolos\/#breadcrumb"},"inLanguage":"es","potentialAction":[{"@type":"ReadAction","target":["https:\/\/www.noticiasradioreflejos.com.ar\/2021\/bordoni-afirmo-que-en-el-parque-eolico-de-tornquist-se-cumplen-los-protocolos\/"]}]},{"@type":"BreadcrumbList","@id":"https:\/\/www.noticiasradioreflejos.com.ar\/2021\/bordoni-afirmo-que-en-el-parque-eolico-de-tornquist-se-cumplen-los-protocolos\/#breadcrumb","itemListElement":[{"@type":"ListItem","position":1,"name":"Portada","item":"https:\/\/www.noticiasradioreflejos.com.ar\/2021\/"},{"@type":"ListItem","position":2,"name":"Bordoni afirm\u00f3 que en el parque e\u00f3lico de Tornquist se cumplen los protocolos."}]},{"@type":"WebSite","@id":"https:\/\/www.noticiasradioreflejos.com.ar\/2021\/#website","url":"https:\/\/www.noticiasradioreflejos.com.ar\/2021\/","name":"Noticias Radio Reflejos","description":"Las noticias de mi comarca","potentialAction":[{"@type":"SearchAction","target":{"@type":"EntryPoint","urlTemplate":"https:\/\/www.noticiasradioreflejos.com.ar\/2021\/?s={search_term_string}"},"query-input":{"@type":"PropertyValueSpecification","valueRequired":true,"valueName":"search_term_string"}}],"inLanguage":"es"},{"@type":"Person","@id":"https:\/\/www.noticiasradioreflejos.com.ar\/2021\/#\/schema\/person\/ad82545263dcc5ec0996818884fd5fb1","name":"Arnaldo Botto","image":{"@type":"ImageObject","inLanguage":"es","@id":"https:\/\/www.noticiasradioreflejos.com.ar\/2021\/#\/schema\/person\/image\/","url":"https:\/\/secure.gravatar.com\/avatar\/55cb5e37c1efa326397366e6974cb338056df65cb50e7d64d1cf314e87504837?s=96&d=mm&r=g","contentUrl":"https:\/\/secure.gravatar.com\/avatar\/55cb5e37c1efa326397366e6974cb338056df65cb50e7d64d1cf314e87504837?s=96&d=mm&r=g","caption":"Arnaldo Botto"},"url":"https:\/\/www.noticiasradioreflejos.com.ar\/2021\/author\/arnaldo\/"}]}},"_links":{"self":[{"href":"https:\/\/www.noticiasradioreflejos.com.ar\/2021\/wp-json\/wp\/v2\/posts\/42283","targetHints":{"allow":["GET"]}}],"collection":[{"href":"https:\/\/www.noticiasradioreflejos.com.ar\/2021\/wp-json\/wp\/v2\/posts"}],"about":[{"href":"https:\/\/www.noticiasradioreflejos.com.ar\/2021\/wp-json\/wp\/v2\/types\/post"}],"author":[{"embeddable":true,"href":"https:\/\/www.noticiasradioreflejos.com.ar\/2021\/wp-json\/wp\/v2\/users\/3"}],"replies":[{"embeddable":true,"href":"https:\/\/www.noticiasradioreflejos.com.ar\/2021\/wp-json\/wp\/v2\/comments?post=42283"}],"version-history":[{"count":0,"href":"https:\/\/www.noticiasradioreflejos.com.ar\/2021\/wp-json\/wp\/v2\/posts\/42283\/revisions"}],"wp:attachment":[{"href":"https:\/\/www.noticiasradioreflejos.com.ar\/2021\/wp-json\/wp\/v2\/media?parent=42283"}],"wp:term":[{"taxonomy":"category","embeddable":true,"href":"https:\/\/www.noticiasradioreflejos.com.ar\/2021\/wp-json\/wp\/v2\/categories?post=42283"},{"taxonomy":"post_tag","embeddable":true,"href":"https:\/\/www.noticiasradioreflejos.com.ar\/2021\/wp-json\/wp\/v2\/tags?post=42283"}],"curies":[{"name":"wp","href":"https:\/\/api.w.org\/{rel}","templated":true}]}}