{"id":42223,"date":"2020-05-21T08:55:18","date_gmt":"2020-05-21T11:55:18","guid":{"rendered":"http:\/\/www.noticiasradioreflejos.com.ar\/noticias\/?p=42223"},"modified":"2020-05-21T08:55:18","modified_gmt":"2020-05-21T11:55:18","slug":"afip-oficializa-prorroga-hasta-fin-de-julio-de-la-presentacion-de-ganancias-y-bienes-personales","status":"publish","type":"post","link":"https:\/\/www.noticiasradioreflejos.com.ar\/2021\/afip-oficializa-prorroga-hasta-fin-de-julio-de-la-presentacion-de-ganancias-y-bienes-personales\/","title":{"rendered":"AFIP oficializa pr\u00f3rroga hasta fin de julio de la presentaci\u00f3n de Ganancias y Bienes Personales"},"content":{"rendered":"<p>La Administraci\u00f3n Federal de Ingresos P\u00fablicos (AFIP) formaliz\u00f3 la pr\u00f3rroga hasta fin de julio de los plazos para que las personas humanas presenten sus declaraciones juradas y paguen los saldos correspondientes al Impuesto a las Ganancias, Impuesto a los Bienes Personales y el Impuesto Cedular, a trav\u00e9s de la resoluci\u00f3n general 4721\/2020 publicada hoy en el Bolet\u00edn Oficial.<!--more--><\/p>\n<p>La pr\u00f3rroga, en m\u00e1s de 40 d\u00edas, comprende a m\u00e1s de 2 millones de contribuyentes.<\/p>\n<p>El organismo tributario explic\u00f3 que la decisi\u00f3n facilita el cumplimiento de las obligaciones tributarias en el marco del aislamiento social preventivo y obligatorio por el coronavirus.<\/p>\n<p>Las personas cuya Clave \u00danica de Identificaci\u00f3n Tributaria (CUIT) termina en 0, 1, 2 y 3 podr\u00e1n presentar las DDJJ y realizar los pagos correspondientes hasta el 27 de julio; para aquellos que finaliza en 4, 5 y 6, hasta el 28; y para los que lo hace en 7, 8 y 9, hasta el 28.<\/p>\n<p>La presentaci\u00f3n de las declaraciones juradas y el ingreso del saldo resultante del Impuesto a las Ganancias, el Impuesto a los Bienes Personales y el Impuesto Cedular estaba prevista inicialmente para mediados de junio.<\/p>\n<p>La medida se suma a la anunciada la semana cuando se dispuso la instrumentaci\u00f3n de plazos especiales para la presentaci\u00f3n y pago de las declaraciones juradas de Ganancias e IVA para las empresas, al tiempo que se ampli\u00f3 los planes de facilidades de pago para garantizar m\u00e1s herramientas de alivio financiero para las empresas afectadas por el coronavirus.<\/p>\n","protected":false},"excerpt":{"rendered":"<p>La Administraci\u00f3n Federal de Ingresos P\u00fablicos (AFIP) formaliz\u00f3 la pr\u00f3rroga hasta fin de julio de los plazos para que las personas humanas presenten sus declaraciones juradas y paguen los saldos correspondientes al Impuesto a las Ganancias, Impuesto a los Bienes Personales y el Impuesto Cedular, a trav\u00e9s de la resoluci\u00f3n general 4721\/2020 publicada hoy en [&hellip;]<\/p>\n","protected":false},"author":3,"featured_media":39606,"comment_status":"closed","ping_status":"open","sticky":false,"template":"","format":"standard","meta":{"footnotes":""},"categories":[36],"tags":[],"class_list":["post-42223","post","type-post","status-publish","format-standard","has-post-thumbnail","hentry","category-economia"],"yoast_head":"<!-- This site is optimized with the Yoast SEO plugin v25.9 - https:\/\/yoast.com\/wordpress\/plugins\/seo\/ -->\n<title>AFIP oficializa pr\u00f3rroga hasta fin de julio de la presentaci\u00f3n de Ganancias y Bienes Personales - Noticias Radio Reflejos<\/title>\n<meta name=\"robots\" content=\"index, follow, max-snippet:-1, max-image-preview:large, max-video-preview:-1\" \/>\n<link rel=\"canonical\" href=\"https:\/\/www.noticiasradioreflejos.com.ar\/2021\/afip-oficializa-prorroga-hasta-fin-de-julio-de-la-presentacion-de-ganancias-y-bienes-personales\/\" \/>\n<meta property=\"og:locale\" content=\"es_ES\" \/>\n<meta property=\"og:type\" content=\"article\" \/>\n<meta property=\"og:title\" content=\"AFIP oficializa pr\u00f3rroga hasta fin de julio de la presentaci\u00f3n de Ganancias y Bienes Personales - Noticias Radio Reflejos\" \/>\n<meta property=\"og:description\" content=\"La Administraci\u00f3n Federal de Ingresos P\u00fablicos (AFIP) formaliz\u00f3 la pr\u00f3rroga hasta fin de julio de los plazos para que las personas humanas presenten sus declaraciones juradas y paguen los saldos correspondientes al Impuesto a las Ganancias, Impuesto a los Bienes Personales y el Impuesto Cedular, a trav\u00e9s de la resoluci\u00f3n general 4721\/2020 publicada hoy en [&hellip;]\" \/>\n<meta property=\"og:url\" content=\"https:\/\/www.noticiasradioreflejos.com.ar\/2021\/afip-oficializa-prorroga-hasta-fin-de-julio-de-la-presentacion-de-ganancias-y-bienes-personales\/\" \/>\n<meta property=\"og:site_name\" content=\"Noticias Radio Reflejos\" \/>\n<meta property=\"article:published_time\" content=\"2020-05-21T11:55:18+00:00\" \/>\n<meta property=\"og:image\" content=\"https:\/\/www.noticiasradioreflejos.com.ar\/2021\/wp-content\/uploads\/2020\/03\/AFIP.jpg\" \/>\n\t<meta property=\"og:image:width\" content=\"780\" \/>\n\t<meta property=\"og:image:height\" content=\"300\" \/>\n\t<meta property=\"og:image:type\" content=\"image\/jpeg\" \/>\n<meta name=\"author\" content=\"Arnaldo Botto\" \/>\n<meta name=\"twitter:card\" content=\"summary_large_image\" \/>\n<script type=\"application\/ld+json\" class=\"yoast-schema-graph\">{\"@context\":\"https:\/\/schema.org\",\"@graph\":[{\"@type\":\"WebPage\",\"@id\":\"https:\/\/www.noticiasradioreflejos.com.ar\/2021\/afip-oficializa-prorroga-hasta-fin-de-julio-de-la-presentacion-de-ganancias-y-bienes-personales\/\",\"url\":\"https:\/\/www.noticiasradioreflejos.com.ar\/2021\/afip-oficializa-prorroga-hasta-fin-de-julio-de-la-presentacion-de-ganancias-y-bienes-personales\/\",\"name\":\"AFIP oficializa pr\u00f3rroga hasta fin de julio de la presentaci\u00f3n de Ganancias y Bienes Personales - Noticias Radio Reflejos\",\"isPartOf\":{\"@id\":\"https:\/\/www.noticiasradioreflejos.com.ar\/2021\/#website\"},\"primaryImageOfPage\":{\"@id\":\"https:\/\/www.noticiasradioreflejos.com.ar\/2021\/afip-oficializa-prorroga-hasta-fin-de-julio-de-la-presentacion-de-ganancias-y-bienes-personales\/#primaryimage\"},\"image\":{\"@id\":\"https:\/\/www.noticiasradioreflejos.com.ar\/2021\/afip-oficializa-prorroga-hasta-fin-de-julio-de-la-presentacion-de-ganancias-y-bienes-personales\/#primaryimage\"},\"thumbnailUrl\":\"https:\/\/www.noticiasradioreflejos.com.ar\/2021\/wp-content\/uploads\/2020\/03\/AFIP.jpg\",\"datePublished\":\"2020-05-21T11:55:18+00:00\",\"author\":{\"@id\":\"https:\/\/www.noticiasradioreflejos.com.ar\/2021\/#\/schema\/person\/ad82545263dcc5ec0996818884fd5fb1\"},\"breadcrumb\":{\"@id\":\"https:\/\/www.noticiasradioreflejos.com.ar\/2021\/afip-oficializa-prorroga-hasta-fin-de-julio-de-la-presentacion-de-ganancias-y-bienes-personales\/#breadcrumb\"},\"inLanguage\":\"es\",\"potentialAction\":[{\"@type\":\"ReadAction\",\"target\":[\"https:\/\/www.noticiasradioreflejos.com.ar\/2021\/afip-oficializa-prorroga-hasta-fin-de-julio-de-la-presentacion-de-ganancias-y-bienes-personales\/\"]}]},{\"@type\":\"ImageObject\",\"inLanguage\":\"es\",\"@id\":\"https:\/\/www.noticiasradioreflejos.com.ar\/2021\/afip-oficializa-prorroga-hasta-fin-de-julio-de-la-presentacion-de-ganancias-y-bienes-personales\/#primaryimage\",\"url\":\"https:\/\/www.noticiasradioreflejos.com.ar\/2021\/wp-content\/uploads\/2020\/03\/AFIP.jpg\",\"contentUrl\":\"https:\/\/www.noticiasradioreflejos.com.ar\/2021\/wp-content\/uploads\/2020\/03\/AFIP.jpg\",\"width\":780,\"height\":300},{\"@type\":\"BreadcrumbList\",\"@id\":\"https:\/\/www.noticiasradioreflejos.com.ar\/2021\/afip-oficializa-prorroga-hasta-fin-de-julio-de-la-presentacion-de-ganancias-y-bienes-personales\/#breadcrumb\",\"itemListElement\":[{\"@type\":\"ListItem\",\"position\":1,\"name\":\"Portada\",\"item\":\"https:\/\/www.noticiasradioreflejos.com.ar\/2021\/\"},{\"@type\":\"ListItem\",\"position\":2,\"name\":\"AFIP oficializa pr\u00f3rroga hasta fin de julio de la presentaci\u00f3n de Ganancias y Bienes Personales\"}]},{\"@type\":\"WebSite\",\"@id\":\"https:\/\/www.noticiasradioreflejos.com.ar\/2021\/#website\",\"url\":\"https:\/\/www.noticiasradioreflejos.com.ar\/2021\/\",\"name\":\"Noticias Radio Reflejos\",\"description\":\"Las noticias de mi comarca\",\"potentialAction\":[{\"@type\":\"SearchAction\",\"target\":{\"@type\":\"EntryPoint\",\"urlTemplate\":\"https:\/\/www.noticiasradioreflejos.com.ar\/2021\/?s={search_term_string}\"},\"query-input\":{\"@type\":\"PropertyValueSpecification\",\"valueRequired\":true,\"valueName\":\"search_term_string\"}}],\"inLanguage\":\"es\"},{\"@type\":\"Person\",\"@id\":\"https:\/\/www.noticiasradioreflejos.com.ar\/2021\/#\/schema\/person\/ad82545263dcc5ec0996818884fd5fb1\",\"name\":\"Arnaldo Botto\",\"image\":{\"@type\":\"ImageObject\",\"inLanguage\":\"es\",\"@id\":\"https:\/\/www.noticiasradioreflejos.com.ar\/2021\/#\/schema\/person\/image\/\",\"url\":\"https:\/\/secure.gravatar.com\/avatar\/55cb5e37c1efa326397366e6974cb338056df65cb50e7d64d1cf314e87504837?s=96&d=mm&r=g\",\"contentUrl\":\"https:\/\/secure.gravatar.com\/avatar\/55cb5e37c1efa326397366e6974cb338056df65cb50e7d64d1cf314e87504837?s=96&d=mm&r=g\",\"caption\":\"Arnaldo Botto\"},\"url\":\"https:\/\/www.noticiasradioreflejos.com.ar\/2021\/author\/arnaldo\/\"}]}<\/script>\n<!-- \/ Yoast SEO plugin. -->","yoast_head_json":{"title":"AFIP oficializa pr\u00f3rroga hasta fin de julio de la presentaci\u00f3n de Ganancias y Bienes Personales - Noticias Radio Reflejos","robots":{"index":"index","follow":"follow","max-snippet":"max-snippet:-1","max-image-preview":"max-image-preview:large","max-video-preview":"max-video-preview:-1"},"canonical":"https:\/\/www.noticiasradioreflejos.com.ar\/2021\/afip-oficializa-prorroga-hasta-fin-de-julio-de-la-presentacion-de-ganancias-y-bienes-personales\/","og_locale":"es_ES","og_type":"article","og_title":"AFIP oficializa pr\u00f3rroga hasta fin de julio de la presentaci\u00f3n de Ganancias y Bienes Personales - Noticias Radio Reflejos","og_description":"La Administraci\u00f3n Federal de Ingresos P\u00fablicos (AFIP) formaliz\u00f3 la pr\u00f3rroga hasta fin de julio de los plazos para que las personas humanas presenten sus declaraciones juradas y paguen los saldos correspondientes al Impuesto a las Ganancias, Impuesto a los Bienes Personales y el Impuesto Cedular, a trav\u00e9s de la resoluci\u00f3n general 4721\/2020 publicada hoy en [&hellip;]","og_url":"https:\/\/www.noticiasradioreflejos.com.ar\/2021\/afip-oficializa-prorroga-hasta-fin-de-julio-de-la-presentacion-de-ganancias-y-bienes-personales\/","og_site_name":"Noticias Radio Reflejos","article_published_time":"2020-05-21T11:55:18+00:00","og_image":[{"width":780,"height":300,"url":"https:\/\/www.noticiasradioreflejos.com.ar\/2021\/wp-content\/uploads\/2020\/03\/AFIP.jpg","type":"image\/jpeg"}],"author":"Arnaldo Botto","twitter_card":"summary_large_image","schema":{"@context":"https:\/\/schema.org","@graph":[{"@type":"WebPage","@id":"https:\/\/www.noticiasradioreflejos.com.ar\/2021\/afip-oficializa-prorroga-hasta-fin-de-julio-de-la-presentacion-de-ganancias-y-bienes-personales\/","url":"https:\/\/www.noticiasradioreflejos.com.ar\/2021\/afip-oficializa-prorroga-hasta-fin-de-julio-de-la-presentacion-de-ganancias-y-bienes-personales\/","name":"AFIP oficializa pr\u00f3rroga hasta fin de julio de la presentaci\u00f3n de Ganancias y Bienes Personales - Noticias Radio Reflejos","isPartOf":{"@id":"https:\/\/www.noticiasradioreflejos.com.ar\/2021\/#website"},"primaryImageOfPage":{"@id":"https:\/\/www.noticiasradioreflejos.com.ar\/2021\/afip-oficializa-prorroga-hasta-fin-de-julio-de-la-presentacion-de-ganancias-y-bienes-personales\/#primaryimage"},"image":{"@id":"https:\/\/www.noticiasradioreflejos.com.ar\/2021\/afip-oficializa-prorroga-hasta-fin-de-julio-de-la-presentacion-de-ganancias-y-bienes-personales\/#primaryimage"},"thumbnailUrl":"https:\/\/www.noticiasradioreflejos.com.ar\/2021\/wp-content\/uploads\/2020\/03\/AFIP.jpg","datePublished":"2020-05-21T11:55:18+00:00","author":{"@id":"https:\/\/www.noticiasradioreflejos.com.ar\/2021\/#\/schema\/person\/ad82545263dcc5ec0996818884fd5fb1"},"breadcrumb":{"@id":"https:\/\/www.noticiasradioreflejos.com.ar\/2021\/afip-oficializa-prorroga-hasta-fin-de-julio-de-la-presentacion-de-ganancias-y-bienes-personales\/#breadcrumb"},"inLanguage":"es","potentialAction":[{"@type":"ReadAction","target":["https:\/\/www.noticiasradioreflejos.com.ar\/2021\/afip-oficializa-prorroga-hasta-fin-de-julio-de-la-presentacion-de-ganancias-y-bienes-personales\/"]}]},{"@type":"ImageObject","inLanguage":"es","@id":"https:\/\/www.noticiasradioreflejos.com.ar\/2021\/afip-oficializa-prorroga-hasta-fin-de-julio-de-la-presentacion-de-ganancias-y-bienes-personales\/#primaryimage","url":"https:\/\/www.noticiasradioreflejos.com.ar\/2021\/wp-content\/uploads\/2020\/03\/AFIP.jpg","contentUrl":"https:\/\/www.noticiasradioreflejos.com.ar\/2021\/wp-content\/uploads\/2020\/03\/AFIP.jpg","width":780,"height":300},{"@type":"BreadcrumbList","@id":"https:\/\/www.noticiasradioreflejos.com.ar\/2021\/afip-oficializa-prorroga-hasta-fin-de-julio-de-la-presentacion-de-ganancias-y-bienes-personales\/#breadcrumb","itemListElement":[{"@type":"ListItem","position":1,"name":"Portada","item":"https:\/\/www.noticiasradioreflejos.com.ar\/2021\/"},{"@type":"ListItem","position":2,"name":"AFIP oficializa pr\u00f3rroga hasta fin de julio de la presentaci\u00f3n de Ganancias y Bienes Personales"}]},{"@type":"WebSite","@id":"https:\/\/www.noticiasradioreflejos.com.ar\/2021\/#website","url":"https:\/\/www.noticiasradioreflejos.com.ar\/2021\/","name":"Noticias Radio Reflejos","description":"Las noticias de mi comarca","potentialAction":[{"@type":"SearchAction","target":{"@type":"EntryPoint","urlTemplate":"https:\/\/www.noticiasradioreflejos.com.ar\/2021\/?s={search_term_string}"},"query-input":{"@type":"PropertyValueSpecification","valueRequired":true,"valueName":"search_term_string"}}],"inLanguage":"es"},{"@type":"Person","@id":"https:\/\/www.noticiasradioreflejos.com.ar\/2021\/#\/schema\/person\/ad82545263dcc5ec0996818884fd5fb1","name":"Arnaldo Botto","image":{"@type":"ImageObject","inLanguage":"es","@id":"https:\/\/www.noticiasradioreflejos.com.ar\/2021\/#\/schema\/person\/image\/","url":"https:\/\/secure.gravatar.com\/avatar\/55cb5e37c1efa326397366e6974cb338056df65cb50e7d64d1cf314e87504837?s=96&d=mm&r=g","contentUrl":"https:\/\/secure.gravatar.com\/avatar\/55cb5e37c1efa326397366e6974cb338056df65cb50e7d64d1cf314e87504837?s=96&d=mm&r=g","caption":"Arnaldo Botto"},"url":"https:\/\/www.noticiasradioreflejos.com.ar\/2021\/author\/arnaldo\/"}]}},"_links":{"self":[{"href":"https:\/\/www.noticiasradioreflejos.com.ar\/2021\/wp-json\/wp\/v2\/posts\/42223","targetHints":{"allow":["GET"]}}],"collection":[{"href":"https:\/\/www.noticiasradioreflejos.com.ar\/2021\/wp-json\/wp\/v2\/posts"}],"about":[{"href":"https:\/\/www.noticiasradioreflejos.com.ar\/2021\/wp-json\/wp\/v2\/types\/post"}],"author":[{"embeddable":true,"href":"https:\/\/www.noticiasradioreflejos.com.ar\/2021\/wp-json\/wp\/v2\/users\/3"}],"replies":[{"embeddable":true,"href":"https:\/\/www.noticiasradioreflejos.com.ar\/2021\/wp-json\/wp\/v2\/comments?post=42223"}],"version-history":[{"count":0,"href":"https:\/\/www.noticiasradioreflejos.com.ar\/2021\/wp-json\/wp\/v2\/posts\/42223\/revisions"}],"wp:featuredmedia":[{"embeddable":true,"href":"https:\/\/www.noticiasradioreflejos.com.ar\/2021\/wp-json\/wp\/v2\/media\/39606"}],"wp:attachment":[{"href":"https:\/\/www.noticiasradioreflejos.com.ar\/2021\/wp-json\/wp\/v2\/media?parent=42223"}],"wp:term":[{"taxonomy":"category","embeddable":true,"href":"https:\/\/www.noticiasradioreflejos.com.ar\/2021\/wp-json\/wp\/v2\/categories?post=42223"},{"taxonomy":"post_tag","embeddable":true,"href":"https:\/\/www.noticiasradioreflejos.com.ar\/2021\/wp-json\/wp\/v2\/tags?post=42223"}],"curies":[{"name":"wp","href":"https:\/\/api.w.org\/{rel}","templated":true}]}}