{"id":42200,"date":"2020-05-20T14:13:05","date_gmt":"2020-05-20T17:13:05","guid":{"rendered":"http:\/\/www.noticiasradioreflejos.com.ar\/noticias\/?p=42200"},"modified":"2020-05-20T14:13:05","modified_gmt":"2020-05-20T17:13:05","slug":"camcotisas-organiza-una-charla-virtual-donde-se-tratara-el-impacto-de-la-pandemia-sobre-el-turismo","status":"publish","type":"post","link":"https:\/\/www.noticiasradioreflejos.com.ar\/2021\/camcotisas-organiza-una-charla-virtual-donde-se-tratara-el-impacto-de-la-pandemia-sobre-el-turismo\/","title":{"rendered":"CAMCOTISAS organiza charlas virtuales donde se trata el impacto de la pandemia sobre el turismo"},"content":{"rendered":"<p>La C\u00e1mara de Comercio, Turismo e Industria de Sierra de la Ventana, Villa la Arcadia y Saldungaray organiza una charla donde el tema a tratar ser\u00e1 c\u00f3mo influencia la pandemia actual al turismo local. Conversamos con Pablo Parotti, docente y gu\u00eda de turismo, quien nos revel\u00f3 los detalles de la charla.<!--more--><\/p>\n<p>Pablo nos cuenta que la semana pasada ya se hizo otra charla relacionada a \u00abturismo post-pandemia\u00bb, donde destacaban la potencialidad de las sierras de nuestra comarca como uno de los destinos m\u00e1s deseados por los turistas aleda\u00f1os. \u00abLo que tratamos de hacer desde CAMCOTISAS es generar estas charlas cortas, de 40 minutos, todas las semanas a trav\u00e9s de la plataforma zoom\u00bb explic\u00f3.<\/p>\n<p>Hoy a las 20hs estar\u00e1 hablando el Licenciado Roberto D\u00edaz, sub-secretar\u00edo de Turismo de la Provincia de Buenos Aires. Las charlas que est\u00e1n dando tienen el fin de preparar a los comerciantes y prestadores de servicios tur\u00edsticos para la posible reapertura de actividades y negocios dentro de nuestra comarca.<\/p>\n<p>En valores tur\u00edsticos y en relaci\u00f3n a la cantidad poblacional tur\u00edstica, Pablo sostiene que nuestra comarca tiene una gran potencialidad post-pandemia gracias a que, a pesar de recibir mucha gente por a\u00f1o, la densidad de visitantes siempre es baja en relaci\u00f3n a otros destinos. Esto puede ser uno de los \u00edtems por los cuales la poblaci\u00f3n podr\u00eda elegir a Sierra de la Ventana y regi\u00f3n como un destino posible para entretenerse despu\u00e9s del encierro y sinti\u00e9ndose seguros. Adem\u00e1s, nuestra comarca se caracteriza por hospedar a los visitantes en complejos de caba\u00f1a, cuesti\u00f3n que no es menor al momento de respetar el distanciamiento social.<\/p>\n<p>Cabe aclarar que la charla es totalmente gratuita. Pueden encontrar la direcci\u00f3n del ID con su respectiva contrase\u00f1a en el banner. Una vez abierto el link, eso los va a llevar a una sala de espera donde uno de los encargados habilitar\u00e1n la entrada de las personas para unirse a la reuni\u00f3n virtual.<\/p>\n<p>La charla de la semana que viene est\u00e1 relacionada a las \u00e1reas protegidas. C\u00f3mo se van a reconvertir en la reapertura y cu\u00e1l va a ser el v\u00ednculo con la sociedad y los turistas.<\/p>\n<p><iframe loading=\"lazy\" width=\"100%\" height=\"166\" scrolling=\"no\" frameborder=\"no\" allow=\"autoplay\" src=\"https:\/\/w.soundcloud.com\/player\/?url=https%3A\/\/api.soundcloud.com\/tracks\/824468719&#038;color=%23ff5500&#038;auto_play=false&#038;hide_related=false&#038;show_comments=true&#038;show_user=true&#038;show_reposts=false&#038;show_teaser=true\"><\/iframe><\/p>\n<div style=\"font-size: 10px; color: #cccccc;line-break: anywhere;word-break: normal;overflow: hidden;white-space: nowrap;text-overflow: ellipsis; font-family: Interstate,Lucida Grande,Lucida Sans Unicode,Lucida Sans,Garuda,Verdana,Tahoma,sans-serif;font-weight: 100;\"><a href=\"https:\/\/soundcloud.com\/fmreflejos-103-7\" title=\"fmreflejos 103.7\" target=\"_blank\" style=\"color: #cccccc; text-decoration: none;\" rel=\"noopener\">fmreflejos 103.7<\/a> \u00b7 <a href=\"https:\/\/soundcloud.com\/fmreflejos-103-7\/pablo-parotti\" title=\"Pablo Parotti\" target=\"_blank\" style=\"color: #cccccc; text-decoration: none;\" rel=\"noopener\">Pablo Parotti<\/a><\/div>\n","protected":false},"excerpt":{"rendered":"<p>La C\u00e1mara de Comercio, Turismo e Industria de Sierra de la Ventana, Villa la Arcadia y Saldungaray organiza una charla donde el tema a tratar ser\u00e1 c\u00f3mo influencia la pandemia actual al turismo local. Conversamos con Pablo Parotti, docente y gu\u00eda de turismo, quien nos revel\u00f3 los detalles de la charla.<\/p>\n","protected":false},"author":3,"featured_media":0,"comment_status":"closed","ping_status":"open","sticky":false,"template":"","format":"standard","meta":{"footnotes":""},"categories":[33],"tags":[],"class_list":["post-42200","post","type-post","status-publish","format-standard","hentry","category-turismo"],"yoast_head":"<!-- This site is optimized with the Yoast SEO plugin v25.9 - https:\/\/yoast.com\/wordpress\/plugins\/seo\/ -->\n<title>CAMCOTISAS organiza charlas virtuales donde se trata el impacto de la pandemia sobre el turismo - Noticias Radio Reflejos<\/title>\n<meta name=\"robots\" content=\"index, follow, max-snippet:-1, max-image-preview:large, max-video-preview:-1\" \/>\n<link rel=\"canonical\" href=\"https:\/\/www.noticiasradioreflejos.com.ar\/2021\/camcotisas-organiza-una-charla-virtual-donde-se-tratara-el-impacto-de-la-pandemia-sobre-el-turismo\/\" \/>\n<meta property=\"og:locale\" content=\"es_ES\" \/>\n<meta property=\"og:type\" content=\"article\" \/>\n<meta property=\"og:title\" content=\"CAMCOTISAS organiza charlas virtuales donde se trata el impacto de la pandemia sobre el turismo - Noticias Radio Reflejos\" \/>\n<meta property=\"og:description\" content=\"La C\u00e1mara de Comercio, Turismo e Industria de Sierra de la Ventana, Villa la Arcadia y Saldungaray organiza una charla donde el tema a tratar ser\u00e1 c\u00f3mo influencia la pandemia actual al turismo local. Conversamos con Pablo Parotti, docente y gu\u00eda de turismo, quien nos revel\u00f3 los detalles de la charla.\" \/>\n<meta property=\"og:url\" content=\"https:\/\/www.noticiasradioreflejos.com.ar\/2021\/camcotisas-organiza-una-charla-virtual-donde-se-tratara-el-impacto-de-la-pandemia-sobre-el-turismo\/\" \/>\n<meta property=\"og:site_name\" content=\"Noticias Radio Reflejos\" \/>\n<meta property=\"article:published_time\" content=\"2020-05-20T17:13:05+00:00\" \/>\n<meta property=\"og:image\" content=\"https:\/\/www.noticiasradioreflejos.com.ar\/2021\/wp-content\/uploads\/2021\/07\/logosol300x200.png\" \/>\n\t<meta property=\"og:image:width\" content=\"300\" \/>\n\t<meta property=\"og:image:height\" content=\"200\" \/>\n\t<meta property=\"og:image:type\" content=\"image\/png\" \/>\n<meta name=\"author\" content=\"Arnaldo Botto\" \/>\n<meta name=\"twitter:card\" content=\"summary_large_image\" \/>\n<script type=\"application\/ld+json\" class=\"yoast-schema-graph\">{\"@context\":\"https:\/\/schema.org\",\"@graph\":[{\"@type\":\"WebPage\",\"@id\":\"https:\/\/www.noticiasradioreflejos.com.ar\/2021\/camcotisas-organiza-una-charla-virtual-donde-se-tratara-el-impacto-de-la-pandemia-sobre-el-turismo\/\",\"url\":\"https:\/\/www.noticiasradioreflejos.com.ar\/2021\/camcotisas-organiza-una-charla-virtual-donde-se-tratara-el-impacto-de-la-pandemia-sobre-el-turismo\/\",\"name\":\"CAMCOTISAS organiza charlas virtuales donde se trata el impacto de la pandemia sobre el turismo - Noticias Radio Reflejos\",\"isPartOf\":{\"@id\":\"https:\/\/www.noticiasradioreflejos.com.ar\/2021\/#website\"},\"datePublished\":\"2020-05-20T17:13:05+00:00\",\"author\":{\"@id\":\"https:\/\/www.noticiasradioreflejos.com.ar\/2021\/#\/schema\/person\/ad82545263dcc5ec0996818884fd5fb1\"},\"breadcrumb\":{\"@id\":\"https:\/\/www.noticiasradioreflejos.com.ar\/2021\/camcotisas-organiza-una-charla-virtual-donde-se-tratara-el-impacto-de-la-pandemia-sobre-el-turismo\/#breadcrumb\"},\"inLanguage\":\"es\",\"potentialAction\":[{\"@type\":\"ReadAction\",\"target\":[\"https:\/\/www.noticiasradioreflejos.com.ar\/2021\/camcotisas-organiza-una-charla-virtual-donde-se-tratara-el-impacto-de-la-pandemia-sobre-el-turismo\/\"]}]},{\"@type\":\"BreadcrumbList\",\"@id\":\"https:\/\/www.noticiasradioreflejos.com.ar\/2021\/camcotisas-organiza-una-charla-virtual-donde-se-tratara-el-impacto-de-la-pandemia-sobre-el-turismo\/#breadcrumb\",\"itemListElement\":[{\"@type\":\"ListItem\",\"position\":1,\"name\":\"Portada\",\"item\":\"https:\/\/www.noticiasradioreflejos.com.ar\/2021\/\"},{\"@type\":\"ListItem\",\"position\":2,\"name\":\"CAMCOTISAS organiza charlas virtuales donde se trata el impacto de la pandemia sobre el turismo\"}]},{\"@type\":\"WebSite\",\"@id\":\"https:\/\/www.noticiasradioreflejos.com.ar\/2021\/#website\",\"url\":\"https:\/\/www.noticiasradioreflejos.com.ar\/2021\/\",\"name\":\"Noticias Radio Reflejos\",\"description\":\"Las noticias de mi comarca\",\"potentialAction\":[{\"@type\":\"SearchAction\",\"target\":{\"@type\":\"EntryPoint\",\"urlTemplate\":\"https:\/\/www.noticiasradioreflejos.com.ar\/2021\/?s={search_term_string}\"},\"query-input\":{\"@type\":\"PropertyValueSpecification\",\"valueRequired\":true,\"valueName\":\"search_term_string\"}}],\"inLanguage\":\"es\"},{\"@type\":\"Person\",\"@id\":\"https:\/\/www.noticiasradioreflejos.com.ar\/2021\/#\/schema\/person\/ad82545263dcc5ec0996818884fd5fb1\",\"name\":\"Arnaldo Botto\",\"image\":{\"@type\":\"ImageObject\",\"inLanguage\":\"es\",\"@id\":\"https:\/\/www.noticiasradioreflejos.com.ar\/2021\/#\/schema\/person\/image\/\",\"url\":\"https:\/\/secure.gravatar.com\/avatar\/55cb5e37c1efa326397366e6974cb338056df65cb50e7d64d1cf314e87504837?s=96&d=mm&r=g\",\"contentUrl\":\"https:\/\/secure.gravatar.com\/avatar\/55cb5e37c1efa326397366e6974cb338056df65cb50e7d64d1cf314e87504837?s=96&d=mm&r=g\",\"caption\":\"Arnaldo Botto\"},\"url\":\"https:\/\/www.noticiasradioreflejos.com.ar\/2021\/author\/arnaldo\/\"}]}<\/script>\n<!-- \/ Yoast SEO plugin. -->","yoast_head_json":{"title":"CAMCOTISAS organiza charlas virtuales donde se trata el impacto de la pandemia sobre el turismo - Noticias Radio Reflejos","robots":{"index":"index","follow":"follow","max-snippet":"max-snippet:-1","max-image-preview":"max-image-preview:large","max-video-preview":"max-video-preview:-1"},"canonical":"https:\/\/www.noticiasradioreflejos.com.ar\/2021\/camcotisas-organiza-una-charla-virtual-donde-se-tratara-el-impacto-de-la-pandemia-sobre-el-turismo\/","og_locale":"es_ES","og_type":"article","og_title":"CAMCOTISAS organiza charlas virtuales donde se trata el impacto de la pandemia sobre el turismo - Noticias Radio Reflejos","og_description":"La C\u00e1mara de Comercio, Turismo e Industria de Sierra de la Ventana, Villa la Arcadia y Saldungaray organiza una charla donde el tema a tratar ser\u00e1 c\u00f3mo influencia la pandemia actual al turismo local. Conversamos con Pablo Parotti, docente y gu\u00eda de turismo, quien nos revel\u00f3 los detalles de la charla.","og_url":"https:\/\/www.noticiasradioreflejos.com.ar\/2021\/camcotisas-organiza-una-charla-virtual-donde-se-tratara-el-impacto-de-la-pandemia-sobre-el-turismo\/","og_site_name":"Noticias Radio Reflejos","article_published_time":"2020-05-20T17:13:05+00:00","og_image":[{"width":300,"height":200,"url":"https:\/\/www.noticiasradioreflejos.com.ar\/2021\/wp-content\/uploads\/2021\/07\/logosol300x200.png","type":"image\/png"}],"author":"Arnaldo Botto","twitter_card":"summary_large_image","schema":{"@context":"https:\/\/schema.org","@graph":[{"@type":"WebPage","@id":"https:\/\/www.noticiasradioreflejos.com.ar\/2021\/camcotisas-organiza-una-charla-virtual-donde-se-tratara-el-impacto-de-la-pandemia-sobre-el-turismo\/","url":"https:\/\/www.noticiasradioreflejos.com.ar\/2021\/camcotisas-organiza-una-charla-virtual-donde-se-tratara-el-impacto-de-la-pandemia-sobre-el-turismo\/","name":"CAMCOTISAS organiza charlas virtuales donde se trata el impacto de la pandemia sobre el turismo - Noticias Radio Reflejos","isPartOf":{"@id":"https:\/\/www.noticiasradioreflejos.com.ar\/2021\/#website"},"datePublished":"2020-05-20T17:13:05+00:00","author":{"@id":"https:\/\/www.noticiasradioreflejos.com.ar\/2021\/#\/schema\/person\/ad82545263dcc5ec0996818884fd5fb1"},"breadcrumb":{"@id":"https:\/\/www.noticiasradioreflejos.com.ar\/2021\/camcotisas-organiza-una-charla-virtual-donde-se-tratara-el-impacto-de-la-pandemia-sobre-el-turismo\/#breadcrumb"},"inLanguage":"es","potentialAction":[{"@type":"ReadAction","target":["https:\/\/www.noticiasradioreflejos.com.ar\/2021\/camcotisas-organiza-una-charla-virtual-donde-se-tratara-el-impacto-de-la-pandemia-sobre-el-turismo\/"]}]},{"@type":"BreadcrumbList","@id":"https:\/\/www.noticiasradioreflejos.com.ar\/2021\/camcotisas-organiza-una-charla-virtual-donde-se-tratara-el-impacto-de-la-pandemia-sobre-el-turismo\/#breadcrumb","itemListElement":[{"@type":"ListItem","position":1,"name":"Portada","item":"https:\/\/www.noticiasradioreflejos.com.ar\/2021\/"},{"@type":"ListItem","position":2,"name":"CAMCOTISAS organiza charlas virtuales donde se trata el impacto de la pandemia sobre el turismo"}]},{"@type":"WebSite","@id":"https:\/\/www.noticiasradioreflejos.com.ar\/2021\/#website","url":"https:\/\/www.noticiasradioreflejos.com.ar\/2021\/","name":"Noticias Radio Reflejos","description":"Las noticias de mi comarca","potentialAction":[{"@type":"SearchAction","target":{"@type":"EntryPoint","urlTemplate":"https:\/\/www.noticiasradioreflejos.com.ar\/2021\/?s={search_term_string}"},"query-input":{"@type":"PropertyValueSpecification","valueRequired":true,"valueName":"search_term_string"}}],"inLanguage":"es"},{"@type":"Person","@id":"https:\/\/www.noticiasradioreflejos.com.ar\/2021\/#\/schema\/person\/ad82545263dcc5ec0996818884fd5fb1","name":"Arnaldo Botto","image":{"@type":"ImageObject","inLanguage":"es","@id":"https:\/\/www.noticiasradioreflejos.com.ar\/2021\/#\/schema\/person\/image\/","url":"https:\/\/secure.gravatar.com\/avatar\/55cb5e37c1efa326397366e6974cb338056df65cb50e7d64d1cf314e87504837?s=96&d=mm&r=g","contentUrl":"https:\/\/secure.gravatar.com\/avatar\/55cb5e37c1efa326397366e6974cb338056df65cb50e7d64d1cf314e87504837?s=96&d=mm&r=g","caption":"Arnaldo Botto"},"url":"https:\/\/www.noticiasradioreflejos.com.ar\/2021\/author\/arnaldo\/"}]}},"_links":{"self":[{"href":"https:\/\/www.noticiasradioreflejos.com.ar\/2021\/wp-json\/wp\/v2\/posts\/42200","targetHints":{"allow":["GET"]}}],"collection":[{"href":"https:\/\/www.noticiasradioreflejos.com.ar\/2021\/wp-json\/wp\/v2\/posts"}],"about":[{"href":"https:\/\/www.noticiasradioreflejos.com.ar\/2021\/wp-json\/wp\/v2\/types\/post"}],"author":[{"embeddable":true,"href":"https:\/\/www.noticiasradioreflejos.com.ar\/2021\/wp-json\/wp\/v2\/users\/3"}],"replies":[{"embeddable":true,"href":"https:\/\/www.noticiasradioreflejos.com.ar\/2021\/wp-json\/wp\/v2\/comments?post=42200"}],"version-history":[{"count":0,"href":"https:\/\/www.noticiasradioreflejos.com.ar\/2021\/wp-json\/wp\/v2\/posts\/42200\/revisions"}],"wp:attachment":[{"href":"https:\/\/www.noticiasradioreflejos.com.ar\/2021\/wp-json\/wp\/v2\/media?parent=42200"}],"wp:term":[{"taxonomy":"category","embeddable":true,"href":"https:\/\/www.noticiasradioreflejos.com.ar\/2021\/wp-json\/wp\/v2\/categories?post=42200"},{"taxonomy":"post_tag","embeddable":true,"href":"https:\/\/www.noticiasradioreflejos.com.ar\/2021\/wp-json\/wp\/v2\/tags?post=42200"}],"curies":[{"name":"wp","href":"https:\/\/api.w.org\/{rel}","templated":true}]}}