{"id":42192,"date":"2020-05-20T13:11:07","date_gmt":"2020-05-20T16:11:07","guid":{"rendered":"http:\/\/www.noticiasradioreflejos.com.ar\/noticias\/?p=42192"},"modified":"2020-05-20T13:11:07","modified_gmt":"2020-05-20T16:11:07","slug":"autorizan-encuentros-familiares-en-coronel-suarez-los-domingos-y-feriados","status":"publish","type":"post","link":"https:\/\/www.noticiasradioreflejos.com.ar\/2021\/autorizan-encuentros-familiares-en-coronel-suarez-los-domingos-y-feriados\/","title":{"rendered":"Autorizan encuentros familiares en Coronel Su\u00e1rez los domingos y feriados"},"content":{"rendered":"<p>La municipalidad del partido bonaerense de<strong> Coronel Su\u00e1rez<\/strong> dispuso que los vecinos podr\u00e1n llevar a cabo encuentros con sus familiares los domingos y d\u00edas feriados como parte de la flexibilizaci\u00f3n del aislamiento dispuesto por la pandemia de coronavirus. Luego de evaluar la situaci\u00f3n epidemiol\u00f3gica en el distrito, el Comit\u00e9 de Crisis resolvi\u00f3 ampliar la cuarentena administrada con la autorizaci\u00f3n de los encuentros familiares que podr\u00e1n concretarse a partir del pr\u00f3ximo domingo.<!--more--><\/p>\n<p>\u00abEl decreto firmado por el intendente <strong>Ricardo Moccero<\/strong> y que entr\u00f3 en vigencia desde el d\u00eda de hoy autoriza dichos encuentros los d\u00edas domingos y feriados con el fin que las familias de proximidad se re\u00fanan en el horario permitido de 8 a 18.30 en sus respectivos hogares\u00bb, dijo a T\u00e9lam una fuente comunal sobre el decreto 802 que detalla las nuevas medidas.<\/p>\n<p>La norma establece adem\u00e1s \u00abque los comercios permanecer\u00e1n cerrados los d\u00edas domingos, con excepci\u00f3n de farmacias de turno y estaciones de servicio y locales gastron\u00f3micos como rotiser\u00edas, restaurantes, pizzer\u00edas, que estar\u00e1n habilitados para que sus clientes puedan retirar los pedidos en el local\u00bb, tanto en el horario del mediod\u00eda, como en la franja horaria de 20.30 a 22.30.<\/p>\n","protected":false},"excerpt":{"rendered":"<p>La municipalidad del partido bonaerense de Coronel Su\u00e1rez dispuso que los vecinos podr\u00e1n llevar a cabo encuentros con sus familiares los domingos y d\u00edas feriados como parte de la flexibilizaci\u00f3n del aislamiento dispuesto por la pandemia de coronavirus. Luego de evaluar la situaci\u00f3n epidemiol\u00f3gica en el distrito, el Comit\u00e9 de Crisis resolvi\u00f3 ampliar la cuarentena [&hellip;]<\/p>\n","protected":false},"author":3,"featured_media":0,"comment_status":"closed","ping_status":"open","sticky":false,"template":"","format":"standard","meta":{"footnotes":""},"categories":[24],"tags":[],"class_list":["post-42192","post","type-post","status-publish","format-standard","hentry","category-politica"],"yoast_head":"<!-- This site is optimized with the Yoast SEO plugin v25.9 - https:\/\/yoast.com\/wordpress\/plugins\/seo\/ -->\n<title>Autorizan encuentros familiares en Coronel Su\u00e1rez los domingos y feriados - Noticias Radio Reflejos<\/title>\n<meta name=\"robots\" content=\"index, follow, max-snippet:-1, max-image-preview:large, max-video-preview:-1\" \/>\n<link rel=\"canonical\" href=\"https:\/\/www.noticiasradioreflejos.com.ar\/2021\/autorizan-encuentros-familiares-en-coronel-suarez-los-domingos-y-feriados\/\" \/>\n<meta property=\"og:locale\" content=\"es_ES\" \/>\n<meta property=\"og:type\" content=\"article\" \/>\n<meta property=\"og:title\" content=\"Autorizan encuentros familiares en Coronel Su\u00e1rez los domingos y feriados - Noticias Radio Reflejos\" \/>\n<meta property=\"og:description\" content=\"La municipalidad del partido bonaerense de Coronel Su\u00e1rez dispuso que los vecinos podr\u00e1n llevar a cabo encuentros con sus familiares los domingos y d\u00edas feriados como parte de la flexibilizaci\u00f3n del aislamiento dispuesto por la pandemia de coronavirus. Luego de evaluar la situaci\u00f3n epidemiol\u00f3gica en el distrito, el Comit\u00e9 de Crisis resolvi\u00f3 ampliar la cuarentena [&hellip;]\" \/>\n<meta property=\"og:url\" content=\"https:\/\/www.noticiasradioreflejos.com.ar\/2021\/autorizan-encuentros-familiares-en-coronel-suarez-los-domingos-y-feriados\/\" \/>\n<meta property=\"og:site_name\" content=\"Noticias Radio Reflejos\" \/>\n<meta property=\"article:published_time\" content=\"2020-05-20T16:11:07+00:00\" \/>\n<meta property=\"og:image\" content=\"https:\/\/www.noticiasradioreflejos.com.ar\/2021\/wp-content\/uploads\/2021\/07\/logosol300x200.png\" \/>\n\t<meta property=\"og:image:width\" content=\"300\" \/>\n\t<meta property=\"og:image:height\" content=\"200\" \/>\n\t<meta property=\"og:image:type\" content=\"image\/png\" \/>\n<meta name=\"author\" content=\"Arnaldo Botto\" \/>\n<meta name=\"twitter:card\" content=\"summary_large_image\" \/>\n<script type=\"application\/ld+json\" class=\"yoast-schema-graph\">{\"@context\":\"https:\/\/schema.org\",\"@graph\":[{\"@type\":\"WebPage\",\"@id\":\"https:\/\/www.noticiasradioreflejos.com.ar\/2021\/autorizan-encuentros-familiares-en-coronel-suarez-los-domingos-y-feriados\/\",\"url\":\"https:\/\/www.noticiasradioreflejos.com.ar\/2021\/autorizan-encuentros-familiares-en-coronel-suarez-los-domingos-y-feriados\/\",\"name\":\"Autorizan encuentros familiares en Coronel Su\u00e1rez los domingos y feriados - Noticias Radio Reflejos\",\"isPartOf\":{\"@id\":\"https:\/\/www.noticiasradioreflejos.com.ar\/2021\/#website\"},\"datePublished\":\"2020-05-20T16:11:07+00:00\",\"author\":{\"@id\":\"https:\/\/www.noticiasradioreflejos.com.ar\/2021\/#\/schema\/person\/ad82545263dcc5ec0996818884fd5fb1\"},\"breadcrumb\":{\"@id\":\"https:\/\/www.noticiasradioreflejos.com.ar\/2021\/autorizan-encuentros-familiares-en-coronel-suarez-los-domingos-y-feriados\/#breadcrumb\"},\"inLanguage\":\"es\",\"potentialAction\":[{\"@type\":\"ReadAction\",\"target\":[\"https:\/\/www.noticiasradioreflejos.com.ar\/2021\/autorizan-encuentros-familiares-en-coronel-suarez-los-domingos-y-feriados\/\"]}]},{\"@type\":\"BreadcrumbList\",\"@id\":\"https:\/\/www.noticiasradioreflejos.com.ar\/2021\/autorizan-encuentros-familiares-en-coronel-suarez-los-domingos-y-feriados\/#breadcrumb\",\"itemListElement\":[{\"@type\":\"ListItem\",\"position\":1,\"name\":\"Portada\",\"item\":\"https:\/\/www.noticiasradioreflejos.com.ar\/2021\/\"},{\"@type\":\"ListItem\",\"position\":2,\"name\":\"Autorizan encuentros familiares en Coronel Su\u00e1rez los domingos y feriados\"}]},{\"@type\":\"WebSite\",\"@id\":\"https:\/\/www.noticiasradioreflejos.com.ar\/2021\/#website\",\"url\":\"https:\/\/www.noticiasradioreflejos.com.ar\/2021\/\",\"name\":\"Noticias Radio Reflejos\",\"description\":\"Las noticias de mi comarca\",\"potentialAction\":[{\"@type\":\"SearchAction\",\"target\":{\"@type\":\"EntryPoint\",\"urlTemplate\":\"https:\/\/www.noticiasradioreflejos.com.ar\/2021\/?s={search_term_string}\"},\"query-input\":{\"@type\":\"PropertyValueSpecification\",\"valueRequired\":true,\"valueName\":\"search_term_string\"}}],\"inLanguage\":\"es\"},{\"@type\":\"Person\",\"@id\":\"https:\/\/www.noticiasradioreflejos.com.ar\/2021\/#\/schema\/person\/ad82545263dcc5ec0996818884fd5fb1\",\"name\":\"Arnaldo Botto\",\"image\":{\"@type\":\"ImageObject\",\"inLanguage\":\"es\",\"@id\":\"https:\/\/www.noticiasradioreflejos.com.ar\/2021\/#\/schema\/person\/image\/\",\"url\":\"https:\/\/secure.gravatar.com\/avatar\/55cb5e37c1efa326397366e6974cb338056df65cb50e7d64d1cf314e87504837?s=96&d=mm&r=g\",\"contentUrl\":\"https:\/\/secure.gravatar.com\/avatar\/55cb5e37c1efa326397366e6974cb338056df65cb50e7d64d1cf314e87504837?s=96&d=mm&r=g\",\"caption\":\"Arnaldo Botto\"},\"url\":\"https:\/\/www.noticiasradioreflejos.com.ar\/2021\/author\/arnaldo\/\"}]}<\/script>\n<!-- \/ Yoast SEO plugin. -->","yoast_head_json":{"title":"Autorizan encuentros familiares en Coronel Su\u00e1rez los domingos y feriados - Noticias Radio Reflejos","robots":{"index":"index","follow":"follow","max-snippet":"max-snippet:-1","max-image-preview":"max-image-preview:large","max-video-preview":"max-video-preview:-1"},"canonical":"https:\/\/www.noticiasradioreflejos.com.ar\/2021\/autorizan-encuentros-familiares-en-coronel-suarez-los-domingos-y-feriados\/","og_locale":"es_ES","og_type":"article","og_title":"Autorizan encuentros familiares en Coronel Su\u00e1rez los domingos y feriados - Noticias Radio Reflejos","og_description":"La municipalidad del partido bonaerense de Coronel Su\u00e1rez dispuso que los vecinos podr\u00e1n llevar a cabo encuentros con sus familiares los domingos y d\u00edas feriados como parte de la flexibilizaci\u00f3n del aislamiento dispuesto por la pandemia de coronavirus. Luego de evaluar la situaci\u00f3n epidemiol\u00f3gica en el distrito, el Comit\u00e9 de Crisis resolvi\u00f3 ampliar la cuarentena [&hellip;]","og_url":"https:\/\/www.noticiasradioreflejos.com.ar\/2021\/autorizan-encuentros-familiares-en-coronel-suarez-los-domingos-y-feriados\/","og_site_name":"Noticias Radio Reflejos","article_published_time":"2020-05-20T16:11:07+00:00","og_image":[{"width":300,"height":200,"url":"https:\/\/www.noticiasradioreflejos.com.ar\/2021\/wp-content\/uploads\/2021\/07\/logosol300x200.png","type":"image\/png"}],"author":"Arnaldo Botto","twitter_card":"summary_large_image","schema":{"@context":"https:\/\/schema.org","@graph":[{"@type":"WebPage","@id":"https:\/\/www.noticiasradioreflejos.com.ar\/2021\/autorizan-encuentros-familiares-en-coronel-suarez-los-domingos-y-feriados\/","url":"https:\/\/www.noticiasradioreflejos.com.ar\/2021\/autorizan-encuentros-familiares-en-coronel-suarez-los-domingos-y-feriados\/","name":"Autorizan encuentros familiares en Coronel Su\u00e1rez los domingos y feriados - Noticias Radio Reflejos","isPartOf":{"@id":"https:\/\/www.noticiasradioreflejos.com.ar\/2021\/#website"},"datePublished":"2020-05-20T16:11:07+00:00","author":{"@id":"https:\/\/www.noticiasradioreflejos.com.ar\/2021\/#\/schema\/person\/ad82545263dcc5ec0996818884fd5fb1"},"breadcrumb":{"@id":"https:\/\/www.noticiasradioreflejos.com.ar\/2021\/autorizan-encuentros-familiares-en-coronel-suarez-los-domingos-y-feriados\/#breadcrumb"},"inLanguage":"es","potentialAction":[{"@type":"ReadAction","target":["https:\/\/www.noticiasradioreflejos.com.ar\/2021\/autorizan-encuentros-familiares-en-coronel-suarez-los-domingos-y-feriados\/"]}]},{"@type":"BreadcrumbList","@id":"https:\/\/www.noticiasradioreflejos.com.ar\/2021\/autorizan-encuentros-familiares-en-coronel-suarez-los-domingos-y-feriados\/#breadcrumb","itemListElement":[{"@type":"ListItem","position":1,"name":"Portada","item":"https:\/\/www.noticiasradioreflejos.com.ar\/2021\/"},{"@type":"ListItem","position":2,"name":"Autorizan encuentros familiares en Coronel Su\u00e1rez los domingos y feriados"}]},{"@type":"WebSite","@id":"https:\/\/www.noticiasradioreflejos.com.ar\/2021\/#website","url":"https:\/\/www.noticiasradioreflejos.com.ar\/2021\/","name":"Noticias Radio Reflejos","description":"Las noticias de mi comarca","potentialAction":[{"@type":"SearchAction","target":{"@type":"EntryPoint","urlTemplate":"https:\/\/www.noticiasradioreflejos.com.ar\/2021\/?s={search_term_string}"},"query-input":{"@type":"PropertyValueSpecification","valueRequired":true,"valueName":"search_term_string"}}],"inLanguage":"es"},{"@type":"Person","@id":"https:\/\/www.noticiasradioreflejos.com.ar\/2021\/#\/schema\/person\/ad82545263dcc5ec0996818884fd5fb1","name":"Arnaldo Botto","image":{"@type":"ImageObject","inLanguage":"es","@id":"https:\/\/www.noticiasradioreflejos.com.ar\/2021\/#\/schema\/person\/image\/","url":"https:\/\/secure.gravatar.com\/avatar\/55cb5e37c1efa326397366e6974cb338056df65cb50e7d64d1cf314e87504837?s=96&d=mm&r=g","contentUrl":"https:\/\/secure.gravatar.com\/avatar\/55cb5e37c1efa326397366e6974cb338056df65cb50e7d64d1cf314e87504837?s=96&d=mm&r=g","caption":"Arnaldo Botto"},"url":"https:\/\/www.noticiasradioreflejos.com.ar\/2021\/author\/arnaldo\/"}]}},"_links":{"self":[{"href":"https:\/\/www.noticiasradioreflejos.com.ar\/2021\/wp-json\/wp\/v2\/posts\/42192","targetHints":{"allow":["GET"]}}],"collection":[{"href":"https:\/\/www.noticiasradioreflejos.com.ar\/2021\/wp-json\/wp\/v2\/posts"}],"about":[{"href":"https:\/\/www.noticiasradioreflejos.com.ar\/2021\/wp-json\/wp\/v2\/types\/post"}],"author":[{"embeddable":true,"href":"https:\/\/www.noticiasradioreflejos.com.ar\/2021\/wp-json\/wp\/v2\/users\/3"}],"replies":[{"embeddable":true,"href":"https:\/\/www.noticiasradioreflejos.com.ar\/2021\/wp-json\/wp\/v2\/comments?post=42192"}],"version-history":[{"count":0,"href":"https:\/\/www.noticiasradioreflejos.com.ar\/2021\/wp-json\/wp\/v2\/posts\/42192\/revisions"}],"wp:attachment":[{"href":"https:\/\/www.noticiasradioreflejos.com.ar\/2021\/wp-json\/wp\/v2\/media?parent=42192"}],"wp:term":[{"taxonomy":"category","embeddable":true,"href":"https:\/\/www.noticiasradioreflejos.com.ar\/2021\/wp-json\/wp\/v2\/categories?post=42192"},{"taxonomy":"post_tag","embeddable":true,"href":"https:\/\/www.noticiasradioreflejos.com.ar\/2021\/wp-json\/wp\/v2\/tags?post=42192"}],"curies":[{"name":"wp","href":"https:\/\/api.w.org\/{rel}","templated":true}]}}