{"id":42191,"date":"2020-05-20T13:45:47","date_gmt":"2020-05-20T16:45:47","guid":{"rendered":"http:\/\/www.noticiasradioreflejos.com.ar\/noticias\/?p=42191"},"modified":"2020-05-20T13:45:47","modified_gmt":"2020-05-20T16:45:47","slug":"estamos-al-limite-de-decir-que-no-podemos-mas-graciela-schillachi-de-sol-y-luna","status":"publish","type":"post","link":"https:\/\/www.noticiasradioreflejos.com.ar\/2021\/estamos-al-limite-de-decir-que-no-podemos-mas-graciela-schillachi-de-sol-y-luna\/","title":{"rendered":"\u00abEstamos al l\u00edmite de decir que no podemos m\u00e1s\u00bb &#8211; Graciela Schillachi de \u00abSol y Luna\u00bb"},"content":{"rendered":"<p><a title=\"Tomi Dato\" href=\"http:\/\/live.staticflickr.com\/65535\/49916693152_fd03a515ac_s.jpg\" rel=\"\"><img loading=\"lazy\" decoding=\"async\" class=\"alignleft\" style=\"float: left;\" title=\"Tomi Dato\" src=\"http:\/\/live.staticflickr.com\/65535\/49916693152_fd03a515ac.jpg\" alt=\"Tomi Dato\" width=\"500\" height=\"281\" \/><\/a>En busca de nuevas opiniones y voces en relaci\u00f3n al final de la pandemia, hoy charlamos con Graciela Schillachi, comerciante de gastronom\u00eda y propietaria del restaurante y pizzer\u00eda \u00abSol y Luna\u00bb de Sierra de la Ventana. Graciela nos cuenta la situaci\u00f3n de su emprendimiento, empleados, gastos y posibles medidas a tomar al momento de reabrir sus puertas. <!--more--><\/p>\n<p>\u00abYo suelo ser muy optimista, pero la verdad es que esto nos est\u00e1 golpeando muy fuerte a todo el sector gastron\u00f3mico y hotelero\u00bb comenz\u00f3 Graciela. Ella sostiene que es una situaci\u00f3n muy dif\u00edcil porque en Sierra de la Ventana el 80\/90% de los trabajadores dependen del turismo y le preocupa que es una de las actividades que m\u00e1s tardar\u00e1 en habilitarse.<\/p>\n<p>Graciela aclara que conoce que desde el municipio ya se est\u00e1n evaluando posibles aperturas, pero que desde el gobierno Provincial y\/o Nacional no existen concreciones. Opin\u00f3 que \u00abdeber\u00edan evaluarlo seg\u00fan la zona\u00bb, ya que la mayor\u00eda de sus clientes provienen del distrito y se ver\u00eda muy beneficiada. \u00abTantos rubros dependemos del turismo, y nos vemos golpeados a niveles impensados\u00bb.<\/p>\n<p>La due\u00f1a de \u00abSol y Luna\u00bb afirma que se siente en la grieta que divide; \u00abpor un lado, quiero trabajar, pero por otro, quiero cuidarme y cuidar a mi familia\u00bb, lo que genera mucho m\u00e1s estr\u00e9s a la situaci\u00f3n. Ella aprovech\u00f3 la entrevista para transmitir el siguiente mensaje: \u00abtenemos que entender que hay que cuidarnos, con las cosas b\u00e1sicas y m\u00ednimas, los protocolos de seguridad que nos manda el gobierno. Yo creo que si cumplimos esto, vamos a salir m\u00e1s r\u00e1pido. Creo que hay poca conciencia de esto. Yo no le tengo miedo a la enfermedad, quiero que me dejen trabajar. Estamos en una situaci\u00f3n muy complicada\u00bb.<\/p>\n<hr \/>\n<p>De parte del restaurante, ellos se anotaron para recibir las ayudas del gobierno, pero afirma que todav\u00eda no han recibido respuestas. \u00abEsto nos agarr\u00f3 justo terminando la temporada, pero mis empleados tienen hijos, est\u00e1n complicados, es una situaci\u00f3n muy dif\u00edcil para todos. Por suerte, llegamos a un acuerdo con la due\u00f1a del local con respecto a los alquileres\u00bb explic\u00f3 Graciela las circunstancias de su negocio.<\/p>\n<p>El restaurante \u00abSol y Luna\u00bb posee dos ambientes separados, en los cuales Graciela nos explica c\u00f3mo se trabajar\u00eda en una posible apertura futura. \u00abTrabajar\u00edamos con reservas anticipadas para planear la distribuci\u00f3n de mesas. Quiz\u00e1s, podr\u00edamos citar a la gente en distintos horarios para respetar a\u00fan m\u00e1s el distanciamiento, aunque depende todo tambi\u00e9n de la cantidad de comensales que asistir\u00edan a la cena\u00bb.<\/p>\n<p>Refiri\u00e9ndose al trabajo en delivery, Graciela coment\u00f3 \u00able estamos dedicando todo el tiempo al delivery, hay mucha gente que nos llama y estamos muy agradecidos\u00bb. Ella expres\u00f3 que lo que m\u00e1s le preocupa a nivel comarca, es que sigue pasando el tiempo y se siguen debilitando cada vez m\u00e1s y qu\u00e9 suceder\u00e1 al momento de reabrir el turismo, \u00ab\u00bfCon qu\u00e9 se va a encontrar la gente cuando venga?, eso de verdad me angustia, pueden encontrarse con muchos negocios cerrados\u00bb.<\/p>\n<p><a title=\"Sol y luna Gra\" href=\"http:\/\/live.staticflickr.com\/65535\/49915877273_3a6eb43d4c_s.jpg\" rel=\"\"><img loading=\"lazy\" decoding=\"async\" class=\"alignleft\" style=\"float: left;\" title=\"Sol y luna Gra\" src=\"http:\/\/live.staticflickr.com\/65535\/49915877273_3a6eb43d4c.jpg\" alt=\"Sol y luna Gra\" width=\"500\" height=\"281\" \/><\/a>\u00abVoy pensando en eso d\u00eda a d\u00eda. Cuando empezamos a trabajar, tuvimos la sensaci\u00f3n de poder hacer algo rinda o no. Tenemos la sensaci\u00f3n de que todav\u00eda estamos de pie\u00bb se refiri\u00f3 finalmente Graciela a la hora de contarnos su visi\u00f3n acerca del final de la pandemia.<\/p>\n<p>Nota completa a continuaci\u00f3n:<\/p>\n<p><iframe loading=\"lazy\" src=\"https:\/\/w.soundcloud.com\/player\/?url=https%3A\/\/api.soundcloud.com\/tracks\/824464066&amp;color=%23ff5500&amp;auto_play=false&amp;hide_related=false&amp;show_comments=true&amp;show_user=true&amp;show_reposts=false&amp;show_teaser=true\" width=\"100%\" height=\"166\" frameborder=\"no\" scrolling=\"no\"><\/iframe><\/p>\n<div style=\"font-size: 10px; color: #cccccc; line-break: anywhere; word-break: normal; overflow: hidden; white-space: nowrap; text-overflow: ellipsis; font-family: Interstate,Lucida Grande,Lucida Sans Unicode,Lucida Sans,Garuda,Verdana,Tahoma,sans-serif; font-weight: 100;\"><a style=\"color: #cccccc; text-decoration: none;\" title=\"fmreflejos 103.7\" href=\"https:\/\/soundcloud.com\/fmreflejos-103-7\" target=\"_blank\" rel=\"noopener\">fmreflejos 103.7<\/a> \u00b7 <a style=\"color: #cccccc; text-decoration: none;\" title=\"Graciela Sol Y Luna\" href=\"https:\/\/soundcloud.com\/fmreflejos-103-7\/graciela-sol-y-luna\" target=\"_blank\" rel=\"noopener\">Graciela Sol Y Luna<\/a><\/div>\n","protected":false},"excerpt":{"rendered":"<p>En busca de nuevas opiniones y voces en relaci\u00f3n al final de la pandemia, hoy charlamos con Graciela Schillachi, comerciante de gastronom\u00eda y propietaria del restaurante y pizzer\u00eda \u00abSol y Luna\u00bb de Sierra de la Ventana. Graciela nos cuenta la situaci\u00f3n de su emprendimiento, empleados, gastos y posibles medidas a tomar al momento de reabrir [&hellip;]<\/p>\n","protected":false},"author":3,"featured_media":0,"comment_status":"closed","ping_status":"open","sticky":false,"template":"","format":"standard","meta":{"footnotes":""},"categories":[26,33],"tags":[],"class_list":["post-42191","post","type-post","status-publish","format-standard","hentry","category-sociedad","category-turismo"],"yoast_head":"<!-- This site is optimized with the Yoast SEO plugin v25.9 - https:\/\/yoast.com\/wordpress\/plugins\/seo\/ -->\n<title>&quot;Estamos al l\u00edmite de decir que no podemos m\u00e1s&quot; - Graciela Schillachi de &quot;Sol y Luna&quot; - Noticias Radio Reflejos<\/title>\n<meta name=\"robots\" content=\"index, follow, max-snippet:-1, max-image-preview:large, max-video-preview:-1\" \/>\n<link rel=\"canonical\" href=\"https:\/\/www.noticiasradioreflejos.com.ar\/2021\/estamos-al-limite-de-decir-que-no-podemos-mas-graciela-schillachi-de-sol-y-luna\/\" \/>\n<meta property=\"og:locale\" content=\"es_ES\" \/>\n<meta property=\"og:type\" content=\"article\" \/>\n<meta property=\"og:title\" content=\"&quot;Estamos al l\u00edmite de decir que no podemos m\u00e1s&quot; - Graciela Schillachi de &quot;Sol y Luna&quot; - Noticias Radio Reflejos\" \/>\n<meta property=\"og:description\" content=\"En busca de nuevas opiniones y voces en relaci\u00f3n al final de la pandemia, hoy charlamos con Graciela Schillachi, comerciante de gastronom\u00eda y propietaria del restaurante y pizzer\u00eda \u00abSol y Luna\u00bb de Sierra de la Ventana. Graciela nos cuenta la situaci\u00f3n de su emprendimiento, empleados, gastos y posibles medidas a tomar al momento de reabrir [&hellip;]\" \/>\n<meta property=\"og:url\" content=\"https:\/\/www.noticiasradioreflejos.com.ar\/2021\/estamos-al-limite-de-decir-que-no-podemos-mas-graciela-schillachi-de-sol-y-luna\/\" \/>\n<meta property=\"og:site_name\" content=\"Noticias Radio Reflejos\" \/>\n<meta property=\"article:published_time\" content=\"2020-05-20T16:45:47+00:00\" \/>\n<meta property=\"og:image\" content=\"http:\/\/live.staticflickr.com\/65535\/49916693152_fd03a515ac.jpg\" \/>\n<meta name=\"author\" content=\"Arnaldo Botto\" \/>\n<meta name=\"twitter:card\" content=\"summary_large_image\" \/>\n<script type=\"application\/ld+json\" class=\"yoast-schema-graph\">{\"@context\":\"https:\/\/schema.org\",\"@graph\":[{\"@type\":\"WebPage\",\"@id\":\"https:\/\/www.noticiasradioreflejos.com.ar\/2021\/estamos-al-limite-de-decir-que-no-podemos-mas-graciela-schillachi-de-sol-y-luna\/\",\"url\":\"https:\/\/www.noticiasradioreflejos.com.ar\/2021\/estamos-al-limite-de-decir-que-no-podemos-mas-graciela-schillachi-de-sol-y-luna\/\",\"name\":\"\\\"Estamos al l\u00edmite de decir que no podemos m\u00e1s\\\" - Graciela Schillachi de \\\"Sol y Luna\\\" - Noticias Radio Reflejos\",\"isPartOf\":{\"@id\":\"https:\/\/www.noticiasradioreflejos.com.ar\/2021\/#website\"},\"primaryImageOfPage\":{\"@id\":\"https:\/\/www.noticiasradioreflejos.com.ar\/2021\/estamos-al-limite-de-decir-que-no-podemos-mas-graciela-schillachi-de-sol-y-luna\/#primaryimage\"},\"image\":{\"@id\":\"https:\/\/www.noticiasradioreflejos.com.ar\/2021\/estamos-al-limite-de-decir-que-no-podemos-mas-graciela-schillachi-de-sol-y-luna\/#primaryimage\"},\"thumbnailUrl\":\"http:\/\/live.staticflickr.com\/65535\/49916693152_fd03a515ac.jpg\",\"datePublished\":\"2020-05-20T16:45:47+00:00\",\"author\":{\"@id\":\"https:\/\/www.noticiasradioreflejos.com.ar\/2021\/#\/schema\/person\/ad82545263dcc5ec0996818884fd5fb1\"},\"breadcrumb\":{\"@id\":\"https:\/\/www.noticiasradioreflejos.com.ar\/2021\/estamos-al-limite-de-decir-que-no-podemos-mas-graciela-schillachi-de-sol-y-luna\/#breadcrumb\"},\"inLanguage\":\"es\",\"potentialAction\":[{\"@type\":\"ReadAction\",\"target\":[\"https:\/\/www.noticiasradioreflejos.com.ar\/2021\/estamos-al-limite-de-decir-que-no-podemos-mas-graciela-schillachi-de-sol-y-luna\/\"]}]},{\"@type\":\"ImageObject\",\"inLanguage\":\"es\",\"@id\":\"https:\/\/www.noticiasradioreflejos.com.ar\/2021\/estamos-al-limite-de-decir-que-no-podemos-mas-graciela-schillachi-de-sol-y-luna\/#primaryimage\",\"url\":\"http:\/\/live.staticflickr.com\/65535\/49916693152_fd03a515ac.jpg\",\"contentUrl\":\"http:\/\/live.staticflickr.com\/65535\/49916693152_fd03a515ac.jpg\"},{\"@type\":\"BreadcrumbList\",\"@id\":\"https:\/\/www.noticiasradioreflejos.com.ar\/2021\/estamos-al-limite-de-decir-que-no-podemos-mas-graciela-schillachi-de-sol-y-luna\/#breadcrumb\",\"itemListElement\":[{\"@type\":\"ListItem\",\"position\":1,\"name\":\"Portada\",\"item\":\"https:\/\/www.noticiasradioreflejos.com.ar\/2021\/\"},{\"@type\":\"ListItem\",\"position\":2,\"name\":\"\u00abEstamos al l\u00edmite de decir que no podemos m\u00e1s\u00bb &#8211; Graciela Schillachi de \u00abSol y Luna\u00bb\"}]},{\"@type\":\"WebSite\",\"@id\":\"https:\/\/www.noticiasradioreflejos.com.ar\/2021\/#website\",\"url\":\"https:\/\/www.noticiasradioreflejos.com.ar\/2021\/\",\"name\":\"Noticias Radio Reflejos\",\"description\":\"Las noticias de mi comarca\",\"potentialAction\":[{\"@type\":\"SearchAction\",\"target\":{\"@type\":\"EntryPoint\",\"urlTemplate\":\"https:\/\/www.noticiasradioreflejos.com.ar\/2021\/?s={search_term_string}\"},\"query-input\":{\"@type\":\"PropertyValueSpecification\",\"valueRequired\":true,\"valueName\":\"search_term_string\"}}],\"inLanguage\":\"es\"},{\"@type\":\"Person\",\"@id\":\"https:\/\/www.noticiasradioreflejos.com.ar\/2021\/#\/schema\/person\/ad82545263dcc5ec0996818884fd5fb1\",\"name\":\"Arnaldo Botto\",\"image\":{\"@type\":\"ImageObject\",\"inLanguage\":\"es\",\"@id\":\"https:\/\/www.noticiasradioreflejos.com.ar\/2021\/#\/schema\/person\/image\/\",\"url\":\"https:\/\/secure.gravatar.com\/avatar\/55cb5e37c1efa326397366e6974cb338056df65cb50e7d64d1cf314e87504837?s=96&d=mm&r=g\",\"contentUrl\":\"https:\/\/secure.gravatar.com\/avatar\/55cb5e37c1efa326397366e6974cb338056df65cb50e7d64d1cf314e87504837?s=96&d=mm&r=g\",\"caption\":\"Arnaldo Botto\"},\"url\":\"https:\/\/www.noticiasradioreflejos.com.ar\/2021\/author\/arnaldo\/\"}]}<\/script>\n<!-- \/ Yoast SEO plugin. -->","yoast_head_json":{"title":"\"Estamos al l\u00edmite de decir que no podemos m\u00e1s\" - Graciela Schillachi de \"Sol y Luna\" - Noticias Radio Reflejos","robots":{"index":"index","follow":"follow","max-snippet":"max-snippet:-1","max-image-preview":"max-image-preview:large","max-video-preview":"max-video-preview:-1"},"canonical":"https:\/\/www.noticiasradioreflejos.com.ar\/2021\/estamos-al-limite-de-decir-que-no-podemos-mas-graciela-schillachi-de-sol-y-luna\/","og_locale":"es_ES","og_type":"article","og_title":"\"Estamos al l\u00edmite de decir que no podemos m\u00e1s\" - Graciela Schillachi de \"Sol y Luna\" - Noticias Radio Reflejos","og_description":"En busca de nuevas opiniones y voces en relaci\u00f3n al final de la pandemia, hoy charlamos con Graciela Schillachi, comerciante de gastronom\u00eda y propietaria del restaurante y pizzer\u00eda \u00abSol y Luna\u00bb de Sierra de la Ventana. Graciela nos cuenta la situaci\u00f3n de su emprendimiento, empleados, gastos y posibles medidas a tomar al momento de reabrir [&hellip;]","og_url":"https:\/\/www.noticiasradioreflejos.com.ar\/2021\/estamos-al-limite-de-decir-que-no-podemos-mas-graciela-schillachi-de-sol-y-luna\/","og_site_name":"Noticias Radio Reflejos","article_published_time":"2020-05-20T16:45:47+00:00","og_image":[{"url":"http:\/\/live.staticflickr.com\/65535\/49916693152_fd03a515ac.jpg","type":"","width":"","height":""}],"author":"Arnaldo Botto","twitter_card":"summary_large_image","schema":{"@context":"https:\/\/schema.org","@graph":[{"@type":"WebPage","@id":"https:\/\/www.noticiasradioreflejos.com.ar\/2021\/estamos-al-limite-de-decir-que-no-podemos-mas-graciela-schillachi-de-sol-y-luna\/","url":"https:\/\/www.noticiasradioreflejos.com.ar\/2021\/estamos-al-limite-de-decir-que-no-podemos-mas-graciela-schillachi-de-sol-y-luna\/","name":"\"Estamos al l\u00edmite de decir que no podemos m\u00e1s\" - Graciela Schillachi de \"Sol y Luna\" - Noticias Radio Reflejos","isPartOf":{"@id":"https:\/\/www.noticiasradioreflejos.com.ar\/2021\/#website"},"primaryImageOfPage":{"@id":"https:\/\/www.noticiasradioreflejos.com.ar\/2021\/estamos-al-limite-de-decir-que-no-podemos-mas-graciela-schillachi-de-sol-y-luna\/#primaryimage"},"image":{"@id":"https:\/\/www.noticiasradioreflejos.com.ar\/2021\/estamos-al-limite-de-decir-que-no-podemos-mas-graciela-schillachi-de-sol-y-luna\/#primaryimage"},"thumbnailUrl":"http:\/\/live.staticflickr.com\/65535\/49916693152_fd03a515ac.jpg","datePublished":"2020-05-20T16:45:47+00:00","author":{"@id":"https:\/\/www.noticiasradioreflejos.com.ar\/2021\/#\/schema\/person\/ad82545263dcc5ec0996818884fd5fb1"},"breadcrumb":{"@id":"https:\/\/www.noticiasradioreflejos.com.ar\/2021\/estamos-al-limite-de-decir-que-no-podemos-mas-graciela-schillachi-de-sol-y-luna\/#breadcrumb"},"inLanguage":"es","potentialAction":[{"@type":"ReadAction","target":["https:\/\/www.noticiasradioreflejos.com.ar\/2021\/estamos-al-limite-de-decir-que-no-podemos-mas-graciela-schillachi-de-sol-y-luna\/"]}]},{"@type":"ImageObject","inLanguage":"es","@id":"https:\/\/www.noticiasradioreflejos.com.ar\/2021\/estamos-al-limite-de-decir-que-no-podemos-mas-graciela-schillachi-de-sol-y-luna\/#primaryimage","url":"http:\/\/live.staticflickr.com\/65535\/49916693152_fd03a515ac.jpg","contentUrl":"http:\/\/live.staticflickr.com\/65535\/49916693152_fd03a515ac.jpg"},{"@type":"BreadcrumbList","@id":"https:\/\/www.noticiasradioreflejos.com.ar\/2021\/estamos-al-limite-de-decir-que-no-podemos-mas-graciela-schillachi-de-sol-y-luna\/#breadcrumb","itemListElement":[{"@type":"ListItem","position":1,"name":"Portada","item":"https:\/\/www.noticiasradioreflejos.com.ar\/2021\/"},{"@type":"ListItem","position":2,"name":"\u00abEstamos al l\u00edmite de decir que no podemos m\u00e1s\u00bb &#8211; Graciela Schillachi de \u00abSol y Luna\u00bb"}]},{"@type":"WebSite","@id":"https:\/\/www.noticiasradioreflejos.com.ar\/2021\/#website","url":"https:\/\/www.noticiasradioreflejos.com.ar\/2021\/","name":"Noticias Radio Reflejos","description":"Las noticias de mi comarca","potentialAction":[{"@type":"SearchAction","target":{"@type":"EntryPoint","urlTemplate":"https:\/\/www.noticiasradioreflejos.com.ar\/2021\/?s={search_term_string}"},"query-input":{"@type":"PropertyValueSpecification","valueRequired":true,"valueName":"search_term_string"}}],"inLanguage":"es"},{"@type":"Person","@id":"https:\/\/www.noticiasradioreflejos.com.ar\/2021\/#\/schema\/person\/ad82545263dcc5ec0996818884fd5fb1","name":"Arnaldo Botto","image":{"@type":"ImageObject","inLanguage":"es","@id":"https:\/\/www.noticiasradioreflejos.com.ar\/2021\/#\/schema\/person\/image\/","url":"https:\/\/secure.gravatar.com\/avatar\/55cb5e37c1efa326397366e6974cb338056df65cb50e7d64d1cf314e87504837?s=96&d=mm&r=g","contentUrl":"https:\/\/secure.gravatar.com\/avatar\/55cb5e37c1efa326397366e6974cb338056df65cb50e7d64d1cf314e87504837?s=96&d=mm&r=g","caption":"Arnaldo Botto"},"url":"https:\/\/www.noticiasradioreflejos.com.ar\/2021\/author\/arnaldo\/"}]}},"_links":{"self":[{"href":"https:\/\/www.noticiasradioreflejos.com.ar\/2021\/wp-json\/wp\/v2\/posts\/42191","targetHints":{"allow":["GET"]}}],"collection":[{"href":"https:\/\/www.noticiasradioreflejos.com.ar\/2021\/wp-json\/wp\/v2\/posts"}],"about":[{"href":"https:\/\/www.noticiasradioreflejos.com.ar\/2021\/wp-json\/wp\/v2\/types\/post"}],"author":[{"embeddable":true,"href":"https:\/\/www.noticiasradioreflejos.com.ar\/2021\/wp-json\/wp\/v2\/users\/3"}],"replies":[{"embeddable":true,"href":"https:\/\/www.noticiasradioreflejos.com.ar\/2021\/wp-json\/wp\/v2\/comments?post=42191"}],"version-history":[{"count":0,"href":"https:\/\/www.noticiasradioreflejos.com.ar\/2021\/wp-json\/wp\/v2\/posts\/42191\/revisions"}],"wp:attachment":[{"href":"https:\/\/www.noticiasradioreflejos.com.ar\/2021\/wp-json\/wp\/v2\/media?parent=42191"}],"wp:term":[{"taxonomy":"category","embeddable":true,"href":"https:\/\/www.noticiasradioreflejos.com.ar\/2021\/wp-json\/wp\/v2\/categories?post=42191"},{"taxonomy":"post_tag","embeddable":true,"href":"https:\/\/www.noticiasradioreflejos.com.ar\/2021\/wp-json\/wp\/v2\/tags?post=42191"}],"curies":[{"name":"wp","href":"https:\/\/api.w.org\/{rel}","templated":true}]}}