{"id":42185,"date":"2020-05-20T08:31:35","date_gmt":"2020-05-20T11:31:35","guid":{"rendered":"http:\/\/www.noticiasradioreflejos.com.ar\/noticias\/?p=42185"},"modified":"2020-05-20T08:31:35","modified_gmt":"2020-05-20T11:31:35","slug":"la-tasa-de-casos-positivos-de-coronavirus-es-de-138-cada-100-000-bonaerenses-en-la-provincia","status":"publish","type":"post","link":"https:\/\/www.noticiasradioreflejos.com.ar\/2021\/la-tasa-de-casos-positivos-de-coronavirus-es-de-138-cada-100-000-bonaerenses-en-la-provincia\/","title":{"rendered":"La tasa de casos positivos de coronavirus es de 13,8 cada 100.000 bonaerenses en la provincia."},"content":{"rendered":"<p>La tasa de incidencia de casos de coronavirus en la provincia de Buenos Aires es de 13,8 cada 100.000 habitantes, aunque se incrementa en la zona del conurbano, seg\u00fan el Bolet\u00edn Epidemiol\u00f3gico difundido hoy por el ministerio de Salud provincial. Las estad\u00edsticas corresponden a datos recabados hasta el 15 de mayo, seg\u00fan los cuales desde inicio de la vigilancia de Covid-19 en la Argentina, se registraron en la provincia de Buenos Aires 34.324 casos sospechosos.<br \/>\n<!--more--><\/p>\n<p>De ese total, 2.447 fueron confirmados (aproximadamente el 34% del total de confirmados a nivel nacional), 28.619 descartados y 2.405 permanecen en estudio, por lo que el n\u00famero de casos confirmados se corresponde con una tasa de incidencia de 13,8 cada 100.000 habitantes.<\/p>\n<p>El informe revel\u00f3 que en las regiones sanitarias correspondientes a distritos del Gran Buenos Aires, las tasas de incidencia llegan a 21, 19 y 15,8 cada 100.000 habitantes.<\/p>\n<p>El informe consign\u00f3 adem\u00e1s que del total de 2.447 casos confirmados, 168 corresponden a residentes en barrios populares, lo que representa un 6,9%.<\/p>\n<p>Los casos atribuidos a transmisi\u00f3n comunitaria (sin viaje y sin contacto con un caso) son el 39,1%; casos atribuidos a contacto con casos confirmados: 21,6%; personal de salud: 19,2%; casos importados: 9,7% y el 10,5% restante se encuentra en investigaci\u00f3n.<\/p>\n","protected":false},"excerpt":{"rendered":"<p>La tasa de incidencia de casos de coronavirus en la provincia de Buenos Aires es de 13,8 cada 100.000 habitantes, aunque se incrementa en la zona del conurbano, seg\u00fan el Bolet\u00edn Epidemiol\u00f3gico difundido hoy por el ministerio de Salud provincial. Las estad\u00edsticas corresponden a datos recabados hasta el 15 de mayo, seg\u00fan los cuales desde [&hellip;]<\/p>\n","protected":false},"author":3,"featured_media":0,"comment_status":"closed","ping_status":"open","sticky":false,"template":"","format":"standard","meta":{"footnotes":""},"categories":[30],"tags":[],"class_list":["post-42185","post","type-post","status-publish","format-standard","hentry","category-salud"],"yoast_head":"<!-- This site is optimized with the Yoast SEO plugin v25.9 - https:\/\/yoast.com\/wordpress\/plugins\/seo\/ -->\n<title>La tasa de casos positivos de coronavirus es de 13,8 cada 100.000 bonaerenses en la provincia. - Noticias Radio Reflejos<\/title>\n<meta name=\"robots\" content=\"index, follow, max-snippet:-1, max-image-preview:large, max-video-preview:-1\" \/>\n<link rel=\"canonical\" href=\"https:\/\/www.noticiasradioreflejos.com.ar\/2021\/la-tasa-de-casos-positivos-de-coronavirus-es-de-138-cada-100-000-bonaerenses-en-la-provincia\/\" \/>\n<meta property=\"og:locale\" content=\"es_ES\" \/>\n<meta property=\"og:type\" content=\"article\" \/>\n<meta property=\"og:title\" content=\"La tasa de casos positivos de coronavirus es de 13,8 cada 100.000 bonaerenses en la provincia. - Noticias Radio Reflejos\" \/>\n<meta property=\"og:description\" content=\"La tasa de incidencia de casos de coronavirus en la provincia de Buenos Aires es de 13,8 cada 100.000 habitantes, aunque se incrementa en la zona del conurbano, seg\u00fan el Bolet\u00edn Epidemiol\u00f3gico difundido hoy por el ministerio de Salud provincial. Las estad\u00edsticas corresponden a datos recabados hasta el 15 de mayo, seg\u00fan los cuales desde [&hellip;]\" \/>\n<meta property=\"og:url\" content=\"https:\/\/www.noticiasradioreflejos.com.ar\/2021\/la-tasa-de-casos-positivos-de-coronavirus-es-de-138-cada-100-000-bonaerenses-en-la-provincia\/\" \/>\n<meta property=\"og:site_name\" content=\"Noticias Radio Reflejos\" \/>\n<meta property=\"article:published_time\" content=\"2020-05-20T11:31:35+00:00\" \/>\n<meta property=\"og:image\" content=\"https:\/\/www.noticiasradioreflejos.com.ar\/2021\/wp-content\/uploads\/2021\/07\/logosol300x200.png\" \/>\n\t<meta property=\"og:image:width\" content=\"300\" \/>\n\t<meta property=\"og:image:height\" content=\"200\" \/>\n\t<meta property=\"og:image:type\" content=\"image\/png\" \/>\n<meta name=\"author\" content=\"Arnaldo Botto\" \/>\n<meta name=\"twitter:card\" content=\"summary_large_image\" \/>\n<script type=\"application\/ld+json\" class=\"yoast-schema-graph\">{\"@context\":\"https:\/\/schema.org\",\"@graph\":[{\"@type\":\"WebPage\",\"@id\":\"https:\/\/www.noticiasradioreflejos.com.ar\/2021\/la-tasa-de-casos-positivos-de-coronavirus-es-de-138-cada-100-000-bonaerenses-en-la-provincia\/\",\"url\":\"https:\/\/www.noticiasradioreflejos.com.ar\/2021\/la-tasa-de-casos-positivos-de-coronavirus-es-de-138-cada-100-000-bonaerenses-en-la-provincia\/\",\"name\":\"La tasa de casos positivos de coronavirus es de 13,8 cada 100.000 bonaerenses en la provincia. - Noticias Radio Reflejos\",\"isPartOf\":{\"@id\":\"https:\/\/www.noticiasradioreflejos.com.ar\/2021\/#website\"},\"datePublished\":\"2020-05-20T11:31:35+00:00\",\"author\":{\"@id\":\"https:\/\/www.noticiasradioreflejos.com.ar\/2021\/#\/schema\/person\/ad82545263dcc5ec0996818884fd5fb1\"},\"breadcrumb\":{\"@id\":\"https:\/\/www.noticiasradioreflejos.com.ar\/2021\/la-tasa-de-casos-positivos-de-coronavirus-es-de-138-cada-100-000-bonaerenses-en-la-provincia\/#breadcrumb\"},\"inLanguage\":\"es\",\"potentialAction\":[{\"@type\":\"ReadAction\",\"target\":[\"https:\/\/www.noticiasradioreflejos.com.ar\/2021\/la-tasa-de-casos-positivos-de-coronavirus-es-de-138-cada-100-000-bonaerenses-en-la-provincia\/\"]}]},{\"@type\":\"BreadcrumbList\",\"@id\":\"https:\/\/www.noticiasradioreflejos.com.ar\/2021\/la-tasa-de-casos-positivos-de-coronavirus-es-de-138-cada-100-000-bonaerenses-en-la-provincia\/#breadcrumb\",\"itemListElement\":[{\"@type\":\"ListItem\",\"position\":1,\"name\":\"Portada\",\"item\":\"https:\/\/www.noticiasradioreflejos.com.ar\/2021\/\"},{\"@type\":\"ListItem\",\"position\":2,\"name\":\"La tasa de casos positivos de coronavirus es de 13,8 cada 100.000 bonaerenses en la provincia.\"}]},{\"@type\":\"WebSite\",\"@id\":\"https:\/\/www.noticiasradioreflejos.com.ar\/2021\/#website\",\"url\":\"https:\/\/www.noticiasradioreflejos.com.ar\/2021\/\",\"name\":\"Noticias Radio Reflejos\",\"description\":\"Las noticias de mi comarca\",\"potentialAction\":[{\"@type\":\"SearchAction\",\"target\":{\"@type\":\"EntryPoint\",\"urlTemplate\":\"https:\/\/www.noticiasradioreflejos.com.ar\/2021\/?s={search_term_string}\"},\"query-input\":{\"@type\":\"PropertyValueSpecification\",\"valueRequired\":true,\"valueName\":\"search_term_string\"}}],\"inLanguage\":\"es\"},{\"@type\":\"Person\",\"@id\":\"https:\/\/www.noticiasradioreflejos.com.ar\/2021\/#\/schema\/person\/ad82545263dcc5ec0996818884fd5fb1\",\"name\":\"Arnaldo Botto\",\"image\":{\"@type\":\"ImageObject\",\"inLanguage\":\"es\",\"@id\":\"https:\/\/www.noticiasradioreflejos.com.ar\/2021\/#\/schema\/person\/image\/\",\"url\":\"https:\/\/secure.gravatar.com\/avatar\/55cb5e37c1efa326397366e6974cb338056df65cb50e7d64d1cf314e87504837?s=96&d=mm&r=g\",\"contentUrl\":\"https:\/\/secure.gravatar.com\/avatar\/55cb5e37c1efa326397366e6974cb338056df65cb50e7d64d1cf314e87504837?s=96&d=mm&r=g\",\"caption\":\"Arnaldo Botto\"},\"url\":\"https:\/\/www.noticiasradioreflejos.com.ar\/2021\/author\/arnaldo\/\"}]}<\/script>\n<!-- \/ Yoast SEO plugin. -->","yoast_head_json":{"title":"La tasa de casos positivos de coronavirus es de 13,8 cada 100.000 bonaerenses en la provincia. - Noticias Radio Reflejos","robots":{"index":"index","follow":"follow","max-snippet":"max-snippet:-1","max-image-preview":"max-image-preview:large","max-video-preview":"max-video-preview:-1"},"canonical":"https:\/\/www.noticiasradioreflejos.com.ar\/2021\/la-tasa-de-casos-positivos-de-coronavirus-es-de-138-cada-100-000-bonaerenses-en-la-provincia\/","og_locale":"es_ES","og_type":"article","og_title":"La tasa de casos positivos de coronavirus es de 13,8 cada 100.000 bonaerenses en la provincia. - Noticias Radio Reflejos","og_description":"La tasa de incidencia de casos de coronavirus en la provincia de Buenos Aires es de 13,8 cada 100.000 habitantes, aunque se incrementa en la zona del conurbano, seg\u00fan el Bolet\u00edn Epidemiol\u00f3gico difundido hoy por el ministerio de Salud provincial. Las estad\u00edsticas corresponden a datos recabados hasta el 15 de mayo, seg\u00fan los cuales desde [&hellip;]","og_url":"https:\/\/www.noticiasradioreflejos.com.ar\/2021\/la-tasa-de-casos-positivos-de-coronavirus-es-de-138-cada-100-000-bonaerenses-en-la-provincia\/","og_site_name":"Noticias Radio Reflejos","article_published_time":"2020-05-20T11:31:35+00:00","og_image":[{"width":300,"height":200,"url":"https:\/\/www.noticiasradioreflejos.com.ar\/2021\/wp-content\/uploads\/2021\/07\/logosol300x200.png","type":"image\/png"}],"author":"Arnaldo Botto","twitter_card":"summary_large_image","schema":{"@context":"https:\/\/schema.org","@graph":[{"@type":"WebPage","@id":"https:\/\/www.noticiasradioreflejos.com.ar\/2021\/la-tasa-de-casos-positivos-de-coronavirus-es-de-138-cada-100-000-bonaerenses-en-la-provincia\/","url":"https:\/\/www.noticiasradioreflejos.com.ar\/2021\/la-tasa-de-casos-positivos-de-coronavirus-es-de-138-cada-100-000-bonaerenses-en-la-provincia\/","name":"La tasa de casos positivos de coronavirus es de 13,8 cada 100.000 bonaerenses en la provincia. - Noticias Radio Reflejos","isPartOf":{"@id":"https:\/\/www.noticiasradioreflejos.com.ar\/2021\/#website"},"datePublished":"2020-05-20T11:31:35+00:00","author":{"@id":"https:\/\/www.noticiasradioreflejos.com.ar\/2021\/#\/schema\/person\/ad82545263dcc5ec0996818884fd5fb1"},"breadcrumb":{"@id":"https:\/\/www.noticiasradioreflejos.com.ar\/2021\/la-tasa-de-casos-positivos-de-coronavirus-es-de-138-cada-100-000-bonaerenses-en-la-provincia\/#breadcrumb"},"inLanguage":"es","potentialAction":[{"@type":"ReadAction","target":["https:\/\/www.noticiasradioreflejos.com.ar\/2021\/la-tasa-de-casos-positivos-de-coronavirus-es-de-138-cada-100-000-bonaerenses-en-la-provincia\/"]}]},{"@type":"BreadcrumbList","@id":"https:\/\/www.noticiasradioreflejos.com.ar\/2021\/la-tasa-de-casos-positivos-de-coronavirus-es-de-138-cada-100-000-bonaerenses-en-la-provincia\/#breadcrumb","itemListElement":[{"@type":"ListItem","position":1,"name":"Portada","item":"https:\/\/www.noticiasradioreflejos.com.ar\/2021\/"},{"@type":"ListItem","position":2,"name":"La tasa de casos positivos de coronavirus es de 13,8 cada 100.000 bonaerenses en la provincia."}]},{"@type":"WebSite","@id":"https:\/\/www.noticiasradioreflejos.com.ar\/2021\/#website","url":"https:\/\/www.noticiasradioreflejos.com.ar\/2021\/","name":"Noticias Radio Reflejos","description":"Las noticias de mi comarca","potentialAction":[{"@type":"SearchAction","target":{"@type":"EntryPoint","urlTemplate":"https:\/\/www.noticiasradioreflejos.com.ar\/2021\/?s={search_term_string}"},"query-input":{"@type":"PropertyValueSpecification","valueRequired":true,"valueName":"search_term_string"}}],"inLanguage":"es"},{"@type":"Person","@id":"https:\/\/www.noticiasradioreflejos.com.ar\/2021\/#\/schema\/person\/ad82545263dcc5ec0996818884fd5fb1","name":"Arnaldo Botto","image":{"@type":"ImageObject","inLanguage":"es","@id":"https:\/\/www.noticiasradioreflejos.com.ar\/2021\/#\/schema\/person\/image\/","url":"https:\/\/secure.gravatar.com\/avatar\/55cb5e37c1efa326397366e6974cb338056df65cb50e7d64d1cf314e87504837?s=96&d=mm&r=g","contentUrl":"https:\/\/secure.gravatar.com\/avatar\/55cb5e37c1efa326397366e6974cb338056df65cb50e7d64d1cf314e87504837?s=96&d=mm&r=g","caption":"Arnaldo Botto"},"url":"https:\/\/www.noticiasradioreflejos.com.ar\/2021\/author\/arnaldo\/"}]}},"_links":{"self":[{"href":"https:\/\/www.noticiasradioreflejos.com.ar\/2021\/wp-json\/wp\/v2\/posts\/42185","targetHints":{"allow":["GET"]}}],"collection":[{"href":"https:\/\/www.noticiasradioreflejos.com.ar\/2021\/wp-json\/wp\/v2\/posts"}],"about":[{"href":"https:\/\/www.noticiasradioreflejos.com.ar\/2021\/wp-json\/wp\/v2\/types\/post"}],"author":[{"embeddable":true,"href":"https:\/\/www.noticiasradioreflejos.com.ar\/2021\/wp-json\/wp\/v2\/users\/3"}],"replies":[{"embeddable":true,"href":"https:\/\/www.noticiasradioreflejos.com.ar\/2021\/wp-json\/wp\/v2\/comments?post=42185"}],"version-history":[{"count":0,"href":"https:\/\/www.noticiasradioreflejos.com.ar\/2021\/wp-json\/wp\/v2\/posts\/42185\/revisions"}],"wp:attachment":[{"href":"https:\/\/www.noticiasradioreflejos.com.ar\/2021\/wp-json\/wp\/v2\/media?parent=42185"}],"wp:term":[{"taxonomy":"category","embeddable":true,"href":"https:\/\/www.noticiasradioreflejos.com.ar\/2021\/wp-json\/wp\/v2\/categories?post=42185"},{"taxonomy":"post_tag","embeddable":true,"href":"https:\/\/www.noticiasradioreflejos.com.ar\/2021\/wp-json\/wp\/v2\/tags?post=42185"}],"curies":[{"name":"wp","href":"https:\/\/api.w.org\/{rel}","templated":true}]}}