{"id":42180,"date":"2020-05-20T08:17:06","date_gmt":"2020-05-20T11:17:06","guid":{"rendered":"http:\/\/www.noticiasradioreflejos.com.ar\/noticias\/?p=42180"},"modified":"2020-05-20T08:17:06","modified_gmt":"2020-05-20T11:17:06","slug":"aplicaron-plasma-a-cuatro-pacientes-con-covid-19-por-primera-vez-en-la-provincia-de-buenos-aires","status":"publish","type":"post","link":"https:\/\/www.noticiasradioreflejos.com.ar\/2021\/aplicaron-plasma-a-cuatro-pacientes-con-covid-19-por-primera-vez-en-la-provincia-de-buenos-aires\/","title":{"rendered":"Aplicaron plasma a cuatro pacientes con Covid-19 por primera vez en la provincia de Buenos Aires"},"content":{"rendered":"<p>Telam &#8211; Cuatro pacientes de 20, 30, 40 y 73 a\u00f1os con Covid-19 recibieron plasma sangu\u00edneo de personas ya recuperadas de la enfermedad para generarles los anticuerpos necesarios y poder as\u00ed ayudarlos a combatir la infecci\u00f3n, un procedimiento m\u00e9dico efectuado por primera vez en la provincia de Buenos Aires en el contexto de una pandemia, informaron hoy fuentes m\u00e9dicas y municipales.<!--more--><\/p>\n<p>El procedimiento se realiz\u00f3 en el Hospital de Trauma Federico Abete de la localidad de Malvinas Argentinas, a cuatro hombres que estaban internados desde hace 10 d\u00edas, tres de ellos con evoluci\u00f3n moderada de Covid-19 y el otro en un estado cr\u00edtico de la enfermedad.<\/p>\n<p>La introducci\u00f3n de plasma sangu\u00edneo de un paciente recuperado de coronavirus \u00abes una herramientas m\u00e1s que tenemos los m\u00e9dicos para combatir la enfermedad, es una chance m\u00e1s que tiene el paciente, es una suerte de vacuna que podemos darle con los anticuerpos que gener\u00f3 otro paciente recuperado\u00bb, dijo a T\u00e9lam Dolores Ouvi\u00f1a, secretaria de salud del municipio.<\/p>\n<p>La transfusi\u00f3n de plasma sangu\u00edneo e pacientes recuperados a otros que est\u00e9n cursando la enfermedad fue aprobado la semana pasada, con su respectivo protocolo, por el Ministerio de Salud de la provincia de Buenos Aires y hoy se aplica por primera vez a cuatro pacientes en el partido de Malvinas Argentinas.<\/p>\n<p>En un comunicado, la cartera sanitaria hab\u00eda indicado que, a trav\u00e9s del Instituto de Hemoterapia y el Cucaiba (Centro \u00danico Coordinador de Ablaci\u00f3n e Implante de la provincia de Buenos Aires) se avanzaba en el tratamiento de recuperaci\u00f3n de pacientes cr\u00edticos afectados por la Covid-19.<\/p>\n<p>\u201cEste plasma es rico en anticuerpos y podr\u00eda ayudar en la recuperaci\u00f3n de los pacientes cr\u00edticos de coronavirus\u201d, se\u00f1al\u00f3 la directora provincial del Instituto, Nora Etchenique.<\/p>\n<p>Tres de los pacientes, de 20, 30 y 40 a\u00f1os, ten\u00edan un estad\u00edo moderado de la enfermedad, mientras que el de 73 a\u00f1os es el m\u00e1s cr\u00edtico.<\/p>\n<p>\u00abLa evoluci\u00f3n en los tres pacientes moderados es buena luego de la transfusi\u00f3n del plasma, para nosotros buena quiere decir que de moderado no pasan a un estado grave, mientras que el paciente de 73 a\u00f1os present\u00f3 una buena evoluci\u00f3n al principio pero como tiene otras enfermedades hay d\u00edas que avanza y otras que retrocede\u00bb, explic\u00f3 Ouvi\u00f1a.<\/p>\n<p>La secretaria, quien tambi\u00e9n es m\u00e9dica, explic\u00f3 que esto \u00abes un logro de todo el servicio de hemoterapia del hospital. Nosotros ya lo ve\u00edamos venir este m\u00e9todo, porque ya fue utilizado en otros pa\u00edses con la gripe H1 N1 y con el \u00e9bola, sab\u00edamos que se ven\u00eda a la provincia de Buenos Aires, s\u00f3lo faltaba que el Ministerio aprobara los protocolos\u00bb.<\/p>\n<p>Para Ouvi\u00f1a el sistema funcion\u00f3 de manera muy r\u00e1pida, el jueves pasado a la ma\u00f1ana pedimos al Instituto de Hemoterapia el plasma sangu\u00edneo y ya por la tarde lo fuimos a buscar y se los fuimos dando a los pacientes\u00bb.<\/p>\n<p>Por su parte Javier Melis, subdirector del Hospital, dijo a T\u00e9lam que \u00abno hay tratamiento para darle a los pacientes y decirles con esto estamos salvados, lo que hacemos es darle un mecanismo para lograr una contenci\u00f3n inmediata y disminuir la mortalidad\u00bb.<\/p>\n<p>\u00abEsta medida se llama inmunizaci\u00f3n pasiva, es decir la administraci\u00f3n de anticuerpos con actividad frente a determinados pat\u00f3genos, esto tiene la funci\u00f3n de prevenir y tratar la enfermedad\u00bb, explic\u00f3 Melis.<\/p>\n<p>Melis destac\u00f3 que por ahora \u00ablos plasmas est\u00e1n concentrados en el Instituto de Hemoterapia pero pueden haber varios centros en los que los pacientes recuperados pueden ir a donar su plasma\u00bb,<\/p>\n<p>Precis\u00f3 adem\u00e1s que \u00abnosotros le aplicamos el plasma y vamos comunicando d\u00eda a d\u00eda como evolucionan los pacientes, la primera indicaci\u00f3n para recibir el plasma es que est\u00e9n internados. Son pacientes graves que ingresan con infiltraciones colaterales o potencialmente graves\u00bb.<\/p>\n<p>\u00abEsto no es la cura, son m\u00e9todos para tratar de bajar la mortalidad de lo que ya esta provocado, darles los anticuerpos que gener\u00f3 otra persona para poder frenar el virus\u00bb, asegur\u00f3 Melis.<\/p>\n<p>El m\u00e9dico indic\u00f3, adem\u00e1s, que \u00abtuvimos una respuesta b\u00e1rbara de la provincia para buscar el plasma\u00bb y detall\u00f3: \u00abLa \u00fanica manera de salir de esto es con un equipo aqu\u00ed no hay h\u00e9roes\u00bb.<\/p>\n<p>\u00abEstamos todos a la expectativa de que esto pueda funcionar, es el d\u00eda a d\u00eda, son cuatro pacientes en terapia intensiva, por lo que su evoluci\u00f3n es muy din\u00e1mica. Ya funcion\u00f3 con la Gripe A esperemos que sea con el Covid-19 tambi\u00e9n\u00bb, destac\u00f3<\/p>\n<p>Por su parte, el intendente de Malvinas Argentinas Leonardo Nardini asegur\u00f3: \u00abSi no se trabajara seriamente, aplicando los protocolos vigentes y realizando el seguimiento correspondiente a los pacientes internados, no se hubiera logrado que las autoridades provinciales destinen este recurso a pacientes internados en Malvinas\u00bb,<\/p>\n<p>En el Hospital Malvinas Argentinas, centro de referencia de la zona oeste del conurbano, hay 12 pacientes internados con Covid-19,algunos en terapia com\u00fan y otros en intensiva.<\/p>\n","protected":false},"excerpt":{"rendered":"<p>Telam &#8211; Cuatro pacientes de 20, 30, 40 y 73 a\u00f1os con Covid-19 recibieron plasma sangu\u00edneo de personas ya recuperadas de la enfermedad para generarles los anticuerpos necesarios y poder as\u00ed ayudarlos a combatir la infecci\u00f3n, un procedimiento m\u00e9dico efectuado por primera vez en la provincia de Buenos Aires en el contexto de una pandemia, [&hellip;]<\/p>\n","protected":false},"author":3,"featured_media":0,"comment_status":"closed","ping_status":"open","sticky":false,"template":"","format":"standard","meta":{"footnotes":""},"categories":[30],"tags":[],"class_list":["post-42180","post","type-post","status-publish","format-standard","hentry","category-salud"],"yoast_head":"<!-- This site is optimized with the Yoast SEO plugin v25.9 - https:\/\/yoast.com\/wordpress\/plugins\/seo\/ -->\n<title>Aplicaron plasma a cuatro pacientes con Covid-19 por primera vez en la provincia de Buenos Aires - Noticias Radio Reflejos<\/title>\n<meta name=\"robots\" content=\"index, follow, max-snippet:-1, max-image-preview:large, max-video-preview:-1\" \/>\n<link rel=\"canonical\" href=\"https:\/\/www.noticiasradioreflejos.com.ar\/2021\/aplicaron-plasma-a-cuatro-pacientes-con-covid-19-por-primera-vez-en-la-provincia-de-buenos-aires\/\" \/>\n<meta property=\"og:locale\" content=\"es_ES\" \/>\n<meta property=\"og:type\" content=\"article\" \/>\n<meta property=\"og:title\" content=\"Aplicaron plasma a cuatro pacientes con Covid-19 por primera vez en la provincia de Buenos Aires - Noticias Radio Reflejos\" \/>\n<meta property=\"og:description\" content=\"Telam &#8211; Cuatro pacientes de 20, 30, 40 y 73 a\u00f1os con Covid-19 recibieron plasma sangu\u00edneo de personas ya recuperadas de la enfermedad para generarles los anticuerpos necesarios y poder as\u00ed ayudarlos a combatir la infecci\u00f3n, un procedimiento m\u00e9dico efectuado por primera vez en la provincia de Buenos Aires en el contexto de una pandemia, [&hellip;]\" \/>\n<meta property=\"og:url\" content=\"https:\/\/www.noticiasradioreflejos.com.ar\/2021\/aplicaron-plasma-a-cuatro-pacientes-con-covid-19-por-primera-vez-en-la-provincia-de-buenos-aires\/\" \/>\n<meta property=\"og:site_name\" content=\"Noticias Radio Reflejos\" \/>\n<meta property=\"article:published_time\" content=\"2020-05-20T11:17:06+00:00\" \/>\n<meta property=\"og:image\" content=\"https:\/\/www.noticiasradioreflejos.com.ar\/2021\/wp-content\/uploads\/2021\/07\/logosol300x200.png\" \/>\n\t<meta property=\"og:image:width\" content=\"300\" \/>\n\t<meta property=\"og:image:height\" content=\"200\" \/>\n\t<meta property=\"og:image:type\" content=\"image\/png\" \/>\n<meta name=\"author\" content=\"Arnaldo Botto\" \/>\n<meta name=\"twitter:card\" content=\"summary_large_image\" \/>\n<script type=\"application\/ld+json\" class=\"yoast-schema-graph\">{\"@context\":\"https:\/\/schema.org\",\"@graph\":[{\"@type\":\"WebPage\",\"@id\":\"https:\/\/www.noticiasradioreflejos.com.ar\/2021\/aplicaron-plasma-a-cuatro-pacientes-con-covid-19-por-primera-vez-en-la-provincia-de-buenos-aires\/\",\"url\":\"https:\/\/www.noticiasradioreflejos.com.ar\/2021\/aplicaron-plasma-a-cuatro-pacientes-con-covid-19-por-primera-vez-en-la-provincia-de-buenos-aires\/\",\"name\":\"Aplicaron plasma a cuatro pacientes con Covid-19 por primera vez en la provincia de Buenos Aires - Noticias Radio Reflejos\",\"isPartOf\":{\"@id\":\"https:\/\/www.noticiasradioreflejos.com.ar\/2021\/#website\"},\"datePublished\":\"2020-05-20T11:17:06+00:00\",\"author\":{\"@id\":\"https:\/\/www.noticiasradioreflejos.com.ar\/2021\/#\/schema\/person\/ad82545263dcc5ec0996818884fd5fb1\"},\"breadcrumb\":{\"@id\":\"https:\/\/www.noticiasradioreflejos.com.ar\/2021\/aplicaron-plasma-a-cuatro-pacientes-con-covid-19-por-primera-vez-en-la-provincia-de-buenos-aires\/#breadcrumb\"},\"inLanguage\":\"es\",\"potentialAction\":[{\"@type\":\"ReadAction\",\"target\":[\"https:\/\/www.noticiasradioreflejos.com.ar\/2021\/aplicaron-plasma-a-cuatro-pacientes-con-covid-19-por-primera-vez-en-la-provincia-de-buenos-aires\/\"]}]},{\"@type\":\"BreadcrumbList\",\"@id\":\"https:\/\/www.noticiasradioreflejos.com.ar\/2021\/aplicaron-plasma-a-cuatro-pacientes-con-covid-19-por-primera-vez-en-la-provincia-de-buenos-aires\/#breadcrumb\",\"itemListElement\":[{\"@type\":\"ListItem\",\"position\":1,\"name\":\"Portada\",\"item\":\"https:\/\/www.noticiasradioreflejos.com.ar\/2021\/\"},{\"@type\":\"ListItem\",\"position\":2,\"name\":\"Aplicaron plasma a cuatro pacientes con Covid-19 por primera vez en la provincia de Buenos Aires\"}]},{\"@type\":\"WebSite\",\"@id\":\"https:\/\/www.noticiasradioreflejos.com.ar\/2021\/#website\",\"url\":\"https:\/\/www.noticiasradioreflejos.com.ar\/2021\/\",\"name\":\"Noticias Radio Reflejos\",\"description\":\"Las noticias de mi comarca\",\"potentialAction\":[{\"@type\":\"SearchAction\",\"target\":{\"@type\":\"EntryPoint\",\"urlTemplate\":\"https:\/\/www.noticiasradioreflejos.com.ar\/2021\/?s={search_term_string}\"},\"query-input\":{\"@type\":\"PropertyValueSpecification\",\"valueRequired\":true,\"valueName\":\"search_term_string\"}}],\"inLanguage\":\"es\"},{\"@type\":\"Person\",\"@id\":\"https:\/\/www.noticiasradioreflejos.com.ar\/2021\/#\/schema\/person\/ad82545263dcc5ec0996818884fd5fb1\",\"name\":\"Arnaldo Botto\",\"image\":{\"@type\":\"ImageObject\",\"inLanguage\":\"es\",\"@id\":\"https:\/\/www.noticiasradioreflejos.com.ar\/2021\/#\/schema\/person\/image\/\",\"url\":\"https:\/\/secure.gravatar.com\/avatar\/55cb5e37c1efa326397366e6974cb338056df65cb50e7d64d1cf314e87504837?s=96&d=mm&r=g\",\"contentUrl\":\"https:\/\/secure.gravatar.com\/avatar\/55cb5e37c1efa326397366e6974cb338056df65cb50e7d64d1cf314e87504837?s=96&d=mm&r=g\",\"caption\":\"Arnaldo Botto\"},\"url\":\"https:\/\/www.noticiasradioreflejos.com.ar\/2021\/author\/arnaldo\/\"}]}<\/script>\n<!-- \/ Yoast SEO plugin. -->","yoast_head_json":{"title":"Aplicaron plasma a cuatro pacientes con Covid-19 por primera vez en la provincia de Buenos Aires - Noticias Radio Reflejos","robots":{"index":"index","follow":"follow","max-snippet":"max-snippet:-1","max-image-preview":"max-image-preview:large","max-video-preview":"max-video-preview:-1"},"canonical":"https:\/\/www.noticiasradioreflejos.com.ar\/2021\/aplicaron-plasma-a-cuatro-pacientes-con-covid-19-por-primera-vez-en-la-provincia-de-buenos-aires\/","og_locale":"es_ES","og_type":"article","og_title":"Aplicaron plasma a cuatro pacientes con Covid-19 por primera vez en la provincia de Buenos Aires - Noticias Radio Reflejos","og_description":"Telam &#8211; Cuatro pacientes de 20, 30, 40 y 73 a\u00f1os con Covid-19 recibieron plasma sangu\u00edneo de personas ya recuperadas de la enfermedad para generarles los anticuerpos necesarios y poder as\u00ed ayudarlos a combatir la infecci\u00f3n, un procedimiento m\u00e9dico efectuado por primera vez en la provincia de Buenos Aires en el contexto de una pandemia, [&hellip;]","og_url":"https:\/\/www.noticiasradioreflejos.com.ar\/2021\/aplicaron-plasma-a-cuatro-pacientes-con-covid-19-por-primera-vez-en-la-provincia-de-buenos-aires\/","og_site_name":"Noticias Radio Reflejos","article_published_time":"2020-05-20T11:17:06+00:00","og_image":[{"width":300,"height":200,"url":"https:\/\/www.noticiasradioreflejos.com.ar\/2021\/wp-content\/uploads\/2021\/07\/logosol300x200.png","type":"image\/png"}],"author":"Arnaldo Botto","twitter_card":"summary_large_image","schema":{"@context":"https:\/\/schema.org","@graph":[{"@type":"WebPage","@id":"https:\/\/www.noticiasradioreflejos.com.ar\/2021\/aplicaron-plasma-a-cuatro-pacientes-con-covid-19-por-primera-vez-en-la-provincia-de-buenos-aires\/","url":"https:\/\/www.noticiasradioreflejos.com.ar\/2021\/aplicaron-plasma-a-cuatro-pacientes-con-covid-19-por-primera-vez-en-la-provincia-de-buenos-aires\/","name":"Aplicaron plasma a cuatro pacientes con Covid-19 por primera vez en la provincia de Buenos Aires - Noticias Radio Reflejos","isPartOf":{"@id":"https:\/\/www.noticiasradioreflejos.com.ar\/2021\/#website"},"datePublished":"2020-05-20T11:17:06+00:00","author":{"@id":"https:\/\/www.noticiasradioreflejos.com.ar\/2021\/#\/schema\/person\/ad82545263dcc5ec0996818884fd5fb1"},"breadcrumb":{"@id":"https:\/\/www.noticiasradioreflejos.com.ar\/2021\/aplicaron-plasma-a-cuatro-pacientes-con-covid-19-por-primera-vez-en-la-provincia-de-buenos-aires\/#breadcrumb"},"inLanguage":"es","potentialAction":[{"@type":"ReadAction","target":["https:\/\/www.noticiasradioreflejos.com.ar\/2021\/aplicaron-plasma-a-cuatro-pacientes-con-covid-19-por-primera-vez-en-la-provincia-de-buenos-aires\/"]}]},{"@type":"BreadcrumbList","@id":"https:\/\/www.noticiasradioreflejos.com.ar\/2021\/aplicaron-plasma-a-cuatro-pacientes-con-covid-19-por-primera-vez-en-la-provincia-de-buenos-aires\/#breadcrumb","itemListElement":[{"@type":"ListItem","position":1,"name":"Portada","item":"https:\/\/www.noticiasradioreflejos.com.ar\/2021\/"},{"@type":"ListItem","position":2,"name":"Aplicaron plasma a cuatro pacientes con Covid-19 por primera vez en la provincia de Buenos Aires"}]},{"@type":"WebSite","@id":"https:\/\/www.noticiasradioreflejos.com.ar\/2021\/#website","url":"https:\/\/www.noticiasradioreflejos.com.ar\/2021\/","name":"Noticias Radio Reflejos","description":"Las noticias de mi comarca","potentialAction":[{"@type":"SearchAction","target":{"@type":"EntryPoint","urlTemplate":"https:\/\/www.noticiasradioreflejos.com.ar\/2021\/?s={search_term_string}"},"query-input":{"@type":"PropertyValueSpecification","valueRequired":true,"valueName":"search_term_string"}}],"inLanguage":"es"},{"@type":"Person","@id":"https:\/\/www.noticiasradioreflejos.com.ar\/2021\/#\/schema\/person\/ad82545263dcc5ec0996818884fd5fb1","name":"Arnaldo Botto","image":{"@type":"ImageObject","inLanguage":"es","@id":"https:\/\/www.noticiasradioreflejos.com.ar\/2021\/#\/schema\/person\/image\/","url":"https:\/\/secure.gravatar.com\/avatar\/55cb5e37c1efa326397366e6974cb338056df65cb50e7d64d1cf314e87504837?s=96&d=mm&r=g","contentUrl":"https:\/\/secure.gravatar.com\/avatar\/55cb5e37c1efa326397366e6974cb338056df65cb50e7d64d1cf314e87504837?s=96&d=mm&r=g","caption":"Arnaldo Botto"},"url":"https:\/\/www.noticiasradioreflejos.com.ar\/2021\/author\/arnaldo\/"}]}},"_links":{"self":[{"href":"https:\/\/www.noticiasradioreflejos.com.ar\/2021\/wp-json\/wp\/v2\/posts\/42180","targetHints":{"allow":["GET"]}}],"collection":[{"href":"https:\/\/www.noticiasradioreflejos.com.ar\/2021\/wp-json\/wp\/v2\/posts"}],"about":[{"href":"https:\/\/www.noticiasradioreflejos.com.ar\/2021\/wp-json\/wp\/v2\/types\/post"}],"author":[{"embeddable":true,"href":"https:\/\/www.noticiasradioreflejos.com.ar\/2021\/wp-json\/wp\/v2\/users\/3"}],"replies":[{"embeddable":true,"href":"https:\/\/www.noticiasradioreflejos.com.ar\/2021\/wp-json\/wp\/v2\/comments?post=42180"}],"version-history":[{"count":0,"href":"https:\/\/www.noticiasradioreflejos.com.ar\/2021\/wp-json\/wp\/v2\/posts\/42180\/revisions"}],"wp:attachment":[{"href":"https:\/\/www.noticiasradioreflejos.com.ar\/2021\/wp-json\/wp\/v2\/media?parent=42180"}],"wp:term":[{"taxonomy":"category","embeddable":true,"href":"https:\/\/www.noticiasradioreflejos.com.ar\/2021\/wp-json\/wp\/v2\/categories?post=42180"},{"taxonomy":"post_tag","embeddable":true,"href":"https:\/\/www.noticiasradioreflejos.com.ar\/2021\/wp-json\/wp\/v2\/tags?post=42180"}],"curies":[{"name":"wp","href":"https:\/\/api.w.org\/{rel}","templated":true}]}}