{"id":42177,"date":"2020-05-20T08:11:20","date_gmt":"2020-05-20T11:11:20","guid":{"rendered":"http:\/\/www.noticiasradioreflejos.com.ar\/noticias\/?p=42177"},"modified":"2020-05-20T08:11:20","modified_gmt":"2020-05-20T11:11:20","slug":"banco-provincia-difundira-lineas-de-atencion-a-mujeres-y-lgtb-en-situacion-de-violencia","status":"publish","type":"post","link":"https:\/\/www.noticiasradioreflejos.com.ar\/2021\/banco-provincia-difundira-lineas-de-atencion-a-mujeres-y-lgtb-en-situacion-de-violencia\/","title":{"rendered":"Banco Provincia difundir\u00e1 l\u00edneas de atenci\u00f3n a mujeres y LGTB+ en situaci\u00f3n de violencia"},"content":{"rendered":"<p>El Ministerio de las Mujeres, Pol\u00edticas de G\u00e9nero y Diversidad Sexual y el Banco Provincia oficializaron un acuerdo, por el cual la entidad crediticia difundir\u00e1 las l\u00edneas de atenci\u00f3n a mujeres y LGTB+ en situaci\u00f3n de violencia por razones de g\u00e9nero, se inform\u00f3 en un comunicado.<!--more-->A trav\u00e9s de las redes y v\u00edas de comunicaci\u00f3n que llegan diariamente a millones de bonaerenses, se difundir\u00e1n desde los distintos canales del Bapro los n\u00fameros que desde el Ministerio se brindan para situaciones de violencia de g\u00e9nero: la l\u00ednea 144 y los n\u00fameros para Whatsapp y Telegram: 0221- 508-50988 y 0221-353-0500.<\/p>\n<p>\u201cEste acuerdo que se construy\u00f3 con el Banco Provincia, donde desde las distintas redes se hace prevenci\u00f3n de las violencias de g\u00e9nero nos parece una pol\u00edtica fundamental que llega a millones de bonaerenses. Es un paso important\u00edsimo en el camino de la prevenci\u00f3n de la violencia\u201d expres\u00f3 la ministra de las Mujeres, Estela D\u00edaz, durante la r\u00fabrica del convenio.<\/p>\n<p>Se especific\u00f3 que los tickets que se emiten incluyen impresa una leyenda dirigida a v\u00edctimas de violencia de g\u00e9nero con el n\u00famero de la L\u00ednea 144.<\/p>\n<p>La difusi\u00f3n de esas l\u00edneas de atenci\u00f3n pone a disposici\u00f3n de las mujeres y LGTB+ atenci\u00f3n, contenci\u00f3n y asesoramiento para acompa\u00f1arlas en el tr\u00e1nsito de las salidas de las violencias.<\/p>\n<p>Adem\u00e1s, acerca recursos para la radicaci\u00f3n de la denuncia o la expulsi\u00f3n del victimario en caso que corresponda.<\/p>\n<p>En tanto, el presidente del Banco Provincia, Juan Cuattromo, resalt\u00f3 la importancia de la decisi\u00f3n pol\u00edtica del gobernador Axel Kicillof, por la cual el Banco provincia es el primero en Argentina en crear una Comisi\u00f3n de Mujeres, Pol\u00edticas de G\u00e9nero y Diversidad.<\/p>\n<p>\u201cCreemos que todo el sistema financiero deber\u00eda acompa\u00f1ar esta misma agenda, porque es muy importante que la otra pandemia que es la violencia de g\u00e9nero no siga creciendo y que el Estado y todo el sistema financiero est\u00e9n a disposici\u00f3n de las v\u00edctimas\u201d, sostuvo.<\/p>\n<p>\u201cNos parece fundamental poder acompa\u00f1ar al ministerio de las Mujeres, Pol\u00edticas de G\u00e9nero y Diversidad Sexual y por eso nos adherimos a la campa\u00f1a #SeguimosConectadas mediante la difusi\u00f3n de las l\u00edneas de atenci\u00f3n a personas en situaci\u00f3n de violencia en nuestros canales digitales y redes sociales\u201d, subray\u00f3 Cuattromo.<\/p>\n<p>La directora de la entidad, Juliana Di Tullio, al frente de la Comisi\u00f3n de Mujeres, Pol\u00edticas de G\u00e9nero y Diversidad Sexual \u201cla iniciativa se pens\u00f3 en conjunto con el Ministerio para promocionar el n\u00famero 144, las l\u00edneas de Telegram y Whatsapp a trav\u00e9s de nuestros canales electr\u00f3nicos, como el home banking, Cuenta DNI y los cajeros autom\u00e1ticos\u201d.<\/p>\n","protected":false},"excerpt":{"rendered":"<p>El Ministerio de las Mujeres, Pol\u00edticas de G\u00e9nero y Diversidad Sexual y el Banco Provincia oficializaron un acuerdo, por el cual la entidad crediticia difundir\u00e1 las l\u00edneas de atenci\u00f3n a mujeres y LGTB+ en situaci\u00f3n de violencia por razones de g\u00e9nero, se inform\u00f3 en un comunicado.<\/p>\n","protected":false},"author":3,"featured_media":0,"comment_status":"closed","ping_status":"open","sticky":false,"template":"","format":"standard","meta":{"footnotes":""},"categories":[24,26],"tags":[],"class_list":["post-42177","post","type-post","status-publish","format-standard","hentry","category-politica","category-sociedad"],"yoast_head":"<!-- This site is optimized with the Yoast SEO plugin v25.9 - https:\/\/yoast.com\/wordpress\/plugins\/seo\/ -->\n<title>Banco Provincia difundir\u00e1 l\u00edneas de atenci\u00f3n a mujeres y LGTB+ en situaci\u00f3n de violencia - Noticias Radio Reflejos<\/title>\n<meta name=\"robots\" content=\"index, follow, max-snippet:-1, max-image-preview:large, max-video-preview:-1\" \/>\n<link rel=\"canonical\" href=\"https:\/\/www.noticiasradioreflejos.com.ar\/2021\/banco-provincia-difundira-lineas-de-atencion-a-mujeres-y-lgtb-en-situacion-de-violencia\/\" \/>\n<meta property=\"og:locale\" content=\"es_ES\" \/>\n<meta property=\"og:type\" content=\"article\" \/>\n<meta property=\"og:title\" content=\"Banco Provincia difundir\u00e1 l\u00edneas de atenci\u00f3n a mujeres y LGTB+ en situaci\u00f3n de violencia - Noticias Radio Reflejos\" \/>\n<meta property=\"og:description\" content=\"El Ministerio de las Mujeres, Pol\u00edticas de G\u00e9nero y Diversidad Sexual y el Banco Provincia oficializaron un acuerdo, por el cual la entidad crediticia difundir\u00e1 las l\u00edneas de atenci\u00f3n a mujeres y LGTB+ en situaci\u00f3n de violencia por razones de g\u00e9nero, se inform\u00f3 en un comunicado.\" \/>\n<meta property=\"og:url\" content=\"https:\/\/www.noticiasradioreflejos.com.ar\/2021\/banco-provincia-difundira-lineas-de-atencion-a-mujeres-y-lgtb-en-situacion-de-violencia\/\" \/>\n<meta property=\"og:site_name\" content=\"Noticias Radio Reflejos\" \/>\n<meta property=\"article:published_time\" content=\"2020-05-20T11:11:20+00:00\" \/>\n<meta property=\"og:image\" content=\"https:\/\/www.noticiasradioreflejos.com.ar\/2021\/wp-content\/uploads\/2021\/07\/logosol300x200.png\" \/>\n\t<meta property=\"og:image:width\" content=\"300\" \/>\n\t<meta property=\"og:image:height\" content=\"200\" \/>\n\t<meta property=\"og:image:type\" content=\"image\/png\" \/>\n<meta name=\"author\" content=\"Arnaldo Botto\" \/>\n<meta name=\"twitter:card\" content=\"summary_large_image\" \/>\n<script type=\"application\/ld+json\" class=\"yoast-schema-graph\">{\"@context\":\"https:\/\/schema.org\",\"@graph\":[{\"@type\":\"WebPage\",\"@id\":\"https:\/\/www.noticiasradioreflejos.com.ar\/2021\/banco-provincia-difundira-lineas-de-atencion-a-mujeres-y-lgtb-en-situacion-de-violencia\/\",\"url\":\"https:\/\/www.noticiasradioreflejos.com.ar\/2021\/banco-provincia-difundira-lineas-de-atencion-a-mujeres-y-lgtb-en-situacion-de-violencia\/\",\"name\":\"Banco Provincia difundir\u00e1 l\u00edneas de atenci\u00f3n a mujeres y LGTB+ en situaci\u00f3n de violencia - Noticias Radio Reflejos\",\"isPartOf\":{\"@id\":\"https:\/\/www.noticiasradioreflejos.com.ar\/2021\/#website\"},\"datePublished\":\"2020-05-20T11:11:20+00:00\",\"author\":{\"@id\":\"https:\/\/www.noticiasradioreflejos.com.ar\/2021\/#\/schema\/person\/ad82545263dcc5ec0996818884fd5fb1\"},\"breadcrumb\":{\"@id\":\"https:\/\/www.noticiasradioreflejos.com.ar\/2021\/banco-provincia-difundira-lineas-de-atencion-a-mujeres-y-lgtb-en-situacion-de-violencia\/#breadcrumb\"},\"inLanguage\":\"es\",\"potentialAction\":[{\"@type\":\"ReadAction\",\"target\":[\"https:\/\/www.noticiasradioreflejos.com.ar\/2021\/banco-provincia-difundira-lineas-de-atencion-a-mujeres-y-lgtb-en-situacion-de-violencia\/\"]}]},{\"@type\":\"BreadcrumbList\",\"@id\":\"https:\/\/www.noticiasradioreflejos.com.ar\/2021\/banco-provincia-difundira-lineas-de-atencion-a-mujeres-y-lgtb-en-situacion-de-violencia\/#breadcrumb\",\"itemListElement\":[{\"@type\":\"ListItem\",\"position\":1,\"name\":\"Portada\",\"item\":\"https:\/\/www.noticiasradioreflejos.com.ar\/2021\/\"},{\"@type\":\"ListItem\",\"position\":2,\"name\":\"Banco Provincia difundir\u00e1 l\u00edneas de atenci\u00f3n a mujeres y LGTB+ en situaci\u00f3n de violencia\"}]},{\"@type\":\"WebSite\",\"@id\":\"https:\/\/www.noticiasradioreflejos.com.ar\/2021\/#website\",\"url\":\"https:\/\/www.noticiasradioreflejos.com.ar\/2021\/\",\"name\":\"Noticias Radio Reflejos\",\"description\":\"Las noticias de mi comarca\",\"potentialAction\":[{\"@type\":\"SearchAction\",\"target\":{\"@type\":\"EntryPoint\",\"urlTemplate\":\"https:\/\/www.noticiasradioreflejos.com.ar\/2021\/?s={search_term_string}\"},\"query-input\":{\"@type\":\"PropertyValueSpecification\",\"valueRequired\":true,\"valueName\":\"search_term_string\"}}],\"inLanguage\":\"es\"},{\"@type\":\"Person\",\"@id\":\"https:\/\/www.noticiasradioreflejos.com.ar\/2021\/#\/schema\/person\/ad82545263dcc5ec0996818884fd5fb1\",\"name\":\"Arnaldo Botto\",\"image\":{\"@type\":\"ImageObject\",\"inLanguage\":\"es\",\"@id\":\"https:\/\/www.noticiasradioreflejos.com.ar\/2021\/#\/schema\/person\/image\/\",\"url\":\"https:\/\/secure.gravatar.com\/avatar\/55cb5e37c1efa326397366e6974cb338056df65cb50e7d64d1cf314e87504837?s=96&d=mm&r=g\",\"contentUrl\":\"https:\/\/secure.gravatar.com\/avatar\/55cb5e37c1efa326397366e6974cb338056df65cb50e7d64d1cf314e87504837?s=96&d=mm&r=g\",\"caption\":\"Arnaldo Botto\"},\"url\":\"https:\/\/www.noticiasradioreflejos.com.ar\/2021\/author\/arnaldo\/\"}]}<\/script>\n<!-- \/ Yoast SEO plugin. -->","yoast_head_json":{"title":"Banco Provincia difundir\u00e1 l\u00edneas de atenci\u00f3n a mujeres y LGTB+ en situaci\u00f3n de violencia - Noticias Radio Reflejos","robots":{"index":"index","follow":"follow","max-snippet":"max-snippet:-1","max-image-preview":"max-image-preview:large","max-video-preview":"max-video-preview:-1"},"canonical":"https:\/\/www.noticiasradioreflejos.com.ar\/2021\/banco-provincia-difundira-lineas-de-atencion-a-mujeres-y-lgtb-en-situacion-de-violencia\/","og_locale":"es_ES","og_type":"article","og_title":"Banco Provincia difundir\u00e1 l\u00edneas de atenci\u00f3n a mujeres y LGTB+ en situaci\u00f3n de violencia - Noticias Radio Reflejos","og_description":"El Ministerio de las Mujeres, Pol\u00edticas de G\u00e9nero y Diversidad Sexual y el Banco Provincia oficializaron un acuerdo, por el cual la entidad crediticia difundir\u00e1 las l\u00edneas de atenci\u00f3n a mujeres y LGTB+ en situaci\u00f3n de violencia por razones de g\u00e9nero, se inform\u00f3 en un comunicado.","og_url":"https:\/\/www.noticiasradioreflejos.com.ar\/2021\/banco-provincia-difundira-lineas-de-atencion-a-mujeres-y-lgtb-en-situacion-de-violencia\/","og_site_name":"Noticias Radio Reflejos","article_published_time":"2020-05-20T11:11:20+00:00","og_image":[{"width":300,"height":200,"url":"https:\/\/www.noticiasradioreflejos.com.ar\/2021\/wp-content\/uploads\/2021\/07\/logosol300x200.png","type":"image\/png"}],"author":"Arnaldo Botto","twitter_card":"summary_large_image","schema":{"@context":"https:\/\/schema.org","@graph":[{"@type":"WebPage","@id":"https:\/\/www.noticiasradioreflejos.com.ar\/2021\/banco-provincia-difundira-lineas-de-atencion-a-mujeres-y-lgtb-en-situacion-de-violencia\/","url":"https:\/\/www.noticiasradioreflejos.com.ar\/2021\/banco-provincia-difundira-lineas-de-atencion-a-mujeres-y-lgtb-en-situacion-de-violencia\/","name":"Banco Provincia difundir\u00e1 l\u00edneas de atenci\u00f3n a mujeres y LGTB+ en situaci\u00f3n de violencia - Noticias Radio Reflejos","isPartOf":{"@id":"https:\/\/www.noticiasradioreflejos.com.ar\/2021\/#website"},"datePublished":"2020-05-20T11:11:20+00:00","author":{"@id":"https:\/\/www.noticiasradioreflejos.com.ar\/2021\/#\/schema\/person\/ad82545263dcc5ec0996818884fd5fb1"},"breadcrumb":{"@id":"https:\/\/www.noticiasradioreflejos.com.ar\/2021\/banco-provincia-difundira-lineas-de-atencion-a-mujeres-y-lgtb-en-situacion-de-violencia\/#breadcrumb"},"inLanguage":"es","potentialAction":[{"@type":"ReadAction","target":["https:\/\/www.noticiasradioreflejos.com.ar\/2021\/banco-provincia-difundira-lineas-de-atencion-a-mujeres-y-lgtb-en-situacion-de-violencia\/"]}]},{"@type":"BreadcrumbList","@id":"https:\/\/www.noticiasradioreflejos.com.ar\/2021\/banco-provincia-difundira-lineas-de-atencion-a-mujeres-y-lgtb-en-situacion-de-violencia\/#breadcrumb","itemListElement":[{"@type":"ListItem","position":1,"name":"Portada","item":"https:\/\/www.noticiasradioreflejos.com.ar\/2021\/"},{"@type":"ListItem","position":2,"name":"Banco Provincia difundir\u00e1 l\u00edneas de atenci\u00f3n a mujeres y LGTB+ en situaci\u00f3n de violencia"}]},{"@type":"WebSite","@id":"https:\/\/www.noticiasradioreflejos.com.ar\/2021\/#website","url":"https:\/\/www.noticiasradioreflejos.com.ar\/2021\/","name":"Noticias Radio Reflejos","description":"Las noticias de mi comarca","potentialAction":[{"@type":"SearchAction","target":{"@type":"EntryPoint","urlTemplate":"https:\/\/www.noticiasradioreflejos.com.ar\/2021\/?s={search_term_string}"},"query-input":{"@type":"PropertyValueSpecification","valueRequired":true,"valueName":"search_term_string"}}],"inLanguage":"es"},{"@type":"Person","@id":"https:\/\/www.noticiasradioreflejos.com.ar\/2021\/#\/schema\/person\/ad82545263dcc5ec0996818884fd5fb1","name":"Arnaldo Botto","image":{"@type":"ImageObject","inLanguage":"es","@id":"https:\/\/www.noticiasradioreflejos.com.ar\/2021\/#\/schema\/person\/image\/","url":"https:\/\/secure.gravatar.com\/avatar\/55cb5e37c1efa326397366e6974cb338056df65cb50e7d64d1cf314e87504837?s=96&d=mm&r=g","contentUrl":"https:\/\/secure.gravatar.com\/avatar\/55cb5e37c1efa326397366e6974cb338056df65cb50e7d64d1cf314e87504837?s=96&d=mm&r=g","caption":"Arnaldo Botto"},"url":"https:\/\/www.noticiasradioreflejos.com.ar\/2021\/author\/arnaldo\/"}]}},"_links":{"self":[{"href":"https:\/\/www.noticiasradioreflejos.com.ar\/2021\/wp-json\/wp\/v2\/posts\/42177","targetHints":{"allow":["GET"]}}],"collection":[{"href":"https:\/\/www.noticiasradioreflejos.com.ar\/2021\/wp-json\/wp\/v2\/posts"}],"about":[{"href":"https:\/\/www.noticiasradioreflejos.com.ar\/2021\/wp-json\/wp\/v2\/types\/post"}],"author":[{"embeddable":true,"href":"https:\/\/www.noticiasradioreflejos.com.ar\/2021\/wp-json\/wp\/v2\/users\/3"}],"replies":[{"embeddable":true,"href":"https:\/\/www.noticiasradioreflejos.com.ar\/2021\/wp-json\/wp\/v2\/comments?post=42177"}],"version-history":[{"count":0,"href":"https:\/\/www.noticiasradioreflejos.com.ar\/2021\/wp-json\/wp\/v2\/posts\/42177\/revisions"}],"wp:attachment":[{"href":"https:\/\/www.noticiasradioreflejos.com.ar\/2021\/wp-json\/wp\/v2\/media?parent=42177"}],"wp:term":[{"taxonomy":"category","embeddable":true,"href":"https:\/\/www.noticiasradioreflejos.com.ar\/2021\/wp-json\/wp\/v2\/categories?post=42177"},{"taxonomy":"post_tag","embeddable":true,"href":"https:\/\/www.noticiasradioreflejos.com.ar\/2021\/wp-json\/wp\/v2\/tags?post=42177"}],"curies":[{"name":"wp","href":"https:\/\/api.w.org\/{rel}","templated":true}]}}