{"id":42170,"date":"2020-05-19T18:48:43","date_gmt":"2020-05-19T21:48:43","guid":{"rendered":"http:\/\/www.noticiasradioreflejos.com.ar\/noticias\/?p=42170"},"modified":"2020-05-19T18:48:43","modified_gmt":"2020-05-19T21:48:43","slug":"impulsan-iniciativa-de-contenidos-digitales-para-promocionar-los-atractivos-turisticos-bonaerenses","status":"publish","type":"post","link":"https:\/\/www.noticiasradioreflejos.com.ar\/2021\/impulsan-iniciativa-de-contenidos-digitales-para-promocionar-los-atractivos-turisticos-bonaerenses\/","title":{"rendered":"Impulsan iniciativa de contenidos digitales para promocionar los atractivos tur\u00edsticos bonaerenses"},"content":{"rendered":"<p>Es a trav\u00e9s del programa \u201cHistorias bonaerenses\u201d, que impulsa el Ministerio de Producci\u00f3n, Ciencia e Innovaci\u00f3n Tecnol\u00f3gica provincial.<br \/>\nEl programa \u201cHistorias bonaerenses\u201d, que impulsa el Ministerio de Producci\u00f3n, Ciencia e Innovaci\u00f3n Tecnol\u00f3gica provincial, y que tiene por objetivo promover los destinos tur\u00edsticos locales en tiempos de pandemia, se lanzar\u00e1 este mi\u00e9rcoles a trav\u00e9s de la Subsecretar\u00eda de Turismo.<!--more--><\/p>\n<p>La propuesta, que lanzar\u00e1 ma\u00f1ana la Subsecretaria de Turismo provincial, invita a peque\u00f1os prestadores tur\u00edsticos a compartir historias y an\u00e9cdotas de sus municipios a trav\u00e9s de contenidos digitales y que les permitir\u00e1 acceder a un aporte no reembolsable de ocho mil pesos por \u00fanica vez,<\/p>\n<p>\u201cEsta iniciativa busca apoyar a uno de los sectores m\u00e1s afectados por la crisis de la Covid-19 y desarrollar estrategias alternativas para seguir promocionando los atractivos de la provincia y revalorizando nuestro patrimonio tur\u00edstico\u201d, dijo Augusto Costa, titular de la cartera de producci\u00f3n bonaerense.<\/p>\n<p>Seg\u00fan se inform\u00f3, los prestadores interesados en participar deber\u00e1n cumplir con una serie de requisitos, entre los que se encuentran ser persona f\u00edsica (mayor de 18 a\u00f1os) o jur\u00eddica titular de un emprendimiento tur\u00edstico y no haber recibido otros apoyos del Estado.<\/p>\n<p>En tanto, detallaron que a la convocatoria podr\u00e1n acceder prestadores de servicios de alojamiento, gastronom\u00eda, recreaci\u00f3n y transporte tur\u00edstico o gu\u00edas de turismo y profesionales del sector.<\/p>\n<p>La participaci\u00f3n ser\u00e1 mediante la producci\u00f3n de videos caseros que no superen los dos minutos y podr\u00e1n ser realizados con un tel\u00e9fono m\u00f3vil, sin la necesidad de salir de sus casas.<\/p>\n<p>El material producido deber\u00e1 responder a categor\u00edas tem\u00e1ticas tales como historia, donde se incluir\u00e1n aquellos relatos que revelen alg\u00fan detalle de la fundaci\u00f3n del lugar o sus alrededores, y an\u00e9cdotas, que contemplar\u00e1 experiencias divertidas o curiosas que hayan ocurrido en la prestadora participante;<\/p>\n<p>Otras categor\u00edas ser\u00e1n las de locaci\u00f3n, donde ingresar\u00e1n aquellas descripciones de atractivos naturales o culturales que rodean a la prestadora participante, y la de familia, donde se incluir\u00e1n historias o relatos sobre emprendimientos familiares o de amigos.<\/p>\n<p>La presentaci\u00f3n del material se habilitar\u00e1 desde el 26 hasta el 28 de mayo, mientras que la comunicaci\u00f3n de los participantes acreedores del aporte no reembolsable se realizar\u00e1 el d\u00eda 5 de junio a trav\u00e9s de la p\u00e1gina web del Ministerio de Producci\u00f3n y las redes sociales de la Subsecretar\u00eda de Turismo.<\/p>\n<p>(Telam)<\/p>\n","protected":false},"excerpt":{"rendered":"<p>Es a trav\u00e9s del programa \u201cHistorias bonaerenses\u201d, que impulsa el Ministerio de Producci\u00f3n, Ciencia e Innovaci\u00f3n Tecnol\u00f3gica provincial. El programa \u201cHistorias bonaerenses\u201d, que impulsa el Ministerio de Producci\u00f3n, Ciencia e Innovaci\u00f3n Tecnol\u00f3gica provincial, y que tiene por objetivo promover los destinos tur\u00edsticos locales en tiempos de pandemia, se lanzar\u00e1 este mi\u00e9rcoles a trav\u00e9s de la [&hellip;]<\/p>\n","protected":false},"author":3,"featured_media":0,"comment_status":"closed","ping_status":"open","sticky":false,"template":"","format":"standard","meta":{"footnotes":""},"categories":[33],"tags":[],"class_list":["post-42170","post","type-post","status-publish","format-standard","hentry","category-turismo"],"yoast_head":"<!-- This site is optimized with the Yoast SEO plugin v25.9 - https:\/\/yoast.com\/wordpress\/plugins\/seo\/ -->\n<title>Impulsan iniciativa de contenidos digitales para promocionar los atractivos tur\u00edsticos bonaerenses - Noticias Radio Reflejos<\/title>\n<meta name=\"robots\" content=\"index, follow, max-snippet:-1, max-image-preview:large, max-video-preview:-1\" \/>\n<link rel=\"canonical\" href=\"https:\/\/www.noticiasradioreflejos.com.ar\/2021\/impulsan-iniciativa-de-contenidos-digitales-para-promocionar-los-atractivos-turisticos-bonaerenses\/\" \/>\n<meta property=\"og:locale\" content=\"es_ES\" \/>\n<meta property=\"og:type\" content=\"article\" \/>\n<meta property=\"og:title\" content=\"Impulsan iniciativa de contenidos digitales para promocionar los atractivos tur\u00edsticos bonaerenses - Noticias Radio Reflejos\" \/>\n<meta property=\"og:description\" content=\"Es a trav\u00e9s del programa \u201cHistorias bonaerenses\u201d, que impulsa el Ministerio de Producci\u00f3n, Ciencia e Innovaci\u00f3n Tecnol\u00f3gica provincial. El programa \u201cHistorias bonaerenses\u201d, que impulsa el Ministerio de Producci\u00f3n, Ciencia e Innovaci\u00f3n Tecnol\u00f3gica provincial, y que tiene por objetivo promover los destinos tur\u00edsticos locales en tiempos de pandemia, se lanzar\u00e1 este mi\u00e9rcoles a trav\u00e9s de la [&hellip;]\" \/>\n<meta property=\"og:url\" content=\"https:\/\/www.noticiasradioreflejos.com.ar\/2021\/impulsan-iniciativa-de-contenidos-digitales-para-promocionar-los-atractivos-turisticos-bonaerenses\/\" \/>\n<meta property=\"og:site_name\" content=\"Noticias Radio Reflejos\" \/>\n<meta property=\"article:published_time\" content=\"2020-05-19T21:48:43+00:00\" \/>\n<meta property=\"og:image\" content=\"https:\/\/www.noticiasradioreflejos.com.ar\/2021\/wp-content\/uploads\/2021\/07\/logosol300x200.png\" \/>\n\t<meta property=\"og:image:width\" content=\"300\" \/>\n\t<meta property=\"og:image:height\" content=\"200\" \/>\n\t<meta property=\"og:image:type\" content=\"image\/png\" \/>\n<meta name=\"author\" content=\"Arnaldo Botto\" \/>\n<meta name=\"twitter:card\" content=\"summary_large_image\" \/>\n<script type=\"application\/ld+json\" class=\"yoast-schema-graph\">{\"@context\":\"https:\/\/schema.org\",\"@graph\":[{\"@type\":\"WebPage\",\"@id\":\"https:\/\/www.noticiasradioreflejos.com.ar\/2021\/impulsan-iniciativa-de-contenidos-digitales-para-promocionar-los-atractivos-turisticos-bonaerenses\/\",\"url\":\"https:\/\/www.noticiasradioreflejos.com.ar\/2021\/impulsan-iniciativa-de-contenidos-digitales-para-promocionar-los-atractivos-turisticos-bonaerenses\/\",\"name\":\"Impulsan iniciativa de contenidos digitales para promocionar los atractivos tur\u00edsticos bonaerenses - Noticias Radio Reflejos\",\"isPartOf\":{\"@id\":\"https:\/\/www.noticiasradioreflejos.com.ar\/2021\/#website\"},\"datePublished\":\"2020-05-19T21:48:43+00:00\",\"author\":{\"@id\":\"https:\/\/www.noticiasradioreflejos.com.ar\/2021\/#\/schema\/person\/ad82545263dcc5ec0996818884fd5fb1\"},\"breadcrumb\":{\"@id\":\"https:\/\/www.noticiasradioreflejos.com.ar\/2021\/impulsan-iniciativa-de-contenidos-digitales-para-promocionar-los-atractivos-turisticos-bonaerenses\/#breadcrumb\"},\"inLanguage\":\"es\",\"potentialAction\":[{\"@type\":\"ReadAction\",\"target\":[\"https:\/\/www.noticiasradioreflejos.com.ar\/2021\/impulsan-iniciativa-de-contenidos-digitales-para-promocionar-los-atractivos-turisticos-bonaerenses\/\"]}]},{\"@type\":\"BreadcrumbList\",\"@id\":\"https:\/\/www.noticiasradioreflejos.com.ar\/2021\/impulsan-iniciativa-de-contenidos-digitales-para-promocionar-los-atractivos-turisticos-bonaerenses\/#breadcrumb\",\"itemListElement\":[{\"@type\":\"ListItem\",\"position\":1,\"name\":\"Portada\",\"item\":\"https:\/\/www.noticiasradioreflejos.com.ar\/2021\/\"},{\"@type\":\"ListItem\",\"position\":2,\"name\":\"Impulsan iniciativa de contenidos digitales para promocionar los atractivos tur\u00edsticos bonaerenses\"}]},{\"@type\":\"WebSite\",\"@id\":\"https:\/\/www.noticiasradioreflejos.com.ar\/2021\/#website\",\"url\":\"https:\/\/www.noticiasradioreflejos.com.ar\/2021\/\",\"name\":\"Noticias Radio Reflejos\",\"description\":\"Las noticias de mi comarca\",\"potentialAction\":[{\"@type\":\"SearchAction\",\"target\":{\"@type\":\"EntryPoint\",\"urlTemplate\":\"https:\/\/www.noticiasradioreflejos.com.ar\/2021\/?s={search_term_string}\"},\"query-input\":{\"@type\":\"PropertyValueSpecification\",\"valueRequired\":true,\"valueName\":\"search_term_string\"}}],\"inLanguage\":\"es\"},{\"@type\":\"Person\",\"@id\":\"https:\/\/www.noticiasradioreflejos.com.ar\/2021\/#\/schema\/person\/ad82545263dcc5ec0996818884fd5fb1\",\"name\":\"Arnaldo Botto\",\"image\":{\"@type\":\"ImageObject\",\"inLanguage\":\"es\",\"@id\":\"https:\/\/www.noticiasradioreflejos.com.ar\/2021\/#\/schema\/person\/image\/\",\"url\":\"https:\/\/secure.gravatar.com\/avatar\/55cb5e37c1efa326397366e6974cb338056df65cb50e7d64d1cf314e87504837?s=96&d=mm&r=g\",\"contentUrl\":\"https:\/\/secure.gravatar.com\/avatar\/55cb5e37c1efa326397366e6974cb338056df65cb50e7d64d1cf314e87504837?s=96&d=mm&r=g\",\"caption\":\"Arnaldo Botto\"},\"url\":\"https:\/\/www.noticiasradioreflejos.com.ar\/2021\/author\/arnaldo\/\"}]}<\/script>\n<!-- \/ Yoast SEO plugin. -->","yoast_head_json":{"title":"Impulsan iniciativa de contenidos digitales para promocionar los atractivos tur\u00edsticos bonaerenses - Noticias Radio Reflejos","robots":{"index":"index","follow":"follow","max-snippet":"max-snippet:-1","max-image-preview":"max-image-preview:large","max-video-preview":"max-video-preview:-1"},"canonical":"https:\/\/www.noticiasradioreflejos.com.ar\/2021\/impulsan-iniciativa-de-contenidos-digitales-para-promocionar-los-atractivos-turisticos-bonaerenses\/","og_locale":"es_ES","og_type":"article","og_title":"Impulsan iniciativa de contenidos digitales para promocionar los atractivos tur\u00edsticos bonaerenses - Noticias Radio Reflejos","og_description":"Es a trav\u00e9s del programa \u201cHistorias bonaerenses\u201d, que impulsa el Ministerio de Producci\u00f3n, Ciencia e Innovaci\u00f3n Tecnol\u00f3gica provincial. El programa \u201cHistorias bonaerenses\u201d, que impulsa el Ministerio de Producci\u00f3n, Ciencia e Innovaci\u00f3n Tecnol\u00f3gica provincial, y que tiene por objetivo promover los destinos tur\u00edsticos locales en tiempos de pandemia, se lanzar\u00e1 este mi\u00e9rcoles a trav\u00e9s de la [&hellip;]","og_url":"https:\/\/www.noticiasradioreflejos.com.ar\/2021\/impulsan-iniciativa-de-contenidos-digitales-para-promocionar-los-atractivos-turisticos-bonaerenses\/","og_site_name":"Noticias Radio Reflejos","article_published_time":"2020-05-19T21:48:43+00:00","og_image":[{"width":300,"height":200,"url":"https:\/\/www.noticiasradioreflejos.com.ar\/2021\/wp-content\/uploads\/2021\/07\/logosol300x200.png","type":"image\/png"}],"author":"Arnaldo Botto","twitter_card":"summary_large_image","schema":{"@context":"https:\/\/schema.org","@graph":[{"@type":"WebPage","@id":"https:\/\/www.noticiasradioreflejos.com.ar\/2021\/impulsan-iniciativa-de-contenidos-digitales-para-promocionar-los-atractivos-turisticos-bonaerenses\/","url":"https:\/\/www.noticiasradioreflejos.com.ar\/2021\/impulsan-iniciativa-de-contenidos-digitales-para-promocionar-los-atractivos-turisticos-bonaerenses\/","name":"Impulsan iniciativa de contenidos digitales para promocionar los atractivos tur\u00edsticos bonaerenses - Noticias Radio Reflejos","isPartOf":{"@id":"https:\/\/www.noticiasradioreflejos.com.ar\/2021\/#website"},"datePublished":"2020-05-19T21:48:43+00:00","author":{"@id":"https:\/\/www.noticiasradioreflejos.com.ar\/2021\/#\/schema\/person\/ad82545263dcc5ec0996818884fd5fb1"},"breadcrumb":{"@id":"https:\/\/www.noticiasradioreflejos.com.ar\/2021\/impulsan-iniciativa-de-contenidos-digitales-para-promocionar-los-atractivos-turisticos-bonaerenses\/#breadcrumb"},"inLanguage":"es","potentialAction":[{"@type":"ReadAction","target":["https:\/\/www.noticiasradioreflejos.com.ar\/2021\/impulsan-iniciativa-de-contenidos-digitales-para-promocionar-los-atractivos-turisticos-bonaerenses\/"]}]},{"@type":"BreadcrumbList","@id":"https:\/\/www.noticiasradioreflejos.com.ar\/2021\/impulsan-iniciativa-de-contenidos-digitales-para-promocionar-los-atractivos-turisticos-bonaerenses\/#breadcrumb","itemListElement":[{"@type":"ListItem","position":1,"name":"Portada","item":"https:\/\/www.noticiasradioreflejos.com.ar\/2021\/"},{"@type":"ListItem","position":2,"name":"Impulsan iniciativa de contenidos digitales para promocionar los atractivos tur\u00edsticos bonaerenses"}]},{"@type":"WebSite","@id":"https:\/\/www.noticiasradioreflejos.com.ar\/2021\/#website","url":"https:\/\/www.noticiasradioreflejos.com.ar\/2021\/","name":"Noticias Radio Reflejos","description":"Las noticias de mi comarca","potentialAction":[{"@type":"SearchAction","target":{"@type":"EntryPoint","urlTemplate":"https:\/\/www.noticiasradioreflejos.com.ar\/2021\/?s={search_term_string}"},"query-input":{"@type":"PropertyValueSpecification","valueRequired":true,"valueName":"search_term_string"}}],"inLanguage":"es"},{"@type":"Person","@id":"https:\/\/www.noticiasradioreflejos.com.ar\/2021\/#\/schema\/person\/ad82545263dcc5ec0996818884fd5fb1","name":"Arnaldo Botto","image":{"@type":"ImageObject","inLanguage":"es","@id":"https:\/\/www.noticiasradioreflejos.com.ar\/2021\/#\/schema\/person\/image\/","url":"https:\/\/secure.gravatar.com\/avatar\/55cb5e37c1efa326397366e6974cb338056df65cb50e7d64d1cf314e87504837?s=96&d=mm&r=g","contentUrl":"https:\/\/secure.gravatar.com\/avatar\/55cb5e37c1efa326397366e6974cb338056df65cb50e7d64d1cf314e87504837?s=96&d=mm&r=g","caption":"Arnaldo Botto"},"url":"https:\/\/www.noticiasradioreflejos.com.ar\/2021\/author\/arnaldo\/"}]}},"_links":{"self":[{"href":"https:\/\/www.noticiasradioreflejos.com.ar\/2021\/wp-json\/wp\/v2\/posts\/42170","targetHints":{"allow":["GET"]}}],"collection":[{"href":"https:\/\/www.noticiasradioreflejos.com.ar\/2021\/wp-json\/wp\/v2\/posts"}],"about":[{"href":"https:\/\/www.noticiasradioreflejos.com.ar\/2021\/wp-json\/wp\/v2\/types\/post"}],"author":[{"embeddable":true,"href":"https:\/\/www.noticiasradioreflejos.com.ar\/2021\/wp-json\/wp\/v2\/users\/3"}],"replies":[{"embeddable":true,"href":"https:\/\/www.noticiasradioreflejos.com.ar\/2021\/wp-json\/wp\/v2\/comments?post=42170"}],"version-history":[{"count":0,"href":"https:\/\/www.noticiasradioreflejos.com.ar\/2021\/wp-json\/wp\/v2\/posts\/42170\/revisions"}],"wp:attachment":[{"href":"https:\/\/www.noticiasradioreflejos.com.ar\/2021\/wp-json\/wp\/v2\/media?parent=42170"}],"wp:term":[{"taxonomy":"category","embeddable":true,"href":"https:\/\/www.noticiasradioreflejos.com.ar\/2021\/wp-json\/wp\/v2\/categories?post=42170"},{"taxonomy":"post_tag","embeddable":true,"href":"https:\/\/www.noticiasradioreflejos.com.ar\/2021\/wp-json\/wp\/v2\/tags?post=42170"}],"curies":[{"name":"wp","href":"https:\/\/api.w.org\/{rel}","templated":true}]}}