{"id":42167,"date":"2020-05-19T18:45:15","date_gmt":"2020-05-19T21:45:15","guid":{"rendered":"http:\/\/www.noticiasradioreflejos.com.ar\/noticias\/?p=42167"},"modified":"2020-05-19T18:45:15","modified_gmt":"2020-05-19T21:45:15","slug":"el-gobierno-amplio-las-excepciones-a-la-cuarentena-para-la-actividad-de-pilotos-en-aeroclubes","status":"publish","type":"post","link":"https:\/\/www.noticiasradioreflejos.com.ar\/2021\/el-gobierno-amplio-las-excepciones-a-la-cuarentena-para-la-actividad-de-pilotos-en-aeroclubes\/","title":{"rendered":"El Gobierno ampli\u00f3 las excepciones a la cuarentena para la actividad de pilotos en aeroclubes."},"content":{"rendered":"<p>El Gobierno Nacional ampli\u00f3 el listado de actividades exceptuadas del cumplimiento del \u201cAislamiento Social Preventivo y Obligatorio\u201d (ASPO), incorporando la actividad de entrenamiento de pilotos en aeroclubes y escuelas de vuelo, para mantener as\u00ed los est\u00e1ndares de seguridad operacional en el sector aeron\u00e1utico. La Decisi\u00f3n Administrativa del Estado Nacional N\u00ba 810\/2020, ampl\u00eda el listado de actividades y servicios exceptuados en el art\u00edculo 6\u00b0 del Decreto N\u00b0 297\/20 \u201cASPO\u201d, para el sector aeron\u00e1utico general, con el fin de facilitar su desarrollo en todo el territorio nacional, con excepci\u00f3n del \u00c1rea Metropolitana de Buenos Aires (AMBA).<!--more--><\/p>\n<p>El objetivo de estas medidas es sostener los est\u00e1ndares de instrucci\u00f3n en el \u00e1mbito aeron\u00e1utico y de seguridad operacional y por ello, se permite un m\u00e1ximo de dos personas por aeronave, las cuales deber\u00e1n usar tapabocas y mantener la debida distancia entre ellas, con el fin de minimizar los riesgos de contagio.<\/p>\n<p>Los pormenores de la medida, fueron comunicados oficialmente por la Administraci\u00f3n Nacional de Aviaci\u00f3n Civil (ANAC) a trav\u00e9s de la AIC A19\/2020, que detalla estas actividades ahora exceptuadas del alcance del DNU 297\/2020.<\/p>\n<p>A partir de ahora se podr\u00e1 desarrollar la actividad y servicio de mantenimiento y reparaci\u00f3n de aeronaves; la fabricaci\u00f3n y provisi\u00f3n de insumos y repuestos indispensables para la prestaci\u00f3n del servicio de transporte a\u00e9reo y cualquier otro que sea necesario para el mantenimiento de aeronaves; y la actividad de entrenamiento de pilotos, desarrollada a trav\u00e9s de vuelos privados, en aeroclubes y en escuelas de vuelo.<\/p>\n<p>La comunicaci\u00f3n aeron\u00e1utica indica que en todos los casos se deber\u00e1n observar las recomendaciones e instrucciones de la autoridad sanitaria con el fin de evitar el contagio, incorporando protocolos sanitarios, organizaci\u00f3n por turnos para la prestaci\u00f3n de servicios y adecuaci\u00f3n de los modos de trabajo y de traslado a tal efecto.<br \/>\n<a title=\"98190136_2648322642153759_777073366120005632_n\" href=\"http:\/\/live.staticflickr.com\/65535\/49914044536_5255470ec1_s.jpg\" rel=\"\"><img loading=\"lazy\" decoding=\"async\" class=\"aligncenter\" title=\"98190136_2648322642153759_777073366120005632_n\" src=\"http:\/\/live.staticflickr.com\/65535\/49914044536_5255470ec1_z.jpg\" alt=\"98190136_2648322642153759_777073366120005632_n\" width=\"638\" height=\"640\" \/><\/a><a title=\"100_2443\" href=\"http:\/\/live.staticflickr.com\/65535\/49914044551_0e207751c6_s.jpg\" rel=\"\"><img loading=\"lazy\" decoding=\"async\" class=\"aligncenter\" title=\"100_2443\" src=\"http:\/\/live.staticflickr.com\/65535\/49914044551_0e207751c6_c.jpg\" alt=\"100_2443\" width=\"800\" height=\"600\" \/><\/a><\/p>\n","protected":false},"excerpt":{"rendered":"<p>El Gobierno Nacional ampli\u00f3 el listado de actividades exceptuadas del cumplimiento del \u201cAislamiento Social Preventivo y Obligatorio\u201d (ASPO), incorporando la actividad de entrenamiento de pilotos en aeroclubes y escuelas de vuelo, para mantener as\u00ed los est\u00e1ndares de seguridad operacional en el sector aeron\u00e1utico. La Decisi\u00f3n Administrativa del Estado Nacional N\u00ba 810\/2020, ampl\u00eda el listado de [&hellip;]<\/p>\n","protected":false},"author":3,"featured_media":0,"comment_status":"closed","ping_status":"open","sticky":false,"template":"","format":"standard","meta":{"footnotes":""},"categories":[26],"tags":[],"class_list":["post-42167","post","type-post","status-publish","format-standard","hentry","category-sociedad"],"yoast_head":"<!-- This site is optimized with the Yoast SEO plugin v25.9 - https:\/\/yoast.com\/wordpress\/plugins\/seo\/ -->\n<title>El Gobierno ampli\u00f3 las excepciones a la cuarentena para la actividad de pilotos en aeroclubes. - Noticias Radio Reflejos<\/title>\n<meta name=\"robots\" content=\"index, follow, max-snippet:-1, max-image-preview:large, max-video-preview:-1\" \/>\n<link rel=\"canonical\" href=\"https:\/\/www.noticiasradioreflejos.com.ar\/2021\/el-gobierno-amplio-las-excepciones-a-la-cuarentena-para-la-actividad-de-pilotos-en-aeroclubes\/\" \/>\n<meta property=\"og:locale\" content=\"es_ES\" \/>\n<meta property=\"og:type\" content=\"article\" \/>\n<meta property=\"og:title\" content=\"El Gobierno ampli\u00f3 las excepciones a la cuarentena para la actividad de pilotos en aeroclubes. - Noticias Radio Reflejos\" \/>\n<meta property=\"og:description\" content=\"El Gobierno Nacional ampli\u00f3 el listado de actividades exceptuadas del cumplimiento del \u201cAislamiento Social Preventivo y Obligatorio\u201d (ASPO), incorporando la actividad de entrenamiento de pilotos en aeroclubes y escuelas de vuelo, para mantener as\u00ed los est\u00e1ndares de seguridad operacional en el sector aeron\u00e1utico. La Decisi\u00f3n Administrativa del Estado Nacional N\u00ba 810\/2020, ampl\u00eda el listado de [&hellip;]\" \/>\n<meta property=\"og:url\" content=\"https:\/\/www.noticiasradioreflejos.com.ar\/2021\/el-gobierno-amplio-las-excepciones-a-la-cuarentena-para-la-actividad-de-pilotos-en-aeroclubes\/\" \/>\n<meta property=\"og:site_name\" content=\"Noticias Radio Reflejos\" \/>\n<meta property=\"article:published_time\" content=\"2020-05-19T21:45:15+00:00\" \/>\n<meta property=\"og:image\" content=\"http:\/\/live.staticflickr.com\/65535\/49914044536_5255470ec1_z.jpg\" \/>\n<meta name=\"author\" content=\"Arnaldo Botto\" \/>\n<meta name=\"twitter:card\" content=\"summary_large_image\" \/>\n<script type=\"application\/ld+json\" class=\"yoast-schema-graph\">{\"@context\":\"https:\/\/schema.org\",\"@graph\":[{\"@type\":\"WebPage\",\"@id\":\"https:\/\/www.noticiasradioreflejos.com.ar\/2021\/el-gobierno-amplio-las-excepciones-a-la-cuarentena-para-la-actividad-de-pilotos-en-aeroclubes\/\",\"url\":\"https:\/\/www.noticiasradioreflejos.com.ar\/2021\/el-gobierno-amplio-las-excepciones-a-la-cuarentena-para-la-actividad-de-pilotos-en-aeroclubes\/\",\"name\":\"El Gobierno ampli\u00f3 las excepciones a la cuarentena para la actividad de pilotos en aeroclubes. - Noticias Radio Reflejos\",\"isPartOf\":{\"@id\":\"https:\/\/www.noticiasradioreflejos.com.ar\/2021\/#website\"},\"primaryImageOfPage\":{\"@id\":\"https:\/\/www.noticiasradioreflejos.com.ar\/2021\/el-gobierno-amplio-las-excepciones-a-la-cuarentena-para-la-actividad-de-pilotos-en-aeroclubes\/#primaryimage\"},\"image\":{\"@id\":\"https:\/\/www.noticiasradioreflejos.com.ar\/2021\/el-gobierno-amplio-las-excepciones-a-la-cuarentena-para-la-actividad-de-pilotos-en-aeroclubes\/#primaryimage\"},\"thumbnailUrl\":\"http:\/\/live.staticflickr.com\/65535\/49914044536_5255470ec1_z.jpg\",\"datePublished\":\"2020-05-19T21:45:15+00:00\",\"author\":{\"@id\":\"https:\/\/www.noticiasradioreflejos.com.ar\/2021\/#\/schema\/person\/ad82545263dcc5ec0996818884fd5fb1\"},\"breadcrumb\":{\"@id\":\"https:\/\/www.noticiasradioreflejos.com.ar\/2021\/el-gobierno-amplio-las-excepciones-a-la-cuarentena-para-la-actividad-de-pilotos-en-aeroclubes\/#breadcrumb\"},\"inLanguage\":\"es\",\"potentialAction\":[{\"@type\":\"ReadAction\",\"target\":[\"https:\/\/www.noticiasradioreflejos.com.ar\/2021\/el-gobierno-amplio-las-excepciones-a-la-cuarentena-para-la-actividad-de-pilotos-en-aeroclubes\/\"]}]},{\"@type\":\"ImageObject\",\"inLanguage\":\"es\",\"@id\":\"https:\/\/www.noticiasradioreflejos.com.ar\/2021\/el-gobierno-amplio-las-excepciones-a-la-cuarentena-para-la-actividad-de-pilotos-en-aeroclubes\/#primaryimage\",\"url\":\"http:\/\/live.staticflickr.com\/65535\/49914044536_5255470ec1_z.jpg\",\"contentUrl\":\"http:\/\/live.staticflickr.com\/65535\/49914044536_5255470ec1_z.jpg\"},{\"@type\":\"BreadcrumbList\",\"@id\":\"https:\/\/www.noticiasradioreflejos.com.ar\/2021\/el-gobierno-amplio-las-excepciones-a-la-cuarentena-para-la-actividad-de-pilotos-en-aeroclubes\/#breadcrumb\",\"itemListElement\":[{\"@type\":\"ListItem\",\"position\":1,\"name\":\"Portada\",\"item\":\"https:\/\/www.noticiasradioreflejos.com.ar\/2021\/\"},{\"@type\":\"ListItem\",\"position\":2,\"name\":\"El Gobierno ampli\u00f3 las excepciones a la cuarentena para la actividad de pilotos en aeroclubes.\"}]},{\"@type\":\"WebSite\",\"@id\":\"https:\/\/www.noticiasradioreflejos.com.ar\/2021\/#website\",\"url\":\"https:\/\/www.noticiasradioreflejos.com.ar\/2021\/\",\"name\":\"Noticias Radio Reflejos\",\"description\":\"Las noticias de mi comarca\",\"potentialAction\":[{\"@type\":\"SearchAction\",\"target\":{\"@type\":\"EntryPoint\",\"urlTemplate\":\"https:\/\/www.noticiasradioreflejos.com.ar\/2021\/?s={search_term_string}\"},\"query-input\":{\"@type\":\"PropertyValueSpecification\",\"valueRequired\":true,\"valueName\":\"search_term_string\"}}],\"inLanguage\":\"es\"},{\"@type\":\"Person\",\"@id\":\"https:\/\/www.noticiasradioreflejos.com.ar\/2021\/#\/schema\/person\/ad82545263dcc5ec0996818884fd5fb1\",\"name\":\"Arnaldo Botto\",\"image\":{\"@type\":\"ImageObject\",\"inLanguage\":\"es\",\"@id\":\"https:\/\/www.noticiasradioreflejos.com.ar\/2021\/#\/schema\/person\/image\/\",\"url\":\"https:\/\/secure.gravatar.com\/avatar\/55cb5e37c1efa326397366e6974cb338056df65cb50e7d64d1cf314e87504837?s=96&d=mm&r=g\",\"contentUrl\":\"https:\/\/secure.gravatar.com\/avatar\/55cb5e37c1efa326397366e6974cb338056df65cb50e7d64d1cf314e87504837?s=96&d=mm&r=g\",\"caption\":\"Arnaldo Botto\"},\"url\":\"https:\/\/www.noticiasradioreflejos.com.ar\/2021\/author\/arnaldo\/\"}]}<\/script>\n<!-- \/ Yoast SEO plugin. -->","yoast_head_json":{"title":"El Gobierno ampli\u00f3 las excepciones a la cuarentena para la actividad de pilotos en aeroclubes. - Noticias Radio Reflejos","robots":{"index":"index","follow":"follow","max-snippet":"max-snippet:-1","max-image-preview":"max-image-preview:large","max-video-preview":"max-video-preview:-1"},"canonical":"https:\/\/www.noticiasradioreflejos.com.ar\/2021\/el-gobierno-amplio-las-excepciones-a-la-cuarentena-para-la-actividad-de-pilotos-en-aeroclubes\/","og_locale":"es_ES","og_type":"article","og_title":"El Gobierno ampli\u00f3 las excepciones a la cuarentena para la actividad de pilotos en aeroclubes. - Noticias Radio Reflejos","og_description":"El Gobierno Nacional ampli\u00f3 el listado de actividades exceptuadas del cumplimiento del \u201cAislamiento Social Preventivo y Obligatorio\u201d (ASPO), incorporando la actividad de entrenamiento de pilotos en aeroclubes y escuelas de vuelo, para mantener as\u00ed los est\u00e1ndares de seguridad operacional en el sector aeron\u00e1utico. La Decisi\u00f3n Administrativa del Estado Nacional N\u00ba 810\/2020, ampl\u00eda el listado de [&hellip;]","og_url":"https:\/\/www.noticiasradioreflejos.com.ar\/2021\/el-gobierno-amplio-las-excepciones-a-la-cuarentena-para-la-actividad-de-pilotos-en-aeroclubes\/","og_site_name":"Noticias Radio Reflejos","article_published_time":"2020-05-19T21:45:15+00:00","og_image":[{"url":"http:\/\/live.staticflickr.com\/65535\/49914044536_5255470ec1_z.jpg","type":"","width":"","height":""}],"author":"Arnaldo Botto","twitter_card":"summary_large_image","schema":{"@context":"https:\/\/schema.org","@graph":[{"@type":"WebPage","@id":"https:\/\/www.noticiasradioreflejos.com.ar\/2021\/el-gobierno-amplio-las-excepciones-a-la-cuarentena-para-la-actividad-de-pilotos-en-aeroclubes\/","url":"https:\/\/www.noticiasradioreflejos.com.ar\/2021\/el-gobierno-amplio-las-excepciones-a-la-cuarentena-para-la-actividad-de-pilotos-en-aeroclubes\/","name":"El Gobierno ampli\u00f3 las excepciones a la cuarentena para la actividad de pilotos en aeroclubes. - Noticias Radio Reflejos","isPartOf":{"@id":"https:\/\/www.noticiasradioreflejos.com.ar\/2021\/#website"},"primaryImageOfPage":{"@id":"https:\/\/www.noticiasradioreflejos.com.ar\/2021\/el-gobierno-amplio-las-excepciones-a-la-cuarentena-para-la-actividad-de-pilotos-en-aeroclubes\/#primaryimage"},"image":{"@id":"https:\/\/www.noticiasradioreflejos.com.ar\/2021\/el-gobierno-amplio-las-excepciones-a-la-cuarentena-para-la-actividad-de-pilotos-en-aeroclubes\/#primaryimage"},"thumbnailUrl":"http:\/\/live.staticflickr.com\/65535\/49914044536_5255470ec1_z.jpg","datePublished":"2020-05-19T21:45:15+00:00","author":{"@id":"https:\/\/www.noticiasradioreflejos.com.ar\/2021\/#\/schema\/person\/ad82545263dcc5ec0996818884fd5fb1"},"breadcrumb":{"@id":"https:\/\/www.noticiasradioreflejos.com.ar\/2021\/el-gobierno-amplio-las-excepciones-a-la-cuarentena-para-la-actividad-de-pilotos-en-aeroclubes\/#breadcrumb"},"inLanguage":"es","potentialAction":[{"@type":"ReadAction","target":["https:\/\/www.noticiasradioreflejos.com.ar\/2021\/el-gobierno-amplio-las-excepciones-a-la-cuarentena-para-la-actividad-de-pilotos-en-aeroclubes\/"]}]},{"@type":"ImageObject","inLanguage":"es","@id":"https:\/\/www.noticiasradioreflejos.com.ar\/2021\/el-gobierno-amplio-las-excepciones-a-la-cuarentena-para-la-actividad-de-pilotos-en-aeroclubes\/#primaryimage","url":"http:\/\/live.staticflickr.com\/65535\/49914044536_5255470ec1_z.jpg","contentUrl":"http:\/\/live.staticflickr.com\/65535\/49914044536_5255470ec1_z.jpg"},{"@type":"BreadcrumbList","@id":"https:\/\/www.noticiasradioreflejos.com.ar\/2021\/el-gobierno-amplio-las-excepciones-a-la-cuarentena-para-la-actividad-de-pilotos-en-aeroclubes\/#breadcrumb","itemListElement":[{"@type":"ListItem","position":1,"name":"Portada","item":"https:\/\/www.noticiasradioreflejos.com.ar\/2021\/"},{"@type":"ListItem","position":2,"name":"El Gobierno ampli\u00f3 las excepciones a la cuarentena para la actividad de pilotos en aeroclubes."}]},{"@type":"WebSite","@id":"https:\/\/www.noticiasradioreflejos.com.ar\/2021\/#website","url":"https:\/\/www.noticiasradioreflejos.com.ar\/2021\/","name":"Noticias Radio Reflejos","description":"Las noticias de mi comarca","potentialAction":[{"@type":"SearchAction","target":{"@type":"EntryPoint","urlTemplate":"https:\/\/www.noticiasradioreflejos.com.ar\/2021\/?s={search_term_string}"},"query-input":{"@type":"PropertyValueSpecification","valueRequired":true,"valueName":"search_term_string"}}],"inLanguage":"es"},{"@type":"Person","@id":"https:\/\/www.noticiasradioreflejos.com.ar\/2021\/#\/schema\/person\/ad82545263dcc5ec0996818884fd5fb1","name":"Arnaldo Botto","image":{"@type":"ImageObject","inLanguage":"es","@id":"https:\/\/www.noticiasradioreflejos.com.ar\/2021\/#\/schema\/person\/image\/","url":"https:\/\/secure.gravatar.com\/avatar\/55cb5e37c1efa326397366e6974cb338056df65cb50e7d64d1cf314e87504837?s=96&d=mm&r=g","contentUrl":"https:\/\/secure.gravatar.com\/avatar\/55cb5e37c1efa326397366e6974cb338056df65cb50e7d64d1cf314e87504837?s=96&d=mm&r=g","caption":"Arnaldo Botto"},"url":"https:\/\/www.noticiasradioreflejos.com.ar\/2021\/author\/arnaldo\/"}]}},"_links":{"self":[{"href":"https:\/\/www.noticiasradioreflejos.com.ar\/2021\/wp-json\/wp\/v2\/posts\/42167","targetHints":{"allow":["GET"]}}],"collection":[{"href":"https:\/\/www.noticiasradioreflejos.com.ar\/2021\/wp-json\/wp\/v2\/posts"}],"about":[{"href":"https:\/\/www.noticiasradioreflejos.com.ar\/2021\/wp-json\/wp\/v2\/types\/post"}],"author":[{"embeddable":true,"href":"https:\/\/www.noticiasradioreflejos.com.ar\/2021\/wp-json\/wp\/v2\/users\/3"}],"replies":[{"embeddable":true,"href":"https:\/\/www.noticiasradioreflejos.com.ar\/2021\/wp-json\/wp\/v2\/comments?post=42167"}],"version-history":[{"count":0,"href":"https:\/\/www.noticiasradioreflejos.com.ar\/2021\/wp-json\/wp\/v2\/posts\/42167\/revisions"}],"wp:attachment":[{"href":"https:\/\/www.noticiasradioreflejos.com.ar\/2021\/wp-json\/wp\/v2\/media?parent=42167"}],"wp:term":[{"taxonomy":"category","embeddable":true,"href":"https:\/\/www.noticiasradioreflejos.com.ar\/2021\/wp-json\/wp\/v2\/categories?post=42167"},{"taxonomy":"post_tag","embeddable":true,"href":"https:\/\/www.noticiasradioreflejos.com.ar\/2021\/wp-json\/wp\/v2\/tags?post=42167"}],"curies":[{"name":"wp","href":"https:\/\/api.w.org\/{rel}","templated":true}]}}