{"id":42161,"date":"2020-05-19T18:55:40","date_gmt":"2020-05-19T21:55:40","guid":{"rendered":"http:\/\/www.noticiasradioreflejos.com.ar\/noticias\/?p=42161"},"modified":"2020-05-19T18:55:40","modified_gmt":"2020-05-19T21:55:40","slug":"ezequiel-gabella-desmintio-la-existencia-de-un-caso-sospechoso-de-coronavirus-en-sierra-de-la-ventana","status":"publish","type":"post","link":"https:\/\/www.noticiasradioreflejos.com.ar\/2021\/ezequiel-gabella-desmintio-la-existencia-de-un-caso-sospechoso-de-coronavirus-en-sierra-de-la-ventana\/","title":{"rendered":"Ezequiel Gabella desminti\u00f3 la existencia de un caso sospechoso de Coronavirus en Sierra de la Ventana."},"content":{"rendered":"<p>Le dimos la oportunidad al Secretario de Seguridad y Gobierno, <strong>Ezequiel Gabella<\/strong>, de desmentir un comunicado lanzado por redes sociales que sembr\u00f3 mucha preocupaci\u00f3n en la poblaci\u00f3n del distrito. Se trataba de un posteo que afirmaba la presencia de un caso sospechoso de Coronavirus en Sierra de la Ventana. Ezequiel nos aclara la realidad de la situaci\u00f3n en cuesti\u00f3n.<!--more--><\/p>\n<p>\u00abMe hago de las palabras que me acaban de confirmar desde el \u00e1rea de salud\u00bb comenz\u00f3 aclarando. \u00abUn caso sospechoso se identifica como tal a partir de un an\u00e1lisis de la sintomatolog\u00eda del paciente. Lo que pas\u00f3 en Sierra de la Ventana no fue un caso sospechoso porque no lo determin\u00f3 un profesional de la salud. Hay que ser muy prudentes con la informaci\u00f3n que transmitimos, podemos generar malestar en la poblaci\u00f3n en base a datos err\u00f3neos\u00bb<\/p>\n<p>\u00abNosotros tomamos la decisi\u00f3n pol\u00edtica de no divulgar los casos sospechosos\u00bb dijo Ezequiel, y explic\u00f3 que la raz\u00f3n de tomar esta decisi\u00f3n fue que al comunicar este tipo de noticias se genera una psicosis muy grande en la sociedad. \u00abNosotros no nos podemos hacer cargo de lo que publique una persona en particular, pero s\u00ed invitamos a la gente a visitar nuestra p\u00e1gina del Municipio o a informarse a trav\u00e9s de los medios locales oficiales\u00bb.<\/p>\n<p>Con respecto a la preocupaci\u00f3n de la gente por las posibles visitas de turistas con viviendas en la zona, Ezequiel explic\u00f3 \u00abEn todos los distritos donde hay grande movimiento tur\u00edstico estas propuestas se han incrementado y los pedidos se hicieron cada vez m\u00e1s insistentes. No le podemos quitar el derecho a los propietarios de venir a ver sus casas, pero hoy en d\u00eda creemos que el derecho a la salud es m\u00e1s importante. Tenemos que escuchar todas las voces\u00bb. El secretario de seguridad dej\u00f3 bien en claro que la decisi\u00f3n no est\u00e1 tomada ni que est\u00e1n dadas las garant\u00edas, pero que es un tema de conversaci\u00f3n y evaluaci\u00f3n entre las autoridades.<\/p>\n<p>Adem\u00e1s, conversamos sobre las dudas que tienen los oyentes referidas a los registros de conducir. \u00abDesde el punto de vista legal el vencimiento de las licencias se prorrog\u00f3, es decir, que si tenes el carnet vencido del 1 de marzo al 30 de junio, el mismo se considera vigente\u00bb aclar\u00f3 Ezequiel. Nos adelant\u00f3 una noticia del momento en la cual le informaron que habilitaron la emisi\u00f3n de las licencias de conducir, esto no significa que los carnets se venzan, sino que tienen que evaluar desde el municipio si se comienzan a realizar las renovaciones de los mismos.<\/p>\n<p>La Asociaci\u00f3n Civil Argentina de Aviaci\u00f3n habilit\u00f3 la actividad de entrenamiento de pilotos y el vuelo de dos personas y Ezequiel tambi\u00e9n se expres\u00f3 en relaci\u00f3n a esto. \u00abSupe que es necesario el adiestramiento constante de los pilotos por una cuesti\u00f3n de seguridad, pero t\u00e9cnicamente desconozco si los vuelos recreativos se consideran parte de la Aviaci\u00f3n Civil\u00bb. En resumen, Gabella sostiene que la responsabilidad yace en cada uno de los habitantes, pero que est\u00e1n tratando de flexibilizar la mayor cantidad de actividades posibles porque \u00abdetr\u00e1s de eso tambi\u00e9n est\u00e1 la salud mental de todos\u00bb.<\/p>\n<p>Nota completa a continuaci\u00f3n:<br \/>\n<iframe loading=\"lazy\" src=\"https:\/\/w.soundcloud.com\/player\/?url=https%3A\/\/api.soundcloud.com\/tracks\/823850947&amp;color=%23ff5500&amp;auto_play=false&amp;hide_related=false&amp;show_comments=true&amp;show_user=true&amp;show_reposts=false&amp;show_teaser=true\" width=\"100%\" height=\"166\" frameborder=\"no\" scrolling=\"no\"><\/iframe><\/p>\n","protected":false},"excerpt":{"rendered":"<p>Le dimos la oportunidad al Secretario de Seguridad y Gobierno, Ezequiel Gabella, de desmentir un comunicado lanzado por redes sociales que sembr\u00f3 mucha preocupaci\u00f3n en la poblaci\u00f3n del distrito. Se trataba de un posteo que afirmaba la presencia de un caso sospechoso de Coronavirus en Sierra de la Ventana. Ezequiel nos aclara la realidad de [&hellip;]<\/p>\n","protected":false},"author":3,"featured_media":0,"comment_status":"closed","ping_status":"open","sticky":false,"template":"","format":"standard","meta":{"footnotes":""},"categories":[30],"tags":[],"class_list":["post-42161","post","type-post","status-publish","format-standard","hentry","category-salud"],"yoast_head":"<!-- This site is optimized with the Yoast SEO plugin v25.9 - https:\/\/yoast.com\/wordpress\/plugins\/seo\/ -->\n<title>Ezequiel Gabella desminti\u00f3 la existencia de un caso sospechoso de Coronavirus en Sierra de la Ventana. - Noticias Radio Reflejos<\/title>\n<meta name=\"robots\" content=\"index, follow, max-snippet:-1, max-image-preview:large, max-video-preview:-1\" \/>\n<link rel=\"canonical\" href=\"https:\/\/www.noticiasradioreflejos.com.ar\/2021\/ezequiel-gabella-desmintio-la-existencia-de-un-caso-sospechoso-de-coronavirus-en-sierra-de-la-ventana\/\" \/>\n<meta property=\"og:locale\" content=\"es_ES\" \/>\n<meta property=\"og:type\" content=\"article\" \/>\n<meta property=\"og:title\" content=\"Ezequiel Gabella desminti\u00f3 la existencia de un caso sospechoso de Coronavirus en Sierra de la Ventana. - Noticias Radio Reflejos\" \/>\n<meta property=\"og:description\" content=\"Le dimos la oportunidad al Secretario de Seguridad y Gobierno, Ezequiel Gabella, de desmentir un comunicado lanzado por redes sociales que sembr\u00f3 mucha preocupaci\u00f3n en la poblaci\u00f3n del distrito. Se trataba de un posteo que afirmaba la presencia de un caso sospechoso de Coronavirus en Sierra de la Ventana. Ezequiel nos aclara la realidad de [&hellip;]\" \/>\n<meta property=\"og:url\" content=\"https:\/\/www.noticiasradioreflejos.com.ar\/2021\/ezequiel-gabella-desmintio-la-existencia-de-un-caso-sospechoso-de-coronavirus-en-sierra-de-la-ventana\/\" \/>\n<meta property=\"og:site_name\" content=\"Noticias Radio Reflejos\" \/>\n<meta property=\"article:published_time\" content=\"2020-05-19T21:55:40+00:00\" \/>\n<meta property=\"og:image\" content=\"https:\/\/www.noticiasradioreflejos.com.ar\/2021\/wp-content\/uploads\/2021\/07\/logosol300x200.png\" \/>\n\t<meta property=\"og:image:width\" content=\"300\" \/>\n\t<meta property=\"og:image:height\" content=\"200\" \/>\n\t<meta property=\"og:image:type\" content=\"image\/png\" \/>\n<meta name=\"author\" content=\"Arnaldo Botto\" \/>\n<meta name=\"twitter:card\" content=\"summary_large_image\" \/>\n<script type=\"application\/ld+json\" class=\"yoast-schema-graph\">{\"@context\":\"https:\/\/schema.org\",\"@graph\":[{\"@type\":\"WebPage\",\"@id\":\"https:\/\/www.noticiasradioreflejos.com.ar\/2021\/ezequiel-gabella-desmintio-la-existencia-de-un-caso-sospechoso-de-coronavirus-en-sierra-de-la-ventana\/\",\"url\":\"https:\/\/www.noticiasradioreflejos.com.ar\/2021\/ezequiel-gabella-desmintio-la-existencia-de-un-caso-sospechoso-de-coronavirus-en-sierra-de-la-ventana\/\",\"name\":\"Ezequiel Gabella desminti\u00f3 la existencia de un caso sospechoso de Coronavirus en Sierra de la Ventana. - Noticias Radio Reflejos\",\"isPartOf\":{\"@id\":\"https:\/\/www.noticiasradioreflejos.com.ar\/2021\/#website\"},\"datePublished\":\"2020-05-19T21:55:40+00:00\",\"author\":{\"@id\":\"https:\/\/www.noticiasradioreflejos.com.ar\/2021\/#\/schema\/person\/ad82545263dcc5ec0996818884fd5fb1\"},\"breadcrumb\":{\"@id\":\"https:\/\/www.noticiasradioreflejos.com.ar\/2021\/ezequiel-gabella-desmintio-la-existencia-de-un-caso-sospechoso-de-coronavirus-en-sierra-de-la-ventana\/#breadcrumb\"},\"inLanguage\":\"es\",\"potentialAction\":[{\"@type\":\"ReadAction\",\"target\":[\"https:\/\/www.noticiasradioreflejos.com.ar\/2021\/ezequiel-gabella-desmintio-la-existencia-de-un-caso-sospechoso-de-coronavirus-en-sierra-de-la-ventana\/\"]}]},{\"@type\":\"BreadcrumbList\",\"@id\":\"https:\/\/www.noticiasradioreflejos.com.ar\/2021\/ezequiel-gabella-desmintio-la-existencia-de-un-caso-sospechoso-de-coronavirus-en-sierra-de-la-ventana\/#breadcrumb\",\"itemListElement\":[{\"@type\":\"ListItem\",\"position\":1,\"name\":\"Portada\",\"item\":\"https:\/\/www.noticiasradioreflejos.com.ar\/2021\/\"},{\"@type\":\"ListItem\",\"position\":2,\"name\":\"Ezequiel Gabella desminti\u00f3 la existencia de un caso sospechoso de Coronavirus en Sierra de la Ventana.\"}]},{\"@type\":\"WebSite\",\"@id\":\"https:\/\/www.noticiasradioreflejos.com.ar\/2021\/#website\",\"url\":\"https:\/\/www.noticiasradioreflejos.com.ar\/2021\/\",\"name\":\"Noticias Radio Reflejos\",\"description\":\"Las noticias de mi comarca\",\"potentialAction\":[{\"@type\":\"SearchAction\",\"target\":{\"@type\":\"EntryPoint\",\"urlTemplate\":\"https:\/\/www.noticiasradioreflejos.com.ar\/2021\/?s={search_term_string}\"},\"query-input\":{\"@type\":\"PropertyValueSpecification\",\"valueRequired\":true,\"valueName\":\"search_term_string\"}}],\"inLanguage\":\"es\"},{\"@type\":\"Person\",\"@id\":\"https:\/\/www.noticiasradioreflejos.com.ar\/2021\/#\/schema\/person\/ad82545263dcc5ec0996818884fd5fb1\",\"name\":\"Arnaldo Botto\",\"image\":{\"@type\":\"ImageObject\",\"inLanguage\":\"es\",\"@id\":\"https:\/\/www.noticiasradioreflejos.com.ar\/2021\/#\/schema\/person\/image\/\",\"url\":\"https:\/\/secure.gravatar.com\/avatar\/55cb5e37c1efa326397366e6974cb338056df65cb50e7d64d1cf314e87504837?s=96&d=mm&r=g\",\"contentUrl\":\"https:\/\/secure.gravatar.com\/avatar\/55cb5e37c1efa326397366e6974cb338056df65cb50e7d64d1cf314e87504837?s=96&d=mm&r=g\",\"caption\":\"Arnaldo Botto\"},\"url\":\"https:\/\/www.noticiasradioreflejos.com.ar\/2021\/author\/arnaldo\/\"}]}<\/script>\n<!-- \/ Yoast SEO plugin. -->","yoast_head_json":{"title":"Ezequiel Gabella desminti\u00f3 la existencia de un caso sospechoso de Coronavirus en Sierra de la Ventana. - Noticias Radio Reflejos","robots":{"index":"index","follow":"follow","max-snippet":"max-snippet:-1","max-image-preview":"max-image-preview:large","max-video-preview":"max-video-preview:-1"},"canonical":"https:\/\/www.noticiasradioreflejos.com.ar\/2021\/ezequiel-gabella-desmintio-la-existencia-de-un-caso-sospechoso-de-coronavirus-en-sierra-de-la-ventana\/","og_locale":"es_ES","og_type":"article","og_title":"Ezequiel Gabella desminti\u00f3 la existencia de un caso sospechoso de Coronavirus en Sierra de la Ventana. - Noticias Radio Reflejos","og_description":"Le dimos la oportunidad al Secretario de Seguridad y Gobierno, Ezequiel Gabella, de desmentir un comunicado lanzado por redes sociales que sembr\u00f3 mucha preocupaci\u00f3n en la poblaci\u00f3n del distrito. Se trataba de un posteo que afirmaba la presencia de un caso sospechoso de Coronavirus en Sierra de la Ventana. Ezequiel nos aclara la realidad de [&hellip;]","og_url":"https:\/\/www.noticiasradioreflejos.com.ar\/2021\/ezequiel-gabella-desmintio-la-existencia-de-un-caso-sospechoso-de-coronavirus-en-sierra-de-la-ventana\/","og_site_name":"Noticias Radio Reflejos","article_published_time":"2020-05-19T21:55:40+00:00","og_image":[{"width":300,"height":200,"url":"https:\/\/www.noticiasradioreflejos.com.ar\/2021\/wp-content\/uploads\/2021\/07\/logosol300x200.png","type":"image\/png"}],"author":"Arnaldo Botto","twitter_card":"summary_large_image","schema":{"@context":"https:\/\/schema.org","@graph":[{"@type":"WebPage","@id":"https:\/\/www.noticiasradioreflejos.com.ar\/2021\/ezequiel-gabella-desmintio-la-existencia-de-un-caso-sospechoso-de-coronavirus-en-sierra-de-la-ventana\/","url":"https:\/\/www.noticiasradioreflejos.com.ar\/2021\/ezequiel-gabella-desmintio-la-existencia-de-un-caso-sospechoso-de-coronavirus-en-sierra-de-la-ventana\/","name":"Ezequiel Gabella desminti\u00f3 la existencia de un caso sospechoso de Coronavirus en Sierra de la Ventana. - Noticias Radio Reflejos","isPartOf":{"@id":"https:\/\/www.noticiasradioreflejos.com.ar\/2021\/#website"},"datePublished":"2020-05-19T21:55:40+00:00","author":{"@id":"https:\/\/www.noticiasradioreflejos.com.ar\/2021\/#\/schema\/person\/ad82545263dcc5ec0996818884fd5fb1"},"breadcrumb":{"@id":"https:\/\/www.noticiasradioreflejos.com.ar\/2021\/ezequiel-gabella-desmintio-la-existencia-de-un-caso-sospechoso-de-coronavirus-en-sierra-de-la-ventana\/#breadcrumb"},"inLanguage":"es","potentialAction":[{"@type":"ReadAction","target":["https:\/\/www.noticiasradioreflejos.com.ar\/2021\/ezequiel-gabella-desmintio-la-existencia-de-un-caso-sospechoso-de-coronavirus-en-sierra-de-la-ventana\/"]}]},{"@type":"BreadcrumbList","@id":"https:\/\/www.noticiasradioreflejos.com.ar\/2021\/ezequiel-gabella-desmintio-la-existencia-de-un-caso-sospechoso-de-coronavirus-en-sierra-de-la-ventana\/#breadcrumb","itemListElement":[{"@type":"ListItem","position":1,"name":"Portada","item":"https:\/\/www.noticiasradioreflejos.com.ar\/2021\/"},{"@type":"ListItem","position":2,"name":"Ezequiel Gabella desminti\u00f3 la existencia de un caso sospechoso de Coronavirus en Sierra de la Ventana."}]},{"@type":"WebSite","@id":"https:\/\/www.noticiasradioreflejos.com.ar\/2021\/#website","url":"https:\/\/www.noticiasradioreflejos.com.ar\/2021\/","name":"Noticias Radio Reflejos","description":"Las noticias de mi comarca","potentialAction":[{"@type":"SearchAction","target":{"@type":"EntryPoint","urlTemplate":"https:\/\/www.noticiasradioreflejos.com.ar\/2021\/?s={search_term_string}"},"query-input":{"@type":"PropertyValueSpecification","valueRequired":true,"valueName":"search_term_string"}}],"inLanguage":"es"},{"@type":"Person","@id":"https:\/\/www.noticiasradioreflejos.com.ar\/2021\/#\/schema\/person\/ad82545263dcc5ec0996818884fd5fb1","name":"Arnaldo Botto","image":{"@type":"ImageObject","inLanguage":"es","@id":"https:\/\/www.noticiasradioreflejos.com.ar\/2021\/#\/schema\/person\/image\/","url":"https:\/\/secure.gravatar.com\/avatar\/55cb5e37c1efa326397366e6974cb338056df65cb50e7d64d1cf314e87504837?s=96&d=mm&r=g","contentUrl":"https:\/\/secure.gravatar.com\/avatar\/55cb5e37c1efa326397366e6974cb338056df65cb50e7d64d1cf314e87504837?s=96&d=mm&r=g","caption":"Arnaldo Botto"},"url":"https:\/\/www.noticiasradioreflejos.com.ar\/2021\/author\/arnaldo\/"}]}},"_links":{"self":[{"href":"https:\/\/www.noticiasradioreflejos.com.ar\/2021\/wp-json\/wp\/v2\/posts\/42161","targetHints":{"allow":["GET"]}}],"collection":[{"href":"https:\/\/www.noticiasradioreflejos.com.ar\/2021\/wp-json\/wp\/v2\/posts"}],"about":[{"href":"https:\/\/www.noticiasradioreflejos.com.ar\/2021\/wp-json\/wp\/v2\/types\/post"}],"author":[{"embeddable":true,"href":"https:\/\/www.noticiasradioreflejos.com.ar\/2021\/wp-json\/wp\/v2\/users\/3"}],"replies":[{"embeddable":true,"href":"https:\/\/www.noticiasradioreflejos.com.ar\/2021\/wp-json\/wp\/v2\/comments?post=42161"}],"version-history":[{"count":0,"href":"https:\/\/www.noticiasradioreflejos.com.ar\/2021\/wp-json\/wp\/v2\/posts\/42161\/revisions"}],"wp:attachment":[{"href":"https:\/\/www.noticiasradioreflejos.com.ar\/2021\/wp-json\/wp\/v2\/media?parent=42161"}],"wp:term":[{"taxonomy":"category","embeddable":true,"href":"https:\/\/www.noticiasradioreflejos.com.ar\/2021\/wp-json\/wp\/v2\/categories?post=42161"},{"taxonomy":"post_tag","embeddable":true,"href":"https:\/\/www.noticiasradioreflejos.com.ar\/2021\/wp-json\/wp\/v2\/tags?post=42161"}],"curies":[{"name":"wp","href":"https:\/\/api.w.org\/{rel}","templated":true}]}}