{"id":42154,"date":"2020-05-19T15:58:07","date_gmt":"2020-05-19T18:58:07","guid":{"rendered":"http:\/\/www.noticiasradioreflejos.com.ar\/noticias\/?p=42154"},"modified":"2020-05-19T15:58:07","modified_gmt":"2020-05-19T18:58:07","slug":"todos-nos-encontramos-en-esta-situacion-y-pienso-que-hay-que-verle-el-lado-positivo-marcela-reynoso","status":"publish","type":"post","link":"https:\/\/www.noticiasradioreflejos.com.ar\/2021\/todos-nos-encontramos-en-esta-situacion-y-pienso-que-hay-que-verle-el-lado-positivo-marcela-reynoso\/","title":{"rendered":"\u00abTodos nos encontramos en esta situaci\u00f3n y pienso que hay que verle el lado positivo\u00bb &#8211; Marcela Reynoso"},"content":{"rendered":"<p>Marcela Reynoso, propietaria del Complejo \u00abPiedras pampa\u00bb y due\u00f1a de una agencia de turismo internacional, nos transmite su visi\u00f3n optimista sobre las circunstancias actuales de pandemia, nos cuenta la situaci\u00f3n actual del complejo y de su agencia y, adem\u00e1s, nos informa sobre los vuelos al exterior.<a href=\"http:\/\/www.noticiasradioreflejos.com.ar\/noticias\/wp-content\/uploads\/2020\/05\/WhatsApp-Image-2020-05-19-at-14.55.31.jpeg\"><img loading=\"lazy\" decoding=\"async\" class=\"aligncenter size-full wp-image-42156\" src=\"http:\/\/www.noticiasradioreflejos.com.ar\/noticias\/wp-content\/uploads\/2020\/05\/WhatsApp-Image-2020-05-19-at-14.55.31.jpeg\" alt=\"WhatsApp Image 2020-05-19 at 14.55.31\" width=\"720\" height=\"540\" \/><\/a><!--more--><\/p>\n<p>Marcela comenz\u00f3 dando su punto de vista sobre la pandemia y cont\u00e1ndonos su experiencia \u00abfue una situaci\u00f3n imprevista para todos, pero nosotros aprovechamos este tiempo para hacer mejoras y pensar actividades nuevas ya que el complejo est\u00e1 vac\u00edo y nos lo permite. Desde el lado econ\u00f3mico, se est\u00e1 volviendo complicado. No tenemos clientes y los gastos siguen siendo los mismos, los locales se siguen manteniendo pero no estamos facturando\u00bb.<\/p>\n<p>A lo largo de la nota, Marcela nos cuenta que sufri\u00f3 bajas de reservas en su agencia de turismo internacional y en su complejo \u00abPiedras Pampa\u00bb. \u00abEl turismo es el rubro m\u00e1s afectado de todos, porque el hecho de que las actividades se reanuden se ve muy lejano\u00bb expres\u00f3. Adem\u00e1s, nos cont\u00f3 que una de las cosas que m\u00e1s la preocupan es que los viajes no pueden ser reprogramados concretamente ni las devoluciones de dinero se pueden hacer \u00ablo \u00fanico que podemos hacer es esperar\u00bb destac\u00f3.<\/p>\n<p>Afortunadamente, la mayor\u00eda de los clientes que Marcela estaba asesorando estaban viajando dentro del pa\u00eds. Por lo tanto, no hubo muchas complicaciones al momento de hacerlos regresar a sus viviendas debido a la cuarentena y no tuvieron que lidiar con la ansiedad de los viajantes. Por otro lado, nos cont\u00f3 que los pasajeros que iban a viajar al exterior ten\u00edan sus viajes programados para despu\u00e9s de Abril, por lo que no tuvieron argentinos varados en el exterior por parte de la agencia, \u00abesos viajes quedaron en stand-by\u00bb explic\u00f3.<\/p>\n<p>\u00abCon el Complejo hice la gesti\u00f3n para obtener el cr\u00e9dito que me ayudara a aliviar la situaci\u00f3n econ\u00f3mica, pero al d\u00eda de hoy, mi banco no ha recibido noticias al respecto\u00bb dijo Marcela refiri\u00e9ndose a los cr\u00e9ditos que est\u00e1n accediendo aquellos monotributistas, prestadores de servicios, que no pueden trabajar por el momento. \u00abAl momento el mayor problema que tenemos es el nivel de gastos, es muy alto al no generar entradas\u00bb.<\/p>\n<p>Nos transmiti\u00f3 su visi\u00f3n sobre la pandemia, \u00absiempre que suceden estos hechos ins\u00f3litos que no podemos controlar, no nos queda otra cosa m\u00e1s que aceptarlos. Est\u00e1 en nosotros encontrarles la beta y ver c\u00f3mo mirar hacia adelante. Todos nos encontramos en esta situaci\u00f3n y pienso que hay que verle el lado positivo. Nuestro destino es \u00fanico y, en relaci\u00f3n a otros, nos vamos a ver favorecidos\u00bb.<\/p>\n<p>\u00abLa \u00faltima informaci\u00f3n que tuve fue que todas las reprogramaciones al exterior iban a ser para Septiembre, pero esto es un minuto a minuto, viendo como avanza la pandemia y c\u00f3mo se manejan las aerol\u00edneas que tambi\u00e9n est\u00e1n pasando su momento cr\u00edtico. Creo que si se postpone, no va a ser m\u00e1s que a Enero del a\u00f1o que viene\u00bb opin\u00f3 Marcela y para cerrar la nota transmiti\u00f3 \u00abLes mando un deseo de optimismo para todos mis colegas\u00bb.<\/p>\n<p>Nota Completa:<\/p>\n<p><iframe loading=\"lazy\" src=\"https:\/\/w.soundcloud.com\/player\/?url=https%3A\/\/api.soundcloud.com\/tracks\/823761688&amp;color=%23ff5500&amp;auto_play=false&amp;hide_related=false&amp;show_comments=true&amp;show_user=true&amp;show_reposts=false&amp;show_teaser=true\" width=\"100%\" height=\"166\" frameborder=\"no\" scrolling=\"no\"><\/iframe><\/p>\n","protected":false},"excerpt":{"rendered":"<p>Marcela Reynoso, propietaria del Complejo \u00abPiedras pampa\u00bb y due\u00f1a de una agencia de turismo internacional, nos transmite su visi\u00f3n optimista sobre las circunstancias actuales de pandemia, nos cuenta la situaci\u00f3n actual del complejo y de su agencia y, adem\u00e1s, nos informa sobre los vuelos al exterior.<\/p>\n","protected":false},"author":3,"featured_media":0,"comment_status":"closed","ping_status":"open","sticky":false,"template":"","format":"standard","meta":{"footnotes":""},"categories":[33],"tags":[],"class_list":["post-42154","post","type-post","status-publish","format-standard","hentry","category-turismo"],"yoast_head":"<!-- This site is optimized with the Yoast SEO plugin v25.9 - https:\/\/yoast.com\/wordpress\/plugins\/seo\/ -->\n<title>&quot;Todos nos encontramos en esta situaci\u00f3n y pienso que hay que verle el lado positivo&quot; - Marcela Reynoso - Noticias Radio Reflejos<\/title>\n<meta name=\"robots\" content=\"index, follow, max-snippet:-1, max-image-preview:large, max-video-preview:-1\" \/>\n<link rel=\"canonical\" href=\"https:\/\/www.noticiasradioreflejos.com.ar\/2021\/todos-nos-encontramos-en-esta-situacion-y-pienso-que-hay-que-verle-el-lado-positivo-marcela-reynoso\/\" \/>\n<meta property=\"og:locale\" content=\"es_ES\" \/>\n<meta property=\"og:type\" content=\"article\" \/>\n<meta property=\"og:title\" content=\"&quot;Todos nos encontramos en esta situaci\u00f3n y pienso que hay que verle el lado positivo&quot; - Marcela Reynoso - Noticias Radio Reflejos\" \/>\n<meta property=\"og:description\" content=\"Marcela Reynoso, propietaria del Complejo \u00abPiedras pampa\u00bb y due\u00f1a de una agencia de turismo internacional, nos transmite su visi\u00f3n optimista sobre las circunstancias actuales de pandemia, nos cuenta la situaci\u00f3n actual del complejo y de su agencia y, adem\u00e1s, nos informa sobre los vuelos al exterior.\" \/>\n<meta property=\"og:url\" content=\"https:\/\/www.noticiasradioreflejos.com.ar\/2021\/todos-nos-encontramos-en-esta-situacion-y-pienso-que-hay-que-verle-el-lado-positivo-marcela-reynoso\/\" \/>\n<meta property=\"og:site_name\" content=\"Noticias Radio Reflejos\" \/>\n<meta property=\"article:published_time\" content=\"2020-05-19T18:58:07+00:00\" \/>\n<meta property=\"og:image\" content=\"https:\/\/www.noticiasradioreflejos.com.ar\/2021\/wp-content\/uploads\/2021\/07\/logosol300x200.png\" \/>\n\t<meta property=\"og:image:width\" content=\"300\" \/>\n\t<meta property=\"og:image:height\" content=\"200\" \/>\n\t<meta property=\"og:image:type\" content=\"image\/png\" \/>\n<meta name=\"author\" content=\"Arnaldo Botto\" \/>\n<meta name=\"twitter:card\" content=\"summary_large_image\" \/>\n<script type=\"application\/ld+json\" class=\"yoast-schema-graph\">{\"@context\":\"https:\/\/schema.org\",\"@graph\":[{\"@type\":\"WebPage\",\"@id\":\"https:\/\/www.noticiasradioreflejos.com.ar\/2021\/todos-nos-encontramos-en-esta-situacion-y-pienso-que-hay-que-verle-el-lado-positivo-marcela-reynoso\/\",\"url\":\"https:\/\/www.noticiasradioreflejos.com.ar\/2021\/todos-nos-encontramos-en-esta-situacion-y-pienso-que-hay-que-verle-el-lado-positivo-marcela-reynoso\/\",\"name\":\"\\\"Todos nos encontramos en esta situaci\u00f3n y pienso que hay que verle el lado positivo\\\" - Marcela Reynoso - Noticias Radio Reflejos\",\"isPartOf\":{\"@id\":\"https:\/\/www.noticiasradioreflejos.com.ar\/2021\/#website\"},\"primaryImageOfPage\":{\"@id\":\"https:\/\/www.noticiasradioreflejos.com.ar\/2021\/todos-nos-encontramos-en-esta-situacion-y-pienso-que-hay-que-verle-el-lado-positivo-marcela-reynoso\/#primaryimage\"},\"image\":{\"@id\":\"https:\/\/www.noticiasradioreflejos.com.ar\/2021\/todos-nos-encontramos-en-esta-situacion-y-pienso-que-hay-que-verle-el-lado-positivo-marcela-reynoso\/#primaryimage\"},\"thumbnailUrl\":\"http:\/\/www.noticiasradioreflejos.com.ar\/noticias\/wp-content\/uploads\/2020\/05\/WhatsApp-Image-2020-05-19-at-14.55.31.jpeg\",\"datePublished\":\"2020-05-19T18:58:07+00:00\",\"author\":{\"@id\":\"https:\/\/www.noticiasradioreflejos.com.ar\/2021\/#\/schema\/person\/ad82545263dcc5ec0996818884fd5fb1\"},\"breadcrumb\":{\"@id\":\"https:\/\/www.noticiasradioreflejos.com.ar\/2021\/todos-nos-encontramos-en-esta-situacion-y-pienso-que-hay-que-verle-el-lado-positivo-marcela-reynoso\/#breadcrumb\"},\"inLanguage\":\"es\",\"potentialAction\":[{\"@type\":\"ReadAction\",\"target\":[\"https:\/\/www.noticiasradioreflejos.com.ar\/2021\/todos-nos-encontramos-en-esta-situacion-y-pienso-que-hay-que-verle-el-lado-positivo-marcela-reynoso\/\"]}]},{\"@type\":\"ImageObject\",\"inLanguage\":\"es\",\"@id\":\"https:\/\/www.noticiasradioreflejos.com.ar\/2021\/todos-nos-encontramos-en-esta-situacion-y-pienso-que-hay-que-verle-el-lado-positivo-marcela-reynoso\/#primaryimage\",\"url\":\"http:\/\/www.noticiasradioreflejos.com.ar\/noticias\/wp-content\/uploads\/2020\/05\/WhatsApp-Image-2020-05-19-at-14.55.31.jpeg\",\"contentUrl\":\"http:\/\/www.noticiasradioreflejos.com.ar\/noticias\/wp-content\/uploads\/2020\/05\/WhatsApp-Image-2020-05-19-at-14.55.31.jpeg\"},{\"@type\":\"BreadcrumbList\",\"@id\":\"https:\/\/www.noticiasradioreflejos.com.ar\/2021\/todos-nos-encontramos-en-esta-situacion-y-pienso-que-hay-que-verle-el-lado-positivo-marcela-reynoso\/#breadcrumb\",\"itemListElement\":[{\"@type\":\"ListItem\",\"position\":1,\"name\":\"Portada\",\"item\":\"https:\/\/www.noticiasradioreflejos.com.ar\/2021\/\"},{\"@type\":\"ListItem\",\"position\":2,\"name\":\"\u00abTodos nos encontramos en esta situaci\u00f3n y pienso que hay que verle el lado positivo\u00bb &#8211; Marcela Reynoso\"}]},{\"@type\":\"WebSite\",\"@id\":\"https:\/\/www.noticiasradioreflejos.com.ar\/2021\/#website\",\"url\":\"https:\/\/www.noticiasradioreflejos.com.ar\/2021\/\",\"name\":\"Noticias Radio Reflejos\",\"description\":\"Las noticias de mi comarca\",\"potentialAction\":[{\"@type\":\"SearchAction\",\"target\":{\"@type\":\"EntryPoint\",\"urlTemplate\":\"https:\/\/www.noticiasradioreflejos.com.ar\/2021\/?s={search_term_string}\"},\"query-input\":{\"@type\":\"PropertyValueSpecification\",\"valueRequired\":true,\"valueName\":\"search_term_string\"}}],\"inLanguage\":\"es\"},{\"@type\":\"Person\",\"@id\":\"https:\/\/www.noticiasradioreflejos.com.ar\/2021\/#\/schema\/person\/ad82545263dcc5ec0996818884fd5fb1\",\"name\":\"Arnaldo Botto\",\"image\":{\"@type\":\"ImageObject\",\"inLanguage\":\"es\",\"@id\":\"https:\/\/www.noticiasradioreflejos.com.ar\/2021\/#\/schema\/person\/image\/\",\"url\":\"https:\/\/secure.gravatar.com\/avatar\/55cb5e37c1efa326397366e6974cb338056df65cb50e7d64d1cf314e87504837?s=96&d=mm&r=g\",\"contentUrl\":\"https:\/\/secure.gravatar.com\/avatar\/55cb5e37c1efa326397366e6974cb338056df65cb50e7d64d1cf314e87504837?s=96&d=mm&r=g\",\"caption\":\"Arnaldo Botto\"},\"url\":\"https:\/\/www.noticiasradioreflejos.com.ar\/2021\/author\/arnaldo\/\"}]}<\/script>\n<!-- \/ Yoast SEO plugin. -->","yoast_head_json":{"title":"\"Todos nos encontramos en esta situaci\u00f3n y pienso que hay que verle el lado positivo\" - Marcela Reynoso - Noticias Radio Reflejos","robots":{"index":"index","follow":"follow","max-snippet":"max-snippet:-1","max-image-preview":"max-image-preview:large","max-video-preview":"max-video-preview:-1"},"canonical":"https:\/\/www.noticiasradioreflejos.com.ar\/2021\/todos-nos-encontramos-en-esta-situacion-y-pienso-que-hay-que-verle-el-lado-positivo-marcela-reynoso\/","og_locale":"es_ES","og_type":"article","og_title":"\"Todos nos encontramos en esta situaci\u00f3n y pienso que hay que verle el lado positivo\" - Marcela Reynoso - Noticias Radio Reflejos","og_description":"Marcela Reynoso, propietaria del Complejo \u00abPiedras pampa\u00bb y due\u00f1a de una agencia de turismo internacional, nos transmite su visi\u00f3n optimista sobre las circunstancias actuales de pandemia, nos cuenta la situaci\u00f3n actual del complejo y de su agencia y, adem\u00e1s, nos informa sobre los vuelos al exterior.","og_url":"https:\/\/www.noticiasradioreflejos.com.ar\/2021\/todos-nos-encontramos-en-esta-situacion-y-pienso-que-hay-que-verle-el-lado-positivo-marcela-reynoso\/","og_site_name":"Noticias Radio Reflejos","article_published_time":"2020-05-19T18:58:07+00:00","og_image":[{"width":300,"height":200,"url":"https:\/\/www.noticiasradioreflejos.com.ar\/2021\/wp-content\/uploads\/2021\/07\/logosol300x200.png","type":"image\/png"}],"author":"Arnaldo Botto","twitter_card":"summary_large_image","schema":{"@context":"https:\/\/schema.org","@graph":[{"@type":"WebPage","@id":"https:\/\/www.noticiasradioreflejos.com.ar\/2021\/todos-nos-encontramos-en-esta-situacion-y-pienso-que-hay-que-verle-el-lado-positivo-marcela-reynoso\/","url":"https:\/\/www.noticiasradioreflejos.com.ar\/2021\/todos-nos-encontramos-en-esta-situacion-y-pienso-que-hay-que-verle-el-lado-positivo-marcela-reynoso\/","name":"\"Todos nos encontramos en esta situaci\u00f3n y pienso que hay que verle el lado positivo\" - Marcela Reynoso - Noticias Radio Reflejos","isPartOf":{"@id":"https:\/\/www.noticiasradioreflejos.com.ar\/2021\/#website"},"primaryImageOfPage":{"@id":"https:\/\/www.noticiasradioreflejos.com.ar\/2021\/todos-nos-encontramos-en-esta-situacion-y-pienso-que-hay-que-verle-el-lado-positivo-marcela-reynoso\/#primaryimage"},"image":{"@id":"https:\/\/www.noticiasradioreflejos.com.ar\/2021\/todos-nos-encontramos-en-esta-situacion-y-pienso-que-hay-que-verle-el-lado-positivo-marcela-reynoso\/#primaryimage"},"thumbnailUrl":"http:\/\/www.noticiasradioreflejos.com.ar\/noticias\/wp-content\/uploads\/2020\/05\/WhatsApp-Image-2020-05-19-at-14.55.31.jpeg","datePublished":"2020-05-19T18:58:07+00:00","author":{"@id":"https:\/\/www.noticiasradioreflejos.com.ar\/2021\/#\/schema\/person\/ad82545263dcc5ec0996818884fd5fb1"},"breadcrumb":{"@id":"https:\/\/www.noticiasradioreflejos.com.ar\/2021\/todos-nos-encontramos-en-esta-situacion-y-pienso-que-hay-que-verle-el-lado-positivo-marcela-reynoso\/#breadcrumb"},"inLanguage":"es","potentialAction":[{"@type":"ReadAction","target":["https:\/\/www.noticiasradioreflejos.com.ar\/2021\/todos-nos-encontramos-en-esta-situacion-y-pienso-que-hay-que-verle-el-lado-positivo-marcela-reynoso\/"]}]},{"@type":"ImageObject","inLanguage":"es","@id":"https:\/\/www.noticiasradioreflejos.com.ar\/2021\/todos-nos-encontramos-en-esta-situacion-y-pienso-que-hay-que-verle-el-lado-positivo-marcela-reynoso\/#primaryimage","url":"http:\/\/www.noticiasradioreflejos.com.ar\/noticias\/wp-content\/uploads\/2020\/05\/WhatsApp-Image-2020-05-19-at-14.55.31.jpeg","contentUrl":"http:\/\/www.noticiasradioreflejos.com.ar\/noticias\/wp-content\/uploads\/2020\/05\/WhatsApp-Image-2020-05-19-at-14.55.31.jpeg"},{"@type":"BreadcrumbList","@id":"https:\/\/www.noticiasradioreflejos.com.ar\/2021\/todos-nos-encontramos-en-esta-situacion-y-pienso-que-hay-que-verle-el-lado-positivo-marcela-reynoso\/#breadcrumb","itemListElement":[{"@type":"ListItem","position":1,"name":"Portada","item":"https:\/\/www.noticiasradioreflejos.com.ar\/2021\/"},{"@type":"ListItem","position":2,"name":"\u00abTodos nos encontramos en esta situaci\u00f3n y pienso que hay que verle el lado positivo\u00bb &#8211; Marcela Reynoso"}]},{"@type":"WebSite","@id":"https:\/\/www.noticiasradioreflejos.com.ar\/2021\/#website","url":"https:\/\/www.noticiasradioreflejos.com.ar\/2021\/","name":"Noticias Radio Reflejos","description":"Las noticias de mi comarca","potentialAction":[{"@type":"SearchAction","target":{"@type":"EntryPoint","urlTemplate":"https:\/\/www.noticiasradioreflejos.com.ar\/2021\/?s={search_term_string}"},"query-input":{"@type":"PropertyValueSpecification","valueRequired":true,"valueName":"search_term_string"}}],"inLanguage":"es"},{"@type":"Person","@id":"https:\/\/www.noticiasradioreflejos.com.ar\/2021\/#\/schema\/person\/ad82545263dcc5ec0996818884fd5fb1","name":"Arnaldo Botto","image":{"@type":"ImageObject","inLanguage":"es","@id":"https:\/\/www.noticiasradioreflejos.com.ar\/2021\/#\/schema\/person\/image\/","url":"https:\/\/secure.gravatar.com\/avatar\/55cb5e37c1efa326397366e6974cb338056df65cb50e7d64d1cf314e87504837?s=96&d=mm&r=g","contentUrl":"https:\/\/secure.gravatar.com\/avatar\/55cb5e37c1efa326397366e6974cb338056df65cb50e7d64d1cf314e87504837?s=96&d=mm&r=g","caption":"Arnaldo Botto"},"url":"https:\/\/www.noticiasradioreflejos.com.ar\/2021\/author\/arnaldo\/"}]}},"_links":{"self":[{"href":"https:\/\/www.noticiasradioreflejos.com.ar\/2021\/wp-json\/wp\/v2\/posts\/42154","targetHints":{"allow":["GET"]}}],"collection":[{"href":"https:\/\/www.noticiasradioreflejos.com.ar\/2021\/wp-json\/wp\/v2\/posts"}],"about":[{"href":"https:\/\/www.noticiasradioreflejos.com.ar\/2021\/wp-json\/wp\/v2\/types\/post"}],"author":[{"embeddable":true,"href":"https:\/\/www.noticiasradioreflejos.com.ar\/2021\/wp-json\/wp\/v2\/users\/3"}],"replies":[{"embeddable":true,"href":"https:\/\/www.noticiasradioreflejos.com.ar\/2021\/wp-json\/wp\/v2\/comments?post=42154"}],"version-history":[{"count":0,"href":"https:\/\/www.noticiasradioreflejos.com.ar\/2021\/wp-json\/wp\/v2\/posts\/42154\/revisions"}],"wp:attachment":[{"href":"https:\/\/www.noticiasradioreflejos.com.ar\/2021\/wp-json\/wp\/v2\/media?parent=42154"}],"wp:term":[{"taxonomy":"category","embeddable":true,"href":"https:\/\/www.noticiasradioreflejos.com.ar\/2021\/wp-json\/wp\/v2\/categories?post=42154"},{"taxonomy":"post_tag","embeddable":true,"href":"https:\/\/www.noticiasradioreflejos.com.ar\/2021\/wp-json\/wp\/v2\/tags?post=42154"}],"curies":[{"name":"wp","href":"https:\/\/api.w.org\/{rel}","templated":true}]}}