{"id":42138,"date":"2020-05-19T09:57:39","date_gmt":"2020-05-19T12:57:39","guid":{"rendered":"http:\/\/www.noticiasradioreflejos.com.ar\/noticias\/?p=42138"},"modified":"2020-05-19T09:57:39","modified_gmt":"2020-05-19T12:57:39","slug":"dr-daniel-barca-nuevo-director-medico-del-hospital-municipal-usar-el-tapaboca-es-fundamental","status":"publish","type":"post","link":"https:\/\/www.noticiasradioreflejos.com.ar\/2021\/dr-daniel-barca-nuevo-director-medico-del-hospital-municipal-usar-el-tapaboca-es-fundamental\/","title":{"rendered":"Dr. Daniel Barca, nuevo Director M\u00e9dico del hospital municipal."},"content":{"rendered":"<p>El flamante funcionario dialog\u00f3 este lunes con nuestro medio e hizo hincapi\u00e9 a la importancia de hacer uso de las medidas preventivas para evitar contagios de coronavirus en el distrito. El Dr. Daniel Barca asumi\u00f3 en los \u00faltimos d\u00edas como Director M\u00e9dico del Hospital Municipal \u2018Dr. Alberto Castro\u2019 de Tornquist, en reemplazo del Dr. Diego D\u00edaz, quien se alej\u00f3 del cargo por cuestiones personales.<!--more--><br \/>\nBarca es terapista, se desempe\u00f1a en la unidad sanitaria de Sierra de la Ventana y es Jefe del servicio de cl\u00ednica m\u00e9dica del Hospital Regional Espa\u00f1ol de Bah\u00eda Blanca y encargado del \u00e1rea de Covid-19. Adem\u00e1s, fue jefe de emergencias del Hospital Privado del Sur y director de once geri\u00e1tricos.<\/p>\n<p>Este lunes, el flamante funcionario dialog\u00f3 con nuestro medio e hizo hincapi\u00e9 en respetar las medidas preventivas a fin de evitar que el coronavirus llegue al distrito.<\/p>\n<p>\u201cEstamos pasando una situaci\u00f3n bastante complicada en la zona de Bah\u00eda y que tiene una gran influencia en el partido de Tornquist; los contagios en el parque e\u00f3lico han tra\u00eddo un rebrote en la ciudad, por consiguiente la repercusi\u00f3n en este distrito puede ser grande\u201d, afirm\u00f3.<\/p>\n<p>\u201cTenemos que hacer mucho m\u00e1s hincapi\u00e9 en las v\u00edas de prevenci\u00f3n como para evitar el contagio, que es como una mancha de aceite \u2013continu\u00f3-. La flexibilizaci\u00f3n que se est\u00e1 haciendo tiene que ser tomada con mucha responsabilidad por la poblaci\u00f3n; usar el tapaboca es realmente muy importante, es fundamental, para no contagiarnos nosotros y no infectar al otro\u201d.<\/p>\n<p>Respecto a la situaci\u00f3n de Bah\u00eda, Barca manifest\u00f3 que en el hospital Espa\u00f1ol \u201cde 30 camas destinadas para casos de covid-19, tenemos la mitad ocupadas; mientras que en el Municipal, la capacidad respectiva ya est\u00e1 completa\u201d. \u201cEstamos esperando muchos m\u00e1s casos\u201d, advirti\u00f3.<\/p>\n<p>\u201cEn Bah\u00eda, despu\u00e9s de los ocho d\u00edas que no hubo casos, est\u00e1bamos realmente muy optimistas, pero hoy se pudo haber dado por tierra todo el esfuerzo que se hizo porque estamos teniendo casos a diario. En el parque e\u00f3lico hab\u00eda m\u00e1s de 80 personas trabajando, no se pueden mantener aislados a los operarios y ese es el gran problema, porque trabajan en equipo, se juntan a comer y despu\u00e9s de ah\u00ed viajan al lugar de residencia\u201d, a\u00f1adi\u00f3 respecto a la situaci\u00f3n de la vecina ciudad.<\/p>\n<p>\u201cTomamos como circulaci\u00f3n viral al tener casos positivos de gente que no estaba confinada al trabajo\u201d, indic\u00f3 y agreg\u00f3 que \u201cel hecho de que un personal del hotel que vive en Bah\u00eda haya dado positivo, a nosotros nos pone en alerta porque puede haber circulaci\u00f3n viral ya que esa persona tienen una vida social\u201d.<\/p>\n<p>\u201cLa gran preocupaci\u00f3n de la autoridad sanitaria es la idiosincrasia de nuestra gente, que hace necesaria una ley y una norma para intentar violarla, y ah\u00ed es donde tenemos la falla. Lo que tiene que tener en cuenta la poblaci\u00f3n es que nosotros tenemos una complejidad para lo habitual en tiempos normales. Este momento de pandemia hace que todos los centros de alta complejidad ya se est\u00e9n saturando, por consiguiente, si se desborda, vamos a tener una cierta capacidad de respuesta\u201d, sostuvo m\u00e1s adelante.<\/p>\n<p>En ese marco, reiter\u00f3 que \u201cla gente tiene que entender que la \u00fanica forma de que nosotros tengamos capacidad de respuesta de forma aut\u00f3noma, es que se cuide y que los casos sean espor\u00e1dicos y controlados. La responsabilidad es personal, no es el Estado que tiene que hacer todo, el Estado ya tomo todos los recaudos\u201d.<\/p>\n<p>En Tornquist, \u201cestamos con todas las medidas que se deben tomar en este momento y todo lo que tenemos que hacer es controlar la pandemia. Tenemos much\u00edsimo riesgo, pero contamos con el recurso humano que es lo m\u00e1s dif\u00edcil de conseguir\u201d.<\/p>\n<p>\u201cEstamos muy concentrados en la prevenci\u00f3n y la capacitaci\u00f3n para evitar enfermarnos y dar respuesta a la gente del distrito\u201d, cerr\u00f3.<\/p>\n<p><iframe loading=\"lazy\" width=\"100%\" height=\"166\" scrolling=\"no\" frameborder=\"no\" allow=\"autoplay\" src=\"https:\/\/w.soundcloud.com\/player\/?url=https%3A\/\/api.soundcloud.com\/tracks\/823656310&#038;color=%23ff5500&#038;auto_play=false&#038;hide_related=false&#038;show_comments=true&#038;show_user=true&#038;show_reposts=false&#038;show_teaser=true\"><\/iframe><\/p>\n","protected":false},"excerpt":{"rendered":"<p>El flamante funcionario dialog\u00f3 este lunes con nuestro medio e hizo hincapi\u00e9 a la importancia de hacer uso de las medidas preventivas para evitar contagios de coronavirus en el distrito. El Dr. Daniel Barca asumi\u00f3 en los \u00faltimos d\u00edas como Director M\u00e9dico del Hospital Municipal \u2018Dr. Alberto Castro\u2019 de Tornquist, en reemplazo del Dr. Diego [&hellip;]<\/p>\n","protected":false},"author":3,"featured_media":0,"comment_status":"closed","ping_status":"open","sticky":false,"template":"","format":"standard","meta":{"footnotes":""},"categories":[30],"tags":[],"class_list":["post-42138","post","type-post","status-publish","format-standard","hentry","category-salud"],"yoast_head":"<!-- This site is optimized with the Yoast SEO plugin v25.9 - https:\/\/yoast.com\/wordpress\/plugins\/seo\/ -->\n<title>Dr. Daniel Barca, nuevo Director M\u00e9dico del hospital municipal. - Noticias Radio Reflejos<\/title>\n<meta name=\"robots\" content=\"index, follow, max-snippet:-1, max-image-preview:large, max-video-preview:-1\" \/>\n<link rel=\"canonical\" href=\"https:\/\/www.noticiasradioreflejos.com.ar\/2021\/dr-daniel-barca-nuevo-director-medico-del-hospital-municipal-usar-el-tapaboca-es-fundamental\/\" \/>\n<meta property=\"og:locale\" content=\"es_ES\" \/>\n<meta property=\"og:type\" content=\"article\" \/>\n<meta property=\"og:title\" content=\"Dr. Daniel Barca, nuevo Director M\u00e9dico del hospital municipal. - Noticias Radio Reflejos\" \/>\n<meta property=\"og:description\" content=\"El flamante funcionario dialog\u00f3 este lunes con nuestro medio e hizo hincapi\u00e9 a la importancia de hacer uso de las medidas preventivas para evitar contagios de coronavirus en el distrito. El Dr. Daniel Barca asumi\u00f3 en los \u00faltimos d\u00edas como Director M\u00e9dico del Hospital Municipal \u2018Dr. Alberto Castro\u2019 de Tornquist, en reemplazo del Dr. Diego [&hellip;]\" \/>\n<meta property=\"og:url\" content=\"https:\/\/www.noticiasradioreflejos.com.ar\/2021\/dr-daniel-barca-nuevo-director-medico-del-hospital-municipal-usar-el-tapaboca-es-fundamental\/\" \/>\n<meta property=\"og:site_name\" content=\"Noticias Radio Reflejos\" \/>\n<meta property=\"article:published_time\" content=\"2020-05-19T12:57:39+00:00\" \/>\n<meta property=\"og:image\" content=\"https:\/\/www.noticiasradioreflejos.com.ar\/2021\/wp-content\/uploads\/2021\/07\/logosol300x200.png\" \/>\n\t<meta property=\"og:image:width\" content=\"300\" \/>\n\t<meta property=\"og:image:height\" content=\"200\" \/>\n\t<meta property=\"og:image:type\" content=\"image\/png\" \/>\n<meta name=\"author\" content=\"Arnaldo Botto\" \/>\n<meta name=\"twitter:card\" content=\"summary_large_image\" \/>\n<script type=\"application\/ld+json\" class=\"yoast-schema-graph\">{\"@context\":\"https:\/\/schema.org\",\"@graph\":[{\"@type\":\"WebPage\",\"@id\":\"https:\/\/www.noticiasradioreflejos.com.ar\/2021\/dr-daniel-barca-nuevo-director-medico-del-hospital-municipal-usar-el-tapaboca-es-fundamental\/\",\"url\":\"https:\/\/www.noticiasradioreflejos.com.ar\/2021\/dr-daniel-barca-nuevo-director-medico-del-hospital-municipal-usar-el-tapaboca-es-fundamental\/\",\"name\":\"Dr. Daniel Barca, nuevo Director M\u00e9dico del hospital municipal. - Noticias Radio Reflejos\",\"isPartOf\":{\"@id\":\"https:\/\/www.noticiasradioreflejos.com.ar\/2021\/#website\"},\"datePublished\":\"2020-05-19T12:57:39+00:00\",\"author\":{\"@id\":\"https:\/\/www.noticiasradioreflejos.com.ar\/2021\/#\/schema\/person\/ad82545263dcc5ec0996818884fd5fb1\"},\"breadcrumb\":{\"@id\":\"https:\/\/www.noticiasradioreflejos.com.ar\/2021\/dr-daniel-barca-nuevo-director-medico-del-hospital-municipal-usar-el-tapaboca-es-fundamental\/#breadcrumb\"},\"inLanguage\":\"es\",\"potentialAction\":[{\"@type\":\"ReadAction\",\"target\":[\"https:\/\/www.noticiasradioreflejos.com.ar\/2021\/dr-daniel-barca-nuevo-director-medico-del-hospital-municipal-usar-el-tapaboca-es-fundamental\/\"]}]},{\"@type\":\"BreadcrumbList\",\"@id\":\"https:\/\/www.noticiasradioreflejos.com.ar\/2021\/dr-daniel-barca-nuevo-director-medico-del-hospital-municipal-usar-el-tapaboca-es-fundamental\/#breadcrumb\",\"itemListElement\":[{\"@type\":\"ListItem\",\"position\":1,\"name\":\"Portada\",\"item\":\"https:\/\/www.noticiasradioreflejos.com.ar\/2021\/\"},{\"@type\":\"ListItem\",\"position\":2,\"name\":\"Dr. Daniel Barca, nuevo Director M\u00e9dico del hospital municipal.\"}]},{\"@type\":\"WebSite\",\"@id\":\"https:\/\/www.noticiasradioreflejos.com.ar\/2021\/#website\",\"url\":\"https:\/\/www.noticiasradioreflejos.com.ar\/2021\/\",\"name\":\"Noticias Radio Reflejos\",\"description\":\"Las noticias de mi comarca\",\"potentialAction\":[{\"@type\":\"SearchAction\",\"target\":{\"@type\":\"EntryPoint\",\"urlTemplate\":\"https:\/\/www.noticiasradioreflejos.com.ar\/2021\/?s={search_term_string}\"},\"query-input\":{\"@type\":\"PropertyValueSpecification\",\"valueRequired\":true,\"valueName\":\"search_term_string\"}}],\"inLanguage\":\"es\"},{\"@type\":\"Person\",\"@id\":\"https:\/\/www.noticiasradioreflejos.com.ar\/2021\/#\/schema\/person\/ad82545263dcc5ec0996818884fd5fb1\",\"name\":\"Arnaldo Botto\",\"image\":{\"@type\":\"ImageObject\",\"inLanguage\":\"es\",\"@id\":\"https:\/\/www.noticiasradioreflejos.com.ar\/2021\/#\/schema\/person\/image\/\",\"url\":\"https:\/\/secure.gravatar.com\/avatar\/55cb5e37c1efa326397366e6974cb338056df65cb50e7d64d1cf314e87504837?s=96&d=mm&r=g\",\"contentUrl\":\"https:\/\/secure.gravatar.com\/avatar\/55cb5e37c1efa326397366e6974cb338056df65cb50e7d64d1cf314e87504837?s=96&d=mm&r=g\",\"caption\":\"Arnaldo Botto\"},\"url\":\"https:\/\/www.noticiasradioreflejos.com.ar\/2021\/author\/arnaldo\/\"}]}<\/script>\n<!-- \/ Yoast SEO plugin. -->","yoast_head_json":{"title":"Dr. Daniel Barca, nuevo Director M\u00e9dico del hospital municipal. - Noticias Radio Reflejos","robots":{"index":"index","follow":"follow","max-snippet":"max-snippet:-1","max-image-preview":"max-image-preview:large","max-video-preview":"max-video-preview:-1"},"canonical":"https:\/\/www.noticiasradioreflejos.com.ar\/2021\/dr-daniel-barca-nuevo-director-medico-del-hospital-municipal-usar-el-tapaboca-es-fundamental\/","og_locale":"es_ES","og_type":"article","og_title":"Dr. Daniel Barca, nuevo Director M\u00e9dico del hospital municipal. - Noticias Radio Reflejos","og_description":"El flamante funcionario dialog\u00f3 este lunes con nuestro medio e hizo hincapi\u00e9 a la importancia de hacer uso de las medidas preventivas para evitar contagios de coronavirus en el distrito. El Dr. Daniel Barca asumi\u00f3 en los \u00faltimos d\u00edas como Director M\u00e9dico del Hospital Municipal \u2018Dr. Alberto Castro\u2019 de Tornquist, en reemplazo del Dr. Diego [&hellip;]","og_url":"https:\/\/www.noticiasradioreflejos.com.ar\/2021\/dr-daniel-barca-nuevo-director-medico-del-hospital-municipal-usar-el-tapaboca-es-fundamental\/","og_site_name":"Noticias Radio Reflejos","article_published_time":"2020-05-19T12:57:39+00:00","og_image":[{"width":300,"height":200,"url":"https:\/\/www.noticiasradioreflejos.com.ar\/2021\/wp-content\/uploads\/2021\/07\/logosol300x200.png","type":"image\/png"}],"author":"Arnaldo Botto","twitter_card":"summary_large_image","schema":{"@context":"https:\/\/schema.org","@graph":[{"@type":"WebPage","@id":"https:\/\/www.noticiasradioreflejos.com.ar\/2021\/dr-daniel-barca-nuevo-director-medico-del-hospital-municipal-usar-el-tapaboca-es-fundamental\/","url":"https:\/\/www.noticiasradioreflejos.com.ar\/2021\/dr-daniel-barca-nuevo-director-medico-del-hospital-municipal-usar-el-tapaboca-es-fundamental\/","name":"Dr. Daniel Barca, nuevo Director M\u00e9dico del hospital municipal. - Noticias Radio Reflejos","isPartOf":{"@id":"https:\/\/www.noticiasradioreflejos.com.ar\/2021\/#website"},"datePublished":"2020-05-19T12:57:39+00:00","author":{"@id":"https:\/\/www.noticiasradioreflejos.com.ar\/2021\/#\/schema\/person\/ad82545263dcc5ec0996818884fd5fb1"},"breadcrumb":{"@id":"https:\/\/www.noticiasradioreflejos.com.ar\/2021\/dr-daniel-barca-nuevo-director-medico-del-hospital-municipal-usar-el-tapaboca-es-fundamental\/#breadcrumb"},"inLanguage":"es","potentialAction":[{"@type":"ReadAction","target":["https:\/\/www.noticiasradioreflejos.com.ar\/2021\/dr-daniel-barca-nuevo-director-medico-del-hospital-municipal-usar-el-tapaboca-es-fundamental\/"]}]},{"@type":"BreadcrumbList","@id":"https:\/\/www.noticiasradioreflejos.com.ar\/2021\/dr-daniel-barca-nuevo-director-medico-del-hospital-municipal-usar-el-tapaboca-es-fundamental\/#breadcrumb","itemListElement":[{"@type":"ListItem","position":1,"name":"Portada","item":"https:\/\/www.noticiasradioreflejos.com.ar\/2021\/"},{"@type":"ListItem","position":2,"name":"Dr. Daniel Barca, nuevo Director M\u00e9dico del hospital municipal."}]},{"@type":"WebSite","@id":"https:\/\/www.noticiasradioreflejos.com.ar\/2021\/#website","url":"https:\/\/www.noticiasradioreflejos.com.ar\/2021\/","name":"Noticias Radio Reflejos","description":"Las noticias de mi comarca","potentialAction":[{"@type":"SearchAction","target":{"@type":"EntryPoint","urlTemplate":"https:\/\/www.noticiasradioreflejos.com.ar\/2021\/?s={search_term_string}"},"query-input":{"@type":"PropertyValueSpecification","valueRequired":true,"valueName":"search_term_string"}}],"inLanguage":"es"},{"@type":"Person","@id":"https:\/\/www.noticiasradioreflejos.com.ar\/2021\/#\/schema\/person\/ad82545263dcc5ec0996818884fd5fb1","name":"Arnaldo Botto","image":{"@type":"ImageObject","inLanguage":"es","@id":"https:\/\/www.noticiasradioreflejos.com.ar\/2021\/#\/schema\/person\/image\/","url":"https:\/\/secure.gravatar.com\/avatar\/55cb5e37c1efa326397366e6974cb338056df65cb50e7d64d1cf314e87504837?s=96&d=mm&r=g","contentUrl":"https:\/\/secure.gravatar.com\/avatar\/55cb5e37c1efa326397366e6974cb338056df65cb50e7d64d1cf314e87504837?s=96&d=mm&r=g","caption":"Arnaldo Botto"},"url":"https:\/\/www.noticiasradioreflejos.com.ar\/2021\/author\/arnaldo\/"}]}},"_links":{"self":[{"href":"https:\/\/www.noticiasradioreflejos.com.ar\/2021\/wp-json\/wp\/v2\/posts\/42138","targetHints":{"allow":["GET"]}}],"collection":[{"href":"https:\/\/www.noticiasradioreflejos.com.ar\/2021\/wp-json\/wp\/v2\/posts"}],"about":[{"href":"https:\/\/www.noticiasradioreflejos.com.ar\/2021\/wp-json\/wp\/v2\/types\/post"}],"author":[{"embeddable":true,"href":"https:\/\/www.noticiasradioreflejos.com.ar\/2021\/wp-json\/wp\/v2\/users\/3"}],"replies":[{"embeddable":true,"href":"https:\/\/www.noticiasradioreflejos.com.ar\/2021\/wp-json\/wp\/v2\/comments?post=42138"}],"version-history":[{"count":0,"href":"https:\/\/www.noticiasradioreflejos.com.ar\/2021\/wp-json\/wp\/v2\/posts\/42138\/revisions"}],"wp:attachment":[{"href":"https:\/\/www.noticiasradioreflejos.com.ar\/2021\/wp-json\/wp\/v2\/media?parent=42138"}],"wp:term":[{"taxonomy":"category","embeddable":true,"href":"https:\/\/www.noticiasradioreflejos.com.ar\/2021\/wp-json\/wp\/v2\/categories?post=42138"},{"taxonomy":"post_tag","embeddable":true,"href":"https:\/\/www.noticiasradioreflejos.com.ar\/2021\/wp-json\/wp\/v2\/tags?post=42138"}],"curies":[{"name":"wp","href":"https:\/\/api.w.org\/{rel}","templated":true}]}}