{"id":42136,"date":"2020-05-19T09:03:36","date_gmt":"2020-05-19T12:03:36","guid":{"rendered":"http:\/\/www.noticiasradioreflejos.com.ar\/noticias\/?p=42136"},"modified":"2020-05-19T09:03:36","modified_gmt":"2020-05-19T12:03:36","slug":"desde-hoy-vuelven-a-cobrar-peajes-en-caba-y-rutas-nacionales-habra-excepcion-de-pagos-y-carriles-exclusivos","status":"publish","type":"post","link":"https:\/\/www.noticiasradioreflejos.com.ar\/2021\/desde-hoy-vuelven-a-cobrar-peajes-en-caba-y-rutas-nacionales-habra-excepcion-de-pagos-y-carriles-exclusivos\/","title":{"rendered":"Desde hoy vuelven a cobrar peajes en CABA y rutas nacionales: habr\u00e1 excepci\u00f3n de pagos y carriles exclusivos"},"content":{"rendered":"<p>Los usuarios del sistema TelePASE tendr\u00e1n un 20% extra de descuento y se implementar\u00e1n protocolos sanitarios y de seguridad para evitar nuevos contagios y controlar a las personas que est\u00e1n circulando.<!--more--><\/p>\n<div id=\"c0nIkTyHtih6Zr\" class=\"col-md-8 col-sm-12 col-xs-12 pb-layout-item pb-chain pb-c-list-chain left-align\">\n<div id=\"f0bBDCsHtih6Zr\" class=\"wrapper clearfix full pb-feature pb-layout-item pb-f-article-big-button-share no-align\">\n<div class=\"social-tools-wrapper-bottom \">\n<div class=\"clear\">\u00a0A partir de este martes\u00a0<b>volver\u00e1 a funcionar el cobro del peaje<\/b>\u00a0en los principales accesos a la Ciudad de Buenos Aires y en toda la red de rutas nacionales concesionadas, aunque bajo estrictos protocolos sanitarios y de seguridad para evitar nuevos contagios de coronavirus.<\/div>\n<\/div>\n<\/div>\n<div id=\"fgC3mz1Htih6Zr\" class=\"wrapper clearfix full pb-feature pb-layout-item pb-f-article-body no-align\">\n<div id=\"article-body\" class=\"article-body article-body-elements\">\n<div id=\"article-content\">\n<div class=\"row pb-content-type-text\">\n<div class=\"col-xs-12 col-print-12\">\n<p class=\"element element-paragraph\">Seg\u00fan inform\u00f3 Vialidad Nacional, organismo que depende del Ministerio de Obras P\u00fablicas,\u00a0<mark class=\"hl_yellow\">habr\u00e1 excepci\u00f3n de pagos y carriles exclusivos para los trabajadores de actividades esenciales y un descuento extra del 20% para los usuarios del sistema Telepase.<\/mark><\/p>\n<\/div>\n<\/div>\n<div class=\"row pb-content-type-text\">\n<div class=\"col-xs-12 col-print-12\">\n<p class=\"element element-paragraph\">En este sentido, las autoridades explicaron que en los accesos Norte, Oeste y Riccheri se contar\u00e1 con una fila especial para los veh\u00edculos de\u00a0<b>trabajadores de la salud y de las fuerzas de seguridad<\/b>, quienes\u00a0<b>no deber\u00e1n abonar ninguna tarifa para pasar.<\/b><\/p>\n<\/div>\n<\/div>\n<div class=\"row pb-content-type-text\">\n<div class=\"col-xs-12 col-print-12\">\n<p class=\"element element-paragraph\">Se habilitar\u00e1n de 3 a 4 cabinas en cada sentido por autopista, asegurando el traslado de quienes cumplen tareas esenciales y se mantendr\u00e1 el carril exclusivo para que los veh\u00edculos sanitarios puedan circular en forma \u00e1gil.<\/p>\n<\/div>\n<\/div>\n<div class=\"row pb-content-type-image\">\n<div id=\"\" class=\"wrapper clearfix pb-feature pb-layout-item pb-f-ads-dfp left-align\"><\/div>\n<figure class=\"element element-image col-xs-12\">\n<div class=\"single-image\">\n<div class=\"shares\"><\/div>\n<p><img decoding=\"async\" id=\"JU7O4V2IUNEFVIGY4UULBACAAQ\" class=\"image-lazy\" src=\"https:\/\/www.infobae.com\/new-resizer\/63qhoC1r-ohSArxlhF1BpbaBzzk=\/750x0\/filters:quality(100)\/cloudfront-us-east-1.images.arcpublishing.com\/infobae\/JU7O4V2IUNEFVIGY4UULBACAAQ.jpg\" alt=\"El personal sanitario y de las fuerzas de seguridad estar\u00e1 excento del pago de peaje. (Aglaplata)\" width=\"750\" height=\"421.875\" data-url=\"https:\/\/www.infobae.com\/economia\/2020\/05\/19\/desde-hoy-vuelven-a-cobrar-peajes-en-caba-y-rutas-nacionales-habra-excepcion-de-pagos-y-carriles-exclusivos\/%23JU7O4V2IUNEFVIGY4UULBACAAQ\" data-original=\"https:\/\/www.infobae.com\/new-resizer\/63qhoC1r-ohSArxlhF1BpbaBzzk=\/750x0\/filters:quality(100)\/cloudfront-us-east-1.images.arcpublishing.com\/infobae\/JU7O4V2IUNEFVIGY4UULBACAAQ.jpg\" \/><\/div><figcaption class=\"\"><span class=\"credit\">El personal sanitario y de las fuerzas de seguridad estar\u00e1 excento del pago de peaje. (Aglaplata)<\/span><\/figcaption><\/figure>\n<\/div>\n<div class=\"row pb-content-type-text\">\n<div class=\"col-xs-12 col-print-12\">\n<p class=\"element element-paragraph\">A trav\u00e9s de un comunicado, la empresa\u00a0<b>Autopistas Urbanas S.A. (AUSA)<\/b>, que se encarga del mantenimiento y el cobro del peaje en estos ingresos a la Capital Federal, precis\u00f3 que \u201clas cabinas y el personal contar\u00e1n con todos los\u00a0<b>elementos de prevenci\u00f3n e higiene\u201d.<\/b><\/p>\n<\/div>\n<\/div>\n<div class=\"row pb-content-type-text\">\n<div class=\"col-xs-12 col-print-12\">\n<p class=\"element element-paragraph\">Adem\u00e1s, anunci\u00f3 que se otorgar\u00e1\u00a0<b>un descuento extra de hasta el 20% para los nuevos usuarios de TelePASE<\/b>, el cual se suma al que ya se daba anteriormente de hasta el 30 por ciento, por lo que representa una\u00a0<b>rebaja total que puede alcanzar la mitad del precio original.<\/b><\/p>\n<\/div>\n<\/div>\n<div class=\"row pb-content-type-text\">\n<div class=\"col-xs-12 col-print-12\">\n<p class=\"element element-paragraph\">Podr\u00e1n acceder a este beneficio los conductores que se sumen por primera vez al sistema y\u00a0<b>se inscriban antes del 23 de mayo.\u00a0<\/b>De acuerdo con el texto, esta medida se tom\u00f3 para fomentar \u201cun acceso m\u00e1s \u00e1gil\u201d y \u201ccon el prop\u00f3sito de reducir al m\u00e1ximo los pagos manuales\u201d.<\/p>\n<\/div>\n<\/div>\n<div class=\"row pb-content-type-text\">\n<div class=\"col-xs-12 col-print-12\">\n<p class=\"element element-paragraph\">La compa\u00f1\u00eda detall\u00f3 que tambi\u00e9n \u201cse est\u00e1 trabajando en la realizaci\u00f3n de los\u00a0<b>controles del Certificado \u00danico de Circulaci\u00f3n a trav\u00e9s de TelePASE,<\/b>\u00a0cruzando con la base de los registros de permisos de la Ciudad\u201d.<\/p>\n<\/div>\n<\/div>\n<div class=\"row pb-content-type-image\">\n<figure class=\"element element-image col-xs-12\">\n<div class=\"single-image\">\n<div class=\"shares\"><\/div>\n<p><img decoding=\"async\" id=\"FTPNV6YLWBF7HA5M2FHOI6QZPE\" class=\"image-lazy\" src=\"https:\/\/www.infobae.com\/new-resizer\/-55jOwFlRNLEY00JrFvJaVzfhhw=\/750x0\/filters:quality(100)\/cloudfront-us-east-1.images.arcpublishing.com\/infobae\/FTPNV6YLWBF7HA5M2FHOI6QZPE.jpg\" alt=\"Tambi\u00e9n habr\u00e1 protocolos de seguridad para controlar que la gente que est\u00e9 circulando cuente con el permiso correspondiente. (Gustavo Gavotti)\" width=\"750\" height=\"421.875\" data-url=\"https:\/\/www.infobae.com\/economia\/2020\/05\/19\/desde-hoy-vuelven-a-cobrar-peajes-en-caba-y-rutas-nacionales-habra-excepcion-de-pagos-y-carriles-exclusivos\/%23FTPNV6YLWBF7HA5M2FHOI6QZPE\" data-original=\"https:\/\/www.infobae.com\/new-resizer\/-55jOwFlRNLEY00JrFvJaVzfhhw=\/750x0\/filters:quality(100)\/cloudfront-us-east-1.images.arcpublishing.com\/infobae\/FTPNV6YLWBF7HA5M2FHOI6QZPE.jpg\" \/><\/div><figcaption class=\"\"><span class=\"credit\">Tambi\u00e9n habr\u00e1 protocolos de seguridad para controlar que la gente que est\u00e9 circulando cuente con el permiso correspondiente. (Gustavo Gavotti)<\/span><\/figcaption><\/figure>\n<\/div>\n<div class=\"row pb-content-type-text\">\n<div class=\"col-xs-12 col-print-12\">\n<p class=\"element element-paragraph\"><b>\u201cEsto permitir\u00e1 que el usuario pueda pasar sin detenerse, ya que los controles en estas v\u00edas estar\u00e1n para verificar que haya una sola persona en el veh\u00edculo. De no ser as\u00ed, el personal policial los detendr\u00e1 y solicitar\u00e1 los permisos de cada uno\u201d,<\/b>\u00a0explic\u00f3 AUSA.<\/p>\n<\/div>\n<\/div>\n<div class=\"row pb-content-type-text\">\n<div class=\"col-xs-12 col-print-12\">\n<p class=\"element element-paragraph\">Asimismo, se dispondr\u00e1 de equipos de Seguridad Vial para el monitoreo de la circulaci\u00f3n y, de ser necesario, se llevar\u00e1n a cabo protocolos de actuaci\u00f3n r\u00e1pida para mejorar la fluidez en los ingresos a las autopistas.<\/p>\n<\/div>\n<\/div>\n<div class=\"row pb-content-type-text\">\n<div class=\"col-xs-12 col-print-12\">\n<p class=\"element element-paragraph\">Por otra parte, la empresa asegur\u00f3 que para retomar su actividad se adoptaron varias medidas sanitarias y de seguridad para el cuidado de los empleados del peaje y de los conductores, como el<b>\u00a0uso obligatorio de barbijo y m\u00e1scara\u00a0<\/b>y la colocaci\u00f3n de<b>\u00a0alcohol en gel, agua y jab\u00f3n\u00a0<\/b>para la higiene frecuente de manos en las cabinas de cobro.<\/p>\n<\/div>\n<\/div>\n<div class=\"row pb-content-type-text\">\n<div class=\"col-xs-12 col-print-12\">\n<p class=\"element element-paragraph\">Tambi\u00e9n se implementar\u00e1 \u201cun nuevo modelo de cobro\u201d, el cual incluye la incorporaci\u00f3n de un\u00a0<b>protocolo especial de actuaci\u00f3n ante casos sospechosos COVID-19<\/b>, la decisi\u00f3n de\u00a0<b>tomarle la temperatura corporal\u00a0<\/b>a toda persona que ingrese a cualquier establecimiento de la compa\u00f1\u00eda y cambios en el modo en el que trabajan los empleados de limpieza.<\/p>\n<\/div>\n<\/div>\n<div class=\"row pb-content-type-text\">\n<div class=\"col-xs-12 col-print-12\">\n<p class=\"element element-paragraph\">Por \u00faltimo, se difundir\u00e1 un\u00a0<b>instructivo preventivo<\/b>\u00a0con todas las medidas de seguridad para las personas que operan las cajas se colocar\u00e1n\u00a0<b>barreras f\u00edsicas de acr\u00edlico en cada cabina\u00a0<\/b>para distanciamiento social.<\/p>\n<\/div>\n<\/div>\n<\/div>\n<\/div>\n<\/div>\n<\/div>\n","protected":false},"excerpt":{"rendered":"<p>Los usuarios del sistema TelePASE tendr\u00e1n un 20% extra de descuento y se implementar\u00e1n protocolos sanitarios y de seguridad para evitar nuevos contagios y controlar a las personas que est\u00e1n circulando.<\/p>\n","protected":false},"author":3,"featured_media":0,"comment_status":"closed","ping_status":"open","sticky":false,"template":"","format":"standard","meta":{"footnotes":""},"categories":[25],"tags":[],"class_list":["post-42136","post","type-post","status-publish","format-standard","hentry","category-uncategorized"],"yoast_head":"<!-- This site is optimized with the Yoast SEO plugin v25.9 - https:\/\/yoast.com\/wordpress\/plugins\/seo\/ -->\n<title>Desde hoy vuelven a cobrar peajes en CABA y rutas nacionales: habr\u00e1 excepci\u00f3n de pagos y carriles exclusivos - Noticias Radio Reflejos<\/title>\n<meta name=\"robots\" content=\"index, follow, max-snippet:-1, max-image-preview:large, max-video-preview:-1\" \/>\n<link rel=\"canonical\" href=\"https:\/\/www.noticiasradioreflejos.com.ar\/2021\/desde-hoy-vuelven-a-cobrar-peajes-en-caba-y-rutas-nacionales-habra-excepcion-de-pagos-y-carriles-exclusivos\/\" \/>\n<meta property=\"og:locale\" content=\"es_ES\" \/>\n<meta property=\"og:type\" content=\"article\" \/>\n<meta property=\"og:title\" content=\"Desde hoy vuelven a cobrar peajes en CABA y rutas nacionales: habr\u00e1 excepci\u00f3n de pagos y carriles exclusivos - Noticias Radio Reflejos\" \/>\n<meta property=\"og:description\" content=\"Los usuarios del sistema TelePASE tendr\u00e1n un 20% extra de descuento y se implementar\u00e1n protocolos sanitarios y de seguridad para evitar nuevos contagios y controlar a las personas que est\u00e1n circulando.\" \/>\n<meta property=\"og:url\" content=\"https:\/\/www.noticiasradioreflejos.com.ar\/2021\/desde-hoy-vuelven-a-cobrar-peajes-en-caba-y-rutas-nacionales-habra-excepcion-de-pagos-y-carriles-exclusivos\/\" \/>\n<meta property=\"og:site_name\" content=\"Noticias Radio Reflejos\" \/>\n<meta property=\"article:published_time\" content=\"2020-05-19T12:03:36+00:00\" \/>\n<meta property=\"og:image\" content=\"https:\/\/www.infobae.com\/new-resizer\/63qhoC1r-ohSArxlhF1BpbaBzzk=\/750x0\/filters:quality(100)\/cloudfront-us-east-1.images.arcpublishing.com\/infobae\/JU7O4V2IUNEFVIGY4UULBACAAQ.jpg\" \/>\n<meta name=\"author\" content=\"Arnaldo Botto\" \/>\n<meta name=\"twitter:card\" content=\"summary_large_image\" \/>\n<script type=\"application\/ld+json\" class=\"yoast-schema-graph\">{\"@context\":\"https:\/\/schema.org\",\"@graph\":[{\"@type\":\"WebPage\",\"@id\":\"https:\/\/www.noticiasradioreflejos.com.ar\/2021\/desde-hoy-vuelven-a-cobrar-peajes-en-caba-y-rutas-nacionales-habra-excepcion-de-pagos-y-carriles-exclusivos\/\",\"url\":\"https:\/\/www.noticiasradioreflejos.com.ar\/2021\/desde-hoy-vuelven-a-cobrar-peajes-en-caba-y-rutas-nacionales-habra-excepcion-de-pagos-y-carriles-exclusivos\/\",\"name\":\"Desde hoy vuelven a cobrar peajes en CABA y rutas nacionales: habr\u00e1 excepci\u00f3n de pagos y carriles exclusivos - Noticias Radio Reflejos\",\"isPartOf\":{\"@id\":\"https:\/\/www.noticiasradioreflejos.com.ar\/2021\/#website\"},\"primaryImageOfPage\":{\"@id\":\"https:\/\/www.noticiasradioreflejos.com.ar\/2021\/desde-hoy-vuelven-a-cobrar-peajes-en-caba-y-rutas-nacionales-habra-excepcion-de-pagos-y-carriles-exclusivos\/#primaryimage\"},\"image\":{\"@id\":\"https:\/\/www.noticiasradioreflejos.com.ar\/2021\/desde-hoy-vuelven-a-cobrar-peajes-en-caba-y-rutas-nacionales-habra-excepcion-de-pagos-y-carriles-exclusivos\/#primaryimage\"},\"thumbnailUrl\":\"https:\/\/www.infobae.com\/new-resizer\/63qhoC1r-ohSArxlhF1BpbaBzzk=\/750x0\/filters:quality(100)\/cloudfront-us-east-1.images.arcpublishing.com\/infobae\/JU7O4V2IUNEFVIGY4UULBACAAQ.jpg\",\"datePublished\":\"2020-05-19T12:03:36+00:00\",\"author\":{\"@id\":\"https:\/\/www.noticiasradioreflejos.com.ar\/2021\/#\/schema\/person\/ad82545263dcc5ec0996818884fd5fb1\"},\"breadcrumb\":{\"@id\":\"https:\/\/www.noticiasradioreflejos.com.ar\/2021\/desde-hoy-vuelven-a-cobrar-peajes-en-caba-y-rutas-nacionales-habra-excepcion-de-pagos-y-carriles-exclusivos\/#breadcrumb\"},\"inLanguage\":\"es\",\"potentialAction\":[{\"@type\":\"ReadAction\",\"target\":[\"https:\/\/www.noticiasradioreflejos.com.ar\/2021\/desde-hoy-vuelven-a-cobrar-peajes-en-caba-y-rutas-nacionales-habra-excepcion-de-pagos-y-carriles-exclusivos\/\"]}]},{\"@type\":\"ImageObject\",\"inLanguage\":\"es\",\"@id\":\"https:\/\/www.noticiasradioreflejos.com.ar\/2021\/desde-hoy-vuelven-a-cobrar-peajes-en-caba-y-rutas-nacionales-habra-excepcion-de-pagos-y-carriles-exclusivos\/#primaryimage\",\"url\":\"https:\/\/www.infobae.com\/new-resizer\/63qhoC1r-ohSArxlhF1BpbaBzzk=\/750x0\/filters:quality(100)\/cloudfront-us-east-1.images.arcpublishing.com\/infobae\/JU7O4V2IUNEFVIGY4UULBACAAQ.jpg\",\"contentUrl\":\"https:\/\/www.infobae.com\/new-resizer\/63qhoC1r-ohSArxlhF1BpbaBzzk=\/750x0\/filters:quality(100)\/cloudfront-us-east-1.images.arcpublishing.com\/infobae\/JU7O4V2IUNEFVIGY4UULBACAAQ.jpg\"},{\"@type\":\"BreadcrumbList\",\"@id\":\"https:\/\/www.noticiasradioreflejos.com.ar\/2021\/desde-hoy-vuelven-a-cobrar-peajes-en-caba-y-rutas-nacionales-habra-excepcion-de-pagos-y-carriles-exclusivos\/#breadcrumb\",\"itemListElement\":[{\"@type\":\"ListItem\",\"position\":1,\"name\":\"Portada\",\"item\":\"https:\/\/www.noticiasradioreflejos.com.ar\/2021\/\"},{\"@type\":\"ListItem\",\"position\":2,\"name\":\"Desde hoy vuelven a cobrar peajes en CABA y rutas nacionales: habr\u00e1 excepci\u00f3n de pagos y carriles exclusivos\"}]},{\"@type\":\"WebSite\",\"@id\":\"https:\/\/www.noticiasradioreflejos.com.ar\/2021\/#website\",\"url\":\"https:\/\/www.noticiasradioreflejos.com.ar\/2021\/\",\"name\":\"Noticias Radio Reflejos\",\"description\":\"Las noticias de mi comarca\",\"potentialAction\":[{\"@type\":\"SearchAction\",\"target\":{\"@type\":\"EntryPoint\",\"urlTemplate\":\"https:\/\/www.noticiasradioreflejos.com.ar\/2021\/?s={search_term_string}\"},\"query-input\":{\"@type\":\"PropertyValueSpecification\",\"valueRequired\":true,\"valueName\":\"search_term_string\"}}],\"inLanguage\":\"es\"},{\"@type\":\"Person\",\"@id\":\"https:\/\/www.noticiasradioreflejos.com.ar\/2021\/#\/schema\/person\/ad82545263dcc5ec0996818884fd5fb1\",\"name\":\"Arnaldo Botto\",\"image\":{\"@type\":\"ImageObject\",\"inLanguage\":\"es\",\"@id\":\"https:\/\/www.noticiasradioreflejos.com.ar\/2021\/#\/schema\/person\/image\/\",\"url\":\"https:\/\/secure.gravatar.com\/avatar\/55cb5e37c1efa326397366e6974cb338056df65cb50e7d64d1cf314e87504837?s=96&d=mm&r=g\",\"contentUrl\":\"https:\/\/secure.gravatar.com\/avatar\/55cb5e37c1efa326397366e6974cb338056df65cb50e7d64d1cf314e87504837?s=96&d=mm&r=g\",\"caption\":\"Arnaldo Botto\"},\"url\":\"https:\/\/www.noticiasradioreflejos.com.ar\/2021\/author\/arnaldo\/\"}]}<\/script>\n<!-- \/ Yoast SEO plugin. -->","yoast_head_json":{"title":"Desde hoy vuelven a cobrar peajes en CABA y rutas nacionales: habr\u00e1 excepci\u00f3n de pagos y carriles exclusivos - Noticias Radio Reflejos","robots":{"index":"index","follow":"follow","max-snippet":"max-snippet:-1","max-image-preview":"max-image-preview:large","max-video-preview":"max-video-preview:-1"},"canonical":"https:\/\/www.noticiasradioreflejos.com.ar\/2021\/desde-hoy-vuelven-a-cobrar-peajes-en-caba-y-rutas-nacionales-habra-excepcion-de-pagos-y-carriles-exclusivos\/","og_locale":"es_ES","og_type":"article","og_title":"Desde hoy vuelven a cobrar peajes en CABA y rutas nacionales: habr\u00e1 excepci\u00f3n de pagos y carriles exclusivos - Noticias Radio Reflejos","og_description":"Los usuarios del sistema TelePASE tendr\u00e1n un 20% extra de descuento y se implementar\u00e1n protocolos sanitarios y de seguridad para evitar nuevos contagios y controlar a las personas que est\u00e1n circulando.","og_url":"https:\/\/www.noticiasradioreflejos.com.ar\/2021\/desde-hoy-vuelven-a-cobrar-peajes-en-caba-y-rutas-nacionales-habra-excepcion-de-pagos-y-carriles-exclusivos\/","og_site_name":"Noticias Radio Reflejos","article_published_time":"2020-05-19T12:03:36+00:00","og_image":[{"url":"https:\/\/www.infobae.com\/new-resizer\/63qhoC1r-ohSArxlhF1BpbaBzzk=\/750x0\/filters:quality(100)\/cloudfront-us-east-1.images.arcpublishing.com\/infobae\/JU7O4V2IUNEFVIGY4UULBACAAQ.jpg","type":"","width":"","height":""}],"author":"Arnaldo Botto","twitter_card":"summary_large_image","schema":{"@context":"https:\/\/schema.org","@graph":[{"@type":"WebPage","@id":"https:\/\/www.noticiasradioreflejos.com.ar\/2021\/desde-hoy-vuelven-a-cobrar-peajes-en-caba-y-rutas-nacionales-habra-excepcion-de-pagos-y-carriles-exclusivos\/","url":"https:\/\/www.noticiasradioreflejos.com.ar\/2021\/desde-hoy-vuelven-a-cobrar-peajes-en-caba-y-rutas-nacionales-habra-excepcion-de-pagos-y-carriles-exclusivos\/","name":"Desde hoy vuelven a cobrar peajes en CABA y rutas nacionales: habr\u00e1 excepci\u00f3n de pagos y carriles exclusivos - Noticias Radio Reflejos","isPartOf":{"@id":"https:\/\/www.noticiasradioreflejos.com.ar\/2021\/#website"},"primaryImageOfPage":{"@id":"https:\/\/www.noticiasradioreflejos.com.ar\/2021\/desde-hoy-vuelven-a-cobrar-peajes-en-caba-y-rutas-nacionales-habra-excepcion-de-pagos-y-carriles-exclusivos\/#primaryimage"},"image":{"@id":"https:\/\/www.noticiasradioreflejos.com.ar\/2021\/desde-hoy-vuelven-a-cobrar-peajes-en-caba-y-rutas-nacionales-habra-excepcion-de-pagos-y-carriles-exclusivos\/#primaryimage"},"thumbnailUrl":"https:\/\/www.infobae.com\/new-resizer\/63qhoC1r-ohSArxlhF1BpbaBzzk=\/750x0\/filters:quality(100)\/cloudfront-us-east-1.images.arcpublishing.com\/infobae\/JU7O4V2IUNEFVIGY4UULBACAAQ.jpg","datePublished":"2020-05-19T12:03:36+00:00","author":{"@id":"https:\/\/www.noticiasradioreflejos.com.ar\/2021\/#\/schema\/person\/ad82545263dcc5ec0996818884fd5fb1"},"breadcrumb":{"@id":"https:\/\/www.noticiasradioreflejos.com.ar\/2021\/desde-hoy-vuelven-a-cobrar-peajes-en-caba-y-rutas-nacionales-habra-excepcion-de-pagos-y-carriles-exclusivos\/#breadcrumb"},"inLanguage":"es","potentialAction":[{"@type":"ReadAction","target":["https:\/\/www.noticiasradioreflejos.com.ar\/2021\/desde-hoy-vuelven-a-cobrar-peajes-en-caba-y-rutas-nacionales-habra-excepcion-de-pagos-y-carriles-exclusivos\/"]}]},{"@type":"ImageObject","inLanguage":"es","@id":"https:\/\/www.noticiasradioreflejos.com.ar\/2021\/desde-hoy-vuelven-a-cobrar-peajes-en-caba-y-rutas-nacionales-habra-excepcion-de-pagos-y-carriles-exclusivos\/#primaryimage","url":"https:\/\/www.infobae.com\/new-resizer\/63qhoC1r-ohSArxlhF1BpbaBzzk=\/750x0\/filters:quality(100)\/cloudfront-us-east-1.images.arcpublishing.com\/infobae\/JU7O4V2IUNEFVIGY4UULBACAAQ.jpg","contentUrl":"https:\/\/www.infobae.com\/new-resizer\/63qhoC1r-ohSArxlhF1BpbaBzzk=\/750x0\/filters:quality(100)\/cloudfront-us-east-1.images.arcpublishing.com\/infobae\/JU7O4V2IUNEFVIGY4UULBACAAQ.jpg"},{"@type":"BreadcrumbList","@id":"https:\/\/www.noticiasradioreflejos.com.ar\/2021\/desde-hoy-vuelven-a-cobrar-peajes-en-caba-y-rutas-nacionales-habra-excepcion-de-pagos-y-carriles-exclusivos\/#breadcrumb","itemListElement":[{"@type":"ListItem","position":1,"name":"Portada","item":"https:\/\/www.noticiasradioreflejos.com.ar\/2021\/"},{"@type":"ListItem","position":2,"name":"Desde hoy vuelven a cobrar peajes en CABA y rutas nacionales: habr\u00e1 excepci\u00f3n de pagos y carriles exclusivos"}]},{"@type":"WebSite","@id":"https:\/\/www.noticiasradioreflejos.com.ar\/2021\/#website","url":"https:\/\/www.noticiasradioreflejos.com.ar\/2021\/","name":"Noticias Radio Reflejos","description":"Las noticias de mi comarca","potentialAction":[{"@type":"SearchAction","target":{"@type":"EntryPoint","urlTemplate":"https:\/\/www.noticiasradioreflejos.com.ar\/2021\/?s={search_term_string}"},"query-input":{"@type":"PropertyValueSpecification","valueRequired":true,"valueName":"search_term_string"}}],"inLanguage":"es"},{"@type":"Person","@id":"https:\/\/www.noticiasradioreflejos.com.ar\/2021\/#\/schema\/person\/ad82545263dcc5ec0996818884fd5fb1","name":"Arnaldo Botto","image":{"@type":"ImageObject","inLanguage":"es","@id":"https:\/\/www.noticiasradioreflejos.com.ar\/2021\/#\/schema\/person\/image\/","url":"https:\/\/secure.gravatar.com\/avatar\/55cb5e37c1efa326397366e6974cb338056df65cb50e7d64d1cf314e87504837?s=96&d=mm&r=g","contentUrl":"https:\/\/secure.gravatar.com\/avatar\/55cb5e37c1efa326397366e6974cb338056df65cb50e7d64d1cf314e87504837?s=96&d=mm&r=g","caption":"Arnaldo Botto"},"url":"https:\/\/www.noticiasradioreflejos.com.ar\/2021\/author\/arnaldo\/"}]}},"_links":{"self":[{"href":"https:\/\/www.noticiasradioreflejos.com.ar\/2021\/wp-json\/wp\/v2\/posts\/42136","targetHints":{"allow":["GET"]}}],"collection":[{"href":"https:\/\/www.noticiasradioreflejos.com.ar\/2021\/wp-json\/wp\/v2\/posts"}],"about":[{"href":"https:\/\/www.noticiasradioreflejos.com.ar\/2021\/wp-json\/wp\/v2\/types\/post"}],"author":[{"embeddable":true,"href":"https:\/\/www.noticiasradioreflejos.com.ar\/2021\/wp-json\/wp\/v2\/users\/3"}],"replies":[{"embeddable":true,"href":"https:\/\/www.noticiasradioreflejos.com.ar\/2021\/wp-json\/wp\/v2\/comments?post=42136"}],"version-history":[{"count":0,"href":"https:\/\/www.noticiasradioreflejos.com.ar\/2021\/wp-json\/wp\/v2\/posts\/42136\/revisions"}],"wp:attachment":[{"href":"https:\/\/www.noticiasradioreflejos.com.ar\/2021\/wp-json\/wp\/v2\/media?parent=42136"}],"wp:term":[{"taxonomy":"category","embeddable":true,"href":"https:\/\/www.noticiasradioreflejos.com.ar\/2021\/wp-json\/wp\/v2\/categories?post=42136"},{"taxonomy":"post_tag","embeddable":true,"href":"https:\/\/www.noticiasradioreflejos.com.ar\/2021\/wp-json\/wp\/v2\/tags?post=42136"}],"curies":[{"name":"wp","href":"https:\/\/api.w.org\/{rel}","templated":true}]}}