{"id":42128,"date":"2020-05-19T08:36:11","date_gmt":"2020-05-19T11:36:11","guid":{"rendered":"http:\/\/www.noticiasradioreflejos.com.ar\/noticias\/?p=42128"},"modified":"2020-05-19T08:36:11","modified_gmt":"2020-05-19T11:36:11","slug":"avanza-el-financiamiento-bancario-para-las-micro-pequenas-y-medianas-empresas","status":"publish","type":"post","link":"https:\/\/www.noticiasradioreflejos.com.ar\/2021\/avanza-el-financiamiento-bancario-para-las-micro-pequenas-y-medianas-empresas\/","title":{"rendered":"Avanza el financiamiento bancario para las micro, peque\u00f1as y medianas empresas"},"content":{"rendered":"<p>Los cr\u00e9ditos a tasa subsidiada del 24% para micro, peque\u00f1as y medianas empresas (mipymes) avanza a buen ritmo en el sistema bancario local y, seg\u00fan informaci\u00f3n del Banco Central (BCRA), ya est\u00e1 cerca de alcanzar el cupo de la l\u00ednea de cr\u00e9dito por $220.000 millones. Hasta el fin de la semana pasado ya hab\u00edan sido desembolsados unos $ 176.300 millones y se han aprobado pr\u00e9stamos y en proceso de hacerlo por $217.811,2 millones para m\u00e1s de 111.000 empresas que destinaron estos recursos al pago de salarios, la cobertura de cheques y la formaci\u00f3n de capital de trabajo.<!--more--><\/p>\n<p>Entre los distintos bancos que participaron de estos cr\u00e9ditos, el Banco Naci\u00f3n inform\u00f3 hoy haber otorgado, hasta finales de abril, $ 22.645 millones en sus principales l\u00edneas de asistencia a las mipymes que, tambi\u00e9n, incluyen el financiamiento de insumos para actividades esenciales y el teletrabajo.<\/p>\n<p>Por ramas de actividad, los montos colocados para estas l\u00edneas de cr\u00e9dito fueron de $ 7.153 millones para Industria (32%), seguido por $ 6.871 millones para el Comercio (30%), $ 4.910 millones para el Agro (22%), $ 2.203 millones para Servicios (10%), $ 757 millones para Construcci\u00f3n (3%) y $ 752 millones para Actividades Diversas (3%).<\/p>\n<p>El Banco Santander, por su parte, se\u00f1al\u00f3 que super\u00f3 los $ 21.000 millones en cr\u00e9ditos de este tipo para el pago de 215 mil salarios, la adquisici\u00f3n de capital de trabajo y la compra de equipamiento e insumos m\u00e9dicos en el caso de las empresas de salud.<\/p>\n<p>\u00abDe los m\u00e1s de $ 21.000 millones, $ 9.500 millones corresponden a cr\u00e9ditos para m\u00e1s de 14.500 Mipymes que ayudaron a realizar el pago de 215 mil salarios a una tasa especial del 24% nominal anual. Esto se suma a $ 10.500 millones en pr\u00e9stamos para capital de trabajo (entre ellos $7.700 millones para descuento de cheques) y otros $ 1.000 millones adicionales destinados a una docena de hospitales, cl\u00ednicas y sanatorios\u00bb, inform\u00f3 el Santander en un comunicado.<\/p>\n<p>Entre las entidades financieras de capital nacional, desde el Banco Macro dijeron a T\u00e9lam que entregaron unos $ 22.817 millones en esta l\u00ednea de cr\u00e9ditos; el Banco Galicia m\u00e1s de $31.600 a 17.300 pymes; y el Banco Ciudad m\u00e1s de $ 6.500 millones.<\/p>\n<p>Por su parte, el Banco BBVA precis\u00f3 que concret\u00f3 casi 6.700 operaciones por un total estimado en $ 14.700 millones, mientras que el Banco Provincia asegur\u00f3 haber otorgado casi $ 20.000 millones en distintas l\u00edneas de financiamiento para empresas.<\/p>\n<p>Desde la semana pasada, el BCRA habilit\u00f3 una nueva l\u00ednea denominada PYME Plus para que cerca de 200 mil pymes sin calificaci\u00f3n crediticia puedan pedir un pr\u00e9stamos con s\u00f3lo accedan previamente a la garant\u00eda de Fondo de Garant\u00eda Argentino (Fogar).<\/p>\n","protected":false},"excerpt":{"rendered":"<p>Los cr\u00e9ditos a tasa subsidiada del 24% para micro, peque\u00f1as y medianas empresas (mipymes) avanza a buen ritmo en el sistema bancario local y, seg\u00fan informaci\u00f3n del Banco Central (BCRA), ya est\u00e1 cerca de alcanzar el cupo de la l\u00ednea de cr\u00e9dito por $220.000 millones. Hasta el fin de la semana pasado ya hab\u00edan sido [&hellip;]<\/p>\n","protected":false},"author":3,"featured_media":0,"comment_status":"closed","ping_status":"open","sticky":false,"template":"","format":"standard","meta":{"footnotes":""},"categories":[36],"tags":[],"class_list":["post-42128","post","type-post","status-publish","format-standard","hentry","category-economia"],"yoast_head":"<!-- This site is optimized with the Yoast SEO plugin v25.9 - https:\/\/yoast.com\/wordpress\/plugins\/seo\/ -->\n<title>Avanza el financiamiento bancario para las micro, peque\u00f1as y medianas empresas - Noticias Radio Reflejos<\/title>\n<meta name=\"robots\" content=\"index, follow, max-snippet:-1, max-image-preview:large, max-video-preview:-1\" \/>\n<link rel=\"canonical\" href=\"https:\/\/www.noticiasradioreflejos.com.ar\/2021\/avanza-el-financiamiento-bancario-para-las-micro-pequenas-y-medianas-empresas\/\" \/>\n<meta property=\"og:locale\" content=\"es_ES\" \/>\n<meta property=\"og:type\" content=\"article\" \/>\n<meta property=\"og:title\" content=\"Avanza el financiamiento bancario para las micro, peque\u00f1as y medianas empresas - Noticias Radio Reflejos\" \/>\n<meta property=\"og:description\" content=\"Los cr\u00e9ditos a tasa subsidiada del 24% para micro, peque\u00f1as y medianas empresas (mipymes) avanza a buen ritmo en el sistema bancario local y, seg\u00fan informaci\u00f3n del Banco Central (BCRA), ya est\u00e1 cerca de alcanzar el cupo de la l\u00ednea de cr\u00e9dito por $220.000 millones. Hasta el fin de la semana pasado ya hab\u00edan sido [&hellip;]\" \/>\n<meta property=\"og:url\" content=\"https:\/\/www.noticiasradioreflejos.com.ar\/2021\/avanza-el-financiamiento-bancario-para-las-micro-pequenas-y-medianas-empresas\/\" \/>\n<meta property=\"og:site_name\" content=\"Noticias Radio Reflejos\" \/>\n<meta property=\"article:published_time\" content=\"2020-05-19T11:36:11+00:00\" \/>\n<meta property=\"og:image\" content=\"https:\/\/www.noticiasradioreflejos.com.ar\/2021\/wp-content\/uploads\/2021\/07\/logosol300x200.png\" \/>\n\t<meta property=\"og:image:width\" content=\"300\" \/>\n\t<meta property=\"og:image:height\" content=\"200\" \/>\n\t<meta property=\"og:image:type\" content=\"image\/png\" \/>\n<meta name=\"author\" content=\"Arnaldo Botto\" \/>\n<meta name=\"twitter:card\" content=\"summary_large_image\" \/>\n<script type=\"application\/ld+json\" class=\"yoast-schema-graph\">{\"@context\":\"https:\/\/schema.org\",\"@graph\":[{\"@type\":\"WebPage\",\"@id\":\"https:\/\/www.noticiasradioreflejos.com.ar\/2021\/avanza-el-financiamiento-bancario-para-las-micro-pequenas-y-medianas-empresas\/\",\"url\":\"https:\/\/www.noticiasradioreflejos.com.ar\/2021\/avanza-el-financiamiento-bancario-para-las-micro-pequenas-y-medianas-empresas\/\",\"name\":\"Avanza el financiamiento bancario para las micro, peque\u00f1as y medianas empresas - Noticias Radio Reflejos\",\"isPartOf\":{\"@id\":\"https:\/\/www.noticiasradioreflejos.com.ar\/2021\/#website\"},\"datePublished\":\"2020-05-19T11:36:11+00:00\",\"author\":{\"@id\":\"https:\/\/www.noticiasradioreflejos.com.ar\/2021\/#\/schema\/person\/ad82545263dcc5ec0996818884fd5fb1\"},\"breadcrumb\":{\"@id\":\"https:\/\/www.noticiasradioreflejos.com.ar\/2021\/avanza-el-financiamiento-bancario-para-las-micro-pequenas-y-medianas-empresas\/#breadcrumb\"},\"inLanguage\":\"es\",\"potentialAction\":[{\"@type\":\"ReadAction\",\"target\":[\"https:\/\/www.noticiasradioreflejos.com.ar\/2021\/avanza-el-financiamiento-bancario-para-las-micro-pequenas-y-medianas-empresas\/\"]}]},{\"@type\":\"BreadcrumbList\",\"@id\":\"https:\/\/www.noticiasradioreflejos.com.ar\/2021\/avanza-el-financiamiento-bancario-para-las-micro-pequenas-y-medianas-empresas\/#breadcrumb\",\"itemListElement\":[{\"@type\":\"ListItem\",\"position\":1,\"name\":\"Portada\",\"item\":\"https:\/\/www.noticiasradioreflejos.com.ar\/2021\/\"},{\"@type\":\"ListItem\",\"position\":2,\"name\":\"Avanza el financiamiento bancario para las micro, peque\u00f1as y medianas empresas\"}]},{\"@type\":\"WebSite\",\"@id\":\"https:\/\/www.noticiasradioreflejos.com.ar\/2021\/#website\",\"url\":\"https:\/\/www.noticiasradioreflejos.com.ar\/2021\/\",\"name\":\"Noticias Radio Reflejos\",\"description\":\"Las noticias de mi comarca\",\"potentialAction\":[{\"@type\":\"SearchAction\",\"target\":{\"@type\":\"EntryPoint\",\"urlTemplate\":\"https:\/\/www.noticiasradioreflejos.com.ar\/2021\/?s={search_term_string}\"},\"query-input\":{\"@type\":\"PropertyValueSpecification\",\"valueRequired\":true,\"valueName\":\"search_term_string\"}}],\"inLanguage\":\"es\"},{\"@type\":\"Person\",\"@id\":\"https:\/\/www.noticiasradioreflejos.com.ar\/2021\/#\/schema\/person\/ad82545263dcc5ec0996818884fd5fb1\",\"name\":\"Arnaldo Botto\",\"image\":{\"@type\":\"ImageObject\",\"inLanguage\":\"es\",\"@id\":\"https:\/\/www.noticiasradioreflejos.com.ar\/2021\/#\/schema\/person\/image\/\",\"url\":\"https:\/\/secure.gravatar.com\/avatar\/55cb5e37c1efa326397366e6974cb338056df65cb50e7d64d1cf314e87504837?s=96&d=mm&r=g\",\"contentUrl\":\"https:\/\/secure.gravatar.com\/avatar\/55cb5e37c1efa326397366e6974cb338056df65cb50e7d64d1cf314e87504837?s=96&d=mm&r=g\",\"caption\":\"Arnaldo Botto\"},\"url\":\"https:\/\/www.noticiasradioreflejos.com.ar\/2021\/author\/arnaldo\/\"}]}<\/script>\n<!-- \/ Yoast SEO plugin. -->","yoast_head_json":{"title":"Avanza el financiamiento bancario para las micro, peque\u00f1as y medianas empresas - Noticias Radio Reflejos","robots":{"index":"index","follow":"follow","max-snippet":"max-snippet:-1","max-image-preview":"max-image-preview:large","max-video-preview":"max-video-preview:-1"},"canonical":"https:\/\/www.noticiasradioreflejos.com.ar\/2021\/avanza-el-financiamiento-bancario-para-las-micro-pequenas-y-medianas-empresas\/","og_locale":"es_ES","og_type":"article","og_title":"Avanza el financiamiento bancario para las micro, peque\u00f1as y medianas empresas - Noticias Radio Reflejos","og_description":"Los cr\u00e9ditos a tasa subsidiada del 24% para micro, peque\u00f1as y medianas empresas (mipymes) avanza a buen ritmo en el sistema bancario local y, seg\u00fan informaci\u00f3n del Banco Central (BCRA), ya est\u00e1 cerca de alcanzar el cupo de la l\u00ednea de cr\u00e9dito por $220.000 millones. Hasta el fin de la semana pasado ya hab\u00edan sido [&hellip;]","og_url":"https:\/\/www.noticiasradioreflejos.com.ar\/2021\/avanza-el-financiamiento-bancario-para-las-micro-pequenas-y-medianas-empresas\/","og_site_name":"Noticias Radio Reflejos","article_published_time":"2020-05-19T11:36:11+00:00","og_image":[{"width":300,"height":200,"url":"https:\/\/www.noticiasradioreflejos.com.ar\/2021\/wp-content\/uploads\/2021\/07\/logosol300x200.png","type":"image\/png"}],"author":"Arnaldo Botto","twitter_card":"summary_large_image","schema":{"@context":"https:\/\/schema.org","@graph":[{"@type":"WebPage","@id":"https:\/\/www.noticiasradioreflejos.com.ar\/2021\/avanza-el-financiamiento-bancario-para-las-micro-pequenas-y-medianas-empresas\/","url":"https:\/\/www.noticiasradioreflejos.com.ar\/2021\/avanza-el-financiamiento-bancario-para-las-micro-pequenas-y-medianas-empresas\/","name":"Avanza el financiamiento bancario para las micro, peque\u00f1as y medianas empresas - Noticias Radio Reflejos","isPartOf":{"@id":"https:\/\/www.noticiasradioreflejos.com.ar\/2021\/#website"},"datePublished":"2020-05-19T11:36:11+00:00","author":{"@id":"https:\/\/www.noticiasradioreflejos.com.ar\/2021\/#\/schema\/person\/ad82545263dcc5ec0996818884fd5fb1"},"breadcrumb":{"@id":"https:\/\/www.noticiasradioreflejos.com.ar\/2021\/avanza-el-financiamiento-bancario-para-las-micro-pequenas-y-medianas-empresas\/#breadcrumb"},"inLanguage":"es","potentialAction":[{"@type":"ReadAction","target":["https:\/\/www.noticiasradioreflejos.com.ar\/2021\/avanza-el-financiamiento-bancario-para-las-micro-pequenas-y-medianas-empresas\/"]}]},{"@type":"BreadcrumbList","@id":"https:\/\/www.noticiasradioreflejos.com.ar\/2021\/avanza-el-financiamiento-bancario-para-las-micro-pequenas-y-medianas-empresas\/#breadcrumb","itemListElement":[{"@type":"ListItem","position":1,"name":"Portada","item":"https:\/\/www.noticiasradioreflejos.com.ar\/2021\/"},{"@type":"ListItem","position":2,"name":"Avanza el financiamiento bancario para las micro, peque\u00f1as y medianas empresas"}]},{"@type":"WebSite","@id":"https:\/\/www.noticiasradioreflejos.com.ar\/2021\/#website","url":"https:\/\/www.noticiasradioreflejos.com.ar\/2021\/","name":"Noticias Radio Reflejos","description":"Las noticias de mi comarca","potentialAction":[{"@type":"SearchAction","target":{"@type":"EntryPoint","urlTemplate":"https:\/\/www.noticiasradioreflejos.com.ar\/2021\/?s={search_term_string}"},"query-input":{"@type":"PropertyValueSpecification","valueRequired":true,"valueName":"search_term_string"}}],"inLanguage":"es"},{"@type":"Person","@id":"https:\/\/www.noticiasradioreflejos.com.ar\/2021\/#\/schema\/person\/ad82545263dcc5ec0996818884fd5fb1","name":"Arnaldo Botto","image":{"@type":"ImageObject","inLanguage":"es","@id":"https:\/\/www.noticiasradioreflejos.com.ar\/2021\/#\/schema\/person\/image\/","url":"https:\/\/secure.gravatar.com\/avatar\/55cb5e37c1efa326397366e6974cb338056df65cb50e7d64d1cf314e87504837?s=96&d=mm&r=g","contentUrl":"https:\/\/secure.gravatar.com\/avatar\/55cb5e37c1efa326397366e6974cb338056df65cb50e7d64d1cf314e87504837?s=96&d=mm&r=g","caption":"Arnaldo Botto"},"url":"https:\/\/www.noticiasradioreflejos.com.ar\/2021\/author\/arnaldo\/"}]}},"_links":{"self":[{"href":"https:\/\/www.noticiasradioreflejos.com.ar\/2021\/wp-json\/wp\/v2\/posts\/42128","targetHints":{"allow":["GET"]}}],"collection":[{"href":"https:\/\/www.noticiasradioreflejos.com.ar\/2021\/wp-json\/wp\/v2\/posts"}],"about":[{"href":"https:\/\/www.noticiasradioreflejos.com.ar\/2021\/wp-json\/wp\/v2\/types\/post"}],"author":[{"embeddable":true,"href":"https:\/\/www.noticiasradioreflejos.com.ar\/2021\/wp-json\/wp\/v2\/users\/3"}],"replies":[{"embeddable":true,"href":"https:\/\/www.noticiasradioreflejos.com.ar\/2021\/wp-json\/wp\/v2\/comments?post=42128"}],"version-history":[{"count":0,"href":"https:\/\/www.noticiasradioreflejos.com.ar\/2021\/wp-json\/wp\/v2\/posts\/42128\/revisions"}],"wp:attachment":[{"href":"https:\/\/www.noticiasradioreflejos.com.ar\/2021\/wp-json\/wp\/v2\/media?parent=42128"}],"wp:term":[{"taxonomy":"category","embeddable":true,"href":"https:\/\/www.noticiasradioreflejos.com.ar\/2021\/wp-json\/wp\/v2\/categories?post=42128"},{"taxonomy":"post_tag","embeddable":true,"href":"https:\/\/www.noticiasradioreflejos.com.ar\/2021\/wp-json\/wp\/v2\/tags?post=42128"}],"curies":[{"name":"wp","href":"https:\/\/api.w.org\/{rel}","templated":true}]}}