{"id":42124,"date":"2020-05-19T08:25:56","date_gmt":"2020-05-19T11:25:56","guid":{"rendered":"http:\/\/www.noticiasradioreflejos.com.ar\/noticias\/?p=42124"},"modified":"2020-05-19T08:25:56","modified_gmt":"2020-05-19T11:25:56","slug":"el-gobierno-prorroga-por-60-dias-la-prohibicion-de-efectuar-despidos-sin-causa","status":"publish","type":"post","link":"https:\/\/www.noticiasradioreflejos.com.ar\/2021\/el-gobierno-prorroga-por-60-dias-la-prohibicion-de-efectuar-despidos-sin-causa\/","title":{"rendered":"El Gobierno prorroga por 60 d\u00edas la prohibici\u00f3n de efectuar despidos sin causa"},"content":{"rendered":"<p>El Gobierno prorrog\u00f3 hoy por 60 d\u00edas la prohibici\u00f3n para las empresas de efectuar despidos sin justa causa o bajo el pretexto de fuerza mayor, medida excepcional relacionada con la retracci\u00f3n econ\u00f3mica derivada de la pandemia de coronavirus.<!--more--><br \/>\n\u00abEn el contexto de la emergencia p\u00fablica en materia econ\u00f3mica, social y sanitaria, y con el objetivo de continuar implementando medidas dirigidas a mantener el ingreso y el empleo de la poblaci\u00f3n, el gobierno nacional resolvi\u00f3 prorrogar la prohibici\u00f3n de efectuar despidos sin justa causa, y por las causales de falta o disminuci\u00f3n de trabajo y fuerza mayor, por el plazo de 60 d\u00edas\u00bb, inform\u00f3 el gobierno de Alberto Fern\u00e1ndez.<\/p>\n<p>La medida incluye la \u00abprohibici\u00f3n de efectuar suspensiones con las mismas causales, quedando exceptuadas aquellas que se efect\u00faen en los t\u00e9rminos del art\u00edculo 223 bis de la Ley de Contrato de Trabajo (LCT), es decir, las pactadas individual o colectivamente u homologadas por la autoridad de aplicaci\u00f3n\u00bb.<\/p>\n<p>El art\u00edculo 223 bis de la LCT dice: \u00abSe considerar\u00e1 prestaci\u00f3n no remunerativa las asignaciones en dinero que se entreguen en compensaci\u00f3n por suspensiones de la prestaci\u00f3n laboral y que se fundaren en las causales de falta o disminuci\u00f3n de trabajo, no imputables al empleador, o fuerza mayor debidamente comprobada, pactadas individual o colectivamente y homologadas por la Autoridad de Aplicaci\u00f3n, conforme a normas legales vigentes, y cuando en virtud de tales causales el trabajador no realice la prestaci\u00f3n laboral a su cargo. Solo tributar\u00e1 las contribuciones establecidas en las leyes 23660 y 23661\u00bb.<\/p>\n<p>Estas dos leyes son las de obras sociales y de Seguro Nacional de Salud.<\/p>\n<p>La nueva medida de Alberto Fern\u00e1ndez establece que \u00abaquellos despidos o suspensiones que se dispongan en violaci\u00f3n a lo dispuesto por este decreto no producir\u00e1n efecto alguno, y se mantendr\u00e1n vigentes las relaciones laborales existentes y sus condiciones actuales\u00bb.<\/p>\n<p>A trav\u00e9s del Decreto de Necesidad y Urgencia (DNU) 487, el Gobierno fundament\u00f3 la pr\u00f3rroga de la prohibici\u00f3n de efectuar despidos en la puesta en marcha de una \u00abserie de medidas que tienen como objetivo ayudar a las empresas a sobrellevar los efectos de la emergencia, entre ellas, la postergaci\u00f3n o disminuci\u00f3n de diversas obligaciones tributarias y de la seguridad social, la asistencia mediante programas espec\u00edficos de transferencias de ingresos para contribuir al pago de los salarios y la modificaci\u00f3n de procedimientos para el acceso a estos beneficios\u00bb.<\/p>\n<p>Tambi\u00e9n menciona entre las medidas de asistencia las \u00abgarant\u00edas p\u00fablicas con el fin de facilitar el acceso al cr\u00e9dito de micro, medianas y peque\u00f1as empresas (MiPyMES)\u00bb.<\/p>\n<p>\u00abEsta crisis excepcional exige prorrogar la oportuna adopci\u00f3n de medidas de id\u00e9ntica \u00edndole asegurando a los trabajadores que esta emergencia no les har\u00e1 perder sus puestos de trabajo\u00bb, a\u00f1ade el texto del decreto.<\/p>\n<p>Asimismo, el Gobierno consider\u00f3 \u00abindispensable continuar garantizando la conservaci\u00f3n de los puestos de trabajo por un plazo razonable, en aras de preservar la paz social y que ello solo ser\u00e1 posible si se transita la emergencia con un di\u00e1logo social en todos los niveles y no con medidas unilaterales de distracto laboral, que no ser\u00e1n m\u00e1s que una<\/p>\n<p>forma de agravar los problemas que el aislamiento social, preventivo y obligatorio procura remediar\u00bb.<\/p>\n<p>El primer decreto, en este sentido, hab\u00eda sido firmado por el Presidente el 31 de marzo, al finalizar la primera etapa del aislamiento social, preventivo y obligatorio.<\/p>\n<p>El esp\u00edritu de esta medida ya hab\u00eda sido plasmado por el ex presidente Eduardo Duhalde tras la crisis del a\u00f1o 2001, cuando dispuso el pago de doble indemnizaci\u00f3n para los despidos sin causa.<\/p>\n<p>La medida hab\u00eda sido dispuesta originalmente por Duhalde en el art\u00edculo 16 de la ley de emergencia econ\u00f3mica aprobada en enero de 2002, con vigencia por 180 d\u00edas.<\/p>\n<p>Luego fue prolongada por 90 d\u00edas h\u00e1biles y despu\u00e9s se la renov\u00f3 nuevamente, hasta que se dispuso una reducci\u00f3n paulatina de las indemnizaciones que culmin\u00f3 en momentos en que la econom\u00eda se hab\u00eda reactivado.<\/p>\n","protected":false},"excerpt":{"rendered":"<p>El Gobierno prorrog\u00f3 hoy por 60 d\u00edas la prohibici\u00f3n para las empresas de efectuar despidos sin justa causa o bajo el pretexto de fuerza mayor, medida excepcional relacionada con la retracci\u00f3n econ\u00f3mica derivada de la pandemia de coronavirus.<\/p>\n","protected":false},"author":3,"featured_media":0,"comment_status":"closed","ping_status":"open","sticky":false,"template":"","format":"standard","meta":{"footnotes":""},"categories":[36],"tags":[],"class_list":["post-42124","post","type-post","status-publish","format-standard","hentry","category-economia"],"yoast_head":"<!-- This site is optimized with the Yoast SEO plugin v25.9 - https:\/\/yoast.com\/wordpress\/plugins\/seo\/ -->\n<title>El Gobierno prorroga por 60 d\u00edas la prohibici\u00f3n de efectuar despidos sin causa - Noticias Radio Reflejos<\/title>\n<meta name=\"robots\" content=\"index, follow, max-snippet:-1, max-image-preview:large, max-video-preview:-1\" \/>\n<link rel=\"canonical\" href=\"https:\/\/www.noticiasradioreflejos.com.ar\/2021\/el-gobierno-prorroga-por-60-dias-la-prohibicion-de-efectuar-despidos-sin-causa\/\" \/>\n<meta property=\"og:locale\" content=\"es_ES\" \/>\n<meta property=\"og:type\" content=\"article\" \/>\n<meta property=\"og:title\" content=\"El Gobierno prorroga por 60 d\u00edas la prohibici\u00f3n de efectuar despidos sin causa - Noticias Radio Reflejos\" \/>\n<meta property=\"og:description\" content=\"El Gobierno prorrog\u00f3 hoy por 60 d\u00edas la prohibici\u00f3n para las empresas de efectuar despidos sin justa causa o bajo el pretexto de fuerza mayor, medida excepcional relacionada con la retracci\u00f3n econ\u00f3mica derivada de la pandemia de coronavirus.\" \/>\n<meta property=\"og:url\" content=\"https:\/\/www.noticiasradioreflejos.com.ar\/2021\/el-gobierno-prorroga-por-60-dias-la-prohibicion-de-efectuar-despidos-sin-causa\/\" \/>\n<meta property=\"og:site_name\" content=\"Noticias Radio Reflejos\" \/>\n<meta property=\"article:published_time\" content=\"2020-05-19T11:25:56+00:00\" \/>\n<meta property=\"og:image\" content=\"https:\/\/www.noticiasradioreflejos.com.ar\/2021\/wp-content\/uploads\/2021\/07\/logosol300x200.png\" \/>\n\t<meta property=\"og:image:width\" content=\"300\" \/>\n\t<meta property=\"og:image:height\" content=\"200\" \/>\n\t<meta property=\"og:image:type\" content=\"image\/png\" \/>\n<meta name=\"author\" content=\"Arnaldo Botto\" \/>\n<meta name=\"twitter:card\" content=\"summary_large_image\" \/>\n<script type=\"application\/ld+json\" class=\"yoast-schema-graph\">{\"@context\":\"https:\/\/schema.org\",\"@graph\":[{\"@type\":\"WebPage\",\"@id\":\"https:\/\/www.noticiasradioreflejos.com.ar\/2021\/el-gobierno-prorroga-por-60-dias-la-prohibicion-de-efectuar-despidos-sin-causa\/\",\"url\":\"https:\/\/www.noticiasradioreflejos.com.ar\/2021\/el-gobierno-prorroga-por-60-dias-la-prohibicion-de-efectuar-despidos-sin-causa\/\",\"name\":\"El Gobierno prorroga por 60 d\u00edas la prohibici\u00f3n de efectuar despidos sin causa - Noticias Radio Reflejos\",\"isPartOf\":{\"@id\":\"https:\/\/www.noticiasradioreflejos.com.ar\/2021\/#website\"},\"datePublished\":\"2020-05-19T11:25:56+00:00\",\"author\":{\"@id\":\"https:\/\/www.noticiasradioreflejos.com.ar\/2021\/#\/schema\/person\/ad82545263dcc5ec0996818884fd5fb1\"},\"breadcrumb\":{\"@id\":\"https:\/\/www.noticiasradioreflejos.com.ar\/2021\/el-gobierno-prorroga-por-60-dias-la-prohibicion-de-efectuar-despidos-sin-causa\/#breadcrumb\"},\"inLanguage\":\"es\",\"potentialAction\":[{\"@type\":\"ReadAction\",\"target\":[\"https:\/\/www.noticiasradioreflejos.com.ar\/2021\/el-gobierno-prorroga-por-60-dias-la-prohibicion-de-efectuar-despidos-sin-causa\/\"]}]},{\"@type\":\"BreadcrumbList\",\"@id\":\"https:\/\/www.noticiasradioreflejos.com.ar\/2021\/el-gobierno-prorroga-por-60-dias-la-prohibicion-de-efectuar-despidos-sin-causa\/#breadcrumb\",\"itemListElement\":[{\"@type\":\"ListItem\",\"position\":1,\"name\":\"Portada\",\"item\":\"https:\/\/www.noticiasradioreflejos.com.ar\/2021\/\"},{\"@type\":\"ListItem\",\"position\":2,\"name\":\"El Gobierno prorroga por 60 d\u00edas la prohibici\u00f3n de efectuar despidos sin causa\"}]},{\"@type\":\"WebSite\",\"@id\":\"https:\/\/www.noticiasradioreflejos.com.ar\/2021\/#website\",\"url\":\"https:\/\/www.noticiasradioreflejos.com.ar\/2021\/\",\"name\":\"Noticias Radio Reflejos\",\"description\":\"Las noticias de mi comarca\",\"potentialAction\":[{\"@type\":\"SearchAction\",\"target\":{\"@type\":\"EntryPoint\",\"urlTemplate\":\"https:\/\/www.noticiasradioreflejos.com.ar\/2021\/?s={search_term_string}\"},\"query-input\":{\"@type\":\"PropertyValueSpecification\",\"valueRequired\":true,\"valueName\":\"search_term_string\"}}],\"inLanguage\":\"es\"},{\"@type\":\"Person\",\"@id\":\"https:\/\/www.noticiasradioreflejos.com.ar\/2021\/#\/schema\/person\/ad82545263dcc5ec0996818884fd5fb1\",\"name\":\"Arnaldo Botto\",\"image\":{\"@type\":\"ImageObject\",\"inLanguage\":\"es\",\"@id\":\"https:\/\/www.noticiasradioreflejos.com.ar\/2021\/#\/schema\/person\/image\/\",\"url\":\"https:\/\/secure.gravatar.com\/avatar\/55cb5e37c1efa326397366e6974cb338056df65cb50e7d64d1cf314e87504837?s=96&d=mm&r=g\",\"contentUrl\":\"https:\/\/secure.gravatar.com\/avatar\/55cb5e37c1efa326397366e6974cb338056df65cb50e7d64d1cf314e87504837?s=96&d=mm&r=g\",\"caption\":\"Arnaldo Botto\"},\"url\":\"https:\/\/www.noticiasradioreflejos.com.ar\/2021\/author\/arnaldo\/\"}]}<\/script>\n<!-- \/ Yoast SEO plugin. -->","yoast_head_json":{"title":"El Gobierno prorroga por 60 d\u00edas la prohibici\u00f3n de efectuar despidos sin causa - Noticias Radio Reflejos","robots":{"index":"index","follow":"follow","max-snippet":"max-snippet:-1","max-image-preview":"max-image-preview:large","max-video-preview":"max-video-preview:-1"},"canonical":"https:\/\/www.noticiasradioreflejos.com.ar\/2021\/el-gobierno-prorroga-por-60-dias-la-prohibicion-de-efectuar-despidos-sin-causa\/","og_locale":"es_ES","og_type":"article","og_title":"El Gobierno prorroga por 60 d\u00edas la prohibici\u00f3n de efectuar despidos sin causa - Noticias Radio Reflejos","og_description":"El Gobierno prorrog\u00f3 hoy por 60 d\u00edas la prohibici\u00f3n para las empresas de efectuar despidos sin justa causa o bajo el pretexto de fuerza mayor, medida excepcional relacionada con la retracci\u00f3n econ\u00f3mica derivada de la pandemia de coronavirus.","og_url":"https:\/\/www.noticiasradioreflejos.com.ar\/2021\/el-gobierno-prorroga-por-60-dias-la-prohibicion-de-efectuar-despidos-sin-causa\/","og_site_name":"Noticias Radio Reflejos","article_published_time":"2020-05-19T11:25:56+00:00","og_image":[{"width":300,"height":200,"url":"https:\/\/www.noticiasradioreflejos.com.ar\/2021\/wp-content\/uploads\/2021\/07\/logosol300x200.png","type":"image\/png"}],"author":"Arnaldo Botto","twitter_card":"summary_large_image","schema":{"@context":"https:\/\/schema.org","@graph":[{"@type":"WebPage","@id":"https:\/\/www.noticiasradioreflejos.com.ar\/2021\/el-gobierno-prorroga-por-60-dias-la-prohibicion-de-efectuar-despidos-sin-causa\/","url":"https:\/\/www.noticiasradioreflejos.com.ar\/2021\/el-gobierno-prorroga-por-60-dias-la-prohibicion-de-efectuar-despidos-sin-causa\/","name":"El Gobierno prorroga por 60 d\u00edas la prohibici\u00f3n de efectuar despidos sin causa - Noticias Radio Reflejos","isPartOf":{"@id":"https:\/\/www.noticiasradioreflejos.com.ar\/2021\/#website"},"datePublished":"2020-05-19T11:25:56+00:00","author":{"@id":"https:\/\/www.noticiasradioreflejos.com.ar\/2021\/#\/schema\/person\/ad82545263dcc5ec0996818884fd5fb1"},"breadcrumb":{"@id":"https:\/\/www.noticiasradioreflejos.com.ar\/2021\/el-gobierno-prorroga-por-60-dias-la-prohibicion-de-efectuar-despidos-sin-causa\/#breadcrumb"},"inLanguage":"es","potentialAction":[{"@type":"ReadAction","target":["https:\/\/www.noticiasradioreflejos.com.ar\/2021\/el-gobierno-prorroga-por-60-dias-la-prohibicion-de-efectuar-despidos-sin-causa\/"]}]},{"@type":"BreadcrumbList","@id":"https:\/\/www.noticiasradioreflejos.com.ar\/2021\/el-gobierno-prorroga-por-60-dias-la-prohibicion-de-efectuar-despidos-sin-causa\/#breadcrumb","itemListElement":[{"@type":"ListItem","position":1,"name":"Portada","item":"https:\/\/www.noticiasradioreflejos.com.ar\/2021\/"},{"@type":"ListItem","position":2,"name":"El Gobierno prorroga por 60 d\u00edas la prohibici\u00f3n de efectuar despidos sin causa"}]},{"@type":"WebSite","@id":"https:\/\/www.noticiasradioreflejos.com.ar\/2021\/#website","url":"https:\/\/www.noticiasradioreflejos.com.ar\/2021\/","name":"Noticias Radio Reflejos","description":"Las noticias de mi comarca","potentialAction":[{"@type":"SearchAction","target":{"@type":"EntryPoint","urlTemplate":"https:\/\/www.noticiasradioreflejos.com.ar\/2021\/?s={search_term_string}"},"query-input":{"@type":"PropertyValueSpecification","valueRequired":true,"valueName":"search_term_string"}}],"inLanguage":"es"},{"@type":"Person","@id":"https:\/\/www.noticiasradioreflejos.com.ar\/2021\/#\/schema\/person\/ad82545263dcc5ec0996818884fd5fb1","name":"Arnaldo Botto","image":{"@type":"ImageObject","inLanguage":"es","@id":"https:\/\/www.noticiasradioreflejos.com.ar\/2021\/#\/schema\/person\/image\/","url":"https:\/\/secure.gravatar.com\/avatar\/55cb5e37c1efa326397366e6974cb338056df65cb50e7d64d1cf314e87504837?s=96&d=mm&r=g","contentUrl":"https:\/\/secure.gravatar.com\/avatar\/55cb5e37c1efa326397366e6974cb338056df65cb50e7d64d1cf314e87504837?s=96&d=mm&r=g","caption":"Arnaldo Botto"},"url":"https:\/\/www.noticiasradioreflejos.com.ar\/2021\/author\/arnaldo\/"}]}},"_links":{"self":[{"href":"https:\/\/www.noticiasradioreflejos.com.ar\/2021\/wp-json\/wp\/v2\/posts\/42124","targetHints":{"allow":["GET"]}}],"collection":[{"href":"https:\/\/www.noticiasradioreflejos.com.ar\/2021\/wp-json\/wp\/v2\/posts"}],"about":[{"href":"https:\/\/www.noticiasradioreflejos.com.ar\/2021\/wp-json\/wp\/v2\/types\/post"}],"author":[{"embeddable":true,"href":"https:\/\/www.noticiasradioreflejos.com.ar\/2021\/wp-json\/wp\/v2\/users\/3"}],"replies":[{"embeddable":true,"href":"https:\/\/www.noticiasradioreflejos.com.ar\/2021\/wp-json\/wp\/v2\/comments?post=42124"}],"version-history":[{"count":0,"href":"https:\/\/www.noticiasradioreflejos.com.ar\/2021\/wp-json\/wp\/v2\/posts\/42124\/revisions"}],"wp:attachment":[{"href":"https:\/\/www.noticiasradioreflejos.com.ar\/2021\/wp-json\/wp\/v2\/media?parent=42124"}],"wp:term":[{"taxonomy":"category","embeddable":true,"href":"https:\/\/www.noticiasradioreflejos.com.ar\/2021\/wp-json\/wp\/v2\/categories?post=42124"},{"taxonomy":"post_tag","embeddable":true,"href":"https:\/\/www.noticiasradioreflejos.com.ar\/2021\/wp-json\/wp\/v2\/tags?post=42124"}],"curies":[{"name":"wp","href":"https:\/\/api.w.org\/{rel}","templated":true}]}}