{"id":42119,"date":"2020-05-18T19:23:08","date_gmt":"2020-05-18T22:23:08","guid":{"rendered":"http:\/\/www.noticiasradioreflejos.com.ar\/noticias\/?p=42119"},"modified":"2020-05-18T19:23:08","modified_gmt":"2020-05-18T22:23:08","slug":"lanzan-lineas-de-whatsapp-para-realizar-consultas-sobre-las-licencias-de-conducir","status":"publish","type":"post","link":"https:\/\/www.noticiasradioreflejos.com.ar\/2021\/lanzan-lineas-de-whatsapp-para-realizar-consultas-sobre-las-licencias-de-conducir\/","title":{"rendered":"Lanzan l\u00edneas de WhatsApp para realizar consultas sobre las licencias de conducir."},"content":{"rendered":"<p>El horario de atenci\u00f3n es de lunes a viernes de 9 a 15.<!--more--><\/p>\n<p>Los bonaerenses podr\u00e1n comunicarse desde este lunes a trav\u00e9s de dos l\u00edneas de WhatsApp con personal de la Direcci\u00f3n Provincial de Pol\u00edtica y Seguridad Vial para evacuar dudas y recibir informaci\u00f3n relacionada a la renovaci\u00f3n y emisi\u00f3n de nuevas licencias de conducir, inform\u00f3 la Subsecretar\u00eda de Transporte bonaerense.<\/p>\n<p>Se trata de las l\u00edneas (0221) 610 0179 o (0221) 303 8392, detallaron en un comunicado oficial, y agregaron que a trav\u00e9s de esas dos l\u00edneas los usuarios podr\u00e1n recibir asistencia e informaci\u00f3n relacionada a la vigencia, p\u00e9rdida o pr\u00f3rroga del vencimiento de la licencia de conducir.<\/p>\n<p>Este servicio est\u00e1 pensado y dise\u00f1ado para responder consultas e inquietudes de manera r\u00e1pida y \u00e1gil, adem\u00e1s de brindar soluciones a los ciudadanos sin la necesidad de moverse de su domicilio.<\/p>\n<p>Junto a la consulta es necesario adjuntar nombre, apellido y DNI para que los agentes puedan responder a la brevedad, y el horario de atenci\u00f3n es de lunes a viernes de 9 a 15.<\/p>\n<p>El programa de Atenci\u00f3n al P\u00fablico por WhatsApp forma parte de una serie de medidas que viene implementando la Subsecretar\u00eda de Transporte de la Provincia de Buenos Aires, a cargo de Alejo Supply, con la finalidad de reforzar los canales de comunicaci\u00f3n virtuales para facilitar y agilizar la atenci\u00f3n a los bonaerenses en medio de la Emergencia Sanitaria y las medidas dispuestas por los organismos de la Salud a fin de evitar la propagaci\u00f3n del coronavirus.<\/p>\n<p>Previamente, el organismo provincial hab\u00eda puesto 12 l\u00edneas de WhatsApp a disposici\u00f3n de los ciudadanos de la provincia de Buenos Aires para que puedan evacuar dudas y consultas referidas a infracciones de tr\u00e1nsito en el territorio bonaerense.<\/p>\n<p>Mediante estos canales, personal capacitado de los Juzgados Administrativos de Infracciones bonaerense resuelven y ayudan a los usuarios con los requerimientos vinculados al \u00e1rea.<\/p>\n<p>(Telam)<\/p>\n","protected":false},"excerpt":{"rendered":"<p>El horario de atenci\u00f3n es de lunes a viernes de 9 a 15.<\/p>\n","protected":false},"author":3,"featured_media":0,"comment_status":"closed","ping_status":"open","sticky":false,"template":"","format":"standard","meta":{"footnotes":""},"categories":[26],"tags":[],"class_list":["post-42119","post","type-post","status-publish","format-standard","hentry","category-sociedad"],"yoast_head":"<!-- This site is optimized with the Yoast SEO plugin v25.9 - https:\/\/yoast.com\/wordpress\/plugins\/seo\/ -->\n<title>Lanzan l\u00edneas de WhatsApp para realizar consultas sobre las licencias de conducir. - Noticias Radio Reflejos<\/title>\n<meta name=\"robots\" content=\"index, follow, max-snippet:-1, max-image-preview:large, max-video-preview:-1\" \/>\n<link rel=\"canonical\" href=\"https:\/\/www.noticiasradioreflejos.com.ar\/2021\/lanzan-lineas-de-whatsapp-para-realizar-consultas-sobre-las-licencias-de-conducir\/\" \/>\n<meta property=\"og:locale\" content=\"es_ES\" \/>\n<meta property=\"og:type\" content=\"article\" \/>\n<meta property=\"og:title\" content=\"Lanzan l\u00edneas de WhatsApp para realizar consultas sobre las licencias de conducir. - Noticias Radio Reflejos\" \/>\n<meta property=\"og:description\" content=\"El horario de atenci\u00f3n es de lunes a viernes de 9 a 15.\" \/>\n<meta property=\"og:url\" content=\"https:\/\/www.noticiasradioreflejos.com.ar\/2021\/lanzan-lineas-de-whatsapp-para-realizar-consultas-sobre-las-licencias-de-conducir\/\" \/>\n<meta property=\"og:site_name\" content=\"Noticias Radio Reflejos\" \/>\n<meta property=\"article:published_time\" content=\"2020-05-18T22:23:08+00:00\" \/>\n<meta property=\"og:image\" content=\"https:\/\/www.noticiasradioreflejos.com.ar\/2021\/wp-content\/uploads\/2021\/07\/logosol300x200.png\" \/>\n\t<meta property=\"og:image:width\" content=\"300\" \/>\n\t<meta property=\"og:image:height\" content=\"200\" \/>\n\t<meta property=\"og:image:type\" content=\"image\/png\" \/>\n<meta name=\"author\" content=\"Arnaldo Botto\" \/>\n<meta name=\"twitter:card\" content=\"summary_large_image\" \/>\n<script type=\"application\/ld+json\" class=\"yoast-schema-graph\">{\"@context\":\"https:\/\/schema.org\",\"@graph\":[{\"@type\":\"WebPage\",\"@id\":\"https:\/\/www.noticiasradioreflejos.com.ar\/2021\/lanzan-lineas-de-whatsapp-para-realizar-consultas-sobre-las-licencias-de-conducir\/\",\"url\":\"https:\/\/www.noticiasradioreflejos.com.ar\/2021\/lanzan-lineas-de-whatsapp-para-realizar-consultas-sobre-las-licencias-de-conducir\/\",\"name\":\"Lanzan l\u00edneas de WhatsApp para realizar consultas sobre las licencias de conducir. - Noticias Radio Reflejos\",\"isPartOf\":{\"@id\":\"https:\/\/www.noticiasradioreflejos.com.ar\/2021\/#website\"},\"datePublished\":\"2020-05-18T22:23:08+00:00\",\"author\":{\"@id\":\"https:\/\/www.noticiasradioreflejos.com.ar\/2021\/#\/schema\/person\/ad82545263dcc5ec0996818884fd5fb1\"},\"breadcrumb\":{\"@id\":\"https:\/\/www.noticiasradioreflejos.com.ar\/2021\/lanzan-lineas-de-whatsapp-para-realizar-consultas-sobre-las-licencias-de-conducir\/#breadcrumb\"},\"inLanguage\":\"es\",\"potentialAction\":[{\"@type\":\"ReadAction\",\"target\":[\"https:\/\/www.noticiasradioreflejos.com.ar\/2021\/lanzan-lineas-de-whatsapp-para-realizar-consultas-sobre-las-licencias-de-conducir\/\"]}]},{\"@type\":\"BreadcrumbList\",\"@id\":\"https:\/\/www.noticiasradioreflejos.com.ar\/2021\/lanzan-lineas-de-whatsapp-para-realizar-consultas-sobre-las-licencias-de-conducir\/#breadcrumb\",\"itemListElement\":[{\"@type\":\"ListItem\",\"position\":1,\"name\":\"Portada\",\"item\":\"https:\/\/www.noticiasradioreflejos.com.ar\/2021\/\"},{\"@type\":\"ListItem\",\"position\":2,\"name\":\"Lanzan l\u00edneas de WhatsApp para realizar consultas sobre las licencias de conducir.\"}]},{\"@type\":\"WebSite\",\"@id\":\"https:\/\/www.noticiasradioreflejos.com.ar\/2021\/#website\",\"url\":\"https:\/\/www.noticiasradioreflejos.com.ar\/2021\/\",\"name\":\"Noticias Radio Reflejos\",\"description\":\"Las noticias de mi comarca\",\"potentialAction\":[{\"@type\":\"SearchAction\",\"target\":{\"@type\":\"EntryPoint\",\"urlTemplate\":\"https:\/\/www.noticiasradioreflejos.com.ar\/2021\/?s={search_term_string}\"},\"query-input\":{\"@type\":\"PropertyValueSpecification\",\"valueRequired\":true,\"valueName\":\"search_term_string\"}}],\"inLanguage\":\"es\"},{\"@type\":\"Person\",\"@id\":\"https:\/\/www.noticiasradioreflejos.com.ar\/2021\/#\/schema\/person\/ad82545263dcc5ec0996818884fd5fb1\",\"name\":\"Arnaldo Botto\",\"image\":{\"@type\":\"ImageObject\",\"inLanguage\":\"es\",\"@id\":\"https:\/\/www.noticiasradioreflejos.com.ar\/2021\/#\/schema\/person\/image\/\",\"url\":\"https:\/\/secure.gravatar.com\/avatar\/55cb5e37c1efa326397366e6974cb338056df65cb50e7d64d1cf314e87504837?s=96&d=mm&r=g\",\"contentUrl\":\"https:\/\/secure.gravatar.com\/avatar\/55cb5e37c1efa326397366e6974cb338056df65cb50e7d64d1cf314e87504837?s=96&d=mm&r=g\",\"caption\":\"Arnaldo Botto\"},\"url\":\"https:\/\/www.noticiasradioreflejos.com.ar\/2021\/author\/arnaldo\/\"}]}<\/script>\n<!-- \/ Yoast SEO plugin. -->","yoast_head_json":{"title":"Lanzan l\u00edneas de WhatsApp para realizar consultas sobre las licencias de conducir. - Noticias Radio Reflejos","robots":{"index":"index","follow":"follow","max-snippet":"max-snippet:-1","max-image-preview":"max-image-preview:large","max-video-preview":"max-video-preview:-1"},"canonical":"https:\/\/www.noticiasradioreflejos.com.ar\/2021\/lanzan-lineas-de-whatsapp-para-realizar-consultas-sobre-las-licencias-de-conducir\/","og_locale":"es_ES","og_type":"article","og_title":"Lanzan l\u00edneas de WhatsApp para realizar consultas sobre las licencias de conducir. - Noticias Radio Reflejos","og_description":"El horario de atenci\u00f3n es de lunes a viernes de 9 a 15.","og_url":"https:\/\/www.noticiasradioreflejos.com.ar\/2021\/lanzan-lineas-de-whatsapp-para-realizar-consultas-sobre-las-licencias-de-conducir\/","og_site_name":"Noticias Radio Reflejos","article_published_time":"2020-05-18T22:23:08+00:00","og_image":[{"width":300,"height":200,"url":"https:\/\/www.noticiasradioreflejos.com.ar\/2021\/wp-content\/uploads\/2021\/07\/logosol300x200.png","type":"image\/png"}],"author":"Arnaldo Botto","twitter_card":"summary_large_image","schema":{"@context":"https:\/\/schema.org","@graph":[{"@type":"WebPage","@id":"https:\/\/www.noticiasradioreflejos.com.ar\/2021\/lanzan-lineas-de-whatsapp-para-realizar-consultas-sobre-las-licencias-de-conducir\/","url":"https:\/\/www.noticiasradioreflejos.com.ar\/2021\/lanzan-lineas-de-whatsapp-para-realizar-consultas-sobre-las-licencias-de-conducir\/","name":"Lanzan l\u00edneas de WhatsApp para realizar consultas sobre las licencias de conducir. - Noticias Radio Reflejos","isPartOf":{"@id":"https:\/\/www.noticiasradioreflejos.com.ar\/2021\/#website"},"datePublished":"2020-05-18T22:23:08+00:00","author":{"@id":"https:\/\/www.noticiasradioreflejos.com.ar\/2021\/#\/schema\/person\/ad82545263dcc5ec0996818884fd5fb1"},"breadcrumb":{"@id":"https:\/\/www.noticiasradioreflejos.com.ar\/2021\/lanzan-lineas-de-whatsapp-para-realizar-consultas-sobre-las-licencias-de-conducir\/#breadcrumb"},"inLanguage":"es","potentialAction":[{"@type":"ReadAction","target":["https:\/\/www.noticiasradioreflejos.com.ar\/2021\/lanzan-lineas-de-whatsapp-para-realizar-consultas-sobre-las-licencias-de-conducir\/"]}]},{"@type":"BreadcrumbList","@id":"https:\/\/www.noticiasradioreflejos.com.ar\/2021\/lanzan-lineas-de-whatsapp-para-realizar-consultas-sobre-las-licencias-de-conducir\/#breadcrumb","itemListElement":[{"@type":"ListItem","position":1,"name":"Portada","item":"https:\/\/www.noticiasradioreflejos.com.ar\/2021\/"},{"@type":"ListItem","position":2,"name":"Lanzan l\u00edneas de WhatsApp para realizar consultas sobre las licencias de conducir."}]},{"@type":"WebSite","@id":"https:\/\/www.noticiasradioreflejos.com.ar\/2021\/#website","url":"https:\/\/www.noticiasradioreflejos.com.ar\/2021\/","name":"Noticias Radio Reflejos","description":"Las noticias de mi comarca","potentialAction":[{"@type":"SearchAction","target":{"@type":"EntryPoint","urlTemplate":"https:\/\/www.noticiasradioreflejos.com.ar\/2021\/?s={search_term_string}"},"query-input":{"@type":"PropertyValueSpecification","valueRequired":true,"valueName":"search_term_string"}}],"inLanguage":"es"},{"@type":"Person","@id":"https:\/\/www.noticiasradioreflejos.com.ar\/2021\/#\/schema\/person\/ad82545263dcc5ec0996818884fd5fb1","name":"Arnaldo Botto","image":{"@type":"ImageObject","inLanguage":"es","@id":"https:\/\/www.noticiasradioreflejos.com.ar\/2021\/#\/schema\/person\/image\/","url":"https:\/\/secure.gravatar.com\/avatar\/55cb5e37c1efa326397366e6974cb338056df65cb50e7d64d1cf314e87504837?s=96&d=mm&r=g","contentUrl":"https:\/\/secure.gravatar.com\/avatar\/55cb5e37c1efa326397366e6974cb338056df65cb50e7d64d1cf314e87504837?s=96&d=mm&r=g","caption":"Arnaldo Botto"},"url":"https:\/\/www.noticiasradioreflejos.com.ar\/2021\/author\/arnaldo\/"}]}},"_links":{"self":[{"href":"https:\/\/www.noticiasradioreflejos.com.ar\/2021\/wp-json\/wp\/v2\/posts\/42119","targetHints":{"allow":["GET"]}}],"collection":[{"href":"https:\/\/www.noticiasradioreflejos.com.ar\/2021\/wp-json\/wp\/v2\/posts"}],"about":[{"href":"https:\/\/www.noticiasradioreflejos.com.ar\/2021\/wp-json\/wp\/v2\/types\/post"}],"author":[{"embeddable":true,"href":"https:\/\/www.noticiasradioreflejos.com.ar\/2021\/wp-json\/wp\/v2\/users\/3"}],"replies":[{"embeddable":true,"href":"https:\/\/www.noticiasradioreflejos.com.ar\/2021\/wp-json\/wp\/v2\/comments?post=42119"}],"version-history":[{"count":0,"href":"https:\/\/www.noticiasradioreflejos.com.ar\/2021\/wp-json\/wp\/v2\/posts\/42119\/revisions"}],"wp:attachment":[{"href":"https:\/\/www.noticiasradioreflejos.com.ar\/2021\/wp-json\/wp\/v2\/media?parent=42119"}],"wp:term":[{"taxonomy":"category","embeddable":true,"href":"https:\/\/www.noticiasradioreflejos.com.ar\/2021\/wp-json\/wp\/v2\/categories?post=42119"},{"taxonomy":"post_tag","embeddable":true,"href":"https:\/\/www.noticiasradioreflejos.com.ar\/2021\/wp-json\/wp\/v2\/tags?post=42119"}],"curies":[{"name":"wp","href":"https:\/\/api.w.org\/{rel}","templated":true}]}}