{"id":42088,"date":"2020-05-17T19:25:11","date_gmt":"2020-05-17T22:25:11","guid":{"rendered":"http:\/\/www.noticiasradioreflejos.com.ar\/noticias\/?p=42088"},"modified":"2020-05-17T19:25:11","modified_gmt":"2020-05-17T22:25:11","slug":"constituyen-la-comision-mixta-que-debera-analizar-la-nueva-formula-de-aumentos-a-jubilados","status":"publish","type":"post","link":"https:\/\/www.noticiasradioreflejos.com.ar\/2021\/constituyen-la-comision-mixta-que-debera-analizar-la-nueva-formula-de-aumentos-a-jubilados\/","title":{"rendered":"Constituyen la comisi\u00f3n mixta que deber\u00e1 analizar la nueva f\u00f3rmula de aumentos a jubilados"},"content":{"rendered":"<p>El Ministerio de Trabajo de la Naci\u00f3n convoc\u00f3 para ma\u00f1ana a constituir la comisi\u00f3n de funcionarios y legisladores que deber\u00e1 analizar la nueva f\u00f3rmula de aumento de los haberes de jubilados y pensionados.<!--more--><\/p>\n<p>Uno de los primeros temas que deber\u00e1 resolver esa comisi\u00f3n es si suspende por otros seis meses la ley de movilidad que vence en junio, o bien avanza con celeridad para aprobar una ley que establezca un nuevo c\u00e1lculo para actualizar jubilaciones, pensiones y asignaciones familiares.<\/p>\n<p>La Ley de Solidaridad Social y Reactivaci\u00f3n Productiva suspendi\u00f3 por 180 d\u00edas la movilidad jubilatoria que hab\u00eda impuesto el gobierno de Mauricio Macri y estableci\u00f3 la conformaci\u00f3n de una comisi\u00f3n para analizar un nuevo sistema.<\/p>\n<p>En ese contexto, el gobierno decidi\u00f3 otorgar para el primer trimestre del a\u00f1o un aumento de 1.500 pesos y una suma variable de 2,3%. En el caso de las jubilaciones y pensiones m\u00ednimas, la Asignaci\u00f3n Universal por Hijo (AUH) y dem\u00e1s asignaciones familiares hubo un aumento del 13%.<\/p>\n<p>El presidente de la comisi\u00f3n de Previsi\u00f3n Social de la C\u00e1mara de Diputados, Carlos Casaretto, dijo a T\u00e9lam que \u00abma\u00f1ana se constituye la comisi\u00f3n y vamos a empezar a trabajar en la formula nueva, ya que para dictaminar tenemos m\u00e1s de un mes de tiempo por delante\u00bb, al referirse a los plazos del Congreso Nacional.<\/p>\n<p>Dijo que ma\u00f1ana van a escuchar a los funcionarios para determinar \u00abcuales son las mejores alternativas\u00bb para aplicar, ya sea \u00absancionando una nueva ley u otorgando una pr\u00f3rroga, porque nosotros vemos que todas las variables econ\u00f3micas para calcular una f\u00f3rmula est\u00e1n alteradas, tanto la recaudaci\u00f3n impositiva y previsional como los salarios de los trabajadores\u00bb.<\/p>\n<p>Record\u00f3 que el gobierno, con la suspensi\u00f3n de la movilidad, \u00abya dispuso en marzo el aumento por decreto, lo volver\u00e1 hacer de nuevo en junio, con lo cual nos quedar\u00e1 definir como se hacen los aumentos de septiembre y diciembre\u00bb.<\/p>\n<p>Desde Juntos por el Cambio, el radical Alejandro Cacace se\u00f1al\u00f3 a T\u00e9lam: \u00abnos opusimos a ello en diciembre y nos oponemos ahora a que el gobierno pueda definir los aumentos por decreto\u00bb y se\u00f1al\u00f3 que \u00abla ley plante\u00f3 un plazo de 180 d\u00edas, y ese vence el 20 de junio\u00bb.<\/p>\n<p>Agreg\u00f3 que \u00abhay que cumplir con ese mandato, o debe volver a manos del Congreso la definici\u00f3n. La movilidad es un derecho constitucional y debe ser reglamentada por ley\u00bb.<\/p>\n<p>La comisi\u00f3n que se reunir\u00e1 en formal virtual ma\u00f1ana a las 16 ser\u00e1 conducida por el ministro de Trabajo, Claudio Moroni, y estar\u00e1 integrada por funcionarios del Ministerio de Econom\u00eda y las autoridades de las comisiones de Presupuesto y Hacienda y Previsi\u00f3n Social de las dos c\u00e1maras legislativas.<\/p>\n<p>Por Diputados la integrar\u00e1n los presidentes de las comisiones de Presupuesto, Carlos Heller (Todos); de Previsi\u00f3n Social, Carlos Casaretto, y los vicepresidentes de esos dos cuerpos, Luciano Laspina (PRO) y Alejandro Cacace (UCR).<\/p>\n<p>Tambi\u00e9n la componen el titular de la comisi\u00f3n de An\u00e1lisis y Seguimiento de las Normas Tributarias y Previsionales, Luis Pastori (UCR) , y la vicepresidenta Hilda Aguirre.<\/p>\n<p>Por el Senado estar\u00e1n los presidentes de las comisiones de Presupuesto, Carlos Caserio (Frente de Todos) y de Trabajo y Prevision, Daniel Lovera (Frente de Todos) y los vicepresidentes Esteban Bullrich (Pro) y Mar\u00eda Bel\u00e9n Tapia (UCR).<\/p>\n<p>La ley estableci\u00f3 en su art\u00edculo 55 la suspensi\u00f3n por 180 d\u00edas de la movilidad jubilatoria, la que hab\u00eda sido aprobada en diciembre de 2017 y por la cual el porcentaje para calcular el aumento era un promedio que ten\u00eda como base el 70% del indice de precios y un 30% de la evoluci\u00f3n salarial.<\/p>\n<p>El actual gobierno estableci\u00f3 que durante el plazo de 180 d\u00edas el Poder Ejecutivo Nacional debe fijar trimestralmente el incremento de los haberes previsionales, correspondientes al r\u00e9gimen general de la ley 24.241, atendiendo prioritariamente a los beneficiarios de m\u00e1s bajos ingresos.<\/p>\n","protected":false},"excerpt":{"rendered":"<p>El Ministerio de Trabajo de la Naci\u00f3n convoc\u00f3 para ma\u00f1ana a constituir la comisi\u00f3n de funcionarios y legisladores que deber\u00e1 analizar la nueva f\u00f3rmula de aumento de los haberes de jubilados y pensionados.<\/p>\n","protected":false},"author":3,"featured_media":0,"comment_status":"closed","ping_status":"open","sticky":false,"template":"","format":"standard","meta":{"footnotes":""},"categories":[24],"tags":[],"class_list":["post-42088","post","type-post","status-publish","format-standard","hentry","category-politica"],"yoast_head":"<!-- This site is optimized with the Yoast SEO plugin v25.9 - https:\/\/yoast.com\/wordpress\/plugins\/seo\/ -->\n<title>Constituyen la comisi\u00f3n mixta que deber\u00e1 analizar la nueva f\u00f3rmula de aumentos a jubilados - Noticias Radio Reflejos<\/title>\n<meta name=\"robots\" content=\"index, follow, max-snippet:-1, max-image-preview:large, max-video-preview:-1\" \/>\n<link rel=\"canonical\" href=\"https:\/\/www.noticiasradioreflejos.com.ar\/2021\/constituyen-la-comision-mixta-que-debera-analizar-la-nueva-formula-de-aumentos-a-jubilados\/\" \/>\n<meta property=\"og:locale\" content=\"es_ES\" \/>\n<meta property=\"og:type\" content=\"article\" \/>\n<meta property=\"og:title\" content=\"Constituyen la comisi\u00f3n mixta que deber\u00e1 analizar la nueva f\u00f3rmula de aumentos a jubilados - Noticias Radio Reflejos\" \/>\n<meta property=\"og:description\" content=\"El Ministerio de Trabajo de la Naci\u00f3n convoc\u00f3 para ma\u00f1ana a constituir la comisi\u00f3n de funcionarios y legisladores que deber\u00e1 analizar la nueva f\u00f3rmula de aumento de los haberes de jubilados y pensionados.\" \/>\n<meta property=\"og:url\" content=\"https:\/\/www.noticiasradioreflejos.com.ar\/2021\/constituyen-la-comision-mixta-que-debera-analizar-la-nueva-formula-de-aumentos-a-jubilados\/\" \/>\n<meta property=\"og:site_name\" content=\"Noticias Radio Reflejos\" \/>\n<meta property=\"article:published_time\" content=\"2020-05-17T22:25:11+00:00\" \/>\n<meta property=\"og:image\" content=\"https:\/\/www.noticiasradioreflejos.com.ar\/2021\/wp-content\/uploads\/2021\/07\/logosol300x200.png\" \/>\n\t<meta property=\"og:image:width\" content=\"300\" \/>\n\t<meta property=\"og:image:height\" content=\"200\" \/>\n\t<meta property=\"og:image:type\" content=\"image\/png\" \/>\n<meta name=\"author\" content=\"Arnaldo Botto\" \/>\n<meta name=\"twitter:card\" content=\"summary_large_image\" \/>\n<script type=\"application\/ld+json\" class=\"yoast-schema-graph\">{\"@context\":\"https:\/\/schema.org\",\"@graph\":[{\"@type\":\"WebPage\",\"@id\":\"https:\/\/www.noticiasradioreflejos.com.ar\/2021\/constituyen-la-comision-mixta-que-debera-analizar-la-nueva-formula-de-aumentos-a-jubilados\/\",\"url\":\"https:\/\/www.noticiasradioreflejos.com.ar\/2021\/constituyen-la-comision-mixta-que-debera-analizar-la-nueva-formula-de-aumentos-a-jubilados\/\",\"name\":\"Constituyen la comisi\u00f3n mixta que deber\u00e1 analizar la nueva f\u00f3rmula de aumentos a jubilados - Noticias Radio Reflejos\",\"isPartOf\":{\"@id\":\"https:\/\/www.noticiasradioreflejos.com.ar\/2021\/#website\"},\"datePublished\":\"2020-05-17T22:25:11+00:00\",\"author\":{\"@id\":\"https:\/\/www.noticiasradioreflejos.com.ar\/2021\/#\/schema\/person\/ad82545263dcc5ec0996818884fd5fb1\"},\"breadcrumb\":{\"@id\":\"https:\/\/www.noticiasradioreflejos.com.ar\/2021\/constituyen-la-comision-mixta-que-debera-analizar-la-nueva-formula-de-aumentos-a-jubilados\/#breadcrumb\"},\"inLanguage\":\"es\",\"potentialAction\":[{\"@type\":\"ReadAction\",\"target\":[\"https:\/\/www.noticiasradioreflejos.com.ar\/2021\/constituyen-la-comision-mixta-que-debera-analizar-la-nueva-formula-de-aumentos-a-jubilados\/\"]}]},{\"@type\":\"BreadcrumbList\",\"@id\":\"https:\/\/www.noticiasradioreflejos.com.ar\/2021\/constituyen-la-comision-mixta-que-debera-analizar-la-nueva-formula-de-aumentos-a-jubilados\/#breadcrumb\",\"itemListElement\":[{\"@type\":\"ListItem\",\"position\":1,\"name\":\"Portada\",\"item\":\"https:\/\/www.noticiasradioreflejos.com.ar\/2021\/\"},{\"@type\":\"ListItem\",\"position\":2,\"name\":\"Constituyen la comisi\u00f3n mixta que deber\u00e1 analizar la nueva f\u00f3rmula de aumentos a jubilados\"}]},{\"@type\":\"WebSite\",\"@id\":\"https:\/\/www.noticiasradioreflejos.com.ar\/2021\/#website\",\"url\":\"https:\/\/www.noticiasradioreflejos.com.ar\/2021\/\",\"name\":\"Noticias Radio Reflejos\",\"description\":\"Las noticias de mi comarca\",\"potentialAction\":[{\"@type\":\"SearchAction\",\"target\":{\"@type\":\"EntryPoint\",\"urlTemplate\":\"https:\/\/www.noticiasradioreflejos.com.ar\/2021\/?s={search_term_string}\"},\"query-input\":{\"@type\":\"PropertyValueSpecification\",\"valueRequired\":true,\"valueName\":\"search_term_string\"}}],\"inLanguage\":\"es\"},{\"@type\":\"Person\",\"@id\":\"https:\/\/www.noticiasradioreflejos.com.ar\/2021\/#\/schema\/person\/ad82545263dcc5ec0996818884fd5fb1\",\"name\":\"Arnaldo Botto\",\"image\":{\"@type\":\"ImageObject\",\"inLanguage\":\"es\",\"@id\":\"https:\/\/www.noticiasradioreflejos.com.ar\/2021\/#\/schema\/person\/image\/\",\"url\":\"https:\/\/secure.gravatar.com\/avatar\/55cb5e37c1efa326397366e6974cb338056df65cb50e7d64d1cf314e87504837?s=96&d=mm&r=g\",\"contentUrl\":\"https:\/\/secure.gravatar.com\/avatar\/55cb5e37c1efa326397366e6974cb338056df65cb50e7d64d1cf314e87504837?s=96&d=mm&r=g\",\"caption\":\"Arnaldo Botto\"},\"url\":\"https:\/\/www.noticiasradioreflejos.com.ar\/2021\/author\/arnaldo\/\"}]}<\/script>\n<!-- \/ Yoast SEO plugin. -->","yoast_head_json":{"title":"Constituyen la comisi\u00f3n mixta que deber\u00e1 analizar la nueva f\u00f3rmula de aumentos a jubilados - Noticias Radio Reflejos","robots":{"index":"index","follow":"follow","max-snippet":"max-snippet:-1","max-image-preview":"max-image-preview:large","max-video-preview":"max-video-preview:-1"},"canonical":"https:\/\/www.noticiasradioreflejos.com.ar\/2021\/constituyen-la-comision-mixta-que-debera-analizar-la-nueva-formula-de-aumentos-a-jubilados\/","og_locale":"es_ES","og_type":"article","og_title":"Constituyen la comisi\u00f3n mixta que deber\u00e1 analizar la nueva f\u00f3rmula de aumentos a jubilados - Noticias Radio Reflejos","og_description":"El Ministerio de Trabajo de la Naci\u00f3n convoc\u00f3 para ma\u00f1ana a constituir la comisi\u00f3n de funcionarios y legisladores que deber\u00e1 analizar la nueva f\u00f3rmula de aumento de los haberes de jubilados y pensionados.","og_url":"https:\/\/www.noticiasradioreflejos.com.ar\/2021\/constituyen-la-comision-mixta-que-debera-analizar-la-nueva-formula-de-aumentos-a-jubilados\/","og_site_name":"Noticias Radio Reflejos","article_published_time":"2020-05-17T22:25:11+00:00","og_image":[{"width":300,"height":200,"url":"https:\/\/www.noticiasradioreflejos.com.ar\/2021\/wp-content\/uploads\/2021\/07\/logosol300x200.png","type":"image\/png"}],"author":"Arnaldo Botto","twitter_card":"summary_large_image","schema":{"@context":"https:\/\/schema.org","@graph":[{"@type":"WebPage","@id":"https:\/\/www.noticiasradioreflejos.com.ar\/2021\/constituyen-la-comision-mixta-que-debera-analizar-la-nueva-formula-de-aumentos-a-jubilados\/","url":"https:\/\/www.noticiasradioreflejos.com.ar\/2021\/constituyen-la-comision-mixta-que-debera-analizar-la-nueva-formula-de-aumentos-a-jubilados\/","name":"Constituyen la comisi\u00f3n mixta que deber\u00e1 analizar la nueva f\u00f3rmula de aumentos a jubilados - Noticias Radio Reflejos","isPartOf":{"@id":"https:\/\/www.noticiasradioreflejos.com.ar\/2021\/#website"},"datePublished":"2020-05-17T22:25:11+00:00","author":{"@id":"https:\/\/www.noticiasradioreflejos.com.ar\/2021\/#\/schema\/person\/ad82545263dcc5ec0996818884fd5fb1"},"breadcrumb":{"@id":"https:\/\/www.noticiasradioreflejos.com.ar\/2021\/constituyen-la-comision-mixta-que-debera-analizar-la-nueva-formula-de-aumentos-a-jubilados\/#breadcrumb"},"inLanguage":"es","potentialAction":[{"@type":"ReadAction","target":["https:\/\/www.noticiasradioreflejos.com.ar\/2021\/constituyen-la-comision-mixta-que-debera-analizar-la-nueva-formula-de-aumentos-a-jubilados\/"]}]},{"@type":"BreadcrumbList","@id":"https:\/\/www.noticiasradioreflejos.com.ar\/2021\/constituyen-la-comision-mixta-que-debera-analizar-la-nueva-formula-de-aumentos-a-jubilados\/#breadcrumb","itemListElement":[{"@type":"ListItem","position":1,"name":"Portada","item":"https:\/\/www.noticiasradioreflejos.com.ar\/2021\/"},{"@type":"ListItem","position":2,"name":"Constituyen la comisi\u00f3n mixta que deber\u00e1 analizar la nueva f\u00f3rmula de aumentos a jubilados"}]},{"@type":"WebSite","@id":"https:\/\/www.noticiasradioreflejos.com.ar\/2021\/#website","url":"https:\/\/www.noticiasradioreflejos.com.ar\/2021\/","name":"Noticias Radio Reflejos","description":"Las noticias de mi comarca","potentialAction":[{"@type":"SearchAction","target":{"@type":"EntryPoint","urlTemplate":"https:\/\/www.noticiasradioreflejos.com.ar\/2021\/?s={search_term_string}"},"query-input":{"@type":"PropertyValueSpecification","valueRequired":true,"valueName":"search_term_string"}}],"inLanguage":"es"},{"@type":"Person","@id":"https:\/\/www.noticiasradioreflejos.com.ar\/2021\/#\/schema\/person\/ad82545263dcc5ec0996818884fd5fb1","name":"Arnaldo Botto","image":{"@type":"ImageObject","inLanguage":"es","@id":"https:\/\/www.noticiasradioreflejos.com.ar\/2021\/#\/schema\/person\/image\/","url":"https:\/\/secure.gravatar.com\/avatar\/55cb5e37c1efa326397366e6974cb338056df65cb50e7d64d1cf314e87504837?s=96&d=mm&r=g","contentUrl":"https:\/\/secure.gravatar.com\/avatar\/55cb5e37c1efa326397366e6974cb338056df65cb50e7d64d1cf314e87504837?s=96&d=mm&r=g","caption":"Arnaldo Botto"},"url":"https:\/\/www.noticiasradioreflejos.com.ar\/2021\/author\/arnaldo\/"}]}},"_links":{"self":[{"href":"https:\/\/www.noticiasradioreflejos.com.ar\/2021\/wp-json\/wp\/v2\/posts\/42088","targetHints":{"allow":["GET"]}}],"collection":[{"href":"https:\/\/www.noticiasradioreflejos.com.ar\/2021\/wp-json\/wp\/v2\/posts"}],"about":[{"href":"https:\/\/www.noticiasradioreflejos.com.ar\/2021\/wp-json\/wp\/v2\/types\/post"}],"author":[{"embeddable":true,"href":"https:\/\/www.noticiasradioreflejos.com.ar\/2021\/wp-json\/wp\/v2\/users\/3"}],"replies":[{"embeddable":true,"href":"https:\/\/www.noticiasradioreflejos.com.ar\/2021\/wp-json\/wp\/v2\/comments?post=42088"}],"version-history":[{"count":0,"href":"https:\/\/www.noticiasradioreflejos.com.ar\/2021\/wp-json\/wp\/v2\/posts\/42088\/revisions"}],"wp:attachment":[{"href":"https:\/\/www.noticiasradioreflejos.com.ar\/2021\/wp-json\/wp\/v2\/media?parent=42088"}],"wp:term":[{"taxonomy":"category","embeddable":true,"href":"https:\/\/www.noticiasradioreflejos.com.ar\/2021\/wp-json\/wp\/v2\/categories?post=42088"},{"taxonomy":"post_tag","embeddable":true,"href":"https:\/\/www.noticiasradioreflejos.com.ar\/2021\/wp-json\/wp\/v2\/tags?post=42088"}],"curies":[{"name":"wp","href":"https:\/\/api.w.org\/{rel}","templated":true}]}}