{"id":42085,"date":"2020-05-17T19:15:41","date_gmt":"2020-05-17T22:15:41","guid":{"rendered":"http:\/\/www.noticiasradioreflejos.com.ar\/noticias\/?p=42085"},"modified":"2020-05-17T19:15:41","modified_gmt":"2020-05-17T22:15:41","slug":"el-gobierno-lanzara-un-plan-de-auxilio-capacitacion-e-infraestructura-de-3-900-millones-para-el-pago-de-salarios-y-gastos-del-sector-turistico","status":"publish","type":"post","link":"https:\/\/www.noticiasradioreflejos.com.ar\/2021\/el-gobierno-lanzara-un-plan-de-auxilio-capacitacion-e-infraestructura-de-3-900-millones-para-el-pago-de-salarios-y-gastos-del-sector-turistico\/","title":{"rendered":"El gobierno lanzar\u00e1 un Plan de \u201cAuxilio, Capacitaci\u00f3n e Infraestructura\u201d de $ 3.900 millones para el pago de salarios y gastos del sector tur\u00edstico"},"content":{"rendered":"<p>El programa, dise\u00f1ado por el ministerio de Turismo y Deportes, apunta a las micro y peque\u00f1as medianas empresas. Pagar\u00e1 hasta 6 meses de Salario M\u00ednimo por empleado y hasta 3 meses para Aut\u00f3nomos y Monotributistas. Los beneficiarios deber\u00e1n hacer cursos de capacitaci\u00f3n. Tambi\u00e9n prometen fondos para obras en las provincias.<!--more--><br \/>\nEl gobierno lanzar\u00e1 en los pr\u00f3ximos d\u00edas un \u201cPlan de Auxilio, Capacitaci\u00f3n e Infraestructura\u201d para el sector tur\u00edstico al que ya asign\u00f3 $ 3.900 millones pero que el ministro de Turismo y Deportes, Mat\u00edas Lammens, pretende engrosar con m\u00e1s fondos. El plan consta de tres \u201cFondos\u201d con el que pretenden alcanzar a unas 2.000 empresas y a 20.000 trabajadores del sector, seg\u00fan un documento preliminar al que pudo acceder Infobae.<\/p>\n<p>El ya bautizado PACIT buscar\u00e1 \u201cproteger el sector tur\u00edstico y prepararlo para que se convierta en uno de los motores de la recuperaci\u00f3n una vez normalizada la situaci\u00f3n\u201d. Las medidas, explica el documento,,\u00bbno solamente responder\u00e1n a la urgencia actual, sino que tambi\u00e9n presentan una visi\u00f3n de mediano y largo plazo\u00bb.<\/p>\n<p>A corto plazo, dice la cartera de Lammens, la prioridad es \u201cauxiliar a prestadores independientes, micro, peque\u00f1as y medianas empresas del sector tur\u00edstico\u00bb. A mediano plazo, el objetivo es \u201ccapacitar a decenas de miles de trabajadores del turismo y preparar al sector en lo que respecta a Seguridad e Higiene con los protocolos necesarios para afrontar la demanda de los turistas en un mundo post Covid-19\u201d. Y a largo plazo, financiar \u201cm\u00e1s de 50 obras tur\u00edsticas en todo el pa\u00eds\u201d que apunten a \u201cdinamizar\u201d la actividad y aportar \u00abal cambio de paradigma que necesita el sector\u201d. Seg\u00fan el ministerio, la demanda del turismo post-Covid-19 ser\u00e1 \u201ccada vez m\u00e1s naturaleza\u201d y<\/p>\n<p><strong>Tr\u00edpode<\/strong><\/p>\n<p>La primera y principal pata de apoyo ser\u00e1 un \u201cFondo de Auxilio y Capacitaci\u00f3n Tur\u00edstica\u201d (FACT), por 2.600 millones de pesos, financiado en un 80% por un cr\u00e9dito del BID (que recientemente confirm\u00f3 al propio presidente Alberto Fern\u00e1ndez que aportar\u00e1 USD 1.800 millones en cr\u00e9ditos para la Argentina).<\/p>\n<p>Este fondo apunta a la preservaci\u00f3n de empresas y protecci\u00f3n de empleos del sector durante un lapso de 6 meses \u201cpara poder llegar al momento de la normalizaci\u00f3n del turismo\u201d. Ser\u00e1n elegibles las Micro y Peque\u00f1as y Medianas Empresas (MiPymes) que sean \u201calojamientos, servicios de restaurantes vinculados al turismo y agencias de viajes que presenten una situaci\u00f3n cr\u00edtica mediante la declaraci\u00f3n de ingresos totales del mes de abril de 2020 comparados con los del a\u00f1o anterior\u201d.<\/p>\n<p><a href=\"http:\/\/www.noticiasradioreflejos.com.ar\/noticias\/wp-content\/uploads\/2020\/05\/unnamed-3.jpg\"><img loading=\"lazy\" decoding=\"async\" class=\"aligncenter size-full wp-image-42086\" src=\"http:\/\/www.noticiasradioreflejos.com.ar\/noticias\/wp-content\/uploads\/2020\/05\/unnamed-3.jpg\" alt=\"unnamed (3)\" width=\"750\" height=\"406\" \/><\/a><\/p>\n<p>La ayuda ser\u00e1 a trav\u00e9s de Aportes No Reintegrables para el pago de salarios, alquileres, electricidad, agua, gas, internet e incluso servicios de consultor\u00eda para \u201cadaptar los servicios a la nueva situaci\u00f3n\u201d. Para el pago de salarios, los beneficiarios recibir\u00e1n \u201cc\u00f3mo m\u00e1ximo el proporcional del equivalente a un \u201cSalario M\u00ednimo, Vital y M\u00f3vil\u201d (SMVM), actualmente en $ 16.875 por empleado durante 6 meses\u201d. Para acceder a estos aportes, las empresas deber\u00e1n comprometerse a mantener su n\u00f3mina de personal al menos durante 6 meses y deber\u00e1n cumplir tambi\u00e9n requisitos de \u201cCapacitaci\u00f3n, Accesibilidad Idiom\u00e1tica y Seguridad e Higiene para el contexto post-Covid-19\u2033.<\/p>\n<p>Un cuadro del documento preliminar sobre el ProgramaUn cuadro del documento preliminar sobre el Programa<br \/>\nEl \u201ccar\u00e1cter federal\u201d del programa, dice el documento, implica que \u201ctodas las provincias deber\u00e1n tener al menos un m\u00ednimo de empresas beneficiadas\u201d. La selecci\u00f3n de MiPymes con derecho a estos aportes se har\u00e1 en base a criterios de \u201cUbicaci\u00f3n geogr\u00e1fica en corredores tur\u00edsticos (60%), Inclusi\u00f3n social (20%), Equidad de g\u00e9nero (10%) y Red de MiPyMEs tur\u00edsticas (10%)\u00bb, seg\u00fan un esquema a definir. A su vez, al menos 70% de los empleados de las empresas receptoras de fondos FACT deber\u00e1n realizar capacitaciones de 120 horas sobre \u00abNociones de Higiene y Seguridad para Actividades de Turismo\u201d, \u201cAccesibilidad Tur\u00edstica\u201d y \u201cTurismo Responsable y G\u00e9nero\u201d.<\/p>\n<p>Adem\u00e1s, las empresas deber\u00e1n \u201cadaptar sus piezas comunicacionales\u201d y se\u00f1al\u00e9tica a ingl\u00e9s y portugu\u00e9s, incluyendo carter\u00eda, men\u00fas, gu\u00edas de actividades\u00bb y una \u201cuna gu\u00eda de buenas pr\u00e1cticas de seguridad e higiene frente al COVID-19 en un \u00e1rea visible y de f\u00e1cil acceso para todos los usuarios\u00bb.<\/p>\n<p>Monotributistas y Aut\u00f3nomos<\/p>\n<p>La segunda pata del plan oficial es un \u201cFondo Complementario\u201d m\u00e1s modesto, de $ 100 millones, destinado a \u201caut\u00f3nomos y monotributistas que acrediten debidamente su trabajo para el sector tur\u00edstico. Aqu\u00ed la ayuda ser\u00e1 de un plazo m\u00e1s breve: los beneficiarios recibir\u00edan un SMVM mensual durante 3 meses. De vuelta, los criterios de seleci\u00f3n ser\u00edan \u201dubicaci\u00f3n geogr\u00e1fica en corredores tur\u00edsticos, inclusi\u00f3n social, equidad de g\u00e9nero, certificaciones que acrediten su rol en el turismo y que posean aval municipal o provincial vigente\u201d.<\/p>\n<p>Los gu\u00edas de Turismo son los \u201cmonotributistas y aut\u00f3nomos\u201d por excelencia del sector. \u201cSomos una profesi\u00f3n que en este momento no existe\u201d, dijo a Infobae Mario Braun, ex presidente de Aguitba, la Asociaci\u00f3n de Gu\u00edas de Turismo de Buenos Aires.<\/p>\n<p>Si bien las Asociaciones provinciales no tienen una instituci\u00f3n \u201cmadre\u201d a nivel nacional, hay cierto consenso en torno de 4 reclamos: 1) recategorizaci\u00f3n del monotributo, a las categor\u00edas m\u00e1s bajas, mientras dure la crisis, 2) mantenimiento, durante ese lapso, de la Obra Social; 3) reducci\u00f3n o en lo posible eliminaci\u00f3n de la tasa de Ingresos Brutos que cobran las provincias, y 4) alguna forma de subsidio o ayuda estatal, tipo Ingreso Familiar de Emergencia, al que muy pocos gu\u00edas han podido acceder. \u201cLos gu\u00edas somos la calle, pero hoy estamos en la calle\u201d, dice Braun.<\/p>\n<p>El \u00faltimo componente del programa ser\u00e1 el \u201cFondo 50 destinos\u201d, de $ 1.200 millones, por el que se destinar\u00e1n unos $50 millones por provincia para \u201cobras de infraestructura tur\u00edstica que apunten a dinamizar la actividad con mejoras que fortalezcan la oferta tur\u00edstica y fomenten la competitividad sectorial\u00bb. Entre los criterios de asignaci\u00f3n estar\u00e1n la mejora de la \u201cdiversificaci\u00f3n y la desestacionalizaci\u00f3n\u201d del destino, la existencia de \u201ccircuitos integradores que promuevan los desplazamientos entre destinos cercanos\u201d y la \u201cgeneraci\u00f3n de actividades tur\u00edsticas complementarias\u201d.<\/p>\n<p>Seg\u00fan la cartera que encabeza Lammens, \u201ctodos los representantes de las provincias ya est\u00e1n en contacto con el ministerio\u201d para \u201cavanzar con las fichas de los planes de obra y los proyectos ejecutivos de las mismas\u201d.<\/p>\n<p>Hace diez d\u00edas, en una reuni\u00f3n virtual con la Comisi\u00f3n de Turismo de la C\u00e1mara de Diputados, Lammens les hab\u00eda adelantado a los legisladores que habr\u00eda fondos para el sector, uno de los m\u00e1s perjudicados por la pandemia de coronavirus y uno de los \u00faltimos que podr\u00e1 volver a la actividad. En ese intercambio, el ministro dijo que los destinos de nieve podr\u00edan volver a trabajar reci\u00e9n en el \u00faltimo mes del invierno aunque, a la vez, adelant\u00f3 que el gobierno autorizar\u00eda el reinicio de vuelos antes del 1 de septiembre. Pero dej\u00f3 sin respuesta otros reclamos, como la reapertura de los Parques Nacionales y el de sector hotelero sobre los \u201cderechos autorales\u201d que deben pagar por los sistemas de TV y Audio instalados en habitaciones obligadamente vac\u00edas.<\/p>\n<p><strong>Fuente Infobae<\/strong><\/p>\n","protected":false},"excerpt":{"rendered":"<p>El programa, dise\u00f1ado por el ministerio de Turismo y Deportes, apunta a las micro y peque\u00f1as medianas empresas. Pagar\u00e1 hasta 6 meses de Salario M\u00ednimo por empleado y hasta 3 meses para Aut\u00f3nomos y Monotributistas. Los beneficiarios deber\u00e1n hacer cursos de capacitaci\u00f3n. Tambi\u00e9n prometen fondos para obras en las provincias.<\/p>\n","protected":false},"author":3,"featured_media":2977,"comment_status":"closed","ping_status":"open","sticky":false,"template":"","format":"standard","meta":{"footnotes":""},"categories":[33],"tags":[],"class_list":["post-42085","post","type-post","status-publish","format-standard","has-post-thumbnail","hentry","category-turismo"],"yoast_head":"<!-- This site is optimized with the Yoast SEO plugin v25.9 - https:\/\/yoast.com\/wordpress\/plugins\/seo\/ -->\n<title>El gobierno lanzar\u00e1 un Plan de \u201cAuxilio, Capacitaci\u00f3n e Infraestructura\u201d de $ 3.900 millones para el pago de salarios y gastos del sector tur\u00edstico - Noticias Radio Reflejos<\/title>\n<meta name=\"robots\" content=\"index, follow, max-snippet:-1, max-image-preview:large, max-video-preview:-1\" \/>\n<link rel=\"canonical\" href=\"https:\/\/www.noticiasradioreflejos.com.ar\/2021\/el-gobierno-lanzara-un-plan-de-auxilio-capacitacion-e-infraestructura-de-3-900-millones-para-el-pago-de-salarios-y-gastos-del-sector-turistico\/\" \/>\n<meta property=\"og:locale\" content=\"es_ES\" \/>\n<meta property=\"og:type\" content=\"article\" \/>\n<meta property=\"og:title\" content=\"El gobierno lanzar\u00e1 un Plan de \u201cAuxilio, Capacitaci\u00f3n e Infraestructura\u201d de $ 3.900 millones para el pago de salarios y gastos del sector tur\u00edstico - Noticias Radio Reflejos\" \/>\n<meta property=\"og:description\" content=\"El programa, dise\u00f1ado por el ministerio de Turismo y Deportes, apunta a las micro y peque\u00f1as medianas empresas. Pagar\u00e1 hasta 6 meses de Salario M\u00ednimo por empleado y hasta 3 meses para Aut\u00f3nomos y Monotributistas. Los beneficiarios deber\u00e1n hacer cursos de capacitaci\u00f3n. Tambi\u00e9n prometen fondos para obras en las provincias.\" \/>\n<meta property=\"og:url\" content=\"https:\/\/www.noticiasradioreflejos.com.ar\/2021\/el-gobierno-lanzara-un-plan-de-auxilio-capacitacion-e-infraestructura-de-3-900-millones-para-el-pago-de-salarios-y-gastos-del-sector-turistico\/\" \/>\n<meta property=\"og:site_name\" content=\"Noticias Radio Reflejos\" \/>\n<meta property=\"article:published_time\" content=\"2020-05-17T22:15:41+00:00\" \/>\n<meta property=\"og:image\" content=\"https:\/\/www.noticiasradioreflejos.com.ar\/2021\/wp-content\/uploads\/2016\/10\/2a-Cablagata-Esc.-Agraria-Villa-Ventana-47.jpg\" \/>\n\t<meta property=\"og:image:width\" content=\"2304\" \/>\n\t<meta property=\"og:image:height\" content=\"1296\" \/>\n\t<meta property=\"og:image:type\" content=\"image\/jpeg\" \/>\n<meta name=\"author\" content=\"Arnaldo Botto\" \/>\n<meta name=\"twitter:card\" content=\"summary_large_image\" \/>\n<script type=\"application\/ld+json\" class=\"yoast-schema-graph\">{\"@context\":\"https:\/\/schema.org\",\"@graph\":[{\"@type\":\"WebPage\",\"@id\":\"https:\/\/www.noticiasradioreflejos.com.ar\/2021\/el-gobierno-lanzara-un-plan-de-auxilio-capacitacion-e-infraestructura-de-3-900-millones-para-el-pago-de-salarios-y-gastos-del-sector-turistico\/\",\"url\":\"https:\/\/www.noticiasradioreflejos.com.ar\/2021\/el-gobierno-lanzara-un-plan-de-auxilio-capacitacion-e-infraestructura-de-3-900-millones-para-el-pago-de-salarios-y-gastos-del-sector-turistico\/\",\"name\":\"El gobierno lanzar\u00e1 un Plan de \u201cAuxilio, Capacitaci\u00f3n e Infraestructura\u201d de $ 3.900 millones para el pago de salarios y gastos del sector tur\u00edstico - Noticias Radio Reflejos\",\"isPartOf\":{\"@id\":\"https:\/\/www.noticiasradioreflejos.com.ar\/2021\/#website\"},\"primaryImageOfPage\":{\"@id\":\"https:\/\/www.noticiasradioreflejos.com.ar\/2021\/el-gobierno-lanzara-un-plan-de-auxilio-capacitacion-e-infraestructura-de-3-900-millones-para-el-pago-de-salarios-y-gastos-del-sector-turistico\/#primaryimage\"},\"image\":{\"@id\":\"https:\/\/www.noticiasradioreflejos.com.ar\/2021\/el-gobierno-lanzara-un-plan-de-auxilio-capacitacion-e-infraestructura-de-3-900-millones-para-el-pago-de-salarios-y-gastos-del-sector-turistico\/#primaryimage\"},\"thumbnailUrl\":\"https:\/\/www.noticiasradioreflejos.com.ar\/2021\/wp-content\/uploads\/2016\/10\/2a-Cablagata-Esc.-Agraria-Villa-Ventana-47.jpg\",\"datePublished\":\"2020-05-17T22:15:41+00:00\",\"author\":{\"@id\":\"https:\/\/www.noticiasradioreflejos.com.ar\/2021\/#\/schema\/person\/ad82545263dcc5ec0996818884fd5fb1\"},\"breadcrumb\":{\"@id\":\"https:\/\/www.noticiasradioreflejos.com.ar\/2021\/el-gobierno-lanzara-un-plan-de-auxilio-capacitacion-e-infraestructura-de-3-900-millones-para-el-pago-de-salarios-y-gastos-del-sector-turistico\/#breadcrumb\"},\"inLanguage\":\"es\",\"potentialAction\":[{\"@type\":\"ReadAction\",\"target\":[\"https:\/\/www.noticiasradioreflejos.com.ar\/2021\/el-gobierno-lanzara-un-plan-de-auxilio-capacitacion-e-infraestructura-de-3-900-millones-para-el-pago-de-salarios-y-gastos-del-sector-turistico\/\"]}]},{\"@type\":\"ImageObject\",\"inLanguage\":\"es\",\"@id\":\"https:\/\/www.noticiasradioreflejos.com.ar\/2021\/el-gobierno-lanzara-un-plan-de-auxilio-capacitacion-e-infraestructura-de-3-900-millones-para-el-pago-de-salarios-y-gastos-del-sector-turistico\/#primaryimage\",\"url\":\"https:\/\/www.noticiasradioreflejos.com.ar\/2021\/wp-content\/uploads\/2016\/10\/2a-Cablagata-Esc.-Agraria-Villa-Ventana-47.jpg\",\"contentUrl\":\"https:\/\/www.noticiasradioreflejos.com.ar\/2021\/wp-content\/uploads\/2016\/10\/2a-Cablagata-Esc.-Agraria-Villa-Ventana-47.jpg\",\"width\":2304,\"height\":1296},{\"@type\":\"BreadcrumbList\",\"@id\":\"https:\/\/www.noticiasradioreflejos.com.ar\/2021\/el-gobierno-lanzara-un-plan-de-auxilio-capacitacion-e-infraestructura-de-3-900-millones-para-el-pago-de-salarios-y-gastos-del-sector-turistico\/#breadcrumb\",\"itemListElement\":[{\"@type\":\"ListItem\",\"position\":1,\"name\":\"Portada\",\"item\":\"https:\/\/www.noticiasradioreflejos.com.ar\/2021\/\"},{\"@type\":\"ListItem\",\"position\":2,\"name\":\"El gobierno lanzar\u00e1 un Plan de \u201cAuxilio, Capacitaci\u00f3n e Infraestructura\u201d de $ 3.900 millones para el pago de salarios y gastos del sector tur\u00edstico\"}]},{\"@type\":\"WebSite\",\"@id\":\"https:\/\/www.noticiasradioreflejos.com.ar\/2021\/#website\",\"url\":\"https:\/\/www.noticiasradioreflejos.com.ar\/2021\/\",\"name\":\"Noticias Radio Reflejos\",\"description\":\"Las noticias de mi comarca\",\"potentialAction\":[{\"@type\":\"SearchAction\",\"target\":{\"@type\":\"EntryPoint\",\"urlTemplate\":\"https:\/\/www.noticiasradioreflejos.com.ar\/2021\/?s={search_term_string}\"},\"query-input\":{\"@type\":\"PropertyValueSpecification\",\"valueRequired\":true,\"valueName\":\"search_term_string\"}}],\"inLanguage\":\"es\"},{\"@type\":\"Person\",\"@id\":\"https:\/\/www.noticiasradioreflejos.com.ar\/2021\/#\/schema\/person\/ad82545263dcc5ec0996818884fd5fb1\",\"name\":\"Arnaldo Botto\",\"image\":{\"@type\":\"ImageObject\",\"inLanguage\":\"es\",\"@id\":\"https:\/\/www.noticiasradioreflejos.com.ar\/2021\/#\/schema\/person\/image\/\",\"url\":\"https:\/\/secure.gravatar.com\/avatar\/55cb5e37c1efa326397366e6974cb338056df65cb50e7d64d1cf314e87504837?s=96&d=mm&r=g\",\"contentUrl\":\"https:\/\/secure.gravatar.com\/avatar\/55cb5e37c1efa326397366e6974cb338056df65cb50e7d64d1cf314e87504837?s=96&d=mm&r=g\",\"caption\":\"Arnaldo Botto\"},\"url\":\"https:\/\/www.noticiasradioreflejos.com.ar\/2021\/author\/arnaldo\/\"}]}<\/script>\n<!-- \/ Yoast SEO plugin. -->","yoast_head_json":{"title":"El gobierno lanzar\u00e1 un Plan de \u201cAuxilio, Capacitaci\u00f3n e Infraestructura\u201d de $ 3.900 millones para el pago de salarios y gastos del sector tur\u00edstico - Noticias Radio Reflejos","robots":{"index":"index","follow":"follow","max-snippet":"max-snippet:-1","max-image-preview":"max-image-preview:large","max-video-preview":"max-video-preview:-1"},"canonical":"https:\/\/www.noticiasradioreflejos.com.ar\/2021\/el-gobierno-lanzara-un-plan-de-auxilio-capacitacion-e-infraestructura-de-3-900-millones-para-el-pago-de-salarios-y-gastos-del-sector-turistico\/","og_locale":"es_ES","og_type":"article","og_title":"El gobierno lanzar\u00e1 un Plan de \u201cAuxilio, Capacitaci\u00f3n e Infraestructura\u201d de $ 3.900 millones para el pago de salarios y gastos del sector tur\u00edstico - Noticias Radio Reflejos","og_description":"El programa, dise\u00f1ado por el ministerio de Turismo y Deportes, apunta a las micro y peque\u00f1as medianas empresas. Pagar\u00e1 hasta 6 meses de Salario M\u00ednimo por empleado y hasta 3 meses para Aut\u00f3nomos y Monotributistas. Los beneficiarios deber\u00e1n hacer cursos de capacitaci\u00f3n. Tambi\u00e9n prometen fondos para obras en las provincias.","og_url":"https:\/\/www.noticiasradioreflejos.com.ar\/2021\/el-gobierno-lanzara-un-plan-de-auxilio-capacitacion-e-infraestructura-de-3-900-millones-para-el-pago-de-salarios-y-gastos-del-sector-turistico\/","og_site_name":"Noticias Radio Reflejos","article_published_time":"2020-05-17T22:15:41+00:00","og_image":[{"width":2304,"height":1296,"url":"https:\/\/www.noticiasradioreflejos.com.ar\/2021\/wp-content\/uploads\/2016\/10\/2a-Cablagata-Esc.-Agraria-Villa-Ventana-47.jpg","type":"image\/jpeg"}],"author":"Arnaldo Botto","twitter_card":"summary_large_image","schema":{"@context":"https:\/\/schema.org","@graph":[{"@type":"WebPage","@id":"https:\/\/www.noticiasradioreflejos.com.ar\/2021\/el-gobierno-lanzara-un-plan-de-auxilio-capacitacion-e-infraestructura-de-3-900-millones-para-el-pago-de-salarios-y-gastos-del-sector-turistico\/","url":"https:\/\/www.noticiasradioreflejos.com.ar\/2021\/el-gobierno-lanzara-un-plan-de-auxilio-capacitacion-e-infraestructura-de-3-900-millones-para-el-pago-de-salarios-y-gastos-del-sector-turistico\/","name":"El gobierno lanzar\u00e1 un Plan de \u201cAuxilio, Capacitaci\u00f3n e Infraestructura\u201d de $ 3.900 millones para el pago de salarios y gastos del sector tur\u00edstico - Noticias Radio Reflejos","isPartOf":{"@id":"https:\/\/www.noticiasradioreflejos.com.ar\/2021\/#website"},"primaryImageOfPage":{"@id":"https:\/\/www.noticiasradioreflejos.com.ar\/2021\/el-gobierno-lanzara-un-plan-de-auxilio-capacitacion-e-infraestructura-de-3-900-millones-para-el-pago-de-salarios-y-gastos-del-sector-turistico\/#primaryimage"},"image":{"@id":"https:\/\/www.noticiasradioreflejos.com.ar\/2021\/el-gobierno-lanzara-un-plan-de-auxilio-capacitacion-e-infraestructura-de-3-900-millones-para-el-pago-de-salarios-y-gastos-del-sector-turistico\/#primaryimage"},"thumbnailUrl":"https:\/\/www.noticiasradioreflejos.com.ar\/2021\/wp-content\/uploads\/2016\/10\/2a-Cablagata-Esc.-Agraria-Villa-Ventana-47.jpg","datePublished":"2020-05-17T22:15:41+00:00","author":{"@id":"https:\/\/www.noticiasradioreflejos.com.ar\/2021\/#\/schema\/person\/ad82545263dcc5ec0996818884fd5fb1"},"breadcrumb":{"@id":"https:\/\/www.noticiasradioreflejos.com.ar\/2021\/el-gobierno-lanzara-un-plan-de-auxilio-capacitacion-e-infraestructura-de-3-900-millones-para-el-pago-de-salarios-y-gastos-del-sector-turistico\/#breadcrumb"},"inLanguage":"es","potentialAction":[{"@type":"ReadAction","target":["https:\/\/www.noticiasradioreflejos.com.ar\/2021\/el-gobierno-lanzara-un-plan-de-auxilio-capacitacion-e-infraestructura-de-3-900-millones-para-el-pago-de-salarios-y-gastos-del-sector-turistico\/"]}]},{"@type":"ImageObject","inLanguage":"es","@id":"https:\/\/www.noticiasradioreflejos.com.ar\/2021\/el-gobierno-lanzara-un-plan-de-auxilio-capacitacion-e-infraestructura-de-3-900-millones-para-el-pago-de-salarios-y-gastos-del-sector-turistico\/#primaryimage","url":"https:\/\/www.noticiasradioreflejos.com.ar\/2021\/wp-content\/uploads\/2016\/10\/2a-Cablagata-Esc.-Agraria-Villa-Ventana-47.jpg","contentUrl":"https:\/\/www.noticiasradioreflejos.com.ar\/2021\/wp-content\/uploads\/2016\/10\/2a-Cablagata-Esc.-Agraria-Villa-Ventana-47.jpg","width":2304,"height":1296},{"@type":"BreadcrumbList","@id":"https:\/\/www.noticiasradioreflejos.com.ar\/2021\/el-gobierno-lanzara-un-plan-de-auxilio-capacitacion-e-infraestructura-de-3-900-millones-para-el-pago-de-salarios-y-gastos-del-sector-turistico\/#breadcrumb","itemListElement":[{"@type":"ListItem","position":1,"name":"Portada","item":"https:\/\/www.noticiasradioreflejos.com.ar\/2021\/"},{"@type":"ListItem","position":2,"name":"El gobierno lanzar\u00e1 un Plan de \u201cAuxilio, Capacitaci\u00f3n e Infraestructura\u201d de $ 3.900 millones para el pago de salarios y gastos del sector tur\u00edstico"}]},{"@type":"WebSite","@id":"https:\/\/www.noticiasradioreflejos.com.ar\/2021\/#website","url":"https:\/\/www.noticiasradioreflejos.com.ar\/2021\/","name":"Noticias Radio Reflejos","description":"Las noticias de mi comarca","potentialAction":[{"@type":"SearchAction","target":{"@type":"EntryPoint","urlTemplate":"https:\/\/www.noticiasradioreflejos.com.ar\/2021\/?s={search_term_string}"},"query-input":{"@type":"PropertyValueSpecification","valueRequired":true,"valueName":"search_term_string"}}],"inLanguage":"es"},{"@type":"Person","@id":"https:\/\/www.noticiasradioreflejos.com.ar\/2021\/#\/schema\/person\/ad82545263dcc5ec0996818884fd5fb1","name":"Arnaldo Botto","image":{"@type":"ImageObject","inLanguage":"es","@id":"https:\/\/www.noticiasradioreflejos.com.ar\/2021\/#\/schema\/person\/image\/","url":"https:\/\/secure.gravatar.com\/avatar\/55cb5e37c1efa326397366e6974cb338056df65cb50e7d64d1cf314e87504837?s=96&d=mm&r=g","contentUrl":"https:\/\/secure.gravatar.com\/avatar\/55cb5e37c1efa326397366e6974cb338056df65cb50e7d64d1cf314e87504837?s=96&d=mm&r=g","caption":"Arnaldo Botto"},"url":"https:\/\/www.noticiasradioreflejos.com.ar\/2021\/author\/arnaldo\/"}]}},"_links":{"self":[{"href":"https:\/\/www.noticiasradioreflejos.com.ar\/2021\/wp-json\/wp\/v2\/posts\/42085","targetHints":{"allow":["GET"]}}],"collection":[{"href":"https:\/\/www.noticiasradioreflejos.com.ar\/2021\/wp-json\/wp\/v2\/posts"}],"about":[{"href":"https:\/\/www.noticiasradioreflejos.com.ar\/2021\/wp-json\/wp\/v2\/types\/post"}],"author":[{"embeddable":true,"href":"https:\/\/www.noticiasradioreflejos.com.ar\/2021\/wp-json\/wp\/v2\/users\/3"}],"replies":[{"embeddable":true,"href":"https:\/\/www.noticiasradioreflejos.com.ar\/2021\/wp-json\/wp\/v2\/comments?post=42085"}],"version-history":[{"count":0,"href":"https:\/\/www.noticiasradioreflejos.com.ar\/2021\/wp-json\/wp\/v2\/posts\/42085\/revisions"}],"wp:featuredmedia":[{"embeddable":true,"href":"https:\/\/www.noticiasradioreflejos.com.ar\/2021\/wp-json\/wp\/v2\/media\/2977"}],"wp:attachment":[{"href":"https:\/\/www.noticiasradioreflejos.com.ar\/2021\/wp-json\/wp\/v2\/media?parent=42085"}],"wp:term":[{"taxonomy":"category","embeddable":true,"href":"https:\/\/www.noticiasradioreflejos.com.ar\/2021\/wp-json\/wp\/v2\/categories?post=42085"},{"taxonomy":"post_tag","embeddable":true,"href":"https:\/\/www.noticiasradioreflejos.com.ar\/2021\/wp-json\/wp\/v2\/tags?post=42085"}],"curies":[{"name":"wp","href":"https:\/\/api.w.org\/{rel}","templated":true}]}}