{"id":42073,"date":"2020-05-16T23:12:55","date_gmt":"2020-05-17T02:12:55","guid":{"rendered":"http:\/\/www.noticiasradioreflejos.com.ar\/noticias\/?p=42073"},"modified":"2020-05-16T23:12:55","modified_gmt":"2020-05-17T02:12:55","slug":"la-titular-de-la-anses-confirmo-que-no-habra-una-reapertura-de-inscripciones-al-ife","status":"publish","type":"post","link":"https:\/\/www.noticiasradioreflejos.com.ar\/2021\/la-titular-de-la-anses-confirmo-que-no-habra-una-reapertura-de-inscripciones-al-ife\/","title":{"rendered":"La titular de la ANSES confirm\u00f3 que no habr\u00e1 una reapertura de inscripciones al IFE."},"content":{"rendered":"<p>Fernanda Raverta destac\u00f3 que se avanz\u00f3 con la mitad del primer pago del Ingreso Familiar de Emergencia que ya cobraron 4.733.000 personas.<!--more--><\/p>\n<p>La titular de la ANSES, Fernanda Raverta, confirm\u00f3 este s\u00e1bado que la segunda ronda del Ingreso Familiar de Emergencia (IFE) se abonar\u00e1 en junio y se\u00f1al\u00f3 que \u201cno habr\u00e1 una reapertura de inscripciones\u00bb, para quienes fueron rechazados.<\/p>\n<p>Las autoridades de la ANSES est\u00e1n extremadamente preocupadas para que el programa llegue a todos los argentinos.<\/p>\n<p>La directora ejecutiva de la entidad destac\u00f3 que el pago de la segunda ronda se har\u00e1 efectivo una vez concluya el desembolso de la primera, el 3 de junio, pero a\u00fan resta definir c\u00f3mo ser\u00e1 el cronograma y los montos de desembolsos del programa.<\/p>\n<p>\u00abEstamos terminando de trabajar en una propuesta para pagar por segunda vez el IFE, con cronograma que sea seguro; vamos por la mitad del primer pago que ya cobraron 4.733.000 personas, nos falta mucho m\u00e1s\u00bb, apunt\u00f3 Raverta en di\u00e1logo con T\u00e9lam.<\/p>\n<p>Al respecto, dijo que \u00abel universo de personas que lo puede recibir ya est\u00e1 definido\u00bb y que \u00abcuando terminemos esta primera vuelta, que ser\u00e1 a fin de mes, vamos a poder presentar nuestro nuevo cronograma de pagos para la segunda vuelta\u00bb.<\/p>\n<p>Las \u00faltimas fechas de pago para las personas que hayan elegido cobrar la primera ronda del IFE a trav\u00e9s del Correo Argentino y las redes de cajeros Banelco y Link ser\u00e1n para los DNI terminados en el n\u00famero 9, los d\u00edas 2 y 3 de junio, seg\u00fan el calendario informado por la ANSES<\/p>\n","protected":false},"excerpt":{"rendered":"<p>Fernanda Raverta destac\u00f3 que se avanz\u00f3 con la mitad del primer pago del Ingreso Familiar de Emergencia que ya cobraron 4.733.000 personas.<\/p>\n","protected":false},"author":3,"featured_media":0,"comment_status":"closed","ping_status":"open","sticky":false,"template":"","format":"standard","meta":{"footnotes":""},"categories":[36],"tags":[],"class_list":["post-42073","post","type-post","status-publish","format-standard","hentry","category-economia"],"yoast_head":"<!-- This site is optimized with the Yoast SEO plugin v25.9 - https:\/\/yoast.com\/wordpress\/plugins\/seo\/ -->\n<title>La titular de la ANSES confirm\u00f3 que no habr\u00e1 una reapertura de inscripciones al IFE. - Noticias Radio Reflejos<\/title>\n<meta name=\"robots\" content=\"index, follow, max-snippet:-1, max-image-preview:large, max-video-preview:-1\" \/>\n<link rel=\"canonical\" href=\"https:\/\/www.noticiasradioreflejos.com.ar\/2021\/la-titular-de-la-anses-confirmo-que-no-habra-una-reapertura-de-inscripciones-al-ife\/\" \/>\n<meta property=\"og:locale\" content=\"es_ES\" \/>\n<meta property=\"og:type\" content=\"article\" \/>\n<meta property=\"og:title\" content=\"La titular de la ANSES confirm\u00f3 que no habr\u00e1 una reapertura de inscripciones al IFE. - Noticias Radio Reflejos\" \/>\n<meta property=\"og:description\" content=\"Fernanda Raverta destac\u00f3 que se avanz\u00f3 con la mitad del primer pago del Ingreso Familiar de Emergencia que ya cobraron 4.733.000 personas.\" \/>\n<meta property=\"og:url\" content=\"https:\/\/www.noticiasradioreflejos.com.ar\/2021\/la-titular-de-la-anses-confirmo-que-no-habra-una-reapertura-de-inscripciones-al-ife\/\" \/>\n<meta property=\"og:site_name\" content=\"Noticias Radio Reflejos\" \/>\n<meta property=\"article:published_time\" content=\"2020-05-17T02:12:55+00:00\" \/>\n<meta property=\"og:image\" content=\"https:\/\/www.noticiasradioreflejos.com.ar\/2021\/wp-content\/uploads\/2021\/07\/logosol300x200.png\" \/>\n\t<meta property=\"og:image:width\" content=\"300\" \/>\n\t<meta property=\"og:image:height\" content=\"200\" \/>\n\t<meta property=\"og:image:type\" content=\"image\/png\" \/>\n<meta name=\"author\" content=\"Arnaldo Botto\" \/>\n<meta name=\"twitter:card\" content=\"summary_large_image\" \/>\n<script type=\"application\/ld+json\" class=\"yoast-schema-graph\">{\"@context\":\"https:\/\/schema.org\",\"@graph\":[{\"@type\":\"WebPage\",\"@id\":\"https:\/\/www.noticiasradioreflejos.com.ar\/2021\/la-titular-de-la-anses-confirmo-que-no-habra-una-reapertura-de-inscripciones-al-ife\/\",\"url\":\"https:\/\/www.noticiasradioreflejos.com.ar\/2021\/la-titular-de-la-anses-confirmo-que-no-habra-una-reapertura-de-inscripciones-al-ife\/\",\"name\":\"La titular de la ANSES confirm\u00f3 que no habr\u00e1 una reapertura de inscripciones al IFE. - Noticias Radio Reflejos\",\"isPartOf\":{\"@id\":\"https:\/\/www.noticiasradioreflejos.com.ar\/2021\/#website\"},\"datePublished\":\"2020-05-17T02:12:55+00:00\",\"author\":{\"@id\":\"https:\/\/www.noticiasradioreflejos.com.ar\/2021\/#\/schema\/person\/ad82545263dcc5ec0996818884fd5fb1\"},\"breadcrumb\":{\"@id\":\"https:\/\/www.noticiasradioreflejos.com.ar\/2021\/la-titular-de-la-anses-confirmo-que-no-habra-una-reapertura-de-inscripciones-al-ife\/#breadcrumb\"},\"inLanguage\":\"es\",\"potentialAction\":[{\"@type\":\"ReadAction\",\"target\":[\"https:\/\/www.noticiasradioreflejos.com.ar\/2021\/la-titular-de-la-anses-confirmo-que-no-habra-una-reapertura-de-inscripciones-al-ife\/\"]}]},{\"@type\":\"BreadcrumbList\",\"@id\":\"https:\/\/www.noticiasradioreflejos.com.ar\/2021\/la-titular-de-la-anses-confirmo-que-no-habra-una-reapertura-de-inscripciones-al-ife\/#breadcrumb\",\"itemListElement\":[{\"@type\":\"ListItem\",\"position\":1,\"name\":\"Portada\",\"item\":\"https:\/\/www.noticiasradioreflejos.com.ar\/2021\/\"},{\"@type\":\"ListItem\",\"position\":2,\"name\":\"La titular de la ANSES confirm\u00f3 que no habr\u00e1 una reapertura de inscripciones al IFE.\"}]},{\"@type\":\"WebSite\",\"@id\":\"https:\/\/www.noticiasradioreflejos.com.ar\/2021\/#website\",\"url\":\"https:\/\/www.noticiasradioreflejos.com.ar\/2021\/\",\"name\":\"Noticias Radio Reflejos\",\"description\":\"Las noticias de mi comarca\",\"potentialAction\":[{\"@type\":\"SearchAction\",\"target\":{\"@type\":\"EntryPoint\",\"urlTemplate\":\"https:\/\/www.noticiasradioreflejos.com.ar\/2021\/?s={search_term_string}\"},\"query-input\":{\"@type\":\"PropertyValueSpecification\",\"valueRequired\":true,\"valueName\":\"search_term_string\"}}],\"inLanguage\":\"es\"},{\"@type\":\"Person\",\"@id\":\"https:\/\/www.noticiasradioreflejos.com.ar\/2021\/#\/schema\/person\/ad82545263dcc5ec0996818884fd5fb1\",\"name\":\"Arnaldo Botto\",\"image\":{\"@type\":\"ImageObject\",\"inLanguage\":\"es\",\"@id\":\"https:\/\/www.noticiasradioreflejos.com.ar\/2021\/#\/schema\/person\/image\/\",\"url\":\"https:\/\/secure.gravatar.com\/avatar\/55cb5e37c1efa326397366e6974cb338056df65cb50e7d64d1cf314e87504837?s=96&d=mm&r=g\",\"contentUrl\":\"https:\/\/secure.gravatar.com\/avatar\/55cb5e37c1efa326397366e6974cb338056df65cb50e7d64d1cf314e87504837?s=96&d=mm&r=g\",\"caption\":\"Arnaldo Botto\"},\"url\":\"https:\/\/www.noticiasradioreflejos.com.ar\/2021\/author\/arnaldo\/\"}]}<\/script>\n<!-- \/ Yoast SEO plugin. -->","yoast_head_json":{"title":"La titular de la ANSES confirm\u00f3 que no habr\u00e1 una reapertura de inscripciones al IFE. - Noticias Radio Reflejos","robots":{"index":"index","follow":"follow","max-snippet":"max-snippet:-1","max-image-preview":"max-image-preview:large","max-video-preview":"max-video-preview:-1"},"canonical":"https:\/\/www.noticiasradioreflejos.com.ar\/2021\/la-titular-de-la-anses-confirmo-que-no-habra-una-reapertura-de-inscripciones-al-ife\/","og_locale":"es_ES","og_type":"article","og_title":"La titular de la ANSES confirm\u00f3 que no habr\u00e1 una reapertura de inscripciones al IFE. - Noticias Radio Reflejos","og_description":"Fernanda Raverta destac\u00f3 que se avanz\u00f3 con la mitad del primer pago del Ingreso Familiar de Emergencia que ya cobraron 4.733.000 personas.","og_url":"https:\/\/www.noticiasradioreflejos.com.ar\/2021\/la-titular-de-la-anses-confirmo-que-no-habra-una-reapertura-de-inscripciones-al-ife\/","og_site_name":"Noticias Radio Reflejos","article_published_time":"2020-05-17T02:12:55+00:00","og_image":[{"width":300,"height":200,"url":"https:\/\/www.noticiasradioreflejos.com.ar\/2021\/wp-content\/uploads\/2021\/07\/logosol300x200.png","type":"image\/png"}],"author":"Arnaldo Botto","twitter_card":"summary_large_image","schema":{"@context":"https:\/\/schema.org","@graph":[{"@type":"WebPage","@id":"https:\/\/www.noticiasradioreflejos.com.ar\/2021\/la-titular-de-la-anses-confirmo-que-no-habra-una-reapertura-de-inscripciones-al-ife\/","url":"https:\/\/www.noticiasradioreflejos.com.ar\/2021\/la-titular-de-la-anses-confirmo-que-no-habra-una-reapertura-de-inscripciones-al-ife\/","name":"La titular de la ANSES confirm\u00f3 que no habr\u00e1 una reapertura de inscripciones al IFE. - Noticias Radio Reflejos","isPartOf":{"@id":"https:\/\/www.noticiasradioreflejos.com.ar\/2021\/#website"},"datePublished":"2020-05-17T02:12:55+00:00","author":{"@id":"https:\/\/www.noticiasradioreflejos.com.ar\/2021\/#\/schema\/person\/ad82545263dcc5ec0996818884fd5fb1"},"breadcrumb":{"@id":"https:\/\/www.noticiasradioreflejos.com.ar\/2021\/la-titular-de-la-anses-confirmo-que-no-habra-una-reapertura-de-inscripciones-al-ife\/#breadcrumb"},"inLanguage":"es","potentialAction":[{"@type":"ReadAction","target":["https:\/\/www.noticiasradioreflejos.com.ar\/2021\/la-titular-de-la-anses-confirmo-que-no-habra-una-reapertura-de-inscripciones-al-ife\/"]}]},{"@type":"BreadcrumbList","@id":"https:\/\/www.noticiasradioreflejos.com.ar\/2021\/la-titular-de-la-anses-confirmo-que-no-habra-una-reapertura-de-inscripciones-al-ife\/#breadcrumb","itemListElement":[{"@type":"ListItem","position":1,"name":"Portada","item":"https:\/\/www.noticiasradioreflejos.com.ar\/2021\/"},{"@type":"ListItem","position":2,"name":"La titular de la ANSES confirm\u00f3 que no habr\u00e1 una reapertura de inscripciones al IFE."}]},{"@type":"WebSite","@id":"https:\/\/www.noticiasradioreflejos.com.ar\/2021\/#website","url":"https:\/\/www.noticiasradioreflejos.com.ar\/2021\/","name":"Noticias Radio Reflejos","description":"Las noticias de mi comarca","potentialAction":[{"@type":"SearchAction","target":{"@type":"EntryPoint","urlTemplate":"https:\/\/www.noticiasradioreflejos.com.ar\/2021\/?s={search_term_string}"},"query-input":{"@type":"PropertyValueSpecification","valueRequired":true,"valueName":"search_term_string"}}],"inLanguage":"es"},{"@type":"Person","@id":"https:\/\/www.noticiasradioreflejos.com.ar\/2021\/#\/schema\/person\/ad82545263dcc5ec0996818884fd5fb1","name":"Arnaldo Botto","image":{"@type":"ImageObject","inLanguage":"es","@id":"https:\/\/www.noticiasradioreflejos.com.ar\/2021\/#\/schema\/person\/image\/","url":"https:\/\/secure.gravatar.com\/avatar\/55cb5e37c1efa326397366e6974cb338056df65cb50e7d64d1cf314e87504837?s=96&d=mm&r=g","contentUrl":"https:\/\/secure.gravatar.com\/avatar\/55cb5e37c1efa326397366e6974cb338056df65cb50e7d64d1cf314e87504837?s=96&d=mm&r=g","caption":"Arnaldo Botto"},"url":"https:\/\/www.noticiasradioreflejos.com.ar\/2021\/author\/arnaldo\/"}]}},"_links":{"self":[{"href":"https:\/\/www.noticiasradioreflejos.com.ar\/2021\/wp-json\/wp\/v2\/posts\/42073","targetHints":{"allow":["GET"]}}],"collection":[{"href":"https:\/\/www.noticiasradioreflejos.com.ar\/2021\/wp-json\/wp\/v2\/posts"}],"about":[{"href":"https:\/\/www.noticiasradioreflejos.com.ar\/2021\/wp-json\/wp\/v2\/types\/post"}],"author":[{"embeddable":true,"href":"https:\/\/www.noticiasradioreflejos.com.ar\/2021\/wp-json\/wp\/v2\/users\/3"}],"replies":[{"embeddable":true,"href":"https:\/\/www.noticiasradioreflejos.com.ar\/2021\/wp-json\/wp\/v2\/comments?post=42073"}],"version-history":[{"count":0,"href":"https:\/\/www.noticiasradioreflejos.com.ar\/2021\/wp-json\/wp\/v2\/posts\/42073\/revisions"}],"wp:attachment":[{"href":"https:\/\/www.noticiasradioreflejos.com.ar\/2021\/wp-json\/wp\/v2\/media?parent=42073"}],"wp:term":[{"taxonomy":"category","embeddable":true,"href":"https:\/\/www.noticiasradioreflejos.com.ar\/2021\/wp-json\/wp\/v2\/categories?post=42073"},{"taxonomy":"post_tag","embeddable":true,"href":"https:\/\/www.noticiasradioreflejos.com.ar\/2021\/wp-json\/wp\/v2\/tags?post=42073"}],"curies":[{"name":"wp","href":"https:\/\/api.w.org\/{rel}","templated":true}]}}