{"id":42066,"date":"2020-05-16T18:57:43","date_gmt":"2020-05-16T21:57:43","guid":{"rendered":"http:\/\/www.noticiasradioreflejos.com.ar\/noticias\/?p=42066"},"modified":"2020-05-16T18:57:43","modified_gmt":"2020-05-16T21:57:43","slug":"nuevo-puesto-de-control-de-ingreso-a-tornquist","status":"publish","type":"post","link":"https:\/\/www.noticiasradioreflejos.com.ar\/2021\/nuevo-puesto-de-control-de-ingreso-a-tornquist\/","title":{"rendered":"Nuevo puesto de control de ingreso a Tornquist ."},"content":{"rendered":"<p>Tornquist Municipio, a trav\u00e9s de la Secretar\u00eda de Gobierno y Seguridad informa a la comunidad que a partir de las 18hs del d\u00eda de hoy, se habilitar\u00e1 un nuevo control sobre la intersecci\u00f3n de la Ruta Provincial n\u00b076, y el acceso a Tornquist. <!--more--><\/p>\n<p>El d\u00eda de hoy, lleg\u00f3 la aprobaci\u00f3n del Ministro de Seguridad de la Provincia de Buenos Aires, Sergio Berni, ante el pedido realizado por el intendente municipal el pasado jueves. La autorizaci\u00f3n permite disponer de un puesto de control sobre la ruta provincial. En tal sentido, se habilitar\u00e1 nuevamente el ingreso a la ciudad cabecera dispuesto sobre la misma.<br \/>\nAsimismo el puesto de control de la localidad de Villa Ventana, tambi\u00e9n se reubicar\u00e1 sobre la ruta, para realizar un monitoreo y registro permanente sobre la circulaci\u00f3n de veh\u00edculos particulares y transportes, que permitir\u00e1 contrar de esta manera, quienes llegan a las localidades de Villa Serrana la Gruta y San Andr\u00e9s de las Sierras.<br \/>\n<a href=\"http:\/\/www.noticiasradioreflejos.com.ar\/noticias\/wp-content\/uploads\/2020\/05\/WhatsApp-Image-2020-05-16-at-18.32.12.jpeg\"><img loading=\"lazy\" decoding=\"async\" src=\"http:\/\/www.noticiasradioreflejos.com.ar\/noticias\/wp-content\/uploads\/2020\/05\/WhatsApp-Image-2020-05-16-at-18.32.12-500x300.jpeg\" alt=\"WhatsApp Image 2020-05-16 at 18.32.12\" width=\"500\" height=\"300\" class=\"aligncenter size-thumbnail-noticias wp-image-42068\" \/><\/a> <\/p>\n","protected":false},"excerpt":{"rendered":"<p>Tornquist Municipio, a trav\u00e9s de la Secretar\u00eda de Gobierno y Seguridad informa a la comunidad que a partir de las 18hs del d\u00eda de hoy, se habilitar\u00e1 un nuevo control sobre la intersecci\u00f3n de la Ruta Provincial n\u00b076, y el acceso a Tornquist.<\/p>\n","protected":false},"author":3,"featured_media":0,"comment_status":"closed","ping_status":"open","sticky":false,"template":"","format":"standard","meta":{"footnotes":""},"categories":[28],"tags":[],"class_list":["post-42066","post","type-post","status-publish","format-standard","hentry","category-municipales"],"yoast_head":"<!-- This site is optimized with the Yoast SEO plugin v25.9 - https:\/\/yoast.com\/wordpress\/plugins\/seo\/ -->\n<title>Nuevo puesto de control de ingreso a Tornquist . - Noticias Radio Reflejos<\/title>\n<meta name=\"robots\" content=\"index, follow, max-snippet:-1, max-image-preview:large, max-video-preview:-1\" \/>\n<link rel=\"canonical\" href=\"https:\/\/www.noticiasradioreflejos.com.ar\/2021\/nuevo-puesto-de-control-de-ingreso-a-tornquist\/\" \/>\n<meta property=\"og:locale\" content=\"es_ES\" \/>\n<meta property=\"og:type\" content=\"article\" \/>\n<meta property=\"og:title\" content=\"Nuevo puesto de control de ingreso a Tornquist . - Noticias Radio Reflejos\" \/>\n<meta property=\"og:description\" content=\"Tornquist Municipio, a trav\u00e9s de la Secretar\u00eda de Gobierno y Seguridad informa a la comunidad que a partir de las 18hs del d\u00eda de hoy, se habilitar\u00e1 un nuevo control sobre la intersecci\u00f3n de la Ruta Provincial n\u00b076, y el acceso a Tornquist.\" \/>\n<meta property=\"og:url\" content=\"https:\/\/www.noticiasradioreflejos.com.ar\/2021\/nuevo-puesto-de-control-de-ingreso-a-tornquist\/\" \/>\n<meta property=\"og:site_name\" content=\"Noticias Radio Reflejos\" \/>\n<meta property=\"article:published_time\" content=\"2020-05-16T21:57:43+00:00\" \/>\n<meta property=\"og:image\" content=\"https:\/\/www.noticiasradioreflejos.com.ar\/2021\/wp-content\/uploads\/2021\/07\/logosol300x200.png\" \/>\n\t<meta property=\"og:image:width\" content=\"300\" \/>\n\t<meta property=\"og:image:height\" content=\"200\" \/>\n\t<meta property=\"og:image:type\" content=\"image\/png\" \/>\n<meta name=\"author\" content=\"Arnaldo Botto\" \/>\n<meta name=\"twitter:card\" content=\"summary_large_image\" \/>\n<script type=\"application\/ld+json\" class=\"yoast-schema-graph\">{\"@context\":\"https:\/\/schema.org\",\"@graph\":[{\"@type\":\"WebPage\",\"@id\":\"https:\/\/www.noticiasradioreflejos.com.ar\/2021\/nuevo-puesto-de-control-de-ingreso-a-tornquist\/\",\"url\":\"https:\/\/www.noticiasradioreflejos.com.ar\/2021\/nuevo-puesto-de-control-de-ingreso-a-tornquist\/\",\"name\":\"Nuevo puesto de control de ingreso a Tornquist . - Noticias Radio Reflejos\",\"isPartOf\":{\"@id\":\"https:\/\/www.noticiasradioreflejos.com.ar\/2021\/#website\"},\"primaryImageOfPage\":{\"@id\":\"https:\/\/www.noticiasradioreflejos.com.ar\/2021\/nuevo-puesto-de-control-de-ingreso-a-tornquist\/#primaryimage\"},\"image\":{\"@id\":\"https:\/\/www.noticiasradioreflejos.com.ar\/2021\/nuevo-puesto-de-control-de-ingreso-a-tornquist\/#primaryimage\"},\"thumbnailUrl\":\"http:\/\/www.noticiasradioreflejos.com.ar\/noticias\/wp-content\/uploads\/2020\/05\/WhatsApp-Image-2020-05-16-at-18.32.12-500x300.jpeg\",\"datePublished\":\"2020-05-16T21:57:43+00:00\",\"author\":{\"@id\":\"https:\/\/www.noticiasradioreflejos.com.ar\/2021\/#\/schema\/person\/ad82545263dcc5ec0996818884fd5fb1\"},\"breadcrumb\":{\"@id\":\"https:\/\/www.noticiasradioreflejos.com.ar\/2021\/nuevo-puesto-de-control-de-ingreso-a-tornquist\/#breadcrumb\"},\"inLanguage\":\"es\",\"potentialAction\":[{\"@type\":\"ReadAction\",\"target\":[\"https:\/\/www.noticiasradioreflejos.com.ar\/2021\/nuevo-puesto-de-control-de-ingreso-a-tornquist\/\"]}]},{\"@type\":\"ImageObject\",\"inLanguage\":\"es\",\"@id\":\"https:\/\/www.noticiasradioreflejos.com.ar\/2021\/nuevo-puesto-de-control-de-ingreso-a-tornquist\/#primaryimage\",\"url\":\"http:\/\/www.noticiasradioreflejos.com.ar\/noticias\/wp-content\/uploads\/2020\/05\/WhatsApp-Image-2020-05-16-at-18.32.12-500x300.jpeg\",\"contentUrl\":\"http:\/\/www.noticiasradioreflejos.com.ar\/noticias\/wp-content\/uploads\/2020\/05\/WhatsApp-Image-2020-05-16-at-18.32.12-500x300.jpeg\"},{\"@type\":\"BreadcrumbList\",\"@id\":\"https:\/\/www.noticiasradioreflejos.com.ar\/2021\/nuevo-puesto-de-control-de-ingreso-a-tornquist\/#breadcrumb\",\"itemListElement\":[{\"@type\":\"ListItem\",\"position\":1,\"name\":\"Portada\",\"item\":\"https:\/\/www.noticiasradioreflejos.com.ar\/2021\/\"},{\"@type\":\"ListItem\",\"position\":2,\"name\":\"Nuevo puesto de control de ingreso a Tornquist .\"}]},{\"@type\":\"WebSite\",\"@id\":\"https:\/\/www.noticiasradioreflejos.com.ar\/2021\/#website\",\"url\":\"https:\/\/www.noticiasradioreflejos.com.ar\/2021\/\",\"name\":\"Noticias Radio Reflejos\",\"description\":\"Las noticias de mi comarca\",\"potentialAction\":[{\"@type\":\"SearchAction\",\"target\":{\"@type\":\"EntryPoint\",\"urlTemplate\":\"https:\/\/www.noticiasradioreflejos.com.ar\/2021\/?s={search_term_string}\"},\"query-input\":{\"@type\":\"PropertyValueSpecification\",\"valueRequired\":true,\"valueName\":\"search_term_string\"}}],\"inLanguage\":\"es\"},{\"@type\":\"Person\",\"@id\":\"https:\/\/www.noticiasradioreflejos.com.ar\/2021\/#\/schema\/person\/ad82545263dcc5ec0996818884fd5fb1\",\"name\":\"Arnaldo Botto\",\"image\":{\"@type\":\"ImageObject\",\"inLanguage\":\"es\",\"@id\":\"https:\/\/www.noticiasradioreflejos.com.ar\/2021\/#\/schema\/person\/image\/\",\"url\":\"https:\/\/secure.gravatar.com\/avatar\/55cb5e37c1efa326397366e6974cb338056df65cb50e7d64d1cf314e87504837?s=96&d=mm&r=g\",\"contentUrl\":\"https:\/\/secure.gravatar.com\/avatar\/55cb5e37c1efa326397366e6974cb338056df65cb50e7d64d1cf314e87504837?s=96&d=mm&r=g\",\"caption\":\"Arnaldo Botto\"},\"url\":\"https:\/\/www.noticiasradioreflejos.com.ar\/2021\/author\/arnaldo\/\"}]}<\/script>\n<!-- \/ Yoast SEO plugin. -->","yoast_head_json":{"title":"Nuevo puesto de control de ingreso a Tornquist . - Noticias Radio Reflejos","robots":{"index":"index","follow":"follow","max-snippet":"max-snippet:-1","max-image-preview":"max-image-preview:large","max-video-preview":"max-video-preview:-1"},"canonical":"https:\/\/www.noticiasradioreflejos.com.ar\/2021\/nuevo-puesto-de-control-de-ingreso-a-tornquist\/","og_locale":"es_ES","og_type":"article","og_title":"Nuevo puesto de control de ingreso a Tornquist . - Noticias Radio Reflejos","og_description":"Tornquist Municipio, a trav\u00e9s de la Secretar\u00eda de Gobierno y Seguridad informa a la comunidad que a partir de las 18hs del d\u00eda de hoy, se habilitar\u00e1 un nuevo control sobre la intersecci\u00f3n de la Ruta Provincial n\u00b076, y el acceso a Tornquist.","og_url":"https:\/\/www.noticiasradioreflejos.com.ar\/2021\/nuevo-puesto-de-control-de-ingreso-a-tornquist\/","og_site_name":"Noticias Radio Reflejos","article_published_time":"2020-05-16T21:57:43+00:00","og_image":[{"width":300,"height":200,"url":"https:\/\/www.noticiasradioreflejos.com.ar\/2021\/wp-content\/uploads\/2021\/07\/logosol300x200.png","type":"image\/png"}],"author":"Arnaldo Botto","twitter_card":"summary_large_image","schema":{"@context":"https:\/\/schema.org","@graph":[{"@type":"WebPage","@id":"https:\/\/www.noticiasradioreflejos.com.ar\/2021\/nuevo-puesto-de-control-de-ingreso-a-tornquist\/","url":"https:\/\/www.noticiasradioreflejos.com.ar\/2021\/nuevo-puesto-de-control-de-ingreso-a-tornquist\/","name":"Nuevo puesto de control de ingreso a Tornquist . - Noticias Radio Reflejos","isPartOf":{"@id":"https:\/\/www.noticiasradioreflejos.com.ar\/2021\/#website"},"primaryImageOfPage":{"@id":"https:\/\/www.noticiasradioreflejos.com.ar\/2021\/nuevo-puesto-de-control-de-ingreso-a-tornquist\/#primaryimage"},"image":{"@id":"https:\/\/www.noticiasradioreflejos.com.ar\/2021\/nuevo-puesto-de-control-de-ingreso-a-tornquist\/#primaryimage"},"thumbnailUrl":"http:\/\/www.noticiasradioreflejos.com.ar\/noticias\/wp-content\/uploads\/2020\/05\/WhatsApp-Image-2020-05-16-at-18.32.12-500x300.jpeg","datePublished":"2020-05-16T21:57:43+00:00","author":{"@id":"https:\/\/www.noticiasradioreflejos.com.ar\/2021\/#\/schema\/person\/ad82545263dcc5ec0996818884fd5fb1"},"breadcrumb":{"@id":"https:\/\/www.noticiasradioreflejos.com.ar\/2021\/nuevo-puesto-de-control-de-ingreso-a-tornquist\/#breadcrumb"},"inLanguage":"es","potentialAction":[{"@type":"ReadAction","target":["https:\/\/www.noticiasradioreflejos.com.ar\/2021\/nuevo-puesto-de-control-de-ingreso-a-tornquist\/"]}]},{"@type":"ImageObject","inLanguage":"es","@id":"https:\/\/www.noticiasradioreflejos.com.ar\/2021\/nuevo-puesto-de-control-de-ingreso-a-tornquist\/#primaryimage","url":"http:\/\/www.noticiasradioreflejos.com.ar\/noticias\/wp-content\/uploads\/2020\/05\/WhatsApp-Image-2020-05-16-at-18.32.12-500x300.jpeg","contentUrl":"http:\/\/www.noticiasradioreflejos.com.ar\/noticias\/wp-content\/uploads\/2020\/05\/WhatsApp-Image-2020-05-16-at-18.32.12-500x300.jpeg"},{"@type":"BreadcrumbList","@id":"https:\/\/www.noticiasradioreflejos.com.ar\/2021\/nuevo-puesto-de-control-de-ingreso-a-tornquist\/#breadcrumb","itemListElement":[{"@type":"ListItem","position":1,"name":"Portada","item":"https:\/\/www.noticiasradioreflejos.com.ar\/2021\/"},{"@type":"ListItem","position":2,"name":"Nuevo puesto de control de ingreso a Tornquist ."}]},{"@type":"WebSite","@id":"https:\/\/www.noticiasradioreflejos.com.ar\/2021\/#website","url":"https:\/\/www.noticiasradioreflejos.com.ar\/2021\/","name":"Noticias Radio Reflejos","description":"Las noticias de mi comarca","potentialAction":[{"@type":"SearchAction","target":{"@type":"EntryPoint","urlTemplate":"https:\/\/www.noticiasradioreflejos.com.ar\/2021\/?s={search_term_string}"},"query-input":{"@type":"PropertyValueSpecification","valueRequired":true,"valueName":"search_term_string"}}],"inLanguage":"es"},{"@type":"Person","@id":"https:\/\/www.noticiasradioreflejos.com.ar\/2021\/#\/schema\/person\/ad82545263dcc5ec0996818884fd5fb1","name":"Arnaldo Botto","image":{"@type":"ImageObject","inLanguage":"es","@id":"https:\/\/www.noticiasradioreflejos.com.ar\/2021\/#\/schema\/person\/image\/","url":"https:\/\/secure.gravatar.com\/avatar\/55cb5e37c1efa326397366e6974cb338056df65cb50e7d64d1cf314e87504837?s=96&d=mm&r=g","contentUrl":"https:\/\/secure.gravatar.com\/avatar\/55cb5e37c1efa326397366e6974cb338056df65cb50e7d64d1cf314e87504837?s=96&d=mm&r=g","caption":"Arnaldo Botto"},"url":"https:\/\/www.noticiasradioreflejos.com.ar\/2021\/author\/arnaldo\/"}]}},"_links":{"self":[{"href":"https:\/\/www.noticiasradioreflejos.com.ar\/2021\/wp-json\/wp\/v2\/posts\/42066","targetHints":{"allow":["GET"]}}],"collection":[{"href":"https:\/\/www.noticiasradioreflejos.com.ar\/2021\/wp-json\/wp\/v2\/posts"}],"about":[{"href":"https:\/\/www.noticiasradioreflejos.com.ar\/2021\/wp-json\/wp\/v2\/types\/post"}],"author":[{"embeddable":true,"href":"https:\/\/www.noticiasradioreflejos.com.ar\/2021\/wp-json\/wp\/v2\/users\/3"}],"replies":[{"embeddable":true,"href":"https:\/\/www.noticiasradioreflejos.com.ar\/2021\/wp-json\/wp\/v2\/comments?post=42066"}],"version-history":[{"count":0,"href":"https:\/\/www.noticiasradioreflejos.com.ar\/2021\/wp-json\/wp\/v2\/posts\/42066\/revisions"}],"wp:attachment":[{"href":"https:\/\/www.noticiasradioreflejos.com.ar\/2021\/wp-json\/wp\/v2\/media?parent=42066"}],"wp:term":[{"taxonomy":"category","embeddable":true,"href":"https:\/\/www.noticiasradioreflejos.com.ar\/2021\/wp-json\/wp\/v2\/categories?post=42066"},{"taxonomy":"post_tag","embeddable":true,"href":"https:\/\/www.noticiasradioreflejos.com.ar\/2021\/wp-json\/wp\/v2\/tags?post=42066"}],"curies":[{"name":"wp","href":"https:\/\/api.w.org\/{rel}","templated":true}]}}