{"id":42059,"date":"2020-05-16T13:44:19","date_gmt":"2020-05-16T16:44:19","guid":{"rendered":"http:\/\/www.noticiasradioreflejos.com.ar\/noticias\/?p=42059"},"modified":"2020-05-16T13:44:19","modified_gmt":"2020-05-16T16:44:19","slug":"coopersive-ltda-concreto-donacion-insumos-a-la-unidad-sanitaria-dr-emilio-aldaya","status":"publish","type":"post","link":"https:\/\/www.noticiasradioreflejos.com.ar\/2021\/coopersive-ltda-concreto-donacion-insumos-a-la-unidad-sanitaria-dr-emilio-aldaya\/","title":{"rendered":"Coopersive Ltda concret\u00f3 donaci\u00f3n insumos a la Unidad Sanitaria \u201cDr. Emilio Aldaya\u201d"},"content":{"rendered":"<p><a href=\"http:\/\/www.noticiasradioreflejos.com.ar\/noticias\/wp-content\/uploads\/2020\/05\/IMG-20200516-WA0013.jpg\"><img loading=\"lazy\" decoding=\"async\" class=\"alignleft size-thumbnail-noticias wp-image-42061\" src=\"http:\/\/www.noticiasradioreflejos.com.ar\/noticias\/wp-content\/uploads\/2020\/05\/IMG-20200516-WA0013-500x300.jpg\" alt=\"IMG-20200516-WA0013\" width=\"500\" height=\"300\" \/><\/a>En la ma\u00f1ana de hoy, nuestro Presidente Sr. Mario Sensini, junto con los representantes de los asociados en el Consejo de Administraci\u00f3n, los s\u00edndicos Sres. Oscar Micheletto y H\u00e9ctor Zambrana, hicieron entrega al director de la Unidad Sanitaria \u201cDr. Emilio Aldaya\u201d, Dr. Eduardo Liberatore, de los siguientes insumos:<!--more--><\/p>\n<p>2 Nebulizadores \/ Aspiradores con vacu\u00f3metro<br \/>\n20 M\u00e1scaras para ox\u00edgeno con bolsa de reservorio adultos<br \/>\n1 Concentrador de ox\u00edgeno 525k<br \/>\n4 Ambu para adultos con filtro, m\u00e1s 14 filtros de repuesto<\/p>\n<p>Esta donaci\u00f3n de Coopersive, de acuerdo a lo expresado por el Dr. Liberatore, es de suma utilidad para que nuestra Sala cada d\u00eda tenga mejores prestaciones para toda la poblaci\u00f3n.<\/p>\n<p>Coopersive\u2026 una cooperativa que piensa y brinda soluciones a los asociados y su comunidad.<\/p>\n<p>En la foto de portada, de izquierda a derecha, Mario Sensini, Oscar Micheletto, Dr. Eduardo Liberatore y H\u00e9ctor Zambrana<\/p>\n<p>Consejo de Administraci\u00f3n<br \/>\n16-may-2020<\/p>\n","protected":false},"excerpt":{"rendered":"<p>En la ma\u00f1ana de hoy, nuestro Presidente Sr. Mario Sensini, junto con los representantes de los asociados en el Consejo de Administraci\u00f3n, los s\u00edndicos Sres. Oscar Micheletto y H\u00e9ctor Zambrana, hicieron entrega al director de la Unidad Sanitaria \u201cDr. Emilio Aldaya\u201d, Dr. Eduardo Liberatore, de los siguientes insumos:<\/p>\n","protected":false},"author":3,"featured_media":0,"comment_status":"closed","ping_status":"open","sticky":false,"template":"","format":"standard","meta":{"footnotes":""},"categories":[26],"tags":[],"class_list":["post-42059","post","type-post","status-publish","format-standard","hentry","category-sociedad"],"yoast_head":"<!-- This site is optimized with the Yoast SEO plugin v25.9 - https:\/\/yoast.com\/wordpress\/plugins\/seo\/ -->\n<title>Coopersive Ltda concret\u00f3 donaci\u00f3n insumos a la Unidad Sanitaria \u201cDr. Emilio Aldaya\u201d - Noticias Radio Reflejos<\/title>\n<meta name=\"robots\" content=\"index, follow, max-snippet:-1, max-image-preview:large, max-video-preview:-1\" \/>\n<link rel=\"canonical\" href=\"https:\/\/www.noticiasradioreflejos.com.ar\/2021\/coopersive-ltda-concreto-donacion-insumos-a-la-unidad-sanitaria-dr-emilio-aldaya\/\" \/>\n<meta property=\"og:locale\" content=\"es_ES\" \/>\n<meta property=\"og:type\" content=\"article\" \/>\n<meta property=\"og:title\" content=\"Coopersive Ltda concret\u00f3 donaci\u00f3n insumos a la Unidad Sanitaria \u201cDr. Emilio Aldaya\u201d - Noticias Radio Reflejos\" \/>\n<meta property=\"og:description\" content=\"En la ma\u00f1ana de hoy, nuestro Presidente Sr. Mario Sensini, junto con los representantes de los asociados en el Consejo de Administraci\u00f3n, los s\u00edndicos Sres. Oscar Micheletto y H\u00e9ctor Zambrana, hicieron entrega al director de la Unidad Sanitaria \u201cDr. Emilio Aldaya\u201d, Dr. Eduardo Liberatore, de los siguientes insumos:\" \/>\n<meta property=\"og:url\" content=\"https:\/\/www.noticiasradioreflejos.com.ar\/2021\/coopersive-ltda-concreto-donacion-insumos-a-la-unidad-sanitaria-dr-emilio-aldaya\/\" \/>\n<meta property=\"og:site_name\" content=\"Noticias Radio Reflejos\" \/>\n<meta property=\"article:published_time\" content=\"2020-05-16T16:44:19+00:00\" \/>\n<meta property=\"og:image\" content=\"https:\/\/www.noticiasradioreflejos.com.ar\/2021\/wp-content\/uploads\/2021\/07\/logosol300x200.png\" \/>\n\t<meta property=\"og:image:width\" content=\"300\" \/>\n\t<meta property=\"og:image:height\" content=\"200\" \/>\n\t<meta property=\"og:image:type\" content=\"image\/png\" \/>\n<meta name=\"author\" content=\"Arnaldo Botto\" \/>\n<meta name=\"twitter:card\" content=\"summary_large_image\" \/>\n<script type=\"application\/ld+json\" class=\"yoast-schema-graph\">{\"@context\":\"https:\/\/schema.org\",\"@graph\":[{\"@type\":\"WebPage\",\"@id\":\"https:\/\/www.noticiasradioreflejos.com.ar\/2021\/coopersive-ltda-concreto-donacion-insumos-a-la-unidad-sanitaria-dr-emilio-aldaya\/\",\"url\":\"https:\/\/www.noticiasradioreflejos.com.ar\/2021\/coopersive-ltda-concreto-donacion-insumos-a-la-unidad-sanitaria-dr-emilio-aldaya\/\",\"name\":\"Coopersive Ltda concret\u00f3 donaci\u00f3n insumos a la Unidad Sanitaria \u201cDr. Emilio Aldaya\u201d - Noticias Radio Reflejos\",\"isPartOf\":{\"@id\":\"https:\/\/www.noticiasradioreflejos.com.ar\/2021\/#website\"},\"primaryImageOfPage\":{\"@id\":\"https:\/\/www.noticiasradioreflejos.com.ar\/2021\/coopersive-ltda-concreto-donacion-insumos-a-la-unidad-sanitaria-dr-emilio-aldaya\/#primaryimage\"},\"image\":{\"@id\":\"https:\/\/www.noticiasradioreflejos.com.ar\/2021\/coopersive-ltda-concreto-donacion-insumos-a-la-unidad-sanitaria-dr-emilio-aldaya\/#primaryimage\"},\"thumbnailUrl\":\"http:\/\/www.noticiasradioreflejos.com.ar\/noticias\/wp-content\/uploads\/2020\/05\/IMG-20200516-WA0013-500x300.jpg\",\"datePublished\":\"2020-05-16T16:44:19+00:00\",\"author\":{\"@id\":\"https:\/\/www.noticiasradioreflejos.com.ar\/2021\/#\/schema\/person\/ad82545263dcc5ec0996818884fd5fb1\"},\"breadcrumb\":{\"@id\":\"https:\/\/www.noticiasradioreflejos.com.ar\/2021\/coopersive-ltda-concreto-donacion-insumos-a-la-unidad-sanitaria-dr-emilio-aldaya\/#breadcrumb\"},\"inLanguage\":\"es\",\"potentialAction\":[{\"@type\":\"ReadAction\",\"target\":[\"https:\/\/www.noticiasradioreflejos.com.ar\/2021\/coopersive-ltda-concreto-donacion-insumos-a-la-unidad-sanitaria-dr-emilio-aldaya\/\"]}]},{\"@type\":\"ImageObject\",\"inLanguage\":\"es\",\"@id\":\"https:\/\/www.noticiasradioreflejos.com.ar\/2021\/coopersive-ltda-concreto-donacion-insumos-a-la-unidad-sanitaria-dr-emilio-aldaya\/#primaryimage\",\"url\":\"http:\/\/www.noticiasradioreflejos.com.ar\/noticias\/wp-content\/uploads\/2020\/05\/IMG-20200516-WA0013-500x300.jpg\",\"contentUrl\":\"http:\/\/www.noticiasradioreflejos.com.ar\/noticias\/wp-content\/uploads\/2020\/05\/IMG-20200516-WA0013-500x300.jpg\"},{\"@type\":\"BreadcrumbList\",\"@id\":\"https:\/\/www.noticiasradioreflejos.com.ar\/2021\/coopersive-ltda-concreto-donacion-insumos-a-la-unidad-sanitaria-dr-emilio-aldaya\/#breadcrumb\",\"itemListElement\":[{\"@type\":\"ListItem\",\"position\":1,\"name\":\"Portada\",\"item\":\"https:\/\/www.noticiasradioreflejos.com.ar\/2021\/\"},{\"@type\":\"ListItem\",\"position\":2,\"name\":\"Coopersive Ltda concret\u00f3 donaci\u00f3n insumos a la Unidad Sanitaria \u201cDr. Emilio Aldaya\u201d\"}]},{\"@type\":\"WebSite\",\"@id\":\"https:\/\/www.noticiasradioreflejos.com.ar\/2021\/#website\",\"url\":\"https:\/\/www.noticiasradioreflejos.com.ar\/2021\/\",\"name\":\"Noticias Radio Reflejos\",\"description\":\"Las noticias de mi comarca\",\"potentialAction\":[{\"@type\":\"SearchAction\",\"target\":{\"@type\":\"EntryPoint\",\"urlTemplate\":\"https:\/\/www.noticiasradioreflejos.com.ar\/2021\/?s={search_term_string}\"},\"query-input\":{\"@type\":\"PropertyValueSpecification\",\"valueRequired\":true,\"valueName\":\"search_term_string\"}}],\"inLanguage\":\"es\"},{\"@type\":\"Person\",\"@id\":\"https:\/\/www.noticiasradioreflejos.com.ar\/2021\/#\/schema\/person\/ad82545263dcc5ec0996818884fd5fb1\",\"name\":\"Arnaldo Botto\",\"image\":{\"@type\":\"ImageObject\",\"inLanguage\":\"es\",\"@id\":\"https:\/\/www.noticiasradioreflejos.com.ar\/2021\/#\/schema\/person\/image\/\",\"url\":\"https:\/\/secure.gravatar.com\/avatar\/55cb5e37c1efa326397366e6974cb338056df65cb50e7d64d1cf314e87504837?s=96&d=mm&r=g\",\"contentUrl\":\"https:\/\/secure.gravatar.com\/avatar\/55cb5e37c1efa326397366e6974cb338056df65cb50e7d64d1cf314e87504837?s=96&d=mm&r=g\",\"caption\":\"Arnaldo Botto\"},\"url\":\"https:\/\/www.noticiasradioreflejos.com.ar\/2021\/author\/arnaldo\/\"}]}<\/script>\n<!-- \/ Yoast SEO plugin. -->","yoast_head_json":{"title":"Coopersive Ltda concret\u00f3 donaci\u00f3n insumos a la Unidad Sanitaria \u201cDr. Emilio Aldaya\u201d - Noticias Radio Reflejos","robots":{"index":"index","follow":"follow","max-snippet":"max-snippet:-1","max-image-preview":"max-image-preview:large","max-video-preview":"max-video-preview:-1"},"canonical":"https:\/\/www.noticiasradioreflejos.com.ar\/2021\/coopersive-ltda-concreto-donacion-insumos-a-la-unidad-sanitaria-dr-emilio-aldaya\/","og_locale":"es_ES","og_type":"article","og_title":"Coopersive Ltda concret\u00f3 donaci\u00f3n insumos a la Unidad Sanitaria \u201cDr. Emilio Aldaya\u201d - Noticias Radio Reflejos","og_description":"En la ma\u00f1ana de hoy, nuestro Presidente Sr. Mario Sensini, junto con los representantes de los asociados en el Consejo de Administraci\u00f3n, los s\u00edndicos Sres. Oscar Micheletto y H\u00e9ctor Zambrana, hicieron entrega al director de la Unidad Sanitaria \u201cDr. Emilio Aldaya\u201d, Dr. Eduardo Liberatore, de los siguientes insumos:","og_url":"https:\/\/www.noticiasradioreflejos.com.ar\/2021\/coopersive-ltda-concreto-donacion-insumos-a-la-unidad-sanitaria-dr-emilio-aldaya\/","og_site_name":"Noticias Radio Reflejos","article_published_time":"2020-05-16T16:44:19+00:00","og_image":[{"width":300,"height":200,"url":"https:\/\/www.noticiasradioreflejos.com.ar\/2021\/wp-content\/uploads\/2021\/07\/logosol300x200.png","type":"image\/png"}],"author":"Arnaldo Botto","twitter_card":"summary_large_image","schema":{"@context":"https:\/\/schema.org","@graph":[{"@type":"WebPage","@id":"https:\/\/www.noticiasradioreflejos.com.ar\/2021\/coopersive-ltda-concreto-donacion-insumos-a-la-unidad-sanitaria-dr-emilio-aldaya\/","url":"https:\/\/www.noticiasradioreflejos.com.ar\/2021\/coopersive-ltda-concreto-donacion-insumos-a-la-unidad-sanitaria-dr-emilio-aldaya\/","name":"Coopersive Ltda concret\u00f3 donaci\u00f3n insumos a la Unidad Sanitaria \u201cDr. Emilio Aldaya\u201d - Noticias Radio Reflejos","isPartOf":{"@id":"https:\/\/www.noticiasradioreflejos.com.ar\/2021\/#website"},"primaryImageOfPage":{"@id":"https:\/\/www.noticiasradioreflejos.com.ar\/2021\/coopersive-ltda-concreto-donacion-insumos-a-la-unidad-sanitaria-dr-emilio-aldaya\/#primaryimage"},"image":{"@id":"https:\/\/www.noticiasradioreflejos.com.ar\/2021\/coopersive-ltda-concreto-donacion-insumos-a-la-unidad-sanitaria-dr-emilio-aldaya\/#primaryimage"},"thumbnailUrl":"http:\/\/www.noticiasradioreflejos.com.ar\/noticias\/wp-content\/uploads\/2020\/05\/IMG-20200516-WA0013-500x300.jpg","datePublished":"2020-05-16T16:44:19+00:00","author":{"@id":"https:\/\/www.noticiasradioreflejos.com.ar\/2021\/#\/schema\/person\/ad82545263dcc5ec0996818884fd5fb1"},"breadcrumb":{"@id":"https:\/\/www.noticiasradioreflejos.com.ar\/2021\/coopersive-ltda-concreto-donacion-insumos-a-la-unidad-sanitaria-dr-emilio-aldaya\/#breadcrumb"},"inLanguage":"es","potentialAction":[{"@type":"ReadAction","target":["https:\/\/www.noticiasradioreflejos.com.ar\/2021\/coopersive-ltda-concreto-donacion-insumos-a-la-unidad-sanitaria-dr-emilio-aldaya\/"]}]},{"@type":"ImageObject","inLanguage":"es","@id":"https:\/\/www.noticiasradioreflejos.com.ar\/2021\/coopersive-ltda-concreto-donacion-insumos-a-la-unidad-sanitaria-dr-emilio-aldaya\/#primaryimage","url":"http:\/\/www.noticiasradioreflejos.com.ar\/noticias\/wp-content\/uploads\/2020\/05\/IMG-20200516-WA0013-500x300.jpg","contentUrl":"http:\/\/www.noticiasradioreflejos.com.ar\/noticias\/wp-content\/uploads\/2020\/05\/IMG-20200516-WA0013-500x300.jpg"},{"@type":"BreadcrumbList","@id":"https:\/\/www.noticiasradioreflejos.com.ar\/2021\/coopersive-ltda-concreto-donacion-insumos-a-la-unidad-sanitaria-dr-emilio-aldaya\/#breadcrumb","itemListElement":[{"@type":"ListItem","position":1,"name":"Portada","item":"https:\/\/www.noticiasradioreflejos.com.ar\/2021\/"},{"@type":"ListItem","position":2,"name":"Coopersive Ltda concret\u00f3 donaci\u00f3n insumos a la Unidad Sanitaria \u201cDr. Emilio Aldaya\u201d"}]},{"@type":"WebSite","@id":"https:\/\/www.noticiasradioreflejos.com.ar\/2021\/#website","url":"https:\/\/www.noticiasradioreflejos.com.ar\/2021\/","name":"Noticias Radio Reflejos","description":"Las noticias de mi comarca","potentialAction":[{"@type":"SearchAction","target":{"@type":"EntryPoint","urlTemplate":"https:\/\/www.noticiasradioreflejos.com.ar\/2021\/?s={search_term_string}"},"query-input":{"@type":"PropertyValueSpecification","valueRequired":true,"valueName":"search_term_string"}}],"inLanguage":"es"},{"@type":"Person","@id":"https:\/\/www.noticiasradioreflejos.com.ar\/2021\/#\/schema\/person\/ad82545263dcc5ec0996818884fd5fb1","name":"Arnaldo Botto","image":{"@type":"ImageObject","inLanguage":"es","@id":"https:\/\/www.noticiasradioreflejos.com.ar\/2021\/#\/schema\/person\/image\/","url":"https:\/\/secure.gravatar.com\/avatar\/55cb5e37c1efa326397366e6974cb338056df65cb50e7d64d1cf314e87504837?s=96&d=mm&r=g","contentUrl":"https:\/\/secure.gravatar.com\/avatar\/55cb5e37c1efa326397366e6974cb338056df65cb50e7d64d1cf314e87504837?s=96&d=mm&r=g","caption":"Arnaldo Botto"},"url":"https:\/\/www.noticiasradioreflejos.com.ar\/2021\/author\/arnaldo\/"}]}},"_links":{"self":[{"href":"https:\/\/www.noticiasradioreflejos.com.ar\/2021\/wp-json\/wp\/v2\/posts\/42059","targetHints":{"allow":["GET"]}}],"collection":[{"href":"https:\/\/www.noticiasradioreflejos.com.ar\/2021\/wp-json\/wp\/v2\/posts"}],"about":[{"href":"https:\/\/www.noticiasradioreflejos.com.ar\/2021\/wp-json\/wp\/v2\/types\/post"}],"author":[{"embeddable":true,"href":"https:\/\/www.noticiasradioreflejos.com.ar\/2021\/wp-json\/wp\/v2\/users\/3"}],"replies":[{"embeddable":true,"href":"https:\/\/www.noticiasradioreflejos.com.ar\/2021\/wp-json\/wp\/v2\/comments?post=42059"}],"version-history":[{"count":0,"href":"https:\/\/www.noticiasradioreflejos.com.ar\/2021\/wp-json\/wp\/v2\/posts\/42059\/revisions"}],"wp:attachment":[{"href":"https:\/\/www.noticiasradioreflejos.com.ar\/2021\/wp-json\/wp\/v2\/media?parent=42059"}],"wp:term":[{"taxonomy":"category","embeddable":true,"href":"https:\/\/www.noticiasradioreflejos.com.ar\/2021\/wp-json\/wp\/v2\/categories?post=42059"},{"taxonomy":"post_tag","embeddable":true,"href":"https:\/\/www.noticiasradioreflejos.com.ar\/2021\/wp-json\/wp\/v2\/tags?post=42059"}],"curies":[{"name":"wp","href":"https:\/\/api.w.org\/{rel}","templated":true}]}}