{"id":42036,"date":"2020-05-15T15:33:12","date_gmt":"2020-05-15T18:33:12","guid":{"rendered":"http:\/\/www.noticiasradioreflejos.com.ar\/noticias\/?p=42036"},"modified":"2020-05-15T15:33:12","modified_gmt":"2020-05-15T18:33:12","slug":"problematicas-que-se-estan-tratando-desde-el-sindicato-de-empleados-municipales","status":"publish","type":"post","link":"https:\/\/www.noticiasradioreflejos.com.ar\/2021\/problematicas-que-se-estan-tratando-desde-el-sindicato-de-empleados-municipales\/","title":{"rendered":"Problem\u00e1ticas que se est\u00e1n tratando desde el Sindicato de Empleados Municipales"},"content":{"rendered":"<p>Conversamos con Claudio Lencina, quien forma parte del Sindicato de Empleados Municipales. Nos cuenta la situaci\u00f3n actual de los empleados de la salud del distrito de Tornquist y las problem\u00e1ticas que est\u00e1n tratando desde el gremio con respecto a bonificaciones, remuneraci\u00f3n de feriados y recibos de sueldo.<!--more--><\/p>\n<p>\u00abLa verdad es que todos tenemos que hacernos responsables de lo que nos corresponde\u00bb comenz\u00f3 Claudio cont\u00e1ndonos c\u00f3mo est\u00e1n trabajando desde el Sindicato. Afirm\u00f3 que hay medidas y decisiones que se van modificando en el tiempo en relaci\u00f3n a las noticias y circunstancias y que esto lo determina la parte ejecutiva, \u00abnosotros podemos tener opiniones, pero todo en referencia a deberes, obligaciones y a derechos\u00bb.<br \/>\nClaudio quiso hacer algunas aclaraciones con respecto a un informe nacional que sali\u00f3 relacionado al contexto actual. El d\u00eda 15 de Abril parte de la comisi\u00f3n se junt\u00f3 con la secretaria de la oficina de recursos humanos para charlar sobre el decreto de los $5000 dirigidos a los empleados municipales que trabajan en el sector de salud. \u00abComo nosotros ven\u00edamos viendo que no hab\u00eda nada concreto, decidimos que, si para fin de mes los trabajadores no recib\u00edan la bonificaci\u00f3n, nosotros \u00edbamos a enviar una notificaci\u00f3n por mesa de entrada para tocar el tema en profundidad y esperar respuestas\u00bb aclar\u00f3. Cabe aclarar que la bonificaci\u00f3n llega directamente desde Naci\u00f3n y Unipersonal lo env\u00eda a cada cuenta bancaria de los trabajadores.<br \/>\nOtro problema que estaban enfrentando el gremio era que el feriado de pascuas no iba a ser remunerado. En los a\u00f1os 2018 y 2019 esos feriados se pagaron. \u00abLe hicimos saber a la jefatura de recursos humanos que nos iban a tener que dar una respuesta frente a ese tema\u00bb explic\u00f3 Claudio. Para resolver este inconveniente, concretaron una reuni\u00f3n con el Intendente. Lo que gener\u00f3 una gran confusi\u00f3n en la gente fue que, por alguna equivocaci\u00f3n, el Intendente dijo por los medios que los bonos y los feriados no se iban a remunerar por falta de fondos. Pero luego de esperar unos dias, todos los trabajadores pudieron recibir su dinero.<br \/>\nOtra problem\u00e1tica con la que est\u00e1n lidiando desde el sindicato es que los empleados puedan recibir su recibo de sueldo, ya que en los cajeros los mismos no indican nada y hay gente que se queda sin su detalle. \u00abPedimos el recibo como se entregaba antes y como se entrega en la mayor\u00eda de los distritos\u00bb exigi\u00f3 Claudio, por parte de los empleados del Municipio. <\/p>\n<p><iframe loading=\"lazy\" width=\"100%\" height=\"166\" scrolling=\"no\" frameborder=\"no\" allow=\"autoplay\" src=\"https:\/\/w.soundcloud.com\/player\/?url=https%3A\/\/api.soundcloud.com\/tracks\/821099275&#038;color=%23ff5500&#038;auto_play=false&#038;hide_related=false&#038;show_comments=true&#038;show_user=true&#038;show_reposts=false&#038;show_teaser=true\"><\/iframe><\/p>\n","protected":false},"excerpt":{"rendered":"<p>Conversamos con Claudio Lencina, quien forma parte del Sindicato de Empleados Municipales. Nos cuenta la situaci\u00f3n actual de los empleados de la salud del distrito de Tornquist y las problem\u00e1ticas que est\u00e1n tratando desde el gremio con respecto a bonificaciones, remuneraci\u00f3n de feriados y recibos de sueldo.<\/p>\n","protected":false},"author":3,"featured_media":0,"comment_status":"closed","ping_status":"open","sticky":false,"template":"","format":"standard","meta":{"footnotes":""},"categories":[28,26],"tags":[],"class_list":["post-42036","post","type-post","status-publish","format-standard","hentry","category-municipales","category-sociedad"],"yoast_head":"<!-- This site is optimized with the Yoast SEO plugin v25.9 - https:\/\/yoast.com\/wordpress\/plugins\/seo\/ -->\n<title>Problem\u00e1ticas que se est\u00e1n tratando desde el Sindicato de Empleados Municipales - Noticias Radio Reflejos<\/title>\n<meta name=\"robots\" content=\"index, follow, max-snippet:-1, max-image-preview:large, max-video-preview:-1\" \/>\n<link rel=\"canonical\" href=\"https:\/\/www.noticiasradioreflejos.com.ar\/2021\/problematicas-que-se-estan-tratando-desde-el-sindicato-de-empleados-municipales\/\" \/>\n<meta property=\"og:locale\" content=\"es_ES\" \/>\n<meta property=\"og:type\" content=\"article\" \/>\n<meta property=\"og:title\" content=\"Problem\u00e1ticas que se est\u00e1n tratando desde el Sindicato de Empleados Municipales - Noticias Radio Reflejos\" \/>\n<meta property=\"og:description\" content=\"Conversamos con Claudio Lencina, quien forma parte del Sindicato de Empleados Municipales. Nos cuenta la situaci\u00f3n actual de los empleados de la salud del distrito de Tornquist y las problem\u00e1ticas que est\u00e1n tratando desde el gremio con respecto a bonificaciones, remuneraci\u00f3n de feriados y recibos de sueldo.\" \/>\n<meta property=\"og:url\" content=\"https:\/\/www.noticiasradioreflejos.com.ar\/2021\/problematicas-que-se-estan-tratando-desde-el-sindicato-de-empleados-municipales\/\" \/>\n<meta property=\"og:site_name\" content=\"Noticias Radio Reflejos\" \/>\n<meta property=\"article:published_time\" content=\"2020-05-15T18:33:12+00:00\" \/>\n<meta property=\"og:image\" content=\"https:\/\/www.noticiasradioreflejos.com.ar\/2021\/wp-content\/uploads\/2021\/07\/logosol300x200.png\" \/>\n\t<meta property=\"og:image:width\" content=\"300\" \/>\n\t<meta property=\"og:image:height\" content=\"200\" \/>\n\t<meta property=\"og:image:type\" content=\"image\/png\" \/>\n<meta name=\"author\" content=\"Arnaldo Botto\" \/>\n<meta name=\"twitter:card\" content=\"summary_large_image\" \/>\n<script type=\"application\/ld+json\" class=\"yoast-schema-graph\">{\"@context\":\"https:\/\/schema.org\",\"@graph\":[{\"@type\":\"WebPage\",\"@id\":\"https:\/\/www.noticiasradioreflejos.com.ar\/2021\/problematicas-que-se-estan-tratando-desde-el-sindicato-de-empleados-municipales\/\",\"url\":\"https:\/\/www.noticiasradioreflejos.com.ar\/2021\/problematicas-que-se-estan-tratando-desde-el-sindicato-de-empleados-municipales\/\",\"name\":\"Problem\u00e1ticas que se est\u00e1n tratando desde el Sindicato de Empleados Municipales - Noticias Radio Reflejos\",\"isPartOf\":{\"@id\":\"https:\/\/www.noticiasradioreflejos.com.ar\/2021\/#website\"},\"datePublished\":\"2020-05-15T18:33:12+00:00\",\"author\":{\"@id\":\"https:\/\/www.noticiasradioreflejos.com.ar\/2021\/#\/schema\/person\/ad82545263dcc5ec0996818884fd5fb1\"},\"breadcrumb\":{\"@id\":\"https:\/\/www.noticiasradioreflejos.com.ar\/2021\/problematicas-que-se-estan-tratando-desde-el-sindicato-de-empleados-municipales\/#breadcrumb\"},\"inLanguage\":\"es\",\"potentialAction\":[{\"@type\":\"ReadAction\",\"target\":[\"https:\/\/www.noticiasradioreflejos.com.ar\/2021\/problematicas-que-se-estan-tratando-desde-el-sindicato-de-empleados-municipales\/\"]}]},{\"@type\":\"BreadcrumbList\",\"@id\":\"https:\/\/www.noticiasradioreflejos.com.ar\/2021\/problematicas-que-se-estan-tratando-desde-el-sindicato-de-empleados-municipales\/#breadcrumb\",\"itemListElement\":[{\"@type\":\"ListItem\",\"position\":1,\"name\":\"Portada\",\"item\":\"https:\/\/www.noticiasradioreflejos.com.ar\/2021\/\"},{\"@type\":\"ListItem\",\"position\":2,\"name\":\"Problem\u00e1ticas que se est\u00e1n tratando desde el Sindicato de Empleados Municipales\"}]},{\"@type\":\"WebSite\",\"@id\":\"https:\/\/www.noticiasradioreflejos.com.ar\/2021\/#website\",\"url\":\"https:\/\/www.noticiasradioreflejos.com.ar\/2021\/\",\"name\":\"Noticias Radio Reflejos\",\"description\":\"Las noticias de mi comarca\",\"potentialAction\":[{\"@type\":\"SearchAction\",\"target\":{\"@type\":\"EntryPoint\",\"urlTemplate\":\"https:\/\/www.noticiasradioreflejos.com.ar\/2021\/?s={search_term_string}\"},\"query-input\":{\"@type\":\"PropertyValueSpecification\",\"valueRequired\":true,\"valueName\":\"search_term_string\"}}],\"inLanguage\":\"es\"},{\"@type\":\"Person\",\"@id\":\"https:\/\/www.noticiasradioreflejos.com.ar\/2021\/#\/schema\/person\/ad82545263dcc5ec0996818884fd5fb1\",\"name\":\"Arnaldo Botto\",\"image\":{\"@type\":\"ImageObject\",\"inLanguage\":\"es\",\"@id\":\"https:\/\/www.noticiasradioreflejos.com.ar\/2021\/#\/schema\/person\/image\/\",\"url\":\"https:\/\/secure.gravatar.com\/avatar\/55cb5e37c1efa326397366e6974cb338056df65cb50e7d64d1cf314e87504837?s=96&d=mm&r=g\",\"contentUrl\":\"https:\/\/secure.gravatar.com\/avatar\/55cb5e37c1efa326397366e6974cb338056df65cb50e7d64d1cf314e87504837?s=96&d=mm&r=g\",\"caption\":\"Arnaldo Botto\"},\"url\":\"https:\/\/www.noticiasradioreflejos.com.ar\/2021\/author\/arnaldo\/\"}]}<\/script>\n<!-- \/ Yoast SEO plugin. -->","yoast_head_json":{"title":"Problem\u00e1ticas que se est\u00e1n tratando desde el Sindicato de Empleados Municipales - Noticias Radio Reflejos","robots":{"index":"index","follow":"follow","max-snippet":"max-snippet:-1","max-image-preview":"max-image-preview:large","max-video-preview":"max-video-preview:-1"},"canonical":"https:\/\/www.noticiasradioreflejos.com.ar\/2021\/problematicas-que-se-estan-tratando-desde-el-sindicato-de-empleados-municipales\/","og_locale":"es_ES","og_type":"article","og_title":"Problem\u00e1ticas que se est\u00e1n tratando desde el Sindicato de Empleados Municipales - Noticias Radio Reflejos","og_description":"Conversamos con Claudio Lencina, quien forma parte del Sindicato de Empleados Municipales. Nos cuenta la situaci\u00f3n actual de los empleados de la salud del distrito de Tornquist y las problem\u00e1ticas que est\u00e1n tratando desde el gremio con respecto a bonificaciones, remuneraci\u00f3n de feriados y recibos de sueldo.","og_url":"https:\/\/www.noticiasradioreflejos.com.ar\/2021\/problematicas-que-se-estan-tratando-desde-el-sindicato-de-empleados-municipales\/","og_site_name":"Noticias Radio Reflejos","article_published_time":"2020-05-15T18:33:12+00:00","og_image":[{"width":300,"height":200,"url":"https:\/\/www.noticiasradioreflejos.com.ar\/2021\/wp-content\/uploads\/2021\/07\/logosol300x200.png","type":"image\/png"}],"author":"Arnaldo Botto","twitter_card":"summary_large_image","schema":{"@context":"https:\/\/schema.org","@graph":[{"@type":"WebPage","@id":"https:\/\/www.noticiasradioreflejos.com.ar\/2021\/problematicas-que-se-estan-tratando-desde-el-sindicato-de-empleados-municipales\/","url":"https:\/\/www.noticiasradioreflejos.com.ar\/2021\/problematicas-que-se-estan-tratando-desde-el-sindicato-de-empleados-municipales\/","name":"Problem\u00e1ticas que se est\u00e1n tratando desde el Sindicato de Empleados Municipales - Noticias Radio Reflejos","isPartOf":{"@id":"https:\/\/www.noticiasradioreflejos.com.ar\/2021\/#website"},"datePublished":"2020-05-15T18:33:12+00:00","author":{"@id":"https:\/\/www.noticiasradioreflejos.com.ar\/2021\/#\/schema\/person\/ad82545263dcc5ec0996818884fd5fb1"},"breadcrumb":{"@id":"https:\/\/www.noticiasradioreflejos.com.ar\/2021\/problematicas-que-se-estan-tratando-desde-el-sindicato-de-empleados-municipales\/#breadcrumb"},"inLanguage":"es","potentialAction":[{"@type":"ReadAction","target":["https:\/\/www.noticiasradioreflejos.com.ar\/2021\/problematicas-que-se-estan-tratando-desde-el-sindicato-de-empleados-municipales\/"]}]},{"@type":"BreadcrumbList","@id":"https:\/\/www.noticiasradioreflejos.com.ar\/2021\/problematicas-que-se-estan-tratando-desde-el-sindicato-de-empleados-municipales\/#breadcrumb","itemListElement":[{"@type":"ListItem","position":1,"name":"Portada","item":"https:\/\/www.noticiasradioreflejos.com.ar\/2021\/"},{"@type":"ListItem","position":2,"name":"Problem\u00e1ticas que se est\u00e1n tratando desde el Sindicato de Empleados Municipales"}]},{"@type":"WebSite","@id":"https:\/\/www.noticiasradioreflejos.com.ar\/2021\/#website","url":"https:\/\/www.noticiasradioreflejos.com.ar\/2021\/","name":"Noticias Radio Reflejos","description":"Las noticias de mi comarca","potentialAction":[{"@type":"SearchAction","target":{"@type":"EntryPoint","urlTemplate":"https:\/\/www.noticiasradioreflejos.com.ar\/2021\/?s={search_term_string}"},"query-input":{"@type":"PropertyValueSpecification","valueRequired":true,"valueName":"search_term_string"}}],"inLanguage":"es"},{"@type":"Person","@id":"https:\/\/www.noticiasradioreflejos.com.ar\/2021\/#\/schema\/person\/ad82545263dcc5ec0996818884fd5fb1","name":"Arnaldo Botto","image":{"@type":"ImageObject","inLanguage":"es","@id":"https:\/\/www.noticiasradioreflejos.com.ar\/2021\/#\/schema\/person\/image\/","url":"https:\/\/secure.gravatar.com\/avatar\/55cb5e37c1efa326397366e6974cb338056df65cb50e7d64d1cf314e87504837?s=96&d=mm&r=g","contentUrl":"https:\/\/secure.gravatar.com\/avatar\/55cb5e37c1efa326397366e6974cb338056df65cb50e7d64d1cf314e87504837?s=96&d=mm&r=g","caption":"Arnaldo Botto"},"url":"https:\/\/www.noticiasradioreflejos.com.ar\/2021\/author\/arnaldo\/"}]}},"_links":{"self":[{"href":"https:\/\/www.noticiasradioreflejos.com.ar\/2021\/wp-json\/wp\/v2\/posts\/42036","targetHints":{"allow":["GET"]}}],"collection":[{"href":"https:\/\/www.noticiasradioreflejos.com.ar\/2021\/wp-json\/wp\/v2\/posts"}],"about":[{"href":"https:\/\/www.noticiasradioreflejos.com.ar\/2021\/wp-json\/wp\/v2\/types\/post"}],"author":[{"embeddable":true,"href":"https:\/\/www.noticiasradioreflejos.com.ar\/2021\/wp-json\/wp\/v2\/users\/3"}],"replies":[{"embeddable":true,"href":"https:\/\/www.noticiasradioreflejos.com.ar\/2021\/wp-json\/wp\/v2\/comments?post=42036"}],"version-history":[{"count":0,"href":"https:\/\/www.noticiasradioreflejos.com.ar\/2021\/wp-json\/wp\/v2\/posts\/42036\/revisions"}],"wp:attachment":[{"href":"https:\/\/www.noticiasradioreflejos.com.ar\/2021\/wp-json\/wp\/v2\/media?parent=42036"}],"wp:term":[{"taxonomy":"category","embeddable":true,"href":"https:\/\/www.noticiasradioreflejos.com.ar\/2021\/wp-json\/wp\/v2\/categories?post=42036"},{"taxonomy":"post_tag","embeddable":true,"href":"https:\/\/www.noticiasradioreflejos.com.ar\/2021\/wp-json\/wp\/v2\/tags?post=42036"}],"curies":[{"name":"wp","href":"https:\/\/api.w.org\/{rel}","templated":true}]}}