{"id":42033,"date":"2020-05-15T14:46:20","date_gmt":"2020-05-15T17:46:20","guid":{"rendered":"http:\/\/www.noticiasradioreflejos.com.ar\/noticias\/?p=42033"},"modified":"2020-05-15T14:46:20","modified_gmt":"2020-05-15T17:46:20","slug":"a-la-escuela-que-vamos-a-volver-no-sera-como-la-conocimos-roberto-baradel","status":"publish","type":"post","link":"https:\/\/www.noticiasradioreflejos.com.ar\/2021\/a-la-escuela-que-vamos-a-volver-no-sera-como-la-conocimos-roberto-baradel\/","title":{"rendered":"\u00abA la escuela que vamos a volver no ser\u00e1 como la conocimos\u00bb &#8211; Roberto Baradel"},"content":{"rendered":"<p>En el Micro Tiempo Educativo, durante el programa Un Mate y un Caf\u00e9, pudimos entrevistar al profesor y abogado Roberto Baradel, secretario General SUTEBA de provincia de Buenos Aires.<!--more--><\/p>\n<p>Al comienzo de la nota la definici\u00f3n central del dirigente gremial fue que el compromiso de las organizaciones gremiales est\u00e1 en cuidar la salud de los docentes y la vida de los argentinos para luego, ocuparse fundamentalmente de la calidad educativa. Este es un proceso donde seg\u00fan \u00e9l defini\u00f3, \u201cno se suspendieron las clases sino que se suspendi\u00f3 la presencialidad, tenemos una nueva modalidad que debemos reglamentar pero las clases continuaron\u201d.<\/p>\n<p>Con respecto a la necesidad de dialogar para solucionar los conflictos defini\u00f3 que, \u201cnosotros queremos dialogar, antes se tomo la decisi\u00f3n de confrontar y demonizar a los dirigentes sindicales, no hay que olvidar las veces que ni siquiera nos dejaron entrar a la mesa de entradas, que es un derecho que tiene cualquier ciudadano; confrontar con los docentes no sali\u00f3 bien para la escuela p\u00fablica, siempre buscamos el dialogo pero ante los ataques tuvimos que defendernos\u201d. Y continu\u00f3 diciendo, \u201cUn sector del anterior gobierno decidi\u00f3 perseguirnos y yo tengo el orgullo de poder decir que nadie nos pudo presionar con nada, nos investigaron de pie a cabeza y no pudieron decir nada, si nos hubieran encontrado una sola pesta\u00f1a, nos hubieran entregado al escarnio p\u00fablico en la Plaza de Mayo\u201d.<\/p>\n<p>Al referirse a la relaci\u00f3n con el actual gobierno provincial manifest\u00f3, \u201cCon el actual gobierno hay una instancia de dialogo diferente, hay un gobierno que escucha, lo que no significa estar de acuerdo con todo; por ejemplo nosotros impugnamos la primera resoluci\u00f3n sobre la cuarentena y el gobierno de Kicilloff corrigi\u00f3 esa primera norma de car\u00e1cter general y logramos avanzar en un esquema que funciona mejor\u201d.<\/p>\n<p>Durante la entrevista dej\u00f3 claro que \u201cHay que destacar el enorme esfuerzo que est\u00e1n haciendo los docentes inclusive sin horario, se increment\u00f3 much\u00edsimo la carga horaria por las clases y la entrega de alimentos y cuadernillos\u201d. Tambi\u00e9n destac\u00f3 que \u201ces importante retomar y profundizar el programa conectar igualdad incluso para los docentes tambi\u00e9n\u201d.<\/p>\n<p>Fue claro a la hora de definir que \u201cla escuela a la que vamos a volver no ser\u00e1 la escuela como la conocimos, lo fundamental es que se guarden las normas necesarias, los protocolos necesarios y elementos de higiene, y teniendo mucho cuidado con la participaci\u00f3n de los docentes en las decisiones\u201d. Ante la posibilidad del regreso a las aulas destac\u00f3 que \u201csi no hay vacunas y si no hay mitigaci\u00f3n del contagio, no se puede exponer a los chicos a contagiarse y a ser vectores del contagio\u201d.<\/p>\n<p>Sobre el dialogo con el Ministro Trotta, expres\u00f3 \u201cHemos hablado sobre instalar y participar de las comisiones de sanidad y seguridad del trabajo en cada jurisdicci\u00f3n, sobre regular el trabajo docente desde la casa e integrar en esa tarea un d\u00eda para reuniones con equipo directivo, equipo de orientaci\u00f3n escolar y otros compa\u00f1eros de la comunidad educativa, que el gobierno no pida tanto trabajo burocr\u00e1tico y administrativo o de encuestas\u201d.<\/p>\n<p>Con respecto a la situaci\u00f3n salarial inform\u00f3, \u201cseguimos con la negociaci\u00f3n paritaria y atendiendo algunas realidades como las de Tucum\u00e1n, Chubut y Santa Fe que deben solucionarse. En Buenos Aires tenemos un acuerdo semestral que vamos a conversar cuando termine el primer semestre.<\/p>\n<p>Dejo clara su posici\u00f3n y el compromiso del SUTEBA con la escuela p\u00fablica al decir, \u201cSomos parte de una construcci\u00f3n colectiva que defiende la escuela p\u00fablica, nuestros hijos van a la escuela p\u00fablica, la queremos, la apreciamos y vamos a seguir trabajando para hacerla mejor\u201d.<\/p>\n<p>Record\u00f3 el trabajo fundacional de Marta Grassi, el actual compromiso de Fernando Caffieri y destac\u00f3 a la docente Laura Ramallo que \u201cfue nuestra secretaria de finanzas del sindicato y que en honor a su tarea y testimonio de vida le pusimos su nombre al recreo tur\u00edstico de Claromec\u00f3\u201d.<\/p>\n<p>Finaliz\u00f3 se\u00f1alando que cuando pensamos en el regreso de todas las actividades, \u201cel turismo es un tema a atender y las organizaciones gremiales tenemos mucho que aportar promoviendo el turismo en lugares como la comarca de Sierra de la Ventana.<\/p>\n<p>El audio de la nota a disposici\u00f3n. <iframe loading=\"lazy\" src=\"https:\/\/w.soundcloud.com\/player\/?url=https%3A\/\/api.soundcloud.com\/tracks\/821135149&amp;color=%23ff5500&amp;auto_play=false&amp;hide_related=false&amp;show_comments=true&amp;show_user=true&amp;show_reposts=false&amp;show_teaser=true\" width=\"100%\" height=\"166\" frameborder=\"no\" scrolling=\"no\"><\/iframe><\/p>\n","protected":false},"excerpt":{"rendered":"<p>En el Micro Tiempo Educativo, durante el programa Un Mate y un Caf\u00e9, pudimos entrevistar al profesor y abogado Roberto Baradel, secretario General SUTEBA de provincia de Buenos Aires.<\/p>\n","protected":false},"author":3,"featured_media":0,"comment_status":"closed","ping_status":"open","sticky":false,"template":"","format":"standard","meta":{"footnotes":""},"categories":[34],"tags":[],"class_list":["post-42033","post","type-post","status-publish","format-standard","hentry","category-educacion"],"yoast_head":"<!-- This site is optimized with the Yoast SEO plugin v25.9 - https:\/\/yoast.com\/wordpress\/plugins\/seo\/ -->\n<title>&quot;A la escuela que vamos a volver no ser\u00e1 como la conocimos&quot; - Roberto Baradel - Noticias Radio Reflejos<\/title>\n<meta name=\"robots\" content=\"index, follow, max-snippet:-1, max-image-preview:large, max-video-preview:-1\" \/>\n<link rel=\"canonical\" href=\"https:\/\/www.noticiasradioreflejos.com.ar\/2021\/a-la-escuela-que-vamos-a-volver-no-sera-como-la-conocimos-roberto-baradel\/\" \/>\n<meta property=\"og:locale\" content=\"es_ES\" \/>\n<meta property=\"og:type\" content=\"article\" \/>\n<meta property=\"og:title\" content=\"&quot;A la escuela que vamos a volver no ser\u00e1 como la conocimos&quot; - Roberto Baradel - Noticias Radio Reflejos\" \/>\n<meta property=\"og:description\" content=\"En el Micro Tiempo Educativo, durante el programa Un Mate y un Caf\u00e9, pudimos entrevistar al profesor y abogado Roberto Baradel, secretario General SUTEBA de provincia de Buenos Aires.\" \/>\n<meta property=\"og:url\" content=\"https:\/\/www.noticiasradioreflejos.com.ar\/2021\/a-la-escuela-que-vamos-a-volver-no-sera-como-la-conocimos-roberto-baradel\/\" \/>\n<meta property=\"og:site_name\" content=\"Noticias Radio Reflejos\" \/>\n<meta property=\"article:published_time\" content=\"2020-05-15T17:46:20+00:00\" \/>\n<meta property=\"og:image\" content=\"https:\/\/www.noticiasradioreflejos.com.ar\/2021\/wp-content\/uploads\/2021\/07\/logosol300x200.png\" \/>\n\t<meta property=\"og:image:width\" content=\"300\" \/>\n\t<meta property=\"og:image:height\" content=\"200\" \/>\n\t<meta property=\"og:image:type\" content=\"image\/png\" \/>\n<meta name=\"author\" content=\"Arnaldo Botto\" \/>\n<meta name=\"twitter:card\" content=\"summary_large_image\" \/>\n<script type=\"application\/ld+json\" class=\"yoast-schema-graph\">{\"@context\":\"https:\/\/schema.org\",\"@graph\":[{\"@type\":\"WebPage\",\"@id\":\"https:\/\/www.noticiasradioreflejos.com.ar\/2021\/a-la-escuela-que-vamos-a-volver-no-sera-como-la-conocimos-roberto-baradel\/\",\"url\":\"https:\/\/www.noticiasradioreflejos.com.ar\/2021\/a-la-escuela-que-vamos-a-volver-no-sera-como-la-conocimos-roberto-baradel\/\",\"name\":\"\\\"A la escuela que vamos a volver no ser\u00e1 como la conocimos\\\" - Roberto Baradel - Noticias Radio Reflejos\",\"isPartOf\":{\"@id\":\"https:\/\/www.noticiasradioreflejos.com.ar\/2021\/#website\"},\"datePublished\":\"2020-05-15T17:46:20+00:00\",\"author\":{\"@id\":\"https:\/\/www.noticiasradioreflejos.com.ar\/2021\/#\/schema\/person\/ad82545263dcc5ec0996818884fd5fb1\"},\"breadcrumb\":{\"@id\":\"https:\/\/www.noticiasradioreflejos.com.ar\/2021\/a-la-escuela-que-vamos-a-volver-no-sera-como-la-conocimos-roberto-baradel\/#breadcrumb\"},\"inLanguage\":\"es\",\"potentialAction\":[{\"@type\":\"ReadAction\",\"target\":[\"https:\/\/www.noticiasradioreflejos.com.ar\/2021\/a-la-escuela-que-vamos-a-volver-no-sera-como-la-conocimos-roberto-baradel\/\"]}]},{\"@type\":\"BreadcrumbList\",\"@id\":\"https:\/\/www.noticiasradioreflejos.com.ar\/2021\/a-la-escuela-que-vamos-a-volver-no-sera-como-la-conocimos-roberto-baradel\/#breadcrumb\",\"itemListElement\":[{\"@type\":\"ListItem\",\"position\":1,\"name\":\"Portada\",\"item\":\"https:\/\/www.noticiasradioreflejos.com.ar\/2021\/\"},{\"@type\":\"ListItem\",\"position\":2,\"name\":\"\u00abA la escuela que vamos a volver no ser\u00e1 como la conocimos\u00bb &#8211; Roberto Baradel\"}]},{\"@type\":\"WebSite\",\"@id\":\"https:\/\/www.noticiasradioreflejos.com.ar\/2021\/#website\",\"url\":\"https:\/\/www.noticiasradioreflejos.com.ar\/2021\/\",\"name\":\"Noticias Radio Reflejos\",\"description\":\"Las noticias de mi comarca\",\"potentialAction\":[{\"@type\":\"SearchAction\",\"target\":{\"@type\":\"EntryPoint\",\"urlTemplate\":\"https:\/\/www.noticiasradioreflejos.com.ar\/2021\/?s={search_term_string}\"},\"query-input\":{\"@type\":\"PropertyValueSpecification\",\"valueRequired\":true,\"valueName\":\"search_term_string\"}}],\"inLanguage\":\"es\"},{\"@type\":\"Person\",\"@id\":\"https:\/\/www.noticiasradioreflejos.com.ar\/2021\/#\/schema\/person\/ad82545263dcc5ec0996818884fd5fb1\",\"name\":\"Arnaldo Botto\",\"image\":{\"@type\":\"ImageObject\",\"inLanguage\":\"es\",\"@id\":\"https:\/\/www.noticiasradioreflejos.com.ar\/2021\/#\/schema\/person\/image\/\",\"url\":\"https:\/\/secure.gravatar.com\/avatar\/55cb5e37c1efa326397366e6974cb338056df65cb50e7d64d1cf314e87504837?s=96&d=mm&r=g\",\"contentUrl\":\"https:\/\/secure.gravatar.com\/avatar\/55cb5e37c1efa326397366e6974cb338056df65cb50e7d64d1cf314e87504837?s=96&d=mm&r=g\",\"caption\":\"Arnaldo Botto\"},\"url\":\"https:\/\/www.noticiasradioreflejos.com.ar\/2021\/author\/arnaldo\/\"}]}<\/script>\n<!-- \/ Yoast SEO plugin. -->","yoast_head_json":{"title":"\"A la escuela que vamos a volver no ser\u00e1 como la conocimos\" - Roberto Baradel - Noticias Radio Reflejos","robots":{"index":"index","follow":"follow","max-snippet":"max-snippet:-1","max-image-preview":"max-image-preview:large","max-video-preview":"max-video-preview:-1"},"canonical":"https:\/\/www.noticiasradioreflejos.com.ar\/2021\/a-la-escuela-que-vamos-a-volver-no-sera-como-la-conocimos-roberto-baradel\/","og_locale":"es_ES","og_type":"article","og_title":"\"A la escuela que vamos a volver no ser\u00e1 como la conocimos\" - Roberto Baradel - Noticias Radio Reflejos","og_description":"En el Micro Tiempo Educativo, durante el programa Un Mate y un Caf\u00e9, pudimos entrevistar al profesor y abogado Roberto Baradel, secretario General SUTEBA de provincia de Buenos Aires.","og_url":"https:\/\/www.noticiasradioreflejos.com.ar\/2021\/a-la-escuela-que-vamos-a-volver-no-sera-como-la-conocimos-roberto-baradel\/","og_site_name":"Noticias Radio Reflejos","article_published_time":"2020-05-15T17:46:20+00:00","og_image":[{"width":300,"height":200,"url":"https:\/\/www.noticiasradioreflejos.com.ar\/2021\/wp-content\/uploads\/2021\/07\/logosol300x200.png","type":"image\/png"}],"author":"Arnaldo Botto","twitter_card":"summary_large_image","schema":{"@context":"https:\/\/schema.org","@graph":[{"@type":"WebPage","@id":"https:\/\/www.noticiasradioreflejos.com.ar\/2021\/a-la-escuela-que-vamos-a-volver-no-sera-como-la-conocimos-roberto-baradel\/","url":"https:\/\/www.noticiasradioreflejos.com.ar\/2021\/a-la-escuela-que-vamos-a-volver-no-sera-como-la-conocimos-roberto-baradel\/","name":"\"A la escuela que vamos a volver no ser\u00e1 como la conocimos\" - Roberto Baradel - Noticias Radio Reflejos","isPartOf":{"@id":"https:\/\/www.noticiasradioreflejos.com.ar\/2021\/#website"},"datePublished":"2020-05-15T17:46:20+00:00","author":{"@id":"https:\/\/www.noticiasradioreflejos.com.ar\/2021\/#\/schema\/person\/ad82545263dcc5ec0996818884fd5fb1"},"breadcrumb":{"@id":"https:\/\/www.noticiasradioreflejos.com.ar\/2021\/a-la-escuela-que-vamos-a-volver-no-sera-como-la-conocimos-roberto-baradel\/#breadcrumb"},"inLanguage":"es","potentialAction":[{"@type":"ReadAction","target":["https:\/\/www.noticiasradioreflejos.com.ar\/2021\/a-la-escuela-que-vamos-a-volver-no-sera-como-la-conocimos-roberto-baradel\/"]}]},{"@type":"BreadcrumbList","@id":"https:\/\/www.noticiasradioreflejos.com.ar\/2021\/a-la-escuela-que-vamos-a-volver-no-sera-como-la-conocimos-roberto-baradel\/#breadcrumb","itemListElement":[{"@type":"ListItem","position":1,"name":"Portada","item":"https:\/\/www.noticiasradioreflejos.com.ar\/2021\/"},{"@type":"ListItem","position":2,"name":"\u00abA la escuela que vamos a volver no ser\u00e1 como la conocimos\u00bb &#8211; Roberto Baradel"}]},{"@type":"WebSite","@id":"https:\/\/www.noticiasradioreflejos.com.ar\/2021\/#website","url":"https:\/\/www.noticiasradioreflejos.com.ar\/2021\/","name":"Noticias Radio Reflejos","description":"Las noticias de mi comarca","potentialAction":[{"@type":"SearchAction","target":{"@type":"EntryPoint","urlTemplate":"https:\/\/www.noticiasradioreflejos.com.ar\/2021\/?s={search_term_string}"},"query-input":{"@type":"PropertyValueSpecification","valueRequired":true,"valueName":"search_term_string"}}],"inLanguage":"es"},{"@type":"Person","@id":"https:\/\/www.noticiasradioreflejos.com.ar\/2021\/#\/schema\/person\/ad82545263dcc5ec0996818884fd5fb1","name":"Arnaldo Botto","image":{"@type":"ImageObject","inLanguage":"es","@id":"https:\/\/www.noticiasradioreflejos.com.ar\/2021\/#\/schema\/person\/image\/","url":"https:\/\/secure.gravatar.com\/avatar\/55cb5e37c1efa326397366e6974cb338056df65cb50e7d64d1cf314e87504837?s=96&d=mm&r=g","contentUrl":"https:\/\/secure.gravatar.com\/avatar\/55cb5e37c1efa326397366e6974cb338056df65cb50e7d64d1cf314e87504837?s=96&d=mm&r=g","caption":"Arnaldo Botto"},"url":"https:\/\/www.noticiasradioreflejos.com.ar\/2021\/author\/arnaldo\/"}]}},"_links":{"self":[{"href":"https:\/\/www.noticiasradioreflejos.com.ar\/2021\/wp-json\/wp\/v2\/posts\/42033","targetHints":{"allow":["GET"]}}],"collection":[{"href":"https:\/\/www.noticiasradioreflejos.com.ar\/2021\/wp-json\/wp\/v2\/posts"}],"about":[{"href":"https:\/\/www.noticiasradioreflejos.com.ar\/2021\/wp-json\/wp\/v2\/types\/post"}],"author":[{"embeddable":true,"href":"https:\/\/www.noticiasradioreflejos.com.ar\/2021\/wp-json\/wp\/v2\/users\/3"}],"replies":[{"embeddable":true,"href":"https:\/\/www.noticiasradioreflejos.com.ar\/2021\/wp-json\/wp\/v2\/comments?post=42033"}],"version-history":[{"count":0,"href":"https:\/\/www.noticiasradioreflejos.com.ar\/2021\/wp-json\/wp\/v2\/posts\/42033\/revisions"}],"wp:attachment":[{"href":"https:\/\/www.noticiasradioreflejos.com.ar\/2021\/wp-json\/wp\/v2\/media?parent=42033"}],"wp:term":[{"taxonomy":"category","embeddable":true,"href":"https:\/\/www.noticiasradioreflejos.com.ar\/2021\/wp-json\/wp\/v2\/categories?post=42033"},{"taxonomy":"post_tag","embeddable":true,"href":"https:\/\/www.noticiasradioreflejos.com.ar\/2021\/wp-json\/wp\/v2\/tags?post=42033"}],"curies":[{"name":"wp","href":"https:\/\/api.w.org\/{rel}","templated":true}]}}