{"id":42028,"date":"2020-05-15T14:38:21","date_gmt":"2020-05-15T17:38:21","guid":{"rendered":"http:\/\/www.noticiasradioreflejos.com.ar\/noticias\/?p=42028"},"modified":"2020-05-15T14:38:21","modified_gmt":"2020-05-15T17:38:21","slug":"la-receta-de-los-2-con-esteban-di-paola","status":"publish","type":"post","link":"https:\/\/www.noticiasradioreflejos.com.ar\/2021\/la-receta-de-los-2-con-esteban-di-paola\/","title":{"rendered":"\u00abLa receta de los 2\u00bb &#8211; Bud\u00edn de lim\u00f3n con Esteban Di Paola"},"content":{"rendered":"<p>En una nueva entrega, Esteban Di Paola nos ense\u00f1a a cocinar algo f\u00e1cil, sencillo, de bajo costo y muy rico para acompa\u00f1ar al mate en las tardes de cuarentena. Una receta especial para esta \u00e9poca del a\u00f1o donde uno de sus ingredientes crece gratamente en los limoneros. Hoy cocinamos bud\u00edn de lim\u00f3n.<!--more--><\/p>\n<p>Antes de comenzar con la receta, Esteban nos comparte algunos tips de chef para que el bud\u00edn nos quede perfecto a la primera. Sugiere prender el horno unos 15 minutos antes de cocinar para alcanzar una temperatura media, a 180 grados m\u00e1s o menos. Otro tip importante es enmantecar y enharinar el molde donde el bud\u00edn va a ser cocinado para que no se pegue ni se rompa, en este paso, tambi\u00e9n es \u00fatil usar papel manteca o papel aluminio. Pero para hacer de esta receta una receta accesible para todos, vamos a preferir hacer lo primero que mencionamos. Luego, es conveniente tomar dos cucharadas chicas de polvo de hornear ya que si nos pasamos de cantidad, el bud\u00edn se puede hinchar. Adem\u00e1s, Esteban nos cuenta que, al momento de probar la cocci\u00f3n del mismo, debemos pincharlo casi dentro del horno, no hay que sacarlo fuera porque pierde calor, que es lo que necesita para mantenerse firme.<\/p>\n<p>Ahora si, vamos a la receta que es s\u00faper sencilla. En un bowl, se mezclan el az\u00facar, la ralladura de un lim\u00f3n, y le agregamos el aceite. Se bate intensamente por 8 minutos aproximadamente, incorporamos los huevos de a uno batiendo entre ellos. Luego, se agrega la harina, tamizada para no encontrar grumos, y finalmente, el polvo de hornear. Una vez hecha la mezcla, la vertemos en el molde y lo metemos al horno a fuego medio (previamente calentado), preferentemente en la placa del medio, durante 40 minutos aproximadamente.<\/p>\n<p>Para el final, Esteban nos sugiere hacerle un glaseado para colocar arriba del bud\u00edn y que le de un sabor m\u00e1s intenso. Para eso, se mezclan el az\u00facar impalpable con la ralladura del otro lim\u00f3n, se baten en un bowl y luego se echa encima del lim\u00f3n.<\/p>\n<p><strong>INGREDIENTES<\/strong><br \/>\nAz\u00facar 200 gramos<br \/>\nAceite girasol 200 cc<br \/>\nHuevos 2 unidades<br \/>\nLimones 2<br \/>\nHarina 0000 200g<br \/>\nPolvo de hornear 2 cucharaditas chiquitas.<br \/>\nUna pizca de sal<br \/>\n100 gramos de az\u00facar impalpable<\/p>\n<p><iframe loading=\"lazy\" src=\"https:\/\/w.soundcloud.com\/player\/?url=https%3A\/\/api.soundcloud.com\/tracks\/821138818&amp;color=%23ff5500&amp;auto_play=false&amp;hide_related=false&amp;show_comments=true&amp;show_user=true&amp;show_reposts=false&amp;show_teaser=true\" width=\"100%\" height=\"166\" frameborder=\"no\" scrolling=\"no\"><\/iframe><\/p>\n","protected":false},"excerpt":{"rendered":"<p>En una nueva entrega, Esteban Di Paola nos ense\u00f1a a cocinar algo f\u00e1cil, sencillo, de bajo costo y muy rico para acompa\u00f1ar al mate en las tardes de cuarentena. Una receta especial para esta \u00e9poca del a\u00f1o donde uno de sus ingredientes crece gratamente en los limoneros. Hoy cocinamos bud\u00edn de lim\u00f3n.<\/p>\n","protected":false},"author":3,"featured_media":0,"comment_status":"closed","ping_status":"open","sticky":false,"template":"","format":"standard","meta":{"footnotes":""},"categories":[26],"tags":[],"class_list":["post-42028","post","type-post","status-publish","format-standard","hentry","category-sociedad"],"yoast_head":"<!-- This site is optimized with the Yoast SEO plugin v25.9 - https:\/\/yoast.com\/wordpress\/plugins\/seo\/ -->\n<title>&quot;La receta de los 2&quot; - Bud\u00edn de lim\u00f3n con Esteban Di Paola - Noticias Radio Reflejos<\/title>\n<meta name=\"robots\" content=\"index, follow, max-snippet:-1, max-image-preview:large, max-video-preview:-1\" \/>\n<link rel=\"canonical\" href=\"https:\/\/www.noticiasradioreflejos.com.ar\/2021\/la-receta-de-los-2-con-esteban-di-paola\/\" \/>\n<meta property=\"og:locale\" content=\"es_ES\" \/>\n<meta property=\"og:type\" content=\"article\" \/>\n<meta property=\"og:title\" content=\"&quot;La receta de los 2&quot; - Bud\u00edn de lim\u00f3n con Esteban Di Paola - Noticias Radio Reflejos\" \/>\n<meta property=\"og:description\" content=\"En una nueva entrega, Esteban Di Paola nos ense\u00f1a a cocinar algo f\u00e1cil, sencillo, de bajo costo y muy rico para acompa\u00f1ar al mate en las tardes de cuarentena. Una receta especial para esta \u00e9poca del a\u00f1o donde uno de sus ingredientes crece gratamente en los limoneros. Hoy cocinamos bud\u00edn de lim\u00f3n.\" \/>\n<meta property=\"og:url\" content=\"https:\/\/www.noticiasradioreflejos.com.ar\/2021\/la-receta-de-los-2-con-esteban-di-paola\/\" \/>\n<meta property=\"og:site_name\" content=\"Noticias Radio Reflejos\" \/>\n<meta property=\"article:published_time\" content=\"2020-05-15T17:38:21+00:00\" \/>\n<meta property=\"og:image\" content=\"https:\/\/www.noticiasradioreflejos.com.ar\/2021\/wp-content\/uploads\/2021\/07\/logosol300x200.png\" \/>\n\t<meta property=\"og:image:width\" content=\"300\" \/>\n\t<meta property=\"og:image:height\" content=\"200\" \/>\n\t<meta property=\"og:image:type\" content=\"image\/png\" \/>\n<meta name=\"author\" content=\"Arnaldo Botto\" \/>\n<meta name=\"twitter:card\" content=\"summary_large_image\" \/>\n<script type=\"application\/ld+json\" class=\"yoast-schema-graph\">{\"@context\":\"https:\/\/schema.org\",\"@graph\":[{\"@type\":\"WebPage\",\"@id\":\"https:\/\/www.noticiasradioreflejos.com.ar\/2021\/la-receta-de-los-2-con-esteban-di-paola\/\",\"url\":\"https:\/\/www.noticiasradioreflejos.com.ar\/2021\/la-receta-de-los-2-con-esteban-di-paola\/\",\"name\":\"\\\"La receta de los 2\\\" - Bud\u00edn de lim\u00f3n con Esteban Di Paola - Noticias Radio Reflejos\",\"isPartOf\":{\"@id\":\"https:\/\/www.noticiasradioreflejos.com.ar\/2021\/#website\"},\"datePublished\":\"2020-05-15T17:38:21+00:00\",\"author\":{\"@id\":\"https:\/\/www.noticiasradioreflejos.com.ar\/2021\/#\/schema\/person\/ad82545263dcc5ec0996818884fd5fb1\"},\"breadcrumb\":{\"@id\":\"https:\/\/www.noticiasradioreflejos.com.ar\/2021\/la-receta-de-los-2-con-esteban-di-paola\/#breadcrumb\"},\"inLanguage\":\"es\",\"potentialAction\":[{\"@type\":\"ReadAction\",\"target\":[\"https:\/\/www.noticiasradioreflejos.com.ar\/2021\/la-receta-de-los-2-con-esteban-di-paola\/\"]}]},{\"@type\":\"BreadcrumbList\",\"@id\":\"https:\/\/www.noticiasradioreflejos.com.ar\/2021\/la-receta-de-los-2-con-esteban-di-paola\/#breadcrumb\",\"itemListElement\":[{\"@type\":\"ListItem\",\"position\":1,\"name\":\"Portada\",\"item\":\"https:\/\/www.noticiasradioreflejos.com.ar\/2021\/\"},{\"@type\":\"ListItem\",\"position\":2,\"name\":\"\u00abLa receta de los 2\u00bb &#8211; Bud\u00edn de lim\u00f3n con Esteban Di Paola\"}]},{\"@type\":\"WebSite\",\"@id\":\"https:\/\/www.noticiasradioreflejos.com.ar\/2021\/#website\",\"url\":\"https:\/\/www.noticiasradioreflejos.com.ar\/2021\/\",\"name\":\"Noticias Radio Reflejos\",\"description\":\"Las noticias de mi comarca\",\"potentialAction\":[{\"@type\":\"SearchAction\",\"target\":{\"@type\":\"EntryPoint\",\"urlTemplate\":\"https:\/\/www.noticiasradioreflejos.com.ar\/2021\/?s={search_term_string}\"},\"query-input\":{\"@type\":\"PropertyValueSpecification\",\"valueRequired\":true,\"valueName\":\"search_term_string\"}}],\"inLanguage\":\"es\"},{\"@type\":\"Person\",\"@id\":\"https:\/\/www.noticiasradioreflejos.com.ar\/2021\/#\/schema\/person\/ad82545263dcc5ec0996818884fd5fb1\",\"name\":\"Arnaldo Botto\",\"image\":{\"@type\":\"ImageObject\",\"inLanguage\":\"es\",\"@id\":\"https:\/\/www.noticiasradioreflejos.com.ar\/2021\/#\/schema\/person\/image\/\",\"url\":\"https:\/\/secure.gravatar.com\/avatar\/55cb5e37c1efa326397366e6974cb338056df65cb50e7d64d1cf314e87504837?s=96&d=mm&r=g\",\"contentUrl\":\"https:\/\/secure.gravatar.com\/avatar\/55cb5e37c1efa326397366e6974cb338056df65cb50e7d64d1cf314e87504837?s=96&d=mm&r=g\",\"caption\":\"Arnaldo Botto\"},\"url\":\"https:\/\/www.noticiasradioreflejos.com.ar\/2021\/author\/arnaldo\/\"}]}<\/script>\n<!-- \/ Yoast SEO plugin. -->","yoast_head_json":{"title":"\"La receta de los 2\" - Bud\u00edn de lim\u00f3n con Esteban Di Paola - Noticias Radio Reflejos","robots":{"index":"index","follow":"follow","max-snippet":"max-snippet:-1","max-image-preview":"max-image-preview:large","max-video-preview":"max-video-preview:-1"},"canonical":"https:\/\/www.noticiasradioreflejos.com.ar\/2021\/la-receta-de-los-2-con-esteban-di-paola\/","og_locale":"es_ES","og_type":"article","og_title":"\"La receta de los 2\" - Bud\u00edn de lim\u00f3n con Esteban Di Paola - Noticias Radio Reflejos","og_description":"En una nueva entrega, Esteban Di Paola nos ense\u00f1a a cocinar algo f\u00e1cil, sencillo, de bajo costo y muy rico para acompa\u00f1ar al mate en las tardes de cuarentena. Una receta especial para esta \u00e9poca del a\u00f1o donde uno de sus ingredientes crece gratamente en los limoneros. Hoy cocinamos bud\u00edn de lim\u00f3n.","og_url":"https:\/\/www.noticiasradioreflejos.com.ar\/2021\/la-receta-de-los-2-con-esteban-di-paola\/","og_site_name":"Noticias Radio Reflejos","article_published_time":"2020-05-15T17:38:21+00:00","og_image":[{"width":300,"height":200,"url":"https:\/\/www.noticiasradioreflejos.com.ar\/2021\/wp-content\/uploads\/2021\/07\/logosol300x200.png","type":"image\/png"}],"author":"Arnaldo Botto","twitter_card":"summary_large_image","schema":{"@context":"https:\/\/schema.org","@graph":[{"@type":"WebPage","@id":"https:\/\/www.noticiasradioreflejos.com.ar\/2021\/la-receta-de-los-2-con-esteban-di-paola\/","url":"https:\/\/www.noticiasradioreflejos.com.ar\/2021\/la-receta-de-los-2-con-esteban-di-paola\/","name":"\"La receta de los 2\" - Bud\u00edn de lim\u00f3n con Esteban Di Paola - Noticias Radio Reflejos","isPartOf":{"@id":"https:\/\/www.noticiasradioreflejos.com.ar\/2021\/#website"},"datePublished":"2020-05-15T17:38:21+00:00","author":{"@id":"https:\/\/www.noticiasradioreflejos.com.ar\/2021\/#\/schema\/person\/ad82545263dcc5ec0996818884fd5fb1"},"breadcrumb":{"@id":"https:\/\/www.noticiasradioreflejos.com.ar\/2021\/la-receta-de-los-2-con-esteban-di-paola\/#breadcrumb"},"inLanguage":"es","potentialAction":[{"@type":"ReadAction","target":["https:\/\/www.noticiasradioreflejos.com.ar\/2021\/la-receta-de-los-2-con-esteban-di-paola\/"]}]},{"@type":"BreadcrumbList","@id":"https:\/\/www.noticiasradioreflejos.com.ar\/2021\/la-receta-de-los-2-con-esteban-di-paola\/#breadcrumb","itemListElement":[{"@type":"ListItem","position":1,"name":"Portada","item":"https:\/\/www.noticiasradioreflejos.com.ar\/2021\/"},{"@type":"ListItem","position":2,"name":"\u00abLa receta de los 2\u00bb &#8211; Bud\u00edn de lim\u00f3n con Esteban Di Paola"}]},{"@type":"WebSite","@id":"https:\/\/www.noticiasradioreflejos.com.ar\/2021\/#website","url":"https:\/\/www.noticiasradioreflejos.com.ar\/2021\/","name":"Noticias Radio Reflejos","description":"Las noticias de mi comarca","potentialAction":[{"@type":"SearchAction","target":{"@type":"EntryPoint","urlTemplate":"https:\/\/www.noticiasradioreflejos.com.ar\/2021\/?s={search_term_string}"},"query-input":{"@type":"PropertyValueSpecification","valueRequired":true,"valueName":"search_term_string"}}],"inLanguage":"es"},{"@type":"Person","@id":"https:\/\/www.noticiasradioreflejos.com.ar\/2021\/#\/schema\/person\/ad82545263dcc5ec0996818884fd5fb1","name":"Arnaldo Botto","image":{"@type":"ImageObject","inLanguage":"es","@id":"https:\/\/www.noticiasradioreflejos.com.ar\/2021\/#\/schema\/person\/image\/","url":"https:\/\/secure.gravatar.com\/avatar\/55cb5e37c1efa326397366e6974cb338056df65cb50e7d64d1cf314e87504837?s=96&d=mm&r=g","contentUrl":"https:\/\/secure.gravatar.com\/avatar\/55cb5e37c1efa326397366e6974cb338056df65cb50e7d64d1cf314e87504837?s=96&d=mm&r=g","caption":"Arnaldo Botto"},"url":"https:\/\/www.noticiasradioreflejos.com.ar\/2021\/author\/arnaldo\/"}]}},"_links":{"self":[{"href":"https:\/\/www.noticiasradioreflejos.com.ar\/2021\/wp-json\/wp\/v2\/posts\/42028","targetHints":{"allow":["GET"]}}],"collection":[{"href":"https:\/\/www.noticiasradioreflejos.com.ar\/2021\/wp-json\/wp\/v2\/posts"}],"about":[{"href":"https:\/\/www.noticiasradioreflejos.com.ar\/2021\/wp-json\/wp\/v2\/types\/post"}],"author":[{"embeddable":true,"href":"https:\/\/www.noticiasradioreflejos.com.ar\/2021\/wp-json\/wp\/v2\/users\/3"}],"replies":[{"embeddable":true,"href":"https:\/\/www.noticiasradioreflejos.com.ar\/2021\/wp-json\/wp\/v2\/comments?post=42028"}],"version-history":[{"count":0,"href":"https:\/\/www.noticiasradioreflejos.com.ar\/2021\/wp-json\/wp\/v2\/posts\/42028\/revisions"}],"wp:attachment":[{"href":"https:\/\/www.noticiasradioreflejos.com.ar\/2021\/wp-json\/wp\/v2\/media?parent=42028"}],"wp:term":[{"taxonomy":"category","embeddable":true,"href":"https:\/\/www.noticiasradioreflejos.com.ar\/2021\/wp-json\/wp\/v2\/categories?post=42028"},{"taxonomy":"post_tag","embeddable":true,"href":"https:\/\/www.noticiasradioreflejos.com.ar\/2021\/wp-json\/wp\/v2\/tags?post=42028"}],"curies":[{"name":"wp","href":"https:\/\/api.w.org\/{rel}","templated":true}]}}