{"id":42022,"date":"2020-05-15T14:12:23","date_gmt":"2020-05-15T17:12:23","guid":{"rendered":"http:\/\/www.noticiasradioreflejos.com.ar\/noticias\/?p=42022"},"modified":"2020-05-15T14:12:23","modified_gmt":"2020-05-15T17:12:23","slug":"se-lo-estan-tomando-muy-a-la-ligera-julieta-bedouret-desde-espana","status":"publish","type":"post","link":"https:\/\/www.noticiasradioreflejos.com.ar\/2021\/se-lo-estan-tomando-muy-a-la-ligera-julieta-bedouret-desde-espana\/","title":{"rendered":"\u00abSe lo est\u00e1n tomando muy a la ligera\u00bb &#8211; Julieta Bedouret, desde Espa\u00f1a"},"content":{"rendered":"<p><a href=\"http:\/\/www.noticiasradioreflejos.com.ar\/noticias\/wp-content\/uploads\/2020\/05\/julietabedouret.jpeg\"><img loading=\"lazy\" decoding=\"async\" class=\"alignleft size-full wp-image-42025\" src=\"http:\/\/www.noticiasradioreflejos.com.ar\/noticias\/wp-content\/uploads\/2020\/05\/julietabedouret.jpeg\" alt=\"julietabedouret\" width=\"520\" height=\"1024\" \/><\/a>Julieta Bedouret, trabajadora de la salud y oriunda de nuestra comarca, nos cuenta la realidad que se vive en Espa\u00f1a durante la pandemia. Nos da su punto de vista y su experiencia sobre la situaci\u00f3n actual, nos cuenta c\u00f3mo es trabajar en medio de una pandemia en uno de los focos de contagio m\u00e1s grandes del mundo y nos comenta la actitud que toma la poblaci\u00f3n Valenciana.<!--more--><\/p>\n<p>\u00abLa situaci\u00f3n es muy complicada. Hasta la semana pasada est\u00e1bamos en un estado en el cual no se pod\u00eda salir a hacer pr\u00e1cticamente nada. Pero ahora que se puede salir a la calle, la gente ha retomado una vida normal que es lo que m\u00e1s nos preocupa a los que trabajamos en salud\u00bb comenz\u00f3 explicando Julieta la situaci\u00f3n de Espa\u00f1a, \u00abseguimos teniendo cerca de los 300 muertos diarios\u00bb agreg\u00f3.<br \/>\nA lo largo de la nota, Julieta expresa su preocupaci\u00f3n por varios motivos. Ella es trabajadora de la salud y se encuentra muy expuesta al virus, y adem\u00e1s, la imprudencia de los ciudadanos hace que los espa\u00f1oles se encuentren en una situaci\u00f3n mucho m\u00e1s peligrosa. \u00abSe lo est\u00e1n tomando muy a la ligera\u00bb afirm\u00f3.<br \/>\nNos comunica que a partir del Lunes pasado, el 57% de la poblaci\u00f3n puede hacer una pseudo vida normal. Lo \u00fanico que se les proh\u00edbe es trasladarse a otras residencias, es decir, mudarse. \u00abEl n\u00famero alarmante ahora es de ni\u00f1os entre 0 a 9 a\u00f1os\u00bb coment\u00f3 novedosamente. Afirma que los padres no est\u00e1n teniendo el control de los ni\u00f1os. Salen a jugar, se juntan con otros chicos, salen en grupos y no hay control, \u00abes una inconsciencia\u00bb sentenci\u00f3.<br \/>\nCuando le preguntamos si la realidad que est\u00e1n viviendo es la realidad que nos muestran las noticias que nos llegan, ella contest\u00f3 \u00abla verdad absoluta no existe, todo depende del prisma con que se lo mire\u00bb. Nos cont\u00f3 que ella est\u00e1 trabajando 250 horas semanales debido al virus y que influye much\u00edsimo en su vida personal y en su humor. El aumento de horas semanales se debi\u00f3 a much\u00edsimas bajas de personal en varios centros de salud, entonces, quienes siguen trabajando deben cubrir esos huecos sanitarios. \u00abLo que m\u00e1s nos frustra es la actitud de los ciudadanos que no se comportan correctamente y adem\u00e1s se est\u00e1 ensuciando con el tema pol\u00edtico\u00bb expres\u00f3. Ella sostiene que la clave para esto es unirse entre todos y tirar para el mismo lado.<br \/>\nFinalmente, Julieta nos acerca la realidad de una persona que contrae coronavirus diciendo que son 3 o 4 semanas donde se la pasa muy mal, acostado boca abajo, con respirador y aislado, \u00abte aseguro que las personas que se han recuperado no les dan nada de ganas de volver a salir para la calle porque de verdad se la han pasado muy mal\u00bb.<br \/>\n<iframe loading=\"lazy\" src=\"https:\/\/w.soundcloud.com\/player\/?url=https%3A\/\/api.soundcloud.com\/tracks\/821061619&amp;color=%23ff5500&amp;auto_play=false&amp;hide_related=false&amp;show_comments=true&amp;show_user=true&amp;show_reposts=false&amp;show_teaser=true\" width=\"100%\" height=\"166\" frameborder=\"no\" scrolling=\"no\"><\/iframe><\/p>\n","protected":false},"excerpt":{"rendered":"<p>Julieta Bedouret, trabajadora de la salud y oriunda de nuestra comarca, nos cuenta la realidad que se vive en Espa\u00f1a durante la pandemia. Nos da su punto de vista y su experiencia sobre la situaci\u00f3n actual, nos cuenta c\u00f3mo es trabajar en medio de una pandemia en uno de los focos de contagio m\u00e1s grandes [&hellip;]<\/p>\n","protected":false},"author":3,"featured_media":0,"comment_status":"closed","ping_status":"open","sticky":false,"template":"","format":"standard","meta":{"footnotes":""},"categories":[30,26],"tags":[],"class_list":["post-42022","post","type-post","status-publish","format-standard","hentry","category-salud","category-sociedad"],"yoast_head":"<!-- This site is optimized with the Yoast SEO plugin v25.9 - https:\/\/yoast.com\/wordpress\/plugins\/seo\/ -->\n<title>&quot;Se lo est\u00e1n tomando muy a la ligera&quot; - Julieta Bedouret, desde Espa\u00f1a - Noticias Radio Reflejos<\/title>\n<meta name=\"robots\" content=\"index, follow, max-snippet:-1, max-image-preview:large, max-video-preview:-1\" \/>\n<link rel=\"canonical\" href=\"https:\/\/www.noticiasradioreflejos.com.ar\/2021\/se-lo-estan-tomando-muy-a-la-ligera-julieta-bedouret-desde-espana\/\" \/>\n<meta property=\"og:locale\" content=\"es_ES\" \/>\n<meta property=\"og:type\" content=\"article\" \/>\n<meta property=\"og:title\" content=\"&quot;Se lo est\u00e1n tomando muy a la ligera&quot; - Julieta Bedouret, desde Espa\u00f1a - Noticias Radio Reflejos\" \/>\n<meta property=\"og:description\" content=\"Julieta Bedouret, trabajadora de la salud y oriunda de nuestra comarca, nos cuenta la realidad que se vive en Espa\u00f1a durante la pandemia. Nos da su punto de vista y su experiencia sobre la situaci\u00f3n actual, nos cuenta c\u00f3mo es trabajar en medio de una pandemia en uno de los focos de contagio m\u00e1s grandes [&hellip;]\" \/>\n<meta property=\"og:url\" content=\"https:\/\/www.noticiasradioreflejos.com.ar\/2021\/se-lo-estan-tomando-muy-a-la-ligera-julieta-bedouret-desde-espana\/\" \/>\n<meta property=\"og:site_name\" content=\"Noticias Radio Reflejos\" \/>\n<meta property=\"article:published_time\" content=\"2020-05-15T17:12:23+00:00\" \/>\n<meta property=\"og:image\" content=\"https:\/\/www.noticiasradioreflejos.com.ar\/2021\/wp-content\/uploads\/2021\/07\/logosol300x200.png\" \/>\n\t<meta property=\"og:image:width\" content=\"300\" \/>\n\t<meta property=\"og:image:height\" content=\"200\" \/>\n\t<meta property=\"og:image:type\" content=\"image\/png\" \/>\n<meta name=\"author\" content=\"Arnaldo Botto\" \/>\n<meta name=\"twitter:card\" content=\"summary_large_image\" \/>\n<script type=\"application\/ld+json\" class=\"yoast-schema-graph\">{\"@context\":\"https:\/\/schema.org\",\"@graph\":[{\"@type\":\"WebPage\",\"@id\":\"https:\/\/www.noticiasradioreflejos.com.ar\/2021\/se-lo-estan-tomando-muy-a-la-ligera-julieta-bedouret-desde-espana\/\",\"url\":\"https:\/\/www.noticiasradioreflejos.com.ar\/2021\/se-lo-estan-tomando-muy-a-la-ligera-julieta-bedouret-desde-espana\/\",\"name\":\"\\\"Se lo est\u00e1n tomando muy a la ligera\\\" - Julieta Bedouret, desde Espa\u00f1a - Noticias Radio Reflejos\",\"isPartOf\":{\"@id\":\"https:\/\/www.noticiasradioreflejos.com.ar\/2021\/#website\"},\"primaryImageOfPage\":{\"@id\":\"https:\/\/www.noticiasradioreflejos.com.ar\/2021\/se-lo-estan-tomando-muy-a-la-ligera-julieta-bedouret-desde-espana\/#primaryimage\"},\"image\":{\"@id\":\"https:\/\/www.noticiasradioreflejos.com.ar\/2021\/se-lo-estan-tomando-muy-a-la-ligera-julieta-bedouret-desde-espana\/#primaryimage\"},\"thumbnailUrl\":\"http:\/\/www.noticiasradioreflejos.com.ar\/noticias\/wp-content\/uploads\/2020\/05\/julietabedouret.jpeg\",\"datePublished\":\"2020-05-15T17:12:23+00:00\",\"author\":{\"@id\":\"https:\/\/www.noticiasradioreflejos.com.ar\/2021\/#\/schema\/person\/ad82545263dcc5ec0996818884fd5fb1\"},\"breadcrumb\":{\"@id\":\"https:\/\/www.noticiasradioreflejos.com.ar\/2021\/se-lo-estan-tomando-muy-a-la-ligera-julieta-bedouret-desde-espana\/#breadcrumb\"},\"inLanguage\":\"es\",\"potentialAction\":[{\"@type\":\"ReadAction\",\"target\":[\"https:\/\/www.noticiasradioreflejos.com.ar\/2021\/se-lo-estan-tomando-muy-a-la-ligera-julieta-bedouret-desde-espana\/\"]}]},{\"@type\":\"ImageObject\",\"inLanguage\":\"es\",\"@id\":\"https:\/\/www.noticiasradioreflejos.com.ar\/2021\/se-lo-estan-tomando-muy-a-la-ligera-julieta-bedouret-desde-espana\/#primaryimage\",\"url\":\"http:\/\/www.noticiasradioreflejos.com.ar\/noticias\/wp-content\/uploads\/2020\/05\/julietabedouret.jpeg\",\"contentUrl\":\"http:\/\/www.noticiasradioreflejos.com.ar\/noticias\/wp-content\/uploads\/2020\/05\/julietabedouret.jpeg\"},{\"@type\":\"BreadcrumbList\",\"@id\":\"https:\/\/www.noticiasradioreflejos.com.ar\/2021\/se-lo-estan-tomando-muy-a-la-ligera-julieta-bedouret-desde-espana\/#breadcrumb\",\"itemListElement\":[{\"@type\":\"ListItem\",\"position\":1,\"name\":\"Portada\",\"item\":\"https:\/\/www.noticiasradioreflejos.com.ar\/2021\/\"},{\"@type\":\"ListItem\",\"position\":2,\"name\":\"\u00abSe lo est\u00e1n tomando muy a la ligera\u00bb &#8211; Julieta Bedouret, desde Espa\u00f1a\"}]},{\"@type\":\"WebSite\",\"@id\":\"https:\/\/www.noticiasradioreflejos.com.ar\/2021\/#website\",\"url\":\"https:\/\/www.noticiasradioreflejos.com.ar\/2021\/\",\"name\":\"Noticias Radio Reflejos\",\"description\":\"Las noticias de mi comarca\",\"potentialAction\":[{\"@type\":\"SearchAction\",\"target\":{\"@type\":\"EntryPoint\",\"urlTemplate\":\"https:\/\/www.noticiasradioreflejos.com.ar\/2021\/?s={search_term_string}\"},\"query-input\":{\"@type\":\"PropertyValueSpecification\",\"valueRequired\":true,\"valueName\":\"search_term_string\"}}],\"inLanguage\":\"es\"},{\"@type\":\"Person\",\"@id\":\"https:\/\/www.noticiasradioreflejos.com.ar\/2021\/#\/schema\/person\/ad82545263dcc5ec0996818884fd5fb1\",\"name\":\"Arnaldo Botto\",\"image\":{\"@type\":\"ImageObject\",\"inLanguage\":\"es\",\"@id\":\"https:\/\/www.noticiasradioreflejos.com.ar\/2021\/#\/schema\/person\/image\/\",\"url\":\"https:\/\/secure.gravatar.com\/avatar\/55cb5e37c1efa326397366e6974cb338056df65cb50e7d64d1cf314e87504837?s=96&d=mm&r=g\",\"contentUrl\":\"https:\/\/secure.gravatar.com\/avatar\/55cb5e37c1efa326397366e6974cb338056df65cb50e7d64d1cf314e87504837?s=96&d=mm&r=g\",\"caption\":\"Arnaldo Botto\"},\"url\":\"https:\/\/www.noticiasradioreflejos.com.ar\/2021\/author\/arnaldo\/\"}]}<\/script>\n<!-- \/ Yoast SEO plugin. -->","yoast_head_json":{"title":"\"Se lo est\u00e1n tomando muy a la ligera\" - Julieta Bedouret, desde Espa\u00f1a - Noticias Radio Reflejos","robots":{"index":"index","follow":"follow","max-snippet":"max-snippet:-1","max-image-preview":"max-image-preview:large","max-video-preview":"max-video-preview:-1"},"canonical":"https:\/\/www.noticiasradioreflejos.com.ar\/2021\/se-lo-estan-tomando-muy-a-la-ligera-julieta-bedouret-desde-espana\/","og_locale":"es_ES","og_type":"article","og_title":"\"Se lo est\u00e1n tomando muy a la ligera\" - Julieta Bedouret, desde Espa\u00f1a - Noticias Radio Reflejos","og_description":"Julieta Bedouret, trabajadora de la salud y oriunda de nuestra comarca, nos cuenta la realidad que se vive en Espa\u00f1a durante la pandemia. Nos da su punto de vista y su experiencia sobre la situaci\u00f3n actual, nos cuenta c\u00f3mo es trabajar en medio de una pandemia en uno de los focos de contagio m\u00e1s grandes [&hellip;]","og_url":"https:\/\/www.noticiasradioreflejos.com.ar\/2021\/se-lo-estan-tomando-muy-a-la-ligera-julieta-bedouret-desde-espana\/","og_site_name":"Noticias Radio Reflejos","article_published_time":"2020-05-15T17:12:23+00:00","og_image":[{"width":300,"height":200,"url":"https:\/\/www.noticiasradioreflejos.com.ar\/2021\/wp-content\/uploads\/2021\/07\/logosol300x200.png","type":"image\/png"}],"author":"Arnaldo Botto","twitter_card":"summary_large_image","schema":{"@context":"https:\/\/schema.org","@graph":[{"@type":"WebPage","@id":"https:\/\/www.noticiasradioreflejos.com.ar\/2021\/se-lo-estan-tomando-muy-a-la-ligera-julieta-bedouret-desde-espana\/","url":"https:\/\/www.noticiasradioreflejos.com.ar\/2021\/se-lo-estan-tomando-muy-a-la-ligera-julieta-bedouret-desde-espana\/","name":"\"Se lo est\u00e1n tomando muy a la ligera\" - Julieta Bedouret, desde Espa\u00f1a - Noticias Radio Reflejos","isPartOf":{"@id":"https:\/\/www.noticiasradioreflejos.com.ar\/2021\/#website"},"primaryImageOfPage":{"@id":"https:\/\/www.noticiasradioreflejos.com.ar\/2021\/se-lo-estan-tomando-muy-a-la-ligera-julieta-bedouret-desde-espana\/#primaryimage"},"image":{"@id":"https:\/\/www.noticiasradioreflejos.com.ar\/2021\/se-lo-estan-tomando-muy-a-la-ligera-julieta-bedouret-desde-espana\/#primaryimage"},"thumbnailUrl":"http:\/\/www.noticiasradioreflejos.com.ar\/noticias\/wp-content\/uploads\/2020\/05\/julietabedouret.jpeg","datePublished":"2020-05-15T17:12:23+00:00","author":{"@id":"https:\/\/www.noticiasradioreflejos.com.ar\/2021\/#\/schema\/person\/ad82545263dcc5ec0996818884fd5fb1"},"breadcrumb":{"@id":"https:\/\/www.noticiasradioreflejos.com.ar\/2021\/se-lo-estan-tomando-muy-a-la-ligera-julieta-bedouret-desde-espana\/#breadcrumb"},"inLanguage":"es","potentialAction":[{"@type":"ReadAction","target":["https:\/\/www.noticiasradioreflejos.com.ar\/2021\/se-lo-estan-tomando-muy-a-la-ligera-julieta-bedouret-desde-espana\/"]}]},{"@type":"ImageObject","inLanguage":"es","@id":"https:\/\/www.noticiasradioreflejos.com.ar\/2021\/se-lo-estan-tomando-muy-a-la-ligera-julieta-bedouret-desde-espana\/#primaryimage","url":"http:\/\/www.noticiasradioreflejos.com.ar\/noticias\/wp-content\/uploads\/2020\/05\/julietabedouret.jpeg","contentUrl":"http:\/\/www.noticiasradioreflejos.com.ar\/noticias\/wp-content\/uploads\/2020\/05\/julietabedouret.jpeg"},{"@type":"BreadcrumbList","@id":"https:\/\/www.noticiasradioreflejos.com.ar\/2021\/se-lo-estan-tomando-muy-a-la-ligera-julieta-bedouret-desde-espana\/#breadcrumb","itemListElement":[{"@type":"ListItem","position":1,"name":"Portada","item":"https:\/\/www.noticiasradioreflejos.com.ar\/2021\/"},{"@type":"ListItem","position":2,"name":"\u00abSe lo est\u00e1n tomando muy a la ligera\u00bb &#8211; Julieta Bedouret, desde Espa\u00f1a"}]},{"@type":"WebSite","@id":"https:\/\/www.noticiasradioreflejos.com.ar\/2021\/#website","url":"https:\/\/www.noticiasradioreflejos.com.ar\/2021\/","name":"Noticias Radio Reflejos","description":"Las noticias de mi comarca","potentialAction":[{"@type":"SearchAction","target":{"@type":"EntryPoint","urlTemplate":"https:\/\/www.noticiasradioreflejos.com.ar\/2021\/?s={search_term_string}"},"query-input":{"@type":"PropertyValueSpecification","valueRequired":true,"valueName":"search_term_string"}}],"inLanguage":"es"},{"@type":"Person","@id":"https:\/\/www.noticiasradioreflejos.com.ar\/2021\/#\/schema\/person\/ad82545263dcc5ec0996818884fd5fb1","name":"Arnaldo Botto","image":{"@type":"ImageObject","inLanguage":"es","@id":"https:\/\/www.noticiasradioreflejos.com.ar\/2021\/#\/schema\/person\/image\/","url":"https:\/\/secure.gravatar.com\/avatar\/55cb5e37c1efa326397366e6974cb338056df65cb50e7d64d1cf314e87504837?s=96&d=mm&r=g","contentUrl":"https:\/\/secure.gravatar.com\/avatar\/55cb5e37c1efa326397366e6974cb338056df65cb50e7d64d1cf314e87504837?s=96&d=mm&r=g","caption":"Arnaldo Botto"},"url":"https:\/\/www.noticiasradioreflejos.com.ar\/2021\/author\/arnaldo\/"}]}},"_links":{"self":[{"href":"https:\/\/www.noticiasradioreflejos.com.ar\/2021\/wp-json\/wp\/v2\/posts\/42022","targetHints":{"allow":["GET"]}}],"collection":[{"href":"https:\/\/www.noticiasradioreflejos.com.ar\/2021\/wp-json\/wp\/v2\/posts"}],"about":[{"href":"https:\/\/www.noticiasradioreflejos.com.ar\/2021\/wp-json\/wp\/v2\/types\/post"}],"author":[{"embeddable":true,"href":"https:\/\/www.noticiasradioreflejos.com.ar\/2021\/wp-json\/wp\/v2\/users\/3"}],"replies":[{"embeddable":true,"href":"https:\/\/www.noticiasradioreflejos.com.ar\/2021\/wp-json\/wp\/v2\/comments?post=42022"}],"version-history":[{"count":0,"href":"https:\/\/www.noticiasradioreflejos.com.ar\/2021\/wp-json\/wp\/v2\/posts\/42022\/revisions"}],"wp:attachment":[{"href":"https:\/\/www.noticiasradioreflejos.com.ar\/2021\/wp-json\/wp\/v2\/media?parent=42022"}],"wp:term":[{"taxonomy":"category","embeddable":true,"href":"https:\/\/www.noticiasradioreflejos.com.ar\/2021\/wp-json\/wp\/v2\/categories?post=42022"},{"taxonomy":"post_tag","embeddable":true,"href":"https:\/\/www.noticiasradioreflejos.com.ar\/2021\/wp-json\/wp\/v2\/tags?post=42022"}],"curies":[{"name":"wp","href":"https:\/\/api.w.org\/{rel}","templated":true}]}}