{"id":42020,"date":"2020-05-15T13:25:06","date_gmt":"2020-05-15T16:25:06","guid":{"rendered":"http:\/\/www.noticiasradioreflejos.com.ar\/noticias\/?p=42020"},"modified":"2020-05-15T13:25:06","modified_gmt":"2020-05-15T16:25:06","slug":"el-enre-dispuso-medidas-para-bajar-costos-energeticos-de-comercios-e-industrias","status":"publish","type":"post","link":"https:\/\/www.noticiasradioreflejos.com.ar\/2021\/el-enre-dispuso-medidas-para-bajar-costos-energeticos-de-comercios-e-industrias\/","title":{"rendered":"El Enre dispuso medidas para bajar costos energ\u00e9ticos de comercios e industrias"},"content":{"rendered":"<p>El Ente Nacional Regulador de la Electricidad (Enre) estableci\u00f3 hoy nuevos par\u00e1metros para resguardar a usuarios y usuarias comerciales e industriales, incluida la industria cultural, que \u201cpodr\u00e1n solicitar la suspensi\u00f3n o renuncia de la potencia contratada\u00bb mientras dure el aislamiento social, preventivo y obligatorio por el coronavirus. La medida, prevista en la resoluci\u00f3n N\u00b0 35\/2020, incluye a \u201caquellos usuarios y usuarias de las categor\u00edas T2, T3 y peaje que hayan sufrido una ca\u00edda del 50% o m\u00e1s en su demanda de energ\u00eda\u201d.<!--more--><\/p>\n<p>El Enre tambi\u00e9n dispuso que \u201clas deudas que se generen durante la suspensi\u00f3n ser\u00e1n abonadas mediante planes de pago en base a pautas establecidas oportunamente por el Ente\u201d.<\/p>\n<p>La medida contempla que aquellos usuarios o usuarias que opten por resolver total o parcialmente el contrato de potencia, o soliciten su readecuaci\u00f3n, \u201cno ser\u00e1n pasibles de las penalidades previstas en el marco regulatorio vigente\u201d.<\/p>\n<p>Desde el Enre indicaron que la situaci\u00f3n justificaron la decisi\u00f3n \u201cante la situaci\u00f3n extraordinaria e imprevista que afronta el sector en el marco de la emergencia sanitaria por la Covid-19, y en un contexto de alteraci\u00f3n en la actividad econ\u00f3mica y, como consecuencia, de la demanda de energ\u00eda el\u00e9ctrica\u201d.<\/p>\n<p>La resoluci\u00f3n \u201cforma parte de un conjunto de iniciativas impulsadas por el Gobierno nacional, orientadas a aliviar la situaci\u00f3n del sector productivo, comercial y cultural en el marco de la pandemia de coronavirus\u201d, explic\u00f3 el Ente.<\/p>\n<p>Un comunicado del organismo remarc\u00f3 que \u201clos comercios, industrias y pymes son uno de los sectores m\u00e1s afectados como consecuencia de la emergencia sanitaria actual\u201d.<\/p>\n<p>\u201cAnte esta realidad, y ante la necesidad de atenuar el costo energ\u00e9tico para estas actividades, el Enre defini\u00f3 sacar esta resoluci\u00f3n como una medida de protecci\u00f3n al sector\u201d, resumi\u00f3.<\/p>\n","protected":false},"excerpt":{"rendered":"<p>El Ente Nacional Regulador de la Electricidad (Enre) estableci\u00f3 hoy nuevos par\u00e1metros para resguardar a usuarios y usuarias comerciales e industriales, incluida la industria cultural, que \u201cpodr\u00e1n solicitar la suspensi\u00f3n o renuncia de la potencia contratada\u00bb mientras dure el aislamiento social, preventivo y obligatorio por el coronavirus. La medida, prevista en la resoluci\u00f3n N\u00b0 35\/2020, [&hellip;]<\/p>\n","protected":false},"author":3,"featured_media":0,"comment_status":"closed","ping_status":"open","sticky":false,"template":"","format":"standard","meta":{"footnotes":""},"categories":[36],"tags":[],"class_list":["post-42020","post","type-post","status-publish","format-standard","hentry","category-economia"],"yoast_head":"<!-- This site is optimized with the Yoast SEO plugin v25.9 - https:\/\/yoast.com\/wordpress\/plugins\/seo\/ -->\n<title>El Enre dispuso medidas para bajar costos energ\u00e9ticos de comercios e industrias - Noticias Radio Reflejos<\/title>\n<meta name=\"robots\" content=\"index, follow, max-snippet:-1, max-image-preview:large, max-video-preview:-1\" \/>\n<link rel=\"canonical\" href=\"https:\/\/www.noticiasradioreflejos.com.ar\/2021\/el-enre-dispuso-medidas-para-bajar-costos-energeticos-de-comercios-e-industrias\/\" \/>\n<meta property=\"og:locale\" content=\"es_ES\" \/>\n<meta property=\"og:type\" content=\"article\" \/>\n<meta property=\"og:title\" content=\"El Enre dispuso medidas para bajar costos energ\u00e9ticos de comercios e industrias - Noticias Radio Reflejos\" \/>\n<meta property=\"og:description\" content=\"El Ente Nacional Regulador de la Electricidad (Enre) estableci\u00f3 hoy nuevos par\u00e1metros para resguardar a usuarios y usuarias comerciales e industriales, incluida la industria cultural, que \u201cpodr\u00e1n solicitar la suspensi\u00f3n o renuncia de la potencia contratada\u00bb mientras dure el aislamiento social, preventivo y obligatorio por el coronavirus. La medida, prevista en la resoluci\u00f3n N\u00b0 35\/2020, [&hellip;]\" \/>\n<meta property=\"og:url\" content=\"https:\/\/www.noticiasradioreflejos.com.ar\/2021\/el-enre-dispuso-medidas-para-bajar-costos-energeticos-de-comercios-e-industrias\/\" \/>\n<meta property=\"og:site_name\" content=\"Noticias Radio Reflejos\" \/>\n<meta property=\"article:published_time\" content=\"2020-05-15T16:25:06+00:00\" \/>\n<meta property=\"og:image\" content=\"https:\/\/www.noticiasradioreflejos.com.ar\/2021\/wp-content\/uploads\/2021\/07\/logosol300x200.png\" \/>\n\t<meta property=\"og:image:width\" content=\"300\" \/>\n\t<meta property=\"og:image:height\" content=\"200\" \/>\n\t<meta property=\"og:image:type\" content=\"image\/png\" \/>\n<meta name=\"author\" content=\"Arnaldo Botto\" \/>\n<meta name=\"twitter:card\" content=\"summary_large_image\" \/>\n<script type=\"application\/ld+json\" class=\"yoast-schema-graph\">{\"@context\":\"https:\/\/schema.org\",\"@graph\":[{\"@type\":\"WebPage\",\"@id\":\"https:\/\/www.noticiasradioreflejos.com.ar\/2021\/el-enre-dispuso-medidas-para-bajar-costos-energeticos-de-comercios-e-industrias\/\",\"url\":\"https:\/\/www.noticiasradioreflejos.com.ar\/2021\/el-enre-dispuso-medidas-para-bajar-costos-energeticos-de-comercios-e-industrias\/\",\"name\":\"El Enre dispuso medidas para bajar costos energ\u00e9ticos de comercios e industrias - Noticias Radio Reflejos\",\"isPartOf\":{\"@id\":\"https:\/\/www.noticiasradioreflejos.com.ar\/2021\/#website\"},\"datePublished\":\"2020-05-15T16:25:06+00:00\",\"author\":{\"@id\":\"https:\/\/www.noticiasradioreflejos.com.ar\/2021\/#\/schema\/person\/ad82545263dcc5ec0996818884fd5fb1\"},\"breadcrumb\":{\"@id\":\"https:\/\/www.noticiasradioreflejos.com.ar\/2021\/el-enre-dispuso-medidas-para-bajar-costos-energeticos-de-comercios-e-industrias\/#breadcrumb\"},\"inLanguage\":\"es\",\"potentialAction\":[{\"@type\":\"ReadAction\",\"target\":[\"https:\/\/www.noticiasradioreflejos.com.ar\/2021\/el-enre-dispuso-medidas-para-bajar-costos-energeticos-de-comercios-e-industrias\/\"]}]},{\"@type\":\"BreadcrumbList\",\"@id\":\"https:\/\/www.noticiasradioreflejos.com.ar\/2021\/el-enre-dispuso-medidas-para-bajar-costos-energeticos-de-comercios-e-industrias\/#breadcrumb\",\"itemListElement\":[{\"@type\":\"ListItem\",\"position\":1,\"name\":\"Portada\",\"item\":\"https:\/\/www.noticiasradioreflejos.com.ar\/2021\/\"},{\"@type\":\"ListItem\",\"position\":2,\"name\":\"El Enre dispuso medidas para bajar costos energ\u00e9ticos de comercios e industrias\"}]},{\"@type\":\"WebSite\",\"@id\":\"https:\/\/www.noticiasradioreflejos.com.ar\/2021\/#website\",\"url\":\"https:\/\/www.noticiasradioreflejos.com.ar\/2021\/\",\"name\":\"Noticias Radio Reflejos\",\"description\":\"Las noticias de mi comarca\",\"potentialAction\":[{\"@type\":\"SearchAction\",\"target\":{\"@type\":\"EntryPoint\",\"urlTemplate\":\"https:\/\/www.noticiasradioreflejos.com.ar\/2021\/?s={search_term_string}\"},\"query-input\":{\"@type\":\"PropertyValueSpecification\",\"valueRequired\":true,\"valueName\":\"search_term_string\"}}],\"inLanguage\":\"es\"},{\"@type\":\"Person\",\"@id\":\"https:\/\/www.noticiasradioreflejos.com.ar\/2021\/#\/schema\/person\/ad82545263dcc5ec0996818884fd5fb1\",\"name\":\"Arnaldo Botto\",\"image\":{\"@type\":\"ImageObject\",\"inLanguage\":\"es\",\"@id\":\"https:\/\/www.noticiasradioreflejos.com.ar\/2021\/#\/schema\/person\/image\/\",\"url\":\"https:\/\/secure.gravatar.com\/avatar\/55cb5e37c1efa326397366e6974cb338056df65cb50e7d64d1cf314e87504837?s=96&d=mm&r=g\",\"contentUrl\":\"https:\/\/secure.gravatar.com\/avatar\/55cb5e37c1efa326397366e6974cb338056df65cb50e7d64d1cf314e87504837?s=96&d=mm&r=g\",\"caption\":\"Arnaldo Botto\"},\"url\":\"https:\/\/www.noticiasradioreflejos.com.ar\/2021\/author\/arnaldo\/\"}]}<\/script>\n<!-- \/ Yoast SEO plugin. -->","yoast_head_json":{"title":"El Enre dispuso medidas para bajar costos energ\u00e9ticos de comercios e industrias - Noticias Radio Reflejos","robots":{"index":"index","follow":"follow","max-snippet":"max-snippet:-1","max-image-preview":"max-image-preview:large","max-video-preview":"max-video-preview:-1"},"canonical":"https:\/\/www.noticiasradioreflejos.com.ar\/2021\/el-enre-dispuso-medidas-para-bajar-costos-energeticos-de-comercios-e-industrias\/","og_locale":"es_ES","og_type":"article","og_title":"El Enre dispuso medidas para bajar costos energ\u00e9ticos de comercios e industrias - Noticias Radio Reflejos","og_description":"El Ente Nacional Regulador de la Electricidad (Enre) estableci\u00f3 hoy nuevos par\u00e1metros para resguardar a usuarios y usuarias comerciales e industriales, incluida la industria cultural, que \u201cpodr\u00e1n solicitar la suspensi\u00f3n o renuncia de la potencia contratada\u00bb mientras dure el aislamiento social, preventivo y obligatorio por el coronavirus. La medida, prevista en la resoluci\u00f3n N\u00b0 35\/2020, [&hellip;]","og_url":"https:\/\/www.noticiasradioreflejos.com.ar\/2021\/el-enre-dispuso-medidas-para-bajar-costos-energeticos-de-comercios-e-industrias\/","og_site_name":"Noticias Radio Reflejos","article_published_time":"2020-05-15T16:25:06+00:00","og_image":[{"width":300,"height":200,"url":"https:\/\/www.noticiasradioreflejos.com.ar\/2021\/wp-content\/uploads\/2021\/07\/logosol300x200.png","type":"image\/png"}],"author":"Arnaldo Botto","twitter_card":"summary_large_image","schema":{"@context":"https:\/\/schema.org","@graph":[{"@type":"WebPage","@id":"https:\/\/www.noticiasradioreflejos.com.ar\/2021\/el-enre-dispuso-medidas-para-bajar-costos-energeticos-de-comercios-e-industrias\/","url":"https:\/\/www.noticiasradioreflejos.com.ar\/2021\/el-enre-dispuso-medidas-para-bajar-costos-energeticos-de-comercios-e-industrias\/","name":"El Enre dispuso medidas para bajar costos energ\u00e9ticos de comercios e industrias - Noticias Radio Reflejos","isPartOf":{"@id":"https:\/\/www.noticiasradioreflejos.com.ar\/2021\/#website"},"datePublished":"2020-05-15T16:25:06+00:00","author":{"@id":"https:\/\/www.noticiasradioreflejos.com.ar\/2021\/#\/schema\/person\/ad82545263dcc5ec0996818884fd5fb1"},"breadcrumb":{"@id":"https:\/\/www.noticiasradioreflejos.com.ar\/2021\/el-enre-dispuso-medidas-para-bajar-costos-energeticos-de-comercios-e-industrias\/#breadcrumb"},"inLanguage":"es","potentialAction":[{"@type":"ReadAction","target":["https:\/\/www.noticiasradioreflejos.com.ar\/2021\/el-enre-dispuso-medidas-para-bajar-costos-energeticos-de-comercios-e-industrias\/"]}]},{"@type":"BreadcrumbList","@id":"https:\/\/www.noticiasradioreflejos.com.ar\/2021\/el-enre-dispuso-medidas-para-bajar-costos-energeticos-de-comercios-e-industrias\/#breadcrumb","itemListElement":[{"@type":"ListItem","position":1,"name":"Portada","item":"https:\/\/www.noticiasradioreflejos.com.ar\/2021\/"},{"@type":"ListItem","position":2,"name":"El Enre dispuso medidas para bajar costos energ\u00e9ticos de comercios e industrias"}]},{"@type":"WebSite","@id":"https:\/\/www.noticiasradioreflejos.com.ar\/2021\/#website","url":"https:\/\/www.noticiasradioreflejos.com.ar\/2021\/","name":"Noticias Radio Reflejos","description":"Las noticias de mi comarca","potentialAction":[{"@type":"SearchAction","target":{"@type":"EntryPoint","urlTemplate":"https:\/\/www.noticiasradioreflejos.com.ar\/2021\/?s={search_term_string}"},"query-input":{"@type":"PropertyValueSpecification","valueRequired":true,"valueName":"search_term_string"}}],"inLanguage":"es"},{"@type":"Person","@id":"https:\/\/www.noticiasradioreflejos.com.ar\/2021\/#\/schema\/person\/ad82545263dcc5ec0996818884fd5fb1","name":"Arnaldo Botto","image":{"@type":"ImageObject","inLanguage":"es","@id":"https:\/\/www.noticiasradioreflejos.com.ar\/2021\/#\/schema\/person\/image\/","url":"https:\/\/secure.gravatar.com\/avatar\/55cb5e37c1efa326397366e6974cb338056df65cb50e7d64d1cf314e87504837?s=96&d=mm&r=g","contentUrl":"https:\/\/secure.gravatar.com\/avatar\/55cb5e37c1efa326397366e6974cb338056df65cb50e7d64d1cf314e87504837?s=96&d=mm&r=g","caption":"Arnaldo Botto"},"url":"https:\/\/www.noticiasradioreflejos.com.ar\/2021\/author\/arnaldo\/"}]}},"_links":{"self":[{"href":"https:\/\/www.noticiasradioreflejos.com.ar\/2021\/wp-json\/wp\/v2\/posts\/42020","targetHints":{"allow":["GET"]}}],"collection":[{"href":"https:\/\/www.noticiasradioreflejos.com.ar\/2021\/wp-json\/wp\/v2\/posts"}],"about":[{"href":"https:\/\/www.noticiasradioreflejos.com.ar\/2021\/wp-json\/wp\/v2\/types\/post"}],"author":[{"embeddable":true,"href":"https:\/\/www.noticiasradioreflejos.com.ar\/2021\/wp-json\/wp\/v2\/users\/3"}],"replies":[{"embeddable":true,"href":"https:\/\/www.noticiasradioreflejos.com.ar\/2021\/wp-json\/wp\/v2\/comments?post=42020"}],"version-history":[{"count":0,"href":"https:\/\/www.noticiasradioreflejos.com.ar\/2021\/wp-json\/wp\/v2\/posts\/42020\/revisions"}],"wp:attachment":[{"href":"https:\/\/www.noticiasradioreflejos.com.ar\/2021\/wp-json\/wp\/v2\/media?parent=42020"}],"wp:term":[{"taxonomy":"category","embeddable":true,"href":"https:\/\/www.noticiasradioreflejos.com.ar\/2021\/wp-json\/wp\/v2\/categories?post=42020"},{"taxonomy":"post_tag","embeddable":true,"href":"https:\/\/www.noticiasradioreflejos.com.ar\/2021\/wp-json\/wp\/v2\/tags?post=42020"}],"curies":[{"name":"wp","href":"https:\/\/api.w.org\/{rel}","templated":true}]}}