{"id":42017,"date":"2020-05-15T12:56:06","date_gmt":"2020-05-15T15:56:06","guid":{"rendered":"http:\/\/www.noticiasradioreflejos.com.ar\/noticias\/?p=42017"},"modified":"2020-05-15T12:56:06","modified_gmt":"2020-05-15T15:56:06","slug":"el-centro-de-jubilados-de-sierra-de-la-ventana-informa-que-no-se-entregaran-los-bolsos-de-pami","status":"publish","type":"post","link":"https:\/\/www.noticiasradioreflejos.com.ar\/2021\/el-centro-de-jubilados-de-sierra-de-la-ventana-informa-que-no-se-entregaran-los-bolsos-de-pami\/","title":{"rendered":"El Centro de Jubilados de Sierra de la Ventana informa que no se entregar\u00e1n los Bolsos de PAMI."},"content":{"rendered":"<p>Comunicado del Centro de Jubilados y Pensionados de Sierra de la Ventana.<!--more--><\/p>\n<p>EL CENTRO DE JUBILADOS Y PENSIONADOS DE SIERRA DE LA VENTANA INFORMA A SUS ASOCIADOS BENEFICIARIOS DEL BOLSO DE ALIMENTOS, QUE NO SE ENTREGAR\u00c1 EL MENCIONADO BOLSO EN ESA SEDE SOCIAL, dado que: El Instituto Nacional de Servicios Sociales para Jubilados y Pensionados (PAMI) inform\u00f3 que la suma extraordinaria -que arranca en los $1.600- que percibir\u00e1n los afiliados en reemplazo de los bolsones de alimentos, se incorporar\u00e1 a los recibos de haberes y se abonar\u00e1 de acuerdo a un cronograma establecido seg\u00fan la terminaci\u00f3n del DNI.<\/p>\n<p>El cronograma establecido, a trav\u00e9s de un convenio con la Anses, para el mes de mayo, es el siguiente:<br \/>\nViernes 15: DNI terminados en 0 y 5.<br \/>\nLunes 18: DNI terminados en 1 y 6.<br \/>\nMartes 19: DNI terminados en 2 y 7.<br \/>\nMi\u00e9rcoles 20: DNI terminados en 3 y 8.<br \/>\nJueves 21: DNI terminados en 4 y 9.<\/p>\n","protected":false},"excerpt":{"rendered":"<p>Comunicado del Centro de Jubilados y Pensionados de Sierra de la Ventana.<\/p>\n","protected":false},"author":3,"featured_media":38759,"comment_status":"closed","ping_status":"open","sticky":false,"template":"","format":"standard","meta":{"footnotes":""},"categories":[26],"tags":[],"class_list":["post-42017","post","type-post","status-publish","format-standard","has-post-thumbnail","hentry","category-sociedad"],"yoast_head":"<!-- This site is optimized with the Yoast SEO plugin v25.9 - https:\/\/yoast.com\/wordpress\/plugins\/seo\/ -->\n<title>El Centro de Jubilados de Sierra de la Ventana informa que no se entregar\u00e1n los Bolsos de PAMI. - Noticias Radio Reflejos<\/title>\n<meta name=\"robots\" content=\"index, follow, max-snippet:-1, max-image-preview:large, max-video-preview:-1\" \/>\n<link rel=\"canonical\" href=\"https:\/\/www.noticiasradioreflejos.com.ar\/2021\/el-centro-de-jubilados-de-sierra-de-la-ventana-informa-que-no-se-entregaran-los-bolsos-de-pami\/\" \/>\n<meta property=\"og:locale\" content=\"es_ES\" \/>\n<meta property=\"og:type\" content=\"article\" \/>\n<meta property=\"og:title\" content=\"El Centro de Jubilados de Sierra de la Ventana informa que no se entregar\u00e1n los Bolsos de PAMI. - Noticias Radio Reflejos\" \/>\n<meta property=\"og:description\" content=\"Comunicado del Centro de Jubilados y Pensionados de Sierra de la Ventana.\" \/>\n<meta property=\"og:url\" content=\"https:\/\/www.noticiasradioreflejos.com.ar\/2021\/el-centro-de-jubilados-de-sierra-de-la-ventana-informa-que-no-se-entregaran-los-bolsos-de-pami\/\" \/>\n<meta property=\"og:site_name\" content=\"Noticias Radio Reflejos\" \/>\n<meta property=\"article:published_time\" content=\"2020-05-15T15:56:06+00:00\" \/>\n<meta property=\"og:image\" content=\"https:\/\/www.noticiasradioreflejos.com.ar\/2021\/wp-content\/uploads\/2020\/02\/Centro-de-Jubilados-Sierra.jpg\" \/>\n\t<meta property=\"og:image:width\" content=\"777\" \/>\n\t<meta property=\"og:image:height\" content=\"437\" \/>\n\t<meta property=\"og:image:type\" content=\"image\/jpeg\" \/>\n<meta name=\"author\" content=\"Arnaldo Botto\" \/>\n<meta name=\"twitter:card\" content=\"summary_large_image\" \/>\n<script type=\"application\/ld+json\" class=\"yoast-schema-graph\">{\"@context\":\"https:\/\/schema.org\",\"@graph\":[{\"@type\":\"WebPage\",\"@id\":\"https:\/\/www.noticiasradioreflejos.com.ar\/2021\/el-centro-de-jubilados-de-sierra-de-la-ventana-informa-que-no-se-entregaran-los-bolsos-de-pami\/\",\"url\":\"https:\/\/www.noticiasradioreflejos.com.ar\/2021\/el-centro-de-jubilados-de-sierra-de-la-ventana-informa-que-no-se-entregaran-los-bolsos-de-pami\/\",\"name\":\"El Centro de Jubilados de Sierra de la Ventana informa que no se entregar\u00e1n los Bolsos de PAMI. - Noticias Radio Reflejos\",\"isPartOf\":{\"@id\":\"https:\/\/www.noticiasradioreflejos.com.ar\/2021\/#website\"},\"primaryImageOfPage\":{\"@id\":\"https:\/\/www.noticiasradioreflejos.com.ar\/2021\/el-centro-de-jubilados-de-sierra-de-la-ventana-informa-que-no-se-entregaran-los-bolsos-de-pami\/#primaryimage\"},\"image\":{\"@id\":\"https:\/\/www.noticiasradioreflejos.com.ar\/2021\/el-centro-de-jubilados-de-sierra-de-la-ventana-informa-que-no-se-entregaran-los-bolsos-de-pami\/#primaryimage\"},\"thumbnailUrl\":\"https:\/\/www.noticiasradioreflejos.com.ar\/2021\/wp-content\/uploads\/2020\/02\/Centro-de-Jubilados-Sierra.jpg\",\"datePublished\":\"2020-05-15T15:56:06+00:00\",\"author\":{\"@id\":\"https:\/\/www.noticiasradioreflejos.com.ar\/2021\/#\/schema\/person\/ad82545263dcc5ec0996818884fd5fb1\"},\"breadcrumb\":{\"@id\":\"https:\/\/www.noticiasradioreflejos.com.ar\/2021\/el-centro-de-jubilados-de-sierra-de-la-ventana-informa-que-no-se-entregaran-los-bolsos-de-pami\/#breadcrumb\"},\"inLanguage\":\"es\",\"potentialAction\":[{\"@type\":\"ReadAction\",\"target\":[\"https:\/\/www.noticiasradioreflejos.com.ar\/2021\/el-centro-de-jubilados-de-sierra-de-la-ventana-informa-que-no-se-entregaran-los-bolsos-de-pami\/\"]}]},{\"@type\":\"ImageObject\",\"inLanguage\":\"es\",\"@id\":\"https:\/\/www.noticiasradioreflejos.com.ar\/2021\/el-centro-de-jubilados-de-sierra-de-la-ventana-informa-que-no-se-entregaran-los-bolsos-de-pami\/#primaryimage\",\"url\":\"https:\/\/www.noticiasradioreflejos.com.ar\/2021\/wp-content\/uploads\/2020\/02\/Centro-de-Jubilados-Sierra.jpg\",\"contentUrl\":\"https:\/\/www.noticiasradioreflejos.com.ar\/2021\/wp-content\/uploads\/2020\/02\/Centro-de-Jubilados-Sierra.jpg\",\"width\":777,\"height\":437},{\"@type\":\"BreadcrumbList\",\"@id\":\"https:\/\/www.noticiasradioreflejos.com.ar\/2021\/el-centro-de-jubilados-de-sierra-de-la-ventana-informa-que-no-se-entregaran-los-bolsos-de-pami\/#breadcrumb\",\"itemListElement\":[{\"@type\":\"ListItem\",\"position\":1,\"name\":\"Portada\",\"item\":\"https:\/\/www.noticiasradioreflejos.com.ar\/2021\/\"},{\"@type\":\"ListItem\",\"position\":2,\"name\":\"El Centro de Jubilados de Sierra de la Ventana informa que no se entregar\u00e1n los Bolsos de PAMI.\"}]},{\"@type\":\"WebSite\",\"@id\":\"https:\/\/www.noticiasradioreflejos.com.ar\/2021\/#website\",\"url\":\"https:\/\/www.noticiasradioreflejos.com.ar\/2021\/\",\"name\":\"Noticias Radio Reflejos\",\"description\":\"Las noticias de mi comarca\",\"potentialAction\":[{\"@type\":\"SearchAction\",\"target\":{\"@type\":\"EntryPoint\",\"urlTemplate\":\"https:\/\/www.noticiasradioreflejos.com.ar\/2021\/?s={search_term_string}\"},\"query-input\":{\"@type\":\"PropertyValueSpecification\",\"valueRequired\":true,\"valueName\":\"search_term_string\"}}],\"inLanguage\":\"es\"},{\"@type\":\"Person\",\"@id\":\"https:\/\/www.noticiasradioreflejos.com.ar\/2021\/#\/schema\/person\/ad82545263dcc5ec0996818884fd5fb1\",\"name\":\"Arnaldo Botto\",\"image\":{\"@type\":\"ImageObject\",\"inLanguage\":\"es\",\"@id\":\"https:\/\/www.noticiasradioreflejos.com.ar\/2021\/#\/schema\/person\/image\/\",\"url\":\"https:\/\/secure.gravatar.com\/avatar\/55cb5e37c1efa326397366e6974cb338056df65cb50e7d64d1cf314e87504837?s=96&d=mm&r=g\",\"contentUrl\":\"https:\/\/secure.gravatar.com\/avatar\/55cb5e37c1efa326397366e6974cb338056df65cb50e7d64d1cf314e87504837?s=96&d=mm&r=g\",\"caption\":\"Arnaldo Botto\"},\"url\":\"https:\/\/www.noticiasradioreflejos.com.ar\/2021\/author\/arnaldo\/\"}]}<\/script>\n<!-- \/ Yoast SEO plugin. -->","yoast_head_json":{"title":"El Centro de Jubilados de Sierra de la Ventana informa que no se entregar\u00e1n los Bolsos de PAMI. - Noticias Radio Reflejos","robots":{"index":"index","follow":"follow","max-snippet":"max-snippet:-1","max-image-preview":"max-image-preview:large","max-video-preview":"max-video-preview:-1"},"canonical":"https:\/\/www.noticiasradioreflejos.com.ar\/2021\/el-centro-de-jubilados-de-sierra-de-la-ventana-informa-que-no-se-entregaran-los-bolsos-de-pami\/","og_locale":"es_ES","og_type":"article","og_title":"El Centro de Jubilados de Sierra de la Ventana informa que no se entregar\u00e1n los Bolsos de PAMI. - Noticias Radio Reflejos","og_description":"Comunicado del Centro de Jubilados y Pensionados de Sierra de la Ventana.","og_url":"https:\/\/www.noticiasradioreflejos.com.ar\/2021\/el-centro-de-jubilados-de-sierra-de-la-ventana-informa-que-no-se-entregaran-los-bolsos-de-pami\/","og_site_name":"Noticias Radio Reflejos","article_published_time":"2020-05-15T15:56:06+00:00","og_image":[{"width":777,"height":437,"url":"https:\/\/www.noticiasradioreflejos.com.ar\/2021\/wp-content\/uploads\/2020\/02\/Centro-de-Jubilados-Sierra.jpg","type":"image\/jpeg"}],"author":"Arnaldo Botto","twitter_card":"summary_large_image","schema":{"@context":"https:\/\/schema.org","@graph":[{"@type":"WebPage","@id":"https:\/\/www.noticiasradioreflejos.com.ar\/2021\/el-centro-de-jubilados-de-sierra-de-la-ventana-informa-que-no-se-entregaran-los-bolsos-de-pami\/","url":"https:\/\/www.noticiasradioreflejos.com.ar\/2021\/el-centro-de-jubilados-de-sierra-de-la-ventana-informa-que-no-se-entregaran-los-bolsos-de-pami\/","name":"El Centro de Jubilados de Sierra de la Ventana informa que no se entregar\u00e1n los Bolsos de PAMI. - Noticias Radio Reflejos","isPartOf":{"@id":"https:\/\/www.noticiasradioreflejos.com.ar\/2021\/#website"},"primaryImageOfPage":{"@id":"https:\/\/www.noticiasradioreflejos.com.ar\/2021\/el-centro-de-jubilados-de-sierra-de-la-ventana-informa-que-no-se-entregaran-los-bolsos-de-pami\/#primaryimage"},"image":{"@id":"https:\/\/www.noticiasradioreflejos.com.ar\/2021\/el-centro-de-jubilados-de-sierra-de-la-ventana-informa-que-no-se-entregaran-los-bolsos-de-pami\/#primaryimage"},"thumbnailUrl":"https:\/\/www.noticiasradioreflejos.com.ar\/2021\/wp-content\/uploads\/2020\/02\/Centro-de-Jubilados-Sierra.jpg","datePublished":"2020-05-15T15:56:06+00:00","author":{"@id":"https:\/\/www.noticiasradioreflejos.com.ar\/2021\/#\/schema\/person\/ad82545263dcc5ec0996818884fd5fb1"},"breadcrumb":{"@id":"https:\/\/www.noticiasradioreflejos.com.ar\/2021\/el-centro-de-jubilados-de-sierra-de-la-ventana-informa-que-no-se-entregaran-los-bolsos-de-pami\/#breadcrumb"},"inLanguage":"es","potentialAction":[{"@type":"ReadAction","target":["https:\/\/www.noticiasradioreflejos.com.ar\/2021\/el-centro-de-jubilados-de-sierra-de-la-ventana-informa-que-no-se-entregaran-los-bolsos-de-pami\/"]}]},{"@type":"ImageObject","inLanguage":"es","@id":"https:\/\/www.noticiasradioreflejos.com.ar\/2021\/el-centro-de-jubilados-de-sierra-de-la-ventana-informa-que-no-se-entregaran-los-bolsos-de-pami\/#primaryimage","url":"https:\/\/www.noticiasradioreflejos.com.ar\/2021\/wp-content\/uploads\/2020\/02\/Centro-de-Jubilados-Sierra.jpg","contentUrl":"https:\/\/www.noticiasradioreflejos.com.ar\/2021\/wp-content\/uploads\/2020\/02\/Centro-de-Jubilados-Sierra.jpg","width":777,"height":437},{"@type":"BreadcrumbList","@id":"https:\/\/www.noticiasradioreflejos.com.ar\/2021\/el-centro-de-jubilados-de-sierra-de-la-ventana-informa-que-no-se-entregaran-los-bolsos-de-pami\/#breadcrumb","itemListElement":[{"@type":"ListItem","position":1,"name":"Portada","item":"https:\/\/www.noticiasradioreflejos.com.ar\/2021\/"},{"@type":"ListItem","position":2,"name":"El Centro de Jubilados de Sierra de la Ventana informa que no se entregar\u00e1n los Bolsos de PAMI."}]},{"@type":"WebSite","@id":"https:\/\/www.noticiasradioreflejos.com.ar\/2021\/#website","url":"https:\/\/www.noticiasradioreflejos.com.ar\/2021\/","name":"Noticias Radio Reflejos","description":"Las noticias de mi comarca","potentialAction":[{"@type":"SearchAction","target":{"@type":"EntryPoint","urlTemplate":"https:\/\/www.noticiasradioreflejos.com.ar\/2021\/?s={search_term_string}"},"query-input":{"@type":"PropertyValueSpecification","valueRequired":true,"valueName":"search_term_string"}}],"inLanguage":"es"},{"@type":"Person","@id":"https:\/\/www.noticiasradioreflejos.com.ar\/2021\/#\/schema\/person\/ad82545263dcc5ec0996818884fd5fb1","name":"Arnaldo Botto","image":{"@type":"ImageObject","inLanguage":"es","@id":"https:\/\/www.noticiasradioreflejos.com.ar\/2021\/#\/schema\/person\/image\/","url":"https:\/\/secure.gravatar.com\/avatar\/55cb5e37c1efa326397366e6974cb338056df65cb50e7d64d1cf314e87504837?s=96&d=mm&r=g","contentUrl":"https:\/\/secure.gravatar.com\/avatar\/55cb5e37c1efa326397366e6974cb338056df65cb50e7d64d1cf314e87504837?s=96&d=mm&r=g","caption":"Arnaldo Botto"},"url":"https:\/\/www.noticiasradioreflejos.com.ar\/2021\/author\/arnaldo\/"}]}},"_links":{"self":[{"href":"https:\/\/www.noticiasradioreflejos.com.ar\/2021\/wp-json\/wp\/v2\/posts\/42017","targetHints":{"allow":["GET"]}}],"collection":[{"href":"https:\/\/www.noticiasradioreflejos.com.ar\/2021\/wp-json\/wp\/v2\/posts"}],"about":[{"href":"https:\/\/www.noticiasradioreflejos.com.ar\/2021\/wp-json\/wp\/v2\/types\/post"}],"author":[{"embeddable":true,"href":"https:\/\/www.noticiasradioreflejos.com.ar\/2021\/wp-json\/wp\/v2\/users\/3"}],"replies":[{"embeddable":true,"href":"https:\/\/www.noticiasradioreflejos.com.ar\/2021\/wp-json\/wp\/v2\/comments?post=42017"}],"version-history":[{"count":0,"href":"https:\/\/www.noticiasradioreflejos.com.ar\/2021\/wp-json\/wp\/v2\/posts\/42017\/revisions"}],"wp:featuredmedia":[{"embeddable":true,"href":"https:\/\/www.noticiasradioreflejos.com.ar\/2021\/wp-json\/wp\/v2\/media\/38759"}],"wp:attachment":[{"href":"https:\/\/www.noticiasradioreflejos.com.ar\/2021\/wp-json\/wp\/v2\/media?parent=42017"}],"wp:term":[{"taxonomy":"category","embeddable":true,"href":"https:\/\/www.noticiasradioreflejos.com.ar\/2021\/wp-json\/wp\/v2\/categories?post=42017"},{"taxonomy":"post_tag","embeddable":true,"href":"https:\/\/www.noticiasradioreflejos.com.ar\/2021\/wp-json\/wp\/v2\/tags?post=42017"}],"curies":[{"name":"wp","href":"https:\/\/api.w.org\/{rel}","templated":true}]}}