{"id":42012,"date":"2020-05-15T11:30:58","date_gmt":"2020-05-15T14:30:58","guid":{"rendered":"http:\/\/www.noticiasradioreflejos.com.ar\/noticias\/?p=42012"},"modified":"2020-05-15T11:30:58","modified_gmt":"2020-05-15T14:30:58","slug":"confirman-que-el-congreso-de-educacion-sera-online-2","status":"publish","type":"post","link":"https:\/\/www.noticiasradioreflejos.com.ar\/2021\/confirman-que-el-congreso-de-educacion-sera-online-2\/","title":{"rendered":"Confirman que el Congreso de Educaci\u00f3n ser\u00e1 online"},"content":{"rendered":"<p>Los pr\u00f3ximos 7 y 8 de agosto se llevar\u00e1 a cabo el III Congreso Internacional de Educaci\u00f3n &#8211; IV Nacional, bajo el lema: El mundo post pandemia: El poder de las aulas. En el marco de la Pandemia del COVID-19 que azota al mundo y est\u00e1 produciendo una irrupci\u00f3n hist\u00f3rica en los sistemas educativos, generando un clima de incertidumbres y expectativas, de urgencias y de nuevas configuraciones de los entornos de aprendizaje, el congreso se llevar\u00e1 a cabo de manera virtual; as\u00ed lo resolvieron los organizadores.<!--more--><br \/>\nMediante una plataforma virtual de aprendizaje se prev\u00e9 un centenar de disertaciones y una proyecci\u00f3n de quinientas exposiciones y ponencias.<\/p>\n<p>El Congreso contar\u00e1 con la disertaci\u00f3n de destacados especialistas del pa\u00eds y el mundo. Al respecto el Comit\u00e9 Ejecutivo dio a conocer los primeros disertantes confirmados, entre los que se encuentra Emilio Tenti Fanfani, Joaqu\u00edn Pich\u00f3n Riviere, Estela de Carlotto, Eduardo Lev\u00edn, Marilina Rotger, Sisi Ceballos y la rectora de la Universidad de C\u00f3rdoba, Raquel Krawchick.<\/p>\n<p>Marcos Santill\u00e1n, presidente del Congreso dijo \u201cel confinamiento que exigi\u00f3 la Pandemia ha puesto de relieve la cuesti\u00f3n de la brecha digital, evidenciando la desigualdad en el acceso a las Tecnolog\u00edas de la Informaci\u00f3n y la Comunicaci\u00f3n, pero tambi\u00e9n ha abierto definitivamente la puerta hacia el mundo de la educaci\u00f3n mediada por tecnolog\u00edas; desde ese enfoque se propone esta edici\u00f3n del congreso\u201d.<\/p>\n<p>Seg\u00fan afirmaron los organizadores, la \u00faltima semana de mayo se dar\u00e1 a conocer la n\u00f3mina de disertantes internacionales y embajadas que acompa\u00f1ar\u00e1n este congreso.<\/p>\n<p>Entre los espacios centrales del congreso se convocar\u00e1 a tres ciclos de videoconferencias: rectores de universidades, ministros de educaci\u00f3n e intendentes. <\/p>\n<p>Una bater\u00eda de din\u00e1micas y metodolog\u00edas como videoconferencias, videopaneles, videosimposios, foros debate, conversatorios online, presentaci\u00f3n de ponencias, proyectos y p\u00f3sters, ser\u00e1 el contenido que al que podr\u00e1n acceder educadores e interesados del pa\u00eds y el mundo.<\/p>\n<p>La convocatoria para la presentaci\u00f3n de trabajos ya se encuentra abierta y las inscripciones pueden formalizarse completando el formulario en el sitio web del congreso www.grupocongreso.com <\/p>\n","protected":false},"excerpt":{"rendered":"<p>Los pr\u00f3ximos 7 y 8 de agosto se llevar\u00e1 a cabo el III Congreso Internacional de Educaci\u00f3n &#8211; IV Nacional, bajo el lema: El mundo post pandemia: El poder de las aulas. En el marco de la Pandemia del COVID-19 que azota al mundo y est\u00e1 produciendo una irrupci\u00f3n hist\u00f3rica en los sistemas educativos, generando [&hellip;]<\/p>\n","protected":false},"author":3,"featured_media":0,"comment_status":"closed","ping_status":"open","sticky":false,"template":"","format":"standard","meta":{"footnotes":""},"categories":[34],"tags":[],"class_list":["post-42012","post","type-post","status-publish","format-standard","hentry","category-educacion"],"yoast_head":"<!-- This site is optimized with the Yoast SEO plugin v25.9 - https:\/\/yoast.com\/wordpress\/plugins\/seo\/ -->\n<title>Confirman que el Congreso de Educaci\u00f3n ser\u00e1 online - Noticias Radio Reflejos<\/title>\n<meta name=\"robots\" content=\"index, follow, max-snippet:-1, max-image-preview:large, max-video-preview:-1\" \/>\n<link rel=\"canonical\" href=\"https:\/\/www.noticiasradioreflejos.com.ar\/2021\/confirman-que-el-congreso-de-educacion-sera-online-2\/\" \/>\n<meta property=\"og:locale\" content=\"es_ES\" \/>\n<meta property=\"og:type\" content=\"article\" \/>\n<meta property=\"og:title\" content=\"Confirman que el Congreso de Educaci\u00f3n ser\u00e1 online - Noticias Radio Reflejos\" \/>\n<meta property=\"og:description\" content=\"Los pr\u00f3ximos 7 y 8 de agosto se llevar\u00e1 a cabo el III Congreso Internacional de Educaci\u00f3n &#8211; IV Nacional, bajo el lema: El mundo post pandemia: El poder de las aulas. En el marco de la Pandemia del COVID-19 que azota al mundo y est\u00e1 produciendo una irrupci\u00f3n hist\u00f3rica en los sistemas educativos, generando [&hellip;]\" \/>\n<meta property=\"og:url\" content=\"https:\/\/www.noticiasradioreflejos.com.ar\/2021\/confirman-que-el-congreso-de-educacion-sera-online-2\/\" \/>\n<meta property=\"og:site_name\" content=\"Noticias Radio Reflejos\" \/>\n<meta property=\"article:published_time\" content=\"2020-05-15T14:30:58+00:00\" \/>\n<meta property=\"og:image\" content=\"https:\/\/www.noticiasradioreflejos.com.ar\/2021\/wp-content\/uploads\/2021\/07\/logosol300x200.png\" \/>\n\t<meta property=\"og:image:width\" content=\"300\" \/>\n\t<meta property=\"og:image:height\" content=\"200\" \/>\n\t<meta property=\"og:image:type\" content=\"image\/png\" \/>\n<meta name=\"author\" content=\"Arnaldo Botto\" \/>\n<meta name=\"twitter:card\" content=\"summary_large_image\" \/>\n<script type=\"application\/ld+json\" class=\"yoast-schema-graph\">{\"@context\":\"https:\/\/schema.org\",\"@graph\":[{\"@type\":\"WebPage\",\"@id\":\"https:\/\/www.noticiasradioreflejos.com.ar\/2021\/confirman-que-el-congreso-de-educacion-sera-online-2\/\",\"url\":\"https:\/\/www.noticiasradioreflejos.com.ar\/2021\/confirman-que-el-congreso-de-educacion-sera-online-2\/\",\"name\":\"Confirman que el Congreso de Educaci\u00f3n ser\u00e1 online - Noticias Radio Reflejos\",\"isPartOf\":{\"@id\":\"https:\/\/www.noticiasradioreflejos.com.ar\/2021\/#website\"},\"datePublished\":\"2020-05-15T14:30:58+00:00\",\"author\":{\"@id\":\"https:\/\/www.noticiasradioreflejos.com.ar\/2021\/#\/schema\/person\/ad82545263dcc5ec0996818884fd5fb1\"},\"breadcrumb\":{\"@id\":\"https:\/\/www.noticiasradioreflejos.com.ar\/2021\/confirman-que-el-congreso-de-educacion-sera-online-2\/#breadcrumb\"},\"inLanguage\":\"es\",\"potentialAction\":[{\"@type\":\"ReadAction\",\"target\":[\"https:\/\/www.noticiasradioreflejos.com.ar\/2021\/confirman-que-el-congreso-de-educacion-sera-online-2\/\"]}]},{\"@type\":\"BreadcrumbList\",\"@id\":\"https:\/\/www.noticiasradioreflejos.com.ar\/2021\/confirman-que-el-congreso-de-educacion-sera-online-2\/#breadcrumb\",\"itemListElement\":[{\"@type\":\"ListItem\",\"position\":1,\"name\":\"Portada\",\"item\":\"https:\/\/www.noticiasradioreflejos.com.ar\/2021\/\"},{\"@type\":\"ListItem\",\"position\":2,\"name\":\"Confirman que el Congreso de Educaci\u00f3n ser\u00e1 online\"}]},{\"@type\":\"WebSite\",\"@id\":\"https:\/\/www.noticiasradioreflejos.com.ar\/2021\/#website\",\"url\":\"https:\/\/www.noticiasradioreflejos.com.ar\/2021\/\",\"name\":\"Noticias Radio Reflejos\",\"description\":\"Las noticias de mi comarca\",\"potentialAction\":[{\"@type\":\"SearchAction\",\"target\":{\"@type\":\"EntryPoint\",\"urlTemplate\":\"https:\/\/www.noticiasradioreflejos.com.ar\/2021\/?s={search_term_string}\"},\"query-input\":{\"@type\":\"PropertyValueSpecification\",\"valueRequired\":true,\"valueName\":\"search_term_string\"}}],\"inLanguage\":\"es\"},{\"@type\":\"Person\",\"@id\":\"https:\/\/www.noticiasradioreflejos.com.ar\/2021\/#\/schema\/person\/ad82545263dcc5ec0996818884fd5fb1\",\"name\":\"Arnaldo Botto\",\"image\":{\"@type\":\"ImageObject\",\"inLanguage\":\"es\",\"@id\":\"https:\/\/www.noticiasradioreflejos.com.ar\/2021\/#\/schema\/person\/image\/\",\"url\":\"https:\/\/secure.gravatar.com\/avatar\/55cb5e37c1efa326397366e6974cb338056df65cb50e7d64d1cf314e87504837?s=96&d=mm&r=g\",\"contentUrl\":\"https:\/\/secure.gravatar.com\/avatar\/55cb5e37c1efa326397366e6974cb338056df65cb50e7d64d1cf314e87504837?s=96&d=mm&r=g\",\"caption\":\"Arnaldo Botto\"},\"url\":\"https:\/\/www.noticiasradioreflejos.com.ar\/2021\/author\/arnaldo\/\"}]}<\/script>\n<!-- \/ Yoast SEO plugin. -->","yoast_head_json":{"title":"Confirman que el Congreso de Educaci\u00f3n ser\u00e1 online - Noticias Radio Reflejos","robots":{"index":"index","follow":"follow","max-snippet":"max-snippet:-1","max-image-preview":"max-image-preview:large","max-video-preview":"max-video-preview:-1"},"canonical":"https:\/\/www.noticiasradioreflejos.com.ar\/2021\/confirman-que-el-congreso-de-educacion-sera-online-2\/","og_locale":"es_ES","og_type":"article","og_title":"Confirman que el Congreso de Educaci\u00f3n ser\u00e1 online - Noticias Radio Reflejos","og_description":"Los pr\u00f3ximos 7 y 8 de agosto se llevar\u00e1 a cabo el III Congreso Internacional de Educaci\u00f3n &#8211; IV Nacional, bajo el lema: El mundo post pandemia: El poder de las aulas. En el marco de la Pandemia del COVID-19 que azota al mundo y est\u00e1 produciendo una irrupci\u00f3n hist\u00f3rica en los sistemas educativos, generando [&hellip;]","og_url":"https:\/\/www.noticiasradioreflejos.com.ar\/2021\/confirman-que-el-congreso-de-educacion-sera-online-2\/","og_site_name":"Noticias Radio Reflejos","article_published_time":"2020-05-15T14:30:58+00:00","og_image":[{"width":300,"height":200,"url":"https:\/\/www.noticiasradioreflejos.com.ar\/2021\/wp-content\/uploads\/2021\/07\/logosol300x200.png","type":"image\/png"}],"author":"Arnaldo Botto","twitter_card":"summary_large_image","schema":{"@context":"https:\/\/schema.org","@graph":[{"@type":"WebPage","@id":"https:\/\/www.noticiasradioreflejos.com.ar\/2021\/confirman-que-el-congreso-de-educacion-sera-online-2\/","url":"https:\/\/www.noticiasradioreflejos.com.ar\/2021\/confirman-que-el-congreso-de-educacion-sera-online-2\/","name":"Confirman que el Congreso de Educaci\u00f3n ser\u00e1 online - Noticias Radio Reflejos","isPartOf":{"@id":"https:\/\/www.noticiasradioreflejos.com.ar\/2021\/#website"},"datePublished":"2020-05-15T14:30:58+00:00","author":{"@id":"https:\/\/www.noticiasradioreflejos.com.ar\/2021\/#\/schema\/person\/ad82545263dcc5ec0996818884fd5fb1"},"breadcrumb":{"@id":"https:\/\/www.noticiasradioreflejos.com.ar\/2021\/confirman-que-el-congreso-de-educacion-sera-online-2\/#breadcrumb"},"inLanguage":"es","potentialAction":[{"@type":"ReadAction","target":["https:\/\/www.noticiasradioreflejos.com.ar\/2021\/confirman-que-el-congreso-de-educacion-sera-online-2\/"]}]},{"@type":"BreadcrumbList","@id":"https:\/\/www.noticiasradioreflejos.com.ar\/2021\/confirman-que-el-congreso-de-educacion-sera-online-2\/#breadcrumb","itemListElement":[{"@type":"ListItem","position":1,"name":"Portada","item":"https:\/\/www.noticiasradioreflejos.com.ar\/2021\/"},{"@type":"ListItem","position":2,"name":"Confirman que el Congreso de Educaci\u00f3n ser\u00e1 online"}]},{"@type":"WebSite","@id":"https:\/\/www.noticiasradioreflejos.com.ar\/2021\/#website","url":"https:\/\/www.noticiasradioreflejos.com.ar\/2021\/","name":"Noticias Radio Reflejos","description":"Las noticias de mi comarca","potentialAction":[{"@type":"SearchAction","target":{"@type":"EntryPoint","urlTemplate":"https:\/\/www.noticiasradioreflejos.com.ar\/2021\/?s={search_term_string}"},"query-input":{"@type":"PropertyValueSpecification","valueRequired":true,"valueName":"search_term_string"}}],"inLanguage":"es"},{"@type":"Person","@id":"https:\/\/www.noticiasradioreflejos.com.ar\/2021\/#\/schema\/person\/ad82545263dcc5ec0996818884fd5fb1","name":"Arnaldo Botto","image":{"@type":"ImageObject","inLanguage":"es","@id":"https:\/\/www.noticiasradioreflejos.com.ar\/2021\/#\/schema\/person\/image\/","url":"https:\/\/secure.gravatar.com\/avatar\/55cb5e37c1efa326397366e6974cb338056df65cb50e7d64d1cf314e87504837?s=96&d=mm&r=g","contentUrl":"https:\/\/secure.gravatar.com\/avatar\/55cb5e37c1efa326397366e6974cb338056df65cb50e7d64d1cf314e87504837?s=96&d=mm&r=g","caption":"Arnaldo Botto"},"url":"https:\/\/www.noticiasradioreflejos.com.ar\/2021\/author\/arnaldo\/"}]}},"_links":{"self":[{"href":"https:\/\/www.noticiasradioreflejos.com.ar\/2021\/wp-json\/wp\/v2\/posts\/42012","targetHints":{"allow":["GET"]}}],"collection":[{"href":"https:\/\/www.noticiasradioreflejos.com.ar\/2021\/wp-json\/wp\/v2\/posts"}],"about":[{"href":"https:\/\/www.noticiasradioreflejos.com.ar\/2021\/wp-json\/wp\/v2\/types\/post"}],"author":[{"embeddable":true,"href":"https:\/\/www.noticiasradioreflejos.com.ar\/2021\/wp-json\/wp\/v2\/users\/3"}],"replies":[{"embeddable":true,"href":"https:\/\/www.noticiasradioreflejos.com.ar\/2021\/wp-json\/wp\/v2\/comments?post=42012"}],"version-history":[{"count":0,"href":"https:\/\/www.noticiasradioreflejos.com.ar\/2021\/wp-json\/wp\/v2\/posts\/42012\/revisions"}],"wp:attachment":[{"href":"https:\/\/www.noticiasradioreflejos.com.ar\/2021\/wp-json\/wp\/v2\/media?parent=42012"}],"wp:term":[{"taxonomy":"category","embeddable":true,"href":"https:\/\/www.noticiasradioreflejos.com.ar\/2021\/wp-json\/wp\/v2\/categories?post=42012"},{"taxonomy":"post_tag","embeddable":true,"href":"https:\/\/www.noticiasradioreflejos.com.ar\/2021\/wp-json\/wp\/v2\/tags?post=42012"}],"curies":[{"name":"wp","href":"https:\/\/api.w.org\/{rel}","templated":true}]}}