{"id":41995,"date":"2020-05-15T08:24:11","date_gmt":"2020-05-15T11:24:11","guid":{"rendered":"http:\/\/www.noticiasradioreflejos.com.ar\/noticias\/?p=41995"},"modified":"2020-05-15T08:24:11","modified_gmt":"2020-05-15T11:24:11","slug":"funcionamiento-de-coopersive-a-partir-del-lunes-18-de-mayo-2020","status":"publish","type":"post","link":"https:\/\/www.noticiasradioreflejos.com.ar\/2021\/funcionamiento-de-coopersive-a-partir-del-lunes-18-de-mayo-2020\/","title":{"rendered":"Funcionamiento de Coopersive a partir del lunes 18 de mayo 2020"},"content":{"rendered":"<p>Se informa a los asociados que a partir del pr\u00f3ximo lunes 18-may-2020 esta Cooperativa permanecer\u00e1 abierta al p\u00fablico en sus oficinas administrativas de LUNES A VIERNES, en el horario de 8 a 12 h, manteniendo las restricciones sanitarias comunicadas oportunamente, a saber:<br \/>\n\u2022\tSe permitir\u00e1 el ingreso de una persona por vez al sector de atenci\u00f3n al p\u00fablico, debiendo guardar la persona la distancia social permitida (se encuentra marcada en el piso con una cinta).<!--more--><\/p>\n<p>\u2022\tEl resto de las personas deber\u00e1n aguardar su turno afuera, tambi\u00e9n respetando la distancia social permitida.<br \/>\n\u2022\tNo se permitir\u00e1 el ingreso de personas sin el barbijo o tapaboca correspondiente.<br \/>\n\u2022\tEn el horario de 11 a 12 h, tendr\u00e1n prioridad de atenci\u00f3n las personas mayores de 60 a\u00f1os.<\/p>\n<p>Adem\u00e1s se comunica que desde el lunes 11-may-2020 hemos retomado nuestros trabajos rutinarios de mantenimiento de redes y extensi\u00f3n de Fibra \u00d3ptica al Hogar (FTTH).<\/p>\n<p>Recordamos tambi\u00e9n los siguientes medios para canalizar cualquier tipo de consulta sin necesidad de concurrir en forma personal a nuestras oficinas:<br \/>\nAdministrativas (de 08 a 13 h, de lunes a viernes):<br \/>\nTel\u00e9fonos: (0291) 491-5001 \/ 5081<br \/>\n      (291) (15) 504-7284<br \/>\nMails: \tinfo@coopersive.coop<br \/>\n\tadministracion@coopersive.coop<br \/>\n\tfacturacion@coopersive.coop<br \/>\n\tgerencia@coopersive.coop<br \/>\nP\u00e1gina web: http:\/\/coopersive.coop\/index.php\/contacto\/<br \/>\nFacebook: Coopersive Ltda.<br \/>\nOperativas (Redes) (de 00 a 24 h, todos los d\u00edas):<br \/>\nTel\u00e9fonos: (291) (15) 441-3921<br \/>\nMail:\tredes@coopersive.coop<\/p>\n<p>Medios de pago habilitados (durante la duraci\u00f3n de la cuarentena):<br \/>\nEn nuestras oficinas, pagos con tarjetas de d\u00e9bito y cr\u00e9dito, en horario de Administraci\u00f3n.<br \/>\nBapro Pagos (todas las sucursales)<br \/>\nCooperativa Obrera Ltda. (todas las sucursales Provincias de Buenos Aires y La Pampa)<br \/>\nAgencia Pares y Nones \u2013 Avda. San Mart\u00edn 195 \u2013 Sierra de la Ventana \u2013 Lunes a s\u00e1bado, de 9 a 13 h.<br \/>\nHome Banking: Red Link \/ Red Banelco (Pago mis Cuentas)<br \/>\nTransferencias a nuestras cuentas (si se utiliza este m\u00e9todo, enviar comprobante por mail, con indicaci\u00f3n de suministro abonado, a info@coopersive.coop ): \tCBU Banco Credicoop\t19101271 55012706318000<br \/>\nCBU Banco Provincia\t01404658 01624400006595<\/p>\n<p>Consejo de Administraci\u00f3n<br \/>\n15-may-2020<\/p>\n","protected":false},"excerpt":{"rendered":"<p>Se informa a los asociados que a partir del pr\u00f3ximo lunes 18-may-2020 esta Cooperativa permanecer\u00e1 abierta al p\u00fablico en sus oficinas administrativas de LUNES A VIERNES, en el horario de 8 a 12 h, manteniendo las restricciones sanitarias comunicadas oportunamente, a saber: \u2022 Se permitir\u00e1 el ingreso de una persona por vez al sector de [&hellip;]<\/p>\n","protected":false},"author":3,"featured_media":0,"comment_status":"closed","ping_status":"open","sticky":false,"template":"","format":"standard","meta":{"footnotes":""},"categories":[26],"tags":[],"class_list":["post-41995","post","type-post","status-publish","format-standard","hentry","category-sociedad"],"yoast_head":"<!-- This site is optimized with the Yoast SEO plugin v25.9 - https:\/\/yoast.com\/wordpress\/plugins\/seo\/ -->\n<title>Funcionamiento de Coopersive a partir del lunes 18 de mayo 2020 - Noticias Radio Reflejos<\/title>\n<meta name=\"robots\" content=\"index, follow, max-snippet:-1, max-image-preview:large, max-video-preview:-1\" \/>\n<link rel=\"canonical\" href=\"https:\/\/www.noticiasradioreflejos.com.ar\/2021\/funcionamiento-de-coopersive-a-partir-del-lunes-18-de-mayo-2020\/\" \/>\n<meta property=\"og:locale\" content=\"es_ES\" \/>\n<meta property=\"og:type\" content=\"article\" \/>\n<meta property=\"og:title\" content=\"Funcionamiento de Coopersive a partir del lunes 18 de mayo 2020 - Noticias Radio Reflejos\" \/>\n<meta property=\"og:description\" content=\"Se informa a los asociados que a partir del pr\u00f3ximo lunes 18-may-2020 esta Cooperativa permanecer\u00e1 abierta al p\u00fablico en sus oficinas administrativas de LUNES A VIERNES, en el horario de 8 a 12 h, manteniendo las restricciones sanitarias comunicadas oportunamente, a saber: \u2022 Se permitir\u00e1 el ingreso de una persona por vez al sector de [&hellip;]\" \/>\n<meta property=\"og:url\" content=\"https:\/\/www.noticiasradioreflejos.com.ar\/2021\/funcionamiento-de-coopersive-a-partir-del-lunes-18-de-mayo-2020\/\" \/>\n<meta property=\"og:site_name\" content=\"Noticias Radio Reflejos\" \/>\n<meta property=\"article:published_time\" content=\"2020-05-15T11:24:11+00:00\" \/>\n<meta property=\"og:image\" content=\"https:\/\/www.noticiasradioreflejos.com.ar\/2021\/wp-content\/uploads\/2020\/03\/Coopersive-web.png\" \/>\n\t<meta property=\"og:image:width\" content=\"573\" \/>\n\t<meta property=\"og:image:height\" content=\"385\" \/>\n\t<meta property=\"og:image:type\" content=\"image\/png\" \/>\n<meta name=\"author\" content=\"Arnaldo Botto\" \/>\n<meta name=\"twitter:card\" content=\"summary_large_image\" \/>\n<script type=\"application\/ld+json\" class=\"yoast-schema-graph\">{\"@context\":\"https:\/\/schema.org\",\"@graph\":[{\"@type\":\"WebPage\",\"@id\":\"https:\/\/www.noticiasradioreflejos.com.ar\/2021\/funcionamiento-de-coopersive-a-partir-del-lunes-18-de-mayo-2020\/\",\"url\":\"https:\/\/www.noticiasradioreflejos.com.ar\/2021\/funcionamiento-de-coopersive-a-partir-del-lunes-18-de-mayo-2020\/\",\"name\":\"Funcionamiento de Coopersive a partir del lunes 18 de mayo 2020 - Noticias Radio Reflejos\",\"isPartOf\":{\"@id\":\"https:\/\/www.noticiasradioreflejos.com.ar\/2021\/#website\"},\"datePublished\":\"2020-05-15T11:24:11+00:00\",\"author\":{\"@id\":\"https:\/\/www.noticiasradioreflejos.com.ar\/2021\/#\/schema\/person\/ad82545263dcc5ec0996818884fd5fb1\"},\"breadcrumb\":{\"@id\":\"https:\/\/www.noticiasradioreflejos.com.ar\/2021\/funcionamiento-de-coopersive-a-partir-del-lunes-18-de-mayo-2020\/#breadcrumb\"},\"inLanguage\":\"es\",\"potentialAction\":[{\"@type\":\"ReadAction\",\"target\":[\"https:\/\/www.noticiasradioreflejos.com.ar\/2021\/funcionamiento-de-coopersive-a-partir-del-lunes-18-de-mayo-2020\/\"]}]},{\"@type\":\"BreadcrumbList\",\"@id\":\"https:\/\/www.noticiasradioreflejos.com.ar\/2021\/funcionamiento-de-coopersive-a-partir-del-lunes-18-de-mayo-2020\/#breadcrumb\",\"itemListElement\":[{\"@type\":\"ListItem\",\"position\":1,\"name\":\"Portada\",\"item\":\"https:\/\/www.noticiasradioreflejos.com.ar\/2021\/\"},{\"@type\":\"ListItem\",\"position\":2,\"name\":\"Funcionamiento de Coopersive a partir del lunes 18 de mayo 2020\"}]},{\"@type\":\"WebSite\",\"@id\":\"https:\/\/www.noticiasradioreflejos.com.ar\/2021\/#website\",\"url\":\"https:\/\/www.noticiasradioreflejos.com.ar\/2021\/\",\"name\":\"Noticias Radio Reflejos\",\"description\":\"Las noticias de mi comarca\",\"potentialAction\":[{\"@type\":\"SearchAction\",\"target\":{\"@type\":\"EntryPoint\",\"urlTemplate\":\"https:\/\/www.noticiasradioreflejos.com.ar\/2021\/?s={search_term_string}\"},\"query-input\":{\"@type\":\"PropertyValueSpecification\",\"valueRequired\":true,\"valueName\":\"search_term_string\"}}],\"inLanguage\":\"es\"},{\"@type\":\"Person\",\"@id\":\"https:\/\/www.noticiasradioreflejos.com.ar\/2021\/#\/schema\/person\/ad82545263dcc5ec0996818884fd5fb1\",\"name\":\"Arnaldo Botto\",\"image\":{\"@type\":\"ImageObject\",\"inLanguage\":\"es\",\"@id\":\"https:\/\/www.noticiasradioreflejos.com.ar\/2021\/#\/schema\/person\/image\/\",\"url\":\"https:\/\/secure.gravatar.com\/avatar\/55cb5e37c1efa326397366e6974cb338056df65cb50e7d64d1cf314e87504837?s=96&d=mm&r=g\",\"contentUrl\":\"https:\/\/secure.gravatar.com\/avatar\/55cb5e37c1efa326397366e6974cb338056df65cb50e7d64d1cf314e87504837?s=96&d=mm&r=g\",\"caption\":\"Arnaldo Botto\"},\"url\":\"https:\/\/www.noticiasradioreflejos.com.ar\/2021\/author\/arnaldo\/\"}]}<\/script>\n<!-- \/ Yoast SEO plugin. -->","yoast_head_json":{"title":"Funcionamiento de Coopersive a partir del lunes 18 de mayo 2020 - Noticias Radio Reflejos","robots":{"index":"index","follow":"follow","max-snippet":"max-snippet:-1","max-image-preview":"max-image-preview:large","max-video-preview":"max-video-preview:-1"},"canonical":"https:\/\/www.noticiasradioreflejos.com.ar\/2021\/funcionamiento-de-coopersive-a-partir-del-lunes-18-de-mayo-2020\/","og_locale":"es_ES","og_type":"article","og_title":"Funcionamiento de Coopersive a partir del lunes 18 de mayo 2020 - Noticias Radio Reflejos","og_description":"Se informa a los asociados que a partir del pr\u00f3ximo lunes 18-may-2020 esta Cooperativa permanecer\u00e1 abierta al p\u00fablico en sus oficinas administrativas de LUNES A VIERNES, en el horario de 8 a 12 h, manteniendo las restricciones sanitarias comunicadas oportunamente, a saber: \u2022 Se permitir\u00e1 el ingreso de una persona por vez al sector de [&hellip;]","og_url":"https:\/\/www.noticiasradioreflejos.com.ar\/2021\/funcionamiento-de-coopersive-a-partir-del-lunes-18-de-mayo-2020\/","og_site_name":"Noticias Radio Reflejos","article_published_time":"2020-05-15T11:24:11+00:00","og_image":[{"width":573,"height":385,"url":"https:\/\/www.noticiasradioreflejos.com.ar\/2021\/wp-content\/uploads\/2020\/03\/Coopersive-web.png","type":"image\/png"}],"author":"Arnaldo Botto","twitter_card":"summary_large_image","schema":{"@context":"https:\/\/schema.org","@graph":[{"@type":"WebPage","@id":"https:\/\/www.noticiasradioreflejos.com.ar\/2021\/funcionamiento-de-coopersive-a-partir-del-lunes-18-de-mayo-2020\/","url":"https:\/\/www.noticiasradioreflejos.com.ar\/2021\/funcionamiento-de-coopersive-a-partir-del-lunes-18-de-mayo-2020\/","name":"Funcionamiento de Coopersive a partir del lunes 18 de mayo 2020 - Noticias Radio Reflejos","isPartOf":{"@id":"https:\/\/www.noticiasradioreflejos.com.ar\/2021\/#website"},"datePublished":"2020-05-15T11:24:11+00:00","author":{"@id":"https:\/\/www.noticiasradioreflejos.com.ar\/2021\/#\/schema\/person\/ad82545263dcc5ec0996818884fd5fb1"},"breadcrumb":{"@id":"https:\/\/www.noticiasradioreflejos.com.ar\/2021\/funcionamiento-de-coopersive-a-partir-del-lunes-18-de-mayo-2020\/#breadcrumb"},"inLanguage":"es","potentialAction":[{"@type":"ReadAction","target":["https:\/\/www.noticiasradioreflejos.com.ar\/2021\/funcionamiento-de-coopersive-a-partir-del-lunes-18-de-mayo-2020\/"]}]},{"@type":"BreadcrumbList","@id":"https:\/\/www.noticiasradioreflejos.com.ar\/2021\/funcionamiento-de-coopersive-a-partir-del-lunes-18-de-mayo-2020\/#breadcrumb","itemListElement":[{"@type":"ListItem","position":1,"name":"Portada","item":"https:\/\/www.noticiasradioreflejos.com.ar\/2021\/"},{"@type":"ListItem","position":2,"name":"Funcionamiento de Coopersive a partir del lunes 18 de mayo 2020"}]},{"@type":"WebSite","@id":"https:\/\/www.noticiasradioreflejos.com.ar\/2021\/#website","url":"https:\/\/www.noticiasradioreflejos.com.ar\/2021\/","name":"Noticias Radio Reflejos","description":"Las noticias de mi comarca","potentialAction":[{"@type":"SearchAction","target":{"@type":"EntryPoint","urlTemplate":"https:\/\/www.noticiasradioreflejos.com.ar\/2021\/?s={search_term_string}"},"query-input":{"@type":"PropertyValueSpecification","valueRequired":true,"valueName":"search_term_string"}}],"inLanguage":"es"},{"@type":"Person","@id":"https:\/\/www.noticiasradioreflejos.com.ar\/2021\/#\/schema\/person\/ad82545263dcc5ec0996818884fd5fb1","name":"Arnaldo Botto","image":{"@type":"ImageObject","inLanguage":"es","@id":"https:\/\/www.noticiasradioreflejos.com.ar\/2021\/#\/schema\/person\/image\/","url":"https:\/\/secure.gravatar.com\/avatar\/55cb5e37c1efa326397366e6974cb338056df65cb50e7d64d1cf314e87504837?s=96&d=mm&r=g","contentUrl":"https:\/\/secure.gravatar.com\/avatar\/55cb5e37c1efa326397366e6974cb338056df65cb50e7d64d1cf314e87504837?s=96&d=mm&r=g","caption":"Arnaldo Botto"},"url":"https:\/\/www.noticiasradioreflejos.com.ar\/2021\/author\/arnaldo\/"}]}},"_links":{"self":[{"href":"https:\/\/www.noticiasradioreflejos.com.ar\/2021\/wp-json\/wp\/v2\/posts\/41995","targetHints":{"allow":["GET"]}}],"collection":[{"href":"https:\/\/www.noticiasradioreflejos.com.ar\/2021\/wp-json\/wp\/v2\/posts"}],"about":[{"href":"https:\/\/www.noticiasradioreflejos.com.ar\/2021\/wp-json\/wp\/v2\/types\/post"}],"author":[{"embeddable":true,"href":"https:\/\/www.noticiasradioreflejos.com.ar\/2021\/wp-json\/wp\/v2\/users\/3"}],"replies":[{"embeddable":true,"href":"https:\/\/www.noticiasradioreflejos.com.ar\/2021\/wp-json\/wp\/v2\/comments?post=41995"}],"version-history":[{"count":0,"href":"https:\/\/www.noticiasradioreflejos.com.ar\/2021\/wp-json\/wp\/v2\/posts\/41995\/revisions"}],"wp:attachment":[{"href":"https:\/\/www.noticiasradioreflejos.com.ar\/2021\/wp-json\/wp\/v2\/media?parent=41995"}],"wp:term":[{"taxonomy":"category","embeddable":true,"href":"https:\/\/www.noticiasradioreflejos.com.ar\/2021\/wp-json\/wp\/v2\/categories?post=41995"},{"taxonomy":"post_tag","embeddable":true,"href":"https:\/\/www.noticiasradioreflejos.com.ar\/2021\/wp-json\/wp\/v2\/tags?post=41995"}],"curies":[{"name":"wp","href":"https:\/\/api.w.org\/{rel}","templated":true}]}}