{"id":41992,"date":"2020-05-15T08:21:36","date_gmt":"2020-05-15T11:21:36","guid":{"rendered":"http:\/\/www.noticiasradioreflejos.com.ar\/noticias\/?p=41992"},"modified":"2020-05-15T08:21:36","modified_gmt":"2020-05-15T11:21:36","slug":"14-de-mayo-aniversario-114-de-la-escuela-n-2-de-saldungaray","status":"publish","type":"post","link":"https:\/\/www.noticiasradioreflejos.com.ar\/2021\/14-de-mayo-aniversario-114-de-la-escuela-n-2-de-saldungaray\/","title":{"rendered":"14 de mayo aniversario 114 de la Escuela N\u00b0 2 de Saldungaray"},"content":{"rendered":"<p>El cumplea\u00f1os de nuestra Escuela es de alg\u00fan modo el de cada uno de nosotros. Seguramente alguien de nuestra familia pas\u00f3 o est\u00e1 pasando por sus aulas. Por este y por muchos otros motivos, nuestra querida Escuela N\u00b0 2 forma parte de nuestra historia, de nuestro pasado y tambi\u00e9n de nuestro presente. Hoy vivimos en nuestros hogares situaciones realmente dif\u00edciles, pero como siempre la Escuela est\u00e1 aqu\u00ed acompa\u00f1ando y construyendo junto a las familias y con nuestros ni\u00f1os y ni\u00f1as nuestro  futuro. <!--more--><\/p>\n<p>Muy Feliz cumplea\u00f1os Escuela N\u00b0 2 !!!<\/p>\n<p>Carolina Gonz\u00e1lez<br \/>\nDirectora<\/p>\n","protected":false},"excerpt":{"rendered":"<p>El cumplea\u00f1os de nuestra Escuela es de alg\u00fan modo el de cada uno de nosotros. Seguramente alguien de nuestra familia pas\u00f3 o est\u00e1 pasando por sus aulas. Por este y por muchos otros motivos, nuestra querida Escuela N\u00b0 2 forma parte de nuestra historia, de nuestro pasado y tambi\u00e9n de nuestro presente. Hoy vivimos en [&hellip;]<\/p>\n","protected":false},"author":3,"featured_media":0,"comment_status":"closed","ping_status":"open","sticky":false,"template":"","format":"standard","meta":{"footnotes":""},"categories":[34],"tags":[],"class_list":["post-41992","post","type-post","status-publish","format-standard","hentry","category-educacion"],"yoast_head":"<!-- This site is optimized with the Yoast SEO plugin v25.9 - https:\/\/yoast.com\/wordpress\/plugins\/seo\/ -->\n<title>14 de mayo aniversario 114 de la Escuela N\u00b0 2 de Saldungaray - Noticias Radio Reflejos<\/title>\n<meta name=\"robots\" content=\"index, follow, max-snippet:-1, max-image-preview:large, max-video-preview:-1\" \/>\n<link rel=\"canonical\" href=\"https:\/\/www.noticiasradioreflejos.com.ar\/2021\/14-de-mayo-aniversario-114-de-la-escuela-n-2-de-saldungaray\/\" \/>\n<meta property=\"og:locale\" content=\"es_ES\" \/>\n<meta property=\"og:type\" content=\"article\" \/>\n<meta property=\"og:title\" content=\"14 de mayo aniversario 114 de la Escuela N\u00b0 2 de Saldungaray - Noticias Radio Reflejos\" \/>\n<meta property=\"og:description\" content=\"El cumplea\u00f1os de nuestra Escuela es de alg\u00fan modo el de cada uno de nosotros. Seguramente alguien de nuestra familia pas\u00f3 o est\u00e1 pasando por sus aulas. Por este y por muchos otros motivos, nuestra querida Escuela N\u00b0 2 forma parte de nuestra historia, de nuestro pasado y tambi\u00e9n de nuestro presente. Hoy vivimos en [&hellip;]\" \/>\n<meta property=\"og:url\" content=\"https:\/\/www.noticiasradioreflejos.com.ar\/2021\/14-de-mayo-aniversario-114-de-la-escuela-n-2-de-saldungaray\/\" \/>\n<meta property=\"og:site_name\" content=\"Noticias Radio Reflejos\" \/>\n<meta property=\"article:published_time\" content=\"2020-05-15T11:21:36+00:00\" \/>\n<meta property=\"og:image\" content=\"https:\/\/www.noticiasradioreflejos.com.ar\/2021\/wp-content\/uploads\/2021\/07\/logosol300x200.png\" \/>\n\t<meta property=\"og:image:width\" content=\"300\" \/>\n\t<meta property=\"og:image:height\" content=\"200\" \/>\n\t<meta property=\"og:image:type\" content=\"image\/png\" \/>\n<meta name=\"author\" content=\"Arnaldo Botto\" \/>\n<meta name=\"twitter:card\" content=\"summary_large_image\" \/>\n<script type=\"application\/ld+json\" class=\"yoast-schema-graph\">{\"@context\":\"https:\/\/schema.org\",\"@graph\":[{\"@type\":\"WebPage\",\"@id\":\"https:\/\/www.noticiasradioreflejos.com.ar\/2021\/14-de-mayo-aniversario-114-de-la-escuela-n-2-de-saldungaray\/\",\"url\":\"https:\/\/www.noticiasradioreflejos.com.ar\/2021\/14-de-mayo-aniversario-114-de-la-escuela-n-2-de-saldungaray\/\",\"name\":\"14 de mayo aniversario 114 de la Escuela N\u00b0 2 de Saldungaray - Noticias Radio Reflejos\",\"isPartOf\":{\"@id\":\"https:\/\/www.noticiasradioreflejos.com.ar\/2021\/#website\"},\"datePublished\":\"2020-05-15T11:21:36+00:00\",\"author\":{\"@id\":\"https:\/\/www.noticiasradioreflejos.com.ar\/2021\/#\/schema\/person\/ad82545263dcc5ec0996818884fd5fb1\"},\"breadcrumb\":{\"@id\":\"https:\/\/www.noticiasradioreflejos.com.ar\/2021\/14-de-mayo-aniversario-114-de-la-escuela-n-2-de-saldungaray\/#breadcrumb\"},\"inLanguage\":\"es\",\"potentialAction\":[{\"@type\":\"ReadAction\",\"target\":[\"https:\/\/www.noticiasradioreflejos.com.ar\/2021\/14-de-mayo-aniversario-114-de-la-escuela-n-2-de-saldungaray\/\"]}]},{\"@type\":\"BreadcrumbList\",\"@id\":\"https:\/\/www.noticiasradioreflejos.com.ar\/2021\/14-de-mayo-aniversario-114-de-la-escuela-n-2-de-saldungaray\/#breadcrumb\",\"itemListElement\":[{\"@type\":\"ListItem\",\"position\":1,\"name\":\"Portada\",\"item\":\"https:\/\/www.noticiasradioreflejos.com.ar\/2021\/\"},{\"@type\":\"ListItem\",\"position\":2,\"name\":\"14 de mayo aniversario 114 de la Escuela N\u00b0 2 de Saldungaray\"}]},{\"@type\":\"WebSite\",\"@id\":\"https:\/\/www.noticiasradioreflejos.com.ar\/2021\/#website\",\"url\":\"https:\/\/www.noticiasradioreflejos.com.ar\/2021\/\",\"name\":\"Noticias Radio Reflejos\",\"description\":\"Las noticias de mi comarca\",\"potentialAction\":[{\"@type\":\"SearchAction\",\"target\":{\"@type\":\"EntryPoint\",\"urlTemplate\":\"https:\/\/www.noticiasradioreflejos.com.ar\/2021\/?s={search_term_string}\"},\"query-input\":{\"@type\":\"PropertyValueSpecification\",\"valueRequired\":true,\"valueName\":\"search_term_string\"}}],\"inLanguage\":\"es\"},{\"@type\":\"Person\",\"@id\":\"https:\/\/www.noticiasradioreflejos.com.ar\/2021\/#\/schema\/person\/ad82545263dcc5ec0996818884fd5fb1\",\"name\":\"Arnaldo Botto\",\"image\":{\"@type\":\"ImageObject\",\"inLanguage\":\"es\",\"@id\":\"https:\/\/www.noticiasradioreflejos.com.ar\/2021\/#\/schema\/person\/image\/\",\"url\":\"https:\/\/secure.gravatar.com\/avatar\/55cb5e37c1efa326397366e6974cb338056df65cb50e7d64d1cf314e87504837?s=96&d=mm&r=g\",\"contentUrl\":\"https:\/\/secure.gravatar.com\/avatar\/55cb5e37c1efa326397366e6974cb338056df65cb50e7d64d1cf314e87504837?s=96&d=mm&r=g\",\"caption\":\"Arnaldo Botto\"},\"url\":\"https:\/\/www.noticiasradioreflejos.com.ar\/2021\/author\/arnaldo\/\"}]}<\/script>\n<!-- \/ Yoast SEO plugin. -->","yoast_head_json":{"title":"14 de mayo aniversario 114 de la Escuela N\u00b0 2 de Saldungaray - Noticias Radio Reflejos","robots":{"index":"index","follow":"follow","max-snippet":"max-snippet:-1","max-image-preview":"max-image-preview:large","max-video-preview":"max-video-preview:-1"},"canonical":"https:\/\/www.noticiasradioreflejos.com.ar\/2021\/14-de-mayo-aniversario-114-de-la-escuela-n-2-de-saldungaray\/","og_locale":"es_ES","og_type":"article","og_title":"14 de mayo aniversario 114 de la Escuela N\u00b0 2 de Saldungaray - Noticias Radio Reflejos","og_description":"El cumplea\u00f1os de nuestra Escuela es de alg\u00fan modo el de cada uno de nosotros. Seguramente alguien de nuestra familia pas\u00f3 o est\u00e1 pasando por sus aulas. Por este y por muchos otros motivos, nuestra querida Escuela N\u00b0 2 forma parte de nuestra historia, de nuestro pasado y tambi\u00e9n de nuestro presente. Hoy vivimos en [&hellip;]","og_url":"https:\/\/www.noticiasradioreflejos.com.ar\/2021\/14-de-mayo-aniversario-114-de-la-escuela-n-2-de-saldungaray\/","og_site_name":"Noticias Radio Reflejos","article_published_time":"2020-05-15T11:21:36+00:00","og_image":[{"width":300,"height":200,"url":"https:\/\/www.noticiasradioreflejos.com.ar\/2021\/wp-content\/uploads\/2021\/07\/logosol300x200.png","type":"image\/png"}],"author":"Arnaldo Botto","twitter_card":"summary_large_image","schema":{"@context":"https:\/\/schema.org","@graph":[{"@type":"WebPage","@id":"https:\/\/www.noticiasradioreflejos.com.ar\/2021\/14-de-mayo-aniversario-114-de-la-escuela-n-2-de-saldungaray\/","url":"https:\/\/www.noticiasradioreflejos.com.ar\/2021\/14-de-mayo-aniversario-114-de-la-escuela-n-2-de-saldungaray\/","name":"14 de mayo aniversario 114 de la Escuela N\u00b0 2 de Saldungaray - Noticias Radio Reflejos","isPartOf":{"@id":"https:\/\/www.noticiasradioreflejos.com.ar\/2021\/#website"},"datePublished":"2020-05-15T11:21:36+00:00","author":{"@id":"https:\/\/www.noticiasradioreflejos.com.ar\/2021\/#\/schema\/person\/ad82545263dcc5ec0996818884fd5fb1"},"breadcrumb":{"@id":"https:\/\/www.noticiasradioreflejos.com.ar\/2021\/14-de-mayo-aniversario-114-de-la-escuela-n-2-de-saldungaray\/#breadcrumb"},"inLanguage":"es","potentialAction":[{"@type":"ReadAction","target":["https:\/\/www.noticiasradioreflejos.com.ar\/2021\/14-de-mayo-aniversario-114-de-la-escuela-n-2-de-saldungaray\/"]}]},{"@type":"BreadcrumbList","@id":"https:\/\/www.noticiasradioreflejos.com.ar\/2021\/14-de-mayo-aniversario-114-de-la-escuela-n-2-de-saldungaray\/#breadcrumb","itemListElement":[{"@type":"ListItem","position":1,"name":"Portada","item":"https:\/\/www.noticiasradioreflejos.com.ar\/2021\/"},{"@type":"ListItem","position":2,"name":"14 de mayo aniversario 114 de la Escuela N\u00b0 2 de Saldungaray"}]},{"@type":"WebSite","@id":"https:\/\/www.noticiasradioreflejos.com.ar\/2021\/#website","url":"https:\/\/www.noticiasradioreflejos.com.ar\/2021\/","name":"Noticias Radio Reflejos","description":"Las noticias de mi comarca","potentialAction":[{"@type":"SearchAction","target":{"@type":"EntryPoint","urlTemplate":"https:\/\/www.noticiasradioreflejos.com.ar\/2021\/?s={search_term_string}"},"query-input":{"@type":"PropertyValueSpecification","valueRequired":true,"valueName":"search_term_string"}}],"inLanguage":"es"},{"@type":"Person","@id":"https:\/\/www.noticiasradioreflejos.com.ar\/2021\/#\/schema\/person\/ad82545263dcc5ec0996818884fd5fb1","name":"Arnaldo Botto","image":{"@type":"ImageObject","inLanguage":"es","@id":"https:\/\/www.noticiasradioreflejos.com.ar\/2021\/#\/schema\/person\/image\/","url":"https:\/\/secure.gravatar.com\/avatar\/55cb5e37c1efa326397366e6974cb338056df65cb50e7d64d1cf314e87504837?s=96&d=mm&r=g","contentUrl":"https:\/\/secure.gravatar.com\/avatar\/55cb5e37c1efa326397366e6974cb338056df65cb50e7d64d1cf314e87504837?s=96&d=mm&r=g","caption":"Arnaldo Botto"},"url":"https:\/\/www.noticiasradioreflejos.com.ar\/2021\/author\/arnaldo\/"}]}},"_links":{"self":[{"href":"https:\/\/www.noticiasradioreflejos.com.ar\/2021\/wp-json\/wp\/v2\/posts\/41992","targetHints":{"allow":["GET"]}}],"collection":[{"href":"https:\/\/www.noticiasradioreflejos.com.ar\/2021\/wp-json\/wp\/v2\/posts"}],"about":[{"href":"https:\/\/www.noticiasradioreflejos.com.ar\/2021\/wp-json\/wp\/v2\/types\/post"}],"author":[{"embeddable":true,"href":"https:\/\/www.noticiasradioreflejos.com.ar\/2021\/wp-json\/wp\/v2\/users\/3"}],"replies":[{"embeddable":true,"href":"https:\/\/www.noticiasradioreflejos.com.ar\/2021\/wp-json\/wp\/v2\/comments?post=41992"}],"version-history":[{"count":0,"href":"https:\/\/www.noticiasradioreflejos.com.ar\/2021\/wp-json\/wp\/v2\/posts\/41992\/revisions"}],"wp:attachment":[{"href":"https:\/\/www.noticiasradioreflejos.com.ar\/2021\/wp-json\/wp\/v2\/media?parent=41992"}],"wp:term":[{"taxonomy":"category","embeddable":true,"href":"https:\/\/www.noticiasradioreflejos.com.ar\/2021\/wp-json\/wp\/v2\/categories?post=41992"},{"taxonomy":"post_tag","embeddable":true,"href":"https:\/\/www.noticiasradioreflejos.com.ar\/2021\/wp-json\/wp\/v2\/tags?post=41992"}],"curies":[{"name":"wp","href":"https:\/\/api.w.org\/{rel}","templated":true}]}}