{"id":41944,"date":"2020-05-13T16:02:08","date_gmt":"2020-05-13T19:02:08","guid":{"rendered":"http:\/\/www.noticiasradioreflejos.com.ar\/noticias\/?p=41944"},"modified":"2020-05-13T16:02:08","modified_gmt":"2020-05-13T19:02:08","slug":"hasta-el-15-de-junio-se-puede-participar-del-concurso-fotografico-banderas-en-tu-corazon","status":"publish","type":"post","link":"https:\/\/www.noticiasradioreflejos.com.ar\/2021\/hasta-el-15-de-junio-se-puede-participar-del-concurso-fotografico-banderas-en-tu-corazon\/","title":{"rendered":"Hasta el 15 de junio se puede participar del concurso fotogr\u00e1fico \u00abBanderas en tu Coraz\u00f3n\u00bb."},"content":{"rendered":"<p>Se abri\u00f3 la inscripci\u00f3n para participar del \u00abPrimer Foto Concurso 2020 En Casa: Banderas en tu Coraz\u00f3n\u00bb, un certamen de fotograf\u00eda digital para compartir y premiar im\u00e1genes que expresen las distintas formas de relacionarnos con la Bandera Argentina en la vida cotidiana. Esta convocatoria est\u00e1 organizada por el Ministerio de Cultura de la Naci\u00f3n, a trav\u00e9s de la Secretar\u00eda de Gesti\u00f3n Cultural y la Direcci\u00f3n Nacional de Diversidad y Cultura Comunitaria, en el marco del \u201cA\u00f1o del General Manuel Belgrano\u201d, al conmemorarse 250 a\u00f1os de su nacimiento y 200 desde su fallecimiento.<!--more--><br \/>\nLas fotos pueden ser actuales (tomadas desde casa) o anteriores (elegidas del archivo personal y con una antig\u00fcedad no mayor a 10 a\u00f1os).<br \/>\nLa convocatoria estar\u00e1 abierta hasta el 15 de junio y para participar, los interesados deben inscribirse y subir sus fotos a trav\u00e9s del siguiente formulario online: https:\/\/forms.cultura.gob.ar\/index.php\/554792?lang=es<\/p>\n<p>Se puede elegir entre dos categor\u00edas: Profesional y General, y se seleccionar\u00e1n 3 (tres) fotos por cada una. Las que resulten seleccionadas como ganadoras recibir\u00e1n $75.000 para el primer puesto, $40.000 para el segundo y $20.000 para el tercero.<\/p>\n<p>Adem\u00e1s se seleccionar\u00e1n 6 menciones especiales y cada una obtendr\u00e1 un premio de $5.000 y habr\u00e1 menciones generales sin premio econ\u00f3mico.<\/p>\n<p>Todas las obras seleccionadas recibir\u00e1n un diploma y ser\u00e1n exhibidas en el marco de actividades que integran la planificaci\u00f3n de eventos ligados al \u201cA\u00f1o del General Manuel Belgrano\u201d.<\/p>\n<p>Para m\u00e1s informaci\u00f3n pueden escribir a fotoconcurso.banderas@cultura.gob.ar<\/p>\n","protected":false},"excerpt":{"rendered":"<p>Se abri\u00f3 la inscripci\u00f3n para participar del \u00abPrimer Foto Concurso 2020 En Casa: Banderas en tu Coraz\u00f3n\u00bb, un certamen de fotograf\u00eda digital para compartir y premiar im\u00e1genes que expresen las distintas formas de relacionarnos con la Bandera Argentina en la vida cotidiana. Esta convocatoria est\u00e1 organizada por el Ministerio de Cultura de la Naci\u00f3n, a [&hellip;]<\/p>\n","protected":false},"author":3,"featured_media":0,"comment_status":"closed","ping_status":"open","sticky":false,"template":"","format":"standard","meta":{"footnotes":""},"categories":[35],"tags":[],"class_list":["post-41944","post","type-post","status-publish","format-standard","hentry","category-cultura"],"yoast_head":"<!-- This site is optimized with the Yoast SEO plugin v25.9 - https:\/\/yoast.com\/wordpress\/plugins\/seo\/ -->\n<title>Hasta el 15 de junio se puede participar del concurso fotogr\u00e1fico &quot;Banderas en tu Coraz\u00f3n&quot;. - Noticias Radio Reflejos<\/title>\n<meta name=\"robots\" content=\"index, follow, max-snippet:-1, max-image-preview:large, max-video-preview:-1\" \/>\n<link rel=\"canonical\" href=\"https:\/\/www.noticiasradioreflejos.com.ar\/2021\/hasta-el-15-de-junio-se-puede-participar-del-concurso-fotografico-banderas-en-tu-corazon\/\" \/>\n<meta property=\"og:locale\" content=\"es_ES\" \/>\n<meta property=\"og:type\" content=\"article\" \/>\n<meta property=\"og:title\" content=\"Hasta el 15 de junio se puede participar del concurso fotogr\u00e1fico &quot;Banderas en tu Coraz\u00f3n&quot;. - Noticias Radio Reflejos\" \/>\n<meta property=\"og:description\" content=\"Se abri\u00f3 la inscripci\u00f3n para participar del \u00abPrimer Foto Concurso 2020 En Casa: Banderas en tu Coraz\u00f3n\u00bb, un certamen de fotograf\u00eda digital para compartir y premiar im\u00e1genes que expresen las distintas formas de relacionarnos con la Bandera Argentina en la vida cotidiana. Esta convocatoria est\u00e1 organizada por el Ministerio de Cultura de la Naci\u00f3n, a [&hellip;]\" \/>\n<meta property=\"og:url\" content=\"https:\/\/www.noticiasradioreflejos.com.ar\/2021\/hasta-el-15-de-junio-se-puede-participar-del-concurso-fotografico-banderas-en-tu-corazon\/\" \/>\n<meta property=\"og:site_name\" content=\"Noticias Radio Reflejos\" \/>\n<meta property=\"article:published_time\" content=\"2020-05-13T19:02:08+00:00\" \/>\n<meta property=\"og:image\" content=\"https:\/\/www.noticiasradioreflejos.com.ar\/2021\/wp-content\/uploads\/2021\/07\/logosol300x200.png\" \/>\n\t<meta property=\"og:image:width\" content=\"300\" \/>\n\t<meta property=\"og:image:height\" content=\"200\" \/>\n\t<meta property=\"og:image:type\" content=\"image\/png\" \/>\n<meta name=\"author\" content=\"Arnaldo Botto\" \/>\n<meta name=\"twitter:card\" content=\"summary_large_image\" \/>\n<script type=\"application\/ld+json\" class=\"yoast-schema-graph\">{\"@context\":\"https:\/\/schema.org\",\"@graph\":[{\"@type\":\"WebPage\",\"@id\":\"https:\/\/www.noticiasradioreflejos.com.ar\/2021\/hasta-el-15-de-junio-se-puede-participar-del-concurso-fotografico-banderas-en-tu-corazon\/\",\"url\":\"https:\/\/www.noticiasradioreflejos.com.ar\/2021\/hasta-el-15-de-junio-se-puede-participar-del-concurso-fotografico-banderas-en-tu-corazon\/\",\"name\":\"Hasta el 15 de junio se puede participar del concurso fotogr\u00e1fico \\\"Banderas en tu Coraz\u00f3n\\\". - Noticias Radio Reflejos\",\"isPartOf\":{\"@id\":\"https:\/\/www.noticiasradioreflejos.com.ar\/2021\/#website\"},\"datePublished\":\"2020-05-13T19:02:08+00:00\",\"author\":{\"@id\":\"https:\/\/www.noticiasradioreflejos.com.ar\/2021\/#\/schema\/person\/ad82545263dcc5ec0996818884fd5fb1\"},\"breadcrumb\":{\"@id\":\"https:\/\/www.noticiasradioreflejos.com.ar\/2021\/hasta-el-15-de-junio-se-puede-participar-del-concurso-fotografico-banderas-en-tu-corazon\/#breadcrumb\"},\"inLanguage\":\"es\",\"potentialAction\":[{\"@type\":\"ReadAction\",\"target\":[\"https:\/\/www.noticiasradioreflejos.com.ar\/2021\/hasta-el-15-de-junio-se-puede-participar-del-concurso-fotografico-banderas-en-tu-corazon\/\"]}]},{\"@type\":\"BreadcrumbList\",\"@id\":\"https:\/\/www.noticiasradioreflejos.com.ar\/2021\/hasta-el-15-de-junio-se-puede-participar-del-concurso-fotografico-banderas-en-tu-corazon\/#breadcrumb\",\"itemListElement\":[{\"@type\":\"ListItem\",\"position\":1,\"name\":\"Portada\",\"item\":\"https:\/\/www.noticiasradioreflejos.com.ar\/2021\/\"},{\"@type\":\"ListItem\",\"position\":2,\"name\":\"Hasta el 15 de junio se puede participar del concurso fotogr\u00e1fico \u00abBanderas en tu Coraz\u00f3n\u00bb.\"}]},{\"@type\":\"WebSite\",\"@id\":\"https:\/\/www.noticiasradioreflejos.com.ar\/2021\/#website\",\"url\":\"https:\/\/www.noticiasradioreflejos.com.ar\/2021\/\",\"name\":\"Noticias Radio Reflejos\",\"description\":\"Las noticias de mi comarca\",\"potentialAction\":[{\"@type\":\"SearchAction\",\"target\":{\"@type\":\"EntryPoint\",\"urlTemplate\":\"https:\/\/www.noticiasradioreflejos.com.ar\/2021\/?s={search_term_string}\"},\"query-input\":{\"@type\":\"PropertyValueSpecification\",\"valueRequired\":true,\"valueName\":\"search_term_string\"}}],\"inLanguage\":\"es\"},{\"@type\":\"Person\",\"@id\":\"https:\/\/www.noticiasradioreflejos.com.ar\/2021\/#\/schema\/person\/ad82545263dcc5ec0996818884fd5fb1\",\"name\":\"Arnaldo Botto\",\"image\":{\"@type\":\"ImageObject\",\"inLanguage\":\"es\",\"@id\":\"https:\/\/www.noticiasradioreflejos.com.ar\/2021\/#\/schema\/person\/image\/\",\"url\":\"https:\/\/secure.gravatar.com\/avatar\/55cb5e37c1efa326397366e6974cb338056df65cb50e7d64d1cf314e87504837?s=96&d=mm&r=g\",\"contentUrl\":\"https:\/\/secure.gravatar.com\/avatar\/55cb5e37c1efa326397366e6974cb338056df65cb50e7d64d1cf314e87504837?s=96&d=mm&r=g\",\"caption\":\"Arnaldo Botto\"},\"url\":\"https:\/\/www.noticiasradioreflejos.com.ar\/2021\/author\/arnaldo\/\"}]}<\/script>\n<!-- \/ Yoast SEO plugin. -->","yoast_head_json":{"title":"Hasta el 15 de junio se puede participar del concurso fotogr\u00e1fico \"Banderas en tu Coraz\u00f3n\". - Noticias Radio Reflejos","robots":{"index":"index","follow":"follow","max-snippet":"max-snippet:-1","max-image-preview":"max-image-preview:large","max-video-preview":"max-video-preview:-1"},"canonical":"https:\/\/www.noticiasradioreflejos.com.ar\/2021\/hasta-el-15-de-junio-se-puede-participar-del-concurso-fotografico-banderas-en-tu-corazon\/","og_locale":"es_ES","og_type":"article","og_title":"Hasta el 15 de junio se puede participar del concurso fotogr\u00e1fico \"Banderas en tu Coraz\u00f3n\". - Noticias Radio Reflejos","og_description":"Se abri\u00f3 la inscripci\u00f3n para participar del \u00abPrimer Foto Concurso 2020 En Casa: Banderas en tu Coraz\u00f3n\u00bb, un certamen de fotograf\u00eda digital para compartir y premiar im\u00e1genes que expresen las distintas formas de relacionarnos con la Bandera Argentina en la vida cotidiana. Esta convocatoria est\u00e1 organizada por el Ministerio de Cultura de la Naci\u00f3n, a [&hellip;]","og_url":"https:\/\/www.noticiasradioreflejos.com.ar\/2021\/hasta-el-15-de-junio-se-puede-participar-del-concurso-fotografico-banderas-en-tu-corazon\/","og_site_name":"Noticias Radio Reflejos","article_published_time":"2020-05-13T19:02:08+00:00","og_image":[{"width":300,"height":200,"url":"https:\/\/www.noticiasradioreflejos.com.ar\/2021\/wp-content\/uploads\/2021\/07\/logosol300x200.png","type":"image\/png"}],"author":"Arnaldo Botto","twitter_card":"summary_large_image","schema":{"@context":"https:\/\/schema.org","@graph":[{"@type":"WebPage","@id":"https:\/\/www.noticiasradioreflejos.com.ar\/2021\/hasta-el-15-de-junio-se-puede-participar-del-concurso-fotografico-banderas-en-tu-corazon\/","url":"https:\/\/www.noticiasradioreflejos.com.ar\/2021\/hasta-el-15-de-junio-se-puede-participar-del-concurso-fotografico-banderas-en-tu-corazon\/","name":"Hasta el 15 de junio se puede participar del concurso fotogr\u00e1fico \"Banderas en tu Coraz\u00f3n\". - Noticias Radio Reflejos","isPartOf":{"@id":"https:\/\/www.noticiasradioreflejos.com.ar\/2021\/#website"},"datePublished":"2020-05-13T19:02:08+00:00","author":{"@id":"https:\/\/www.noticiasradioreflejos.com.ar\/2021\/#\/schema\/person\/ad82545263dcc5ec0996818884fd5fb1"},"breadcrumb":{"@id":"https:\/\/www.noticiasradioreflejos.com.ar\/2021\/hasta-el-15-de-junio-se-puede-participar-del-concurso-fotografico-banderas-en-tu-corazon\/#breadcrumb"},"inLanguage":"es","potentialAction":[{"@type":"ReadAction","target":["https:\/\/www.noticiasradioreflejos.com.ar\/2021\/hasta-el-15-de-junio-se-puede-participar-del-concurso-fotografico-banderas-en-tu-corazon\/"]}]},{"@type":"BreadcrumbList","@id":"https:\/\/www.noticiasradioreflejos.com.ar\/2021\/hasta-el-15-de-junio-se-puede-participar-del-concurso-fotografico-banderas-en-tu-corazon\/#breadcrumb","itemListElement":[{"@type":"ListItem","position":1,"name":"Portada","item":"https:\/\/www.noticiasradioreflejos.com.ar\/2021\/"},{"@type":"ListItem","position":2,"name":"Hasta el 15 de junio se puede participar del concurso fotogr\u00e1fico \u00abBanderas en tu Coraz\u00f3n\u00bb."}]},{"@type":"WebSite","@id":"https:\/\/www.noticiasradioreflejos.com.ar\/2021\/#website","url":"https:\/\/www.noticiasradioreflejos.com.ar\/2021\/","name":"Noticias Radio Reflejos","description":"Las noticias de mi comarca","potentialAction":[{"@type":"SearchAction","target":{"@type":"EntryPoint","urlTemplate":"https:\/\/www.noticiasradioreflejos.com.ar\/2021\/?s={search_term_string}"},"query-input":{"@type":"PropertyValueSpecification","valueRequired":true,"valueName":"search_term_string"}}],"inLanguage":"es"},{"@type":"Person","@id":"https:\/\/www.noticiasradioreflejos.com.ar\/2021\/#\/schema\/person\/ad82545263dcc5ec0996818884fd5fb1","name":"Arnaldo Botto","image":{"@type":"ImageObject","inLanguage":"es","@id":"https:\/\/www.noticiasradioreflejos.com.ar\/2021\/#\/schema\/person\/image\/","url":"https:\/\/secure.gravatar.com\/avatar\/55cb5e37c1efa326397366e6974cb338056df65cb50e7d64d1cf314e87504837?s=96&d=mm&r=g","contentUrl":"https:\/\/secure.gravatar.com\/avatar\/55cb5e37c1efa326397366e6974cb338056df65cb50e7d64d1cf314e87504837?s=96&d=mm&r=g","caption":"Arnaldo Botto"},"url":"https:\/\/www.noticiasradioreflejos.com.ar\/2021\/author\/arnaldo\/"}]}},"_links":{"self":[{"href":"https:\/\/www.noticiasradioreflejos.com.ar\/2021\/wp-json\/wp\/v2\/posts\/41944","targetHints":{"allow":["GET"]}}],"collection":[{"href":"https:\/\/www.noticiasradioreflejos.com.ar\/2021\/wp-json\/wp\/v2\/posts"}],"about":[{"href":"https:\/\/www.noticiasradioreflejos.com.ar\/2021\/wp-json\/wp\/v2\/types\/post"}],"author":[{"embeddable":true,"href":"https:\/\/www.noticiasradioreflejos.com.ar\/2021\/wp-json\/wp\/v2\/users\/3"}],"replies":[{"embeddable":true,"href":"https:\/\/www.noticiasradioreflejos.com.ar\/2021\/wp-json\/wp\/v2\/comments?post=41944"}],"version-history":[{"count":0,"href":"https:\/\/www.noticiasradioreflejos.com.ar\/2021\/wp-json\/wp\/v2\/posts\/41944\/revisions"}],"wp:attachment":[{"href":"https:\/\/www.noticiasradioreflejos.com.ar\/2021\/wp-json\/wp\/v2\/media?parent=41944"}],"wp:term":[{"taxonomy":"category","embeddable":true,"href":"https:\/\/www.noticiasradioreflejos.com.ar\/2021\/wp-json\/wp\/v2\/categories?post=41944"},{"taxonomy":"post_tag","embeddable":true,"href":"https:\/\/www.noticiasradioreflejos.com.ar\/2021\/wp-json\/wp\/v2\/tags?post=41944"}],"curies":[{"name":"wp","href":"https:\/\/api.w.org\/{rel}","templated":true}]}}