{"id":41931,"date":"2020-05-13T15:39:10","date_gmt":"2020-05-13T18:39:10","guid":{"rendered":"http:\/\/www.noticiasradioreflejos.com.ar\/noticias\/?p=41931"},"modified":"2020-05-13T15:39:10","modified_gmt":"2020-05-13T18:39:10","slug":"esta-situacion-puede-ser-la-puerta-a-nuevos-turismos-esteban-fernandez-comerciante","status":"publish","type":"post","link":"https:\/\/www.noticiasradioreflejos.com.ar\/2021\/esta-situacion-puede-ser-la-puerta-a-nuevos-turismos-esteban-fernandez-comerciante\/","title":{"rendered":"\u00abEsta situaci\u00f3n puede ser la puerta a nuevo turismo\u00bb &#8211; Esteban Fern\u00e1ndez, comerciante"},"content":{"rendered":"<p><a title=\"5473b4d9-bdf6-4211-b3c6-58a37f9cc329\" href=\"http:\/\/live.staticflickr.com\/65535\/49891469606_6c7b78729e_s.jpg\" rel=\"\"><img loading=\"lazy\" decoding=\"async\" class=\"alignleft\" style=\"float: left;\" title=\"5473b4d9-bdf6-4211-b3c6-58a37f9cc329\" src=\"http:\/\/live.staticflickr.com\/65535\/49891469606_6c7b78729e_z.jpg\" alt=\"5473b4d9-bdf6-4211-b3c6-58a37f9cc329\" width=\"640\" height=\"427\" \/><\/a>En busca de distintas opiniones y puntos de vista sobre la situaci\u00f3n actual de pandemia y cuarentena, esta ma\u00f1ana conversamos con Esteban Fern\u00e1ndez, comerciante y due\u00f1o de Regionales La Rueda. En esta nota, nos abre su visi\u00f3n acerca de las circunstancias actuales de los comerciantes y el turismo, y nos cuenta qu\u00e9 estrategias tom\u00f3 para reanudar las ventas y adaptar su negocio despu\u00e9s de dos semanas de aislamiento total.<!--more--><\/p>\n<p>\u00abVamos a vernos afectados en cuanto al turismo regional, porque todos van a querer salir a lo m\u00e1s cercano, pero tenemos que ver c\u00f3mo nos vamos a preparar para atenderlos\u00bb comenz\u00f3 expres\u00e1ndose Esteban desde el lugar de comerciante en la Comarca, aunque opin\u00f3 que de todas maneras \u00ablo regional\u00bb hoy en d\u00eda abarca un radio de 400 kil\u00f3metros aproximadamente. Gente desde lugares m\u00e1s alejados igualmente se toman el tiempo de viajar para conocer nuestra regi\u00f3n. \u00abEn el post-pandemia, el fuerte de los comerciantes va a ser el rol de las redes sociales y la tecnolog\u00eda\u00bb sostuvo.<br \/>\nLe preguntamos a Esteban c\u00f3mo hizo para dar vuelta la situaci\u00f3n en la que mayormente sus consumidores son turistas a partir de la cuarentena obligatoria a lo que respondi\u00f3 \u00abLa atenci\u00f3n al p\u00fablico y las ventas ranquean los turistas en un 80% aproximadamente, pero \u00faltimamente el consumo local ha subido mucho, ampliamos los productos que ofrecemos y los locales respondieron\u00bb. Esteban nos cuenta que las primeras dos semanas de aislamiento fueron muy bravas, fue un replanteo econ\u00f3mico el c\u00f3mo cumplir con los proveedores, pagar alquileres, etc. Su negocio se fue manteniendo durante esas primeras dos semanas y luego empezaron a comercializar con la modalidad de delivery, \u00ablo primero que nos preocup\u00f3 fue c\u00f3mo cubrir los gastos fijos mensuales, y despu\u00e9s empezamos a plantearnos c\u00f3mo vender\u00bb. Esteban destaca que para que su negocio vuelva a funcionar fue fundamental la llegada al p\u00fablico desde las redes sociales, su predisposici\u00f3n con los pedidos de sus clientes y el v\u00ednculo que logr\u00f3 generar con ellos despu\u00e9s de a\u00f1os de trabajo.<\/p>\n<p><a title=\"bbb9c5cc-2cb1-4fa2-b34f-1bc1e56c707f\" href=\"http:\/\/live.staticflickr.com\/65535\/49891782452_da29523ffc_s.jpg\" rel=\"\"><img loading=\"lazy\" decoding=\"async\" class=\"aligncenter\" title=\"bbb9c5cc-2cb1-4fa2-b34f-1bc1e56c707f\" src=\"http:\/\/live.staticflickr.com\/65535\/49891782452_da29523ffc_z.jpg\" alt=\"bbb9c5cc-2cb1-4fa2-b34f-1bc1e56c707f\" width=\"640\" height=\"427\" \/><\/a><br \/>\n\u00abVolviendo al tema en lo que es el turismo en pueblo, la gente va a empezar a buscar lugares de esparcimiento y donde se puedan realizar distintas actividades. Tambi\u00e9n, vamos a tener un gran recibimiento de gente de las grandes ciudades que van a elegir destinos con poco movimiento de personas, no van a ir a Mar del Plata o a C\u00f3rdoba. Los pueblos chicos van a tener una gran influencia. Tambi\u00e9n puede ser la puerta a la creaci\u00f3n de nuevos turismos y herramientas a partir de todo esto, va a haber un cambio en la gente sobre c\u00f3mo encontrar el turismo\u00bb transmiti\u00f3 Esteban convencidamente de que toda estas circunstancias van a traer algo positivo a nuestra Comarca. \u00c9l resalta que los comerciantes deben estar optimistas con respecto a esta situaci\u00f3n y que esto implica el cambio de h\u00e1bitos de vendedores y consumidores, un hecho a lo que hay que adaptarse para no quedarse atr\u00e1s.<br \/>\nFinalmente, Esteban se ofreci\u00f3 a hacer una apreciaci\u00f3n a la red social Instagram, donde sus clientes le pidieron que muestre im\u00e1genes de la Comarca, \u00abhay que transmitir, dentro de lo que se puede, lugares donde la gente no puede ir pero que si quiere ver. Es un recreo para la gente encerrada\u00bb comunic\u00f3, y sostuvo que esta es una manera muy \u00fatil de atraer turistas para un futuro cercano.<\/p>\n<p>&nbsp;<\/p>\n<p><iframe loading=\"lazy\" src=\"https:\/\/w.soundcloud.com\/player\/?url=https%3A\/\/api.soundcloud.com\/tracks\/819641245&amp;color=%23ff5500&amp;auto_play=false&amp;hide_related=false&amp;show_comments=true&amp;show_user=true&amp;show_reposts=false&amp;show_teaser=true\" width=\"100%\" height=\"166\" frameborder=\"no\" scrolling=\"no\"><\/iframe><\/p>\n","protected":false},"excerpt":{"rendered":"<p>En busca de distintas opiniones y puntos de vista sobre la situaci\u00f3n actual de pandemia y cuarentena, esta ma\u00f1ana conversamos con Esteban Fern\u00e1ndez, comerciante y due\u00f1o de Regionales La Rueda. En esta nota, nos abre su visi\u00f3n acerca de las circunstancias actuales de los comerciantes y el turismo, y nos cuenta qu\u00e9 estrategias tom\u00f3 para [&hellip;]<\/p>\n","protected":false},"author":3,"featured_media":0,"comment_status":"closed","ping_status":"open","sticky":false,"template":"","format":"standard","meta":{"footnotes":""},"categories":[33],"tags":[],"class_list":["post-41931","post","type-post","status-publish","format-standard","hentry","category-turismo"],"yoast_head":"<!-- This site is optimized with the Yoast SEO plugin v25.9 - https:\/\/yoast.com\/wordpress\/plugins\/seo\/ -->\n<title>&quot;Esta situaci\u00f3n puede ser la puerta a nuevo turismo&quot; - Esteban Fern\u00e1ndez, comerciante - Noticias Radio Reflejos<\/title>\n<meta name=\"robots\" content=\"index, follow, max-snippet:-1, max-image-preview:large, max-video-preview:-1\" \/>\n<link rel=\"canonical\" href=\"https:\/\/www.noticiasradioreflejos.com.ar\/2021\/esta-situacion-puede-ser-la-puerta-a-nuevos-turismos-esteban-fernandez-comerciante\/\" \/>\n<meta property=\"og:locale\" content=\"es_ES\" \/>\n<meta property=\"og:type\" content=\"article\" \/>\n<meta property=\"og:title\" content=\"&quot;Esta situaci\u00f3n puede ser la puerta a nuevo turismo&quot; - Esteban Fern\u00e1ndez, comerciante - Noticias Radio Reflejos\" \/>\n<meta property=\"og:description\" content=\"En busca de distintas opiniones y puntos de vista sobre la situaci\u00f3n actual de pandemia y cuarentena, esta ma\u00f1ana conversamos con Esteban Fern\u00e1ndez, comerciante y due\u00f1o de Regionales La Rueda. En esta nota, nos abre su visi\u00f3n acerca de las circunstancias actuales de los comerciantes y el turismo, y nos cuenta qu\u00e9 estrategias tom\u00f3 para [&hellip;]\" \/>\n<meta property=\"og:url\" content=\"https:\/\/www.noticiasradioreflejos.com.ar\/2021\/esta-situacion-puede-ser-la-puerta-a-nuevos-turismos-esteban-fernandez-comerciante\/\" \/>\n<meta property=\"og:site_name\" content=\"Noticias Radio Reflejos\" \/>\n<meta property=\"article:published_time\" content=\"2020-05-13T18:39:10+00:00\" \/>\n<meta property=\"og:image\" content=\"http:\/\/live.staticflickr.com\/65535\/49891469606_6c7b78729e_z.jpg\" \/>\n<meta name=\"author\" content=\"Arnaldo Botto\" \/>\n<meta name=\"twitter:card\" content=\"summary_large_image\" \/>\n<script type=\"application\/ld+json\" class=\"yoast-schema-graph\">{\"@context\":\"https:\/\/schema.org\",\"@graph\":[{\"@type\":\"WebPage\",\"@id\":\"https:\/\/www.noticiasradioreflejos.com.ar\/2021\/esta-situacion-puede-ser-la-puerta-a-nuevos-turismos-esteban-fernandez-comerciante\/\",\"url\":\"https:\/\/www.noticiasradioreflejos.com.ar\/2021\/esta-situacion-puede-ser-la-puerta-a-nuevos-turismos-esteban-fernandez-comerciante\/\",\"name\":\"\\\"Esta situaci\u00f3n puede ser la puerta a nuevo turismo\\\" - Esteban Fern\u00e1ndez, comerciante - Noticias Radio Reflejos\",\"isPartOf\":{\"@id\":\"https:\/\/www.noticiasradioreflejos.com.ar\/2021\/#website\"},\"primaryImageOfPage\":{\"@id\":\"https:\/\/www.noticiasradioreflejos.com.ar\/2021\/esta-situacion-puede-ser-la-puerta-a-nuevos-turismos-esteban-fernandez-comerciante\/#primaryimage\"},\"image\":{\"@id\":\"https:\/\/www.noticiasradioreflejos.com.ar\/2021\/esta-situacion-puede-ser-la-puerta-a-nuevos-turismos-esteban-fernandez-comerciante\/#primaryimage\"},\"thumbnailUrl\":\"http:\/\/live.staticflickr.com\/65535\/49891469606_6c7b78729e_z.jpg\",\"datePublished\":\"2020-05-13T18:39:10+00:00\",\"author\":{\"@id\":\"https:\/\/www.noticiasradioreflejos.com.ar\/2021\/#\/schema\/person\/ad82545263dcc5ec0996818884fd5fb1\"},\"breadcrumb\":{\"@id\":\"https:\/\/www.noticiasradioreflejos.com.ar\/2021\/esta-situacion-puede-ser-la-puerta-a-nuevos-turismos-esteban-fernandez-comerciante\/#breadcrumb\"},\"inLanguage\":\"es\",\"potentialAction\":[{\"@type\":\"ReadAction\",\"target\":[\"https:\/\/www.noticiasradioreflejos.com.ar\/2021\/esta-situacion-puede-ser-la-puerta-a-nuevos-turismos-esteban-fernandez-comerciante\/\"]}]},{\"@type\":\"ImageObject\",\"inLanguage\":\"es\",\"@id\":\"https:\/\/www.noticiasradioreflejos.com.ar\/2021\/esta-situacion-puede-ser-la-puerta-a-nuevos-turismos-esteban-fernandez-comerciante\/#primaryimage\",\"url\":\"http:\/\/live.staticflickr.com\/65535\/49891469606_6c7b78729e_z.jpg\",\"contentUrl\":\"http:\/\/live.staticflickr.com\/65535\/49891469606_6c7b78729e_z.jpg\"},{\"@type\":\"BreadcrumbList\",\"@id\":\"https:\/\/www.noticiasradioreflejos.com.ar\/2021\/esta-situacion-puede-ser-la-puerta-a-nuevos-turismos-esteban-fernandez-comerciante\/#breadcrumb\",\"itemListElement\":[{\"@type\":\"ListItem\",\"position\":1,\"name\":\"Portada\",\"item\":\"https:\/\/www.noticiasradioreflejos.com.ar\/2021\/\"},{\"@type\":\"ListItem\",\"position\":2,\"name\":\"\u00abEsta situaci\u00f3n puede ser la puerta a nuevo turismo\u00bb &#8211; Esteban Fern\u00e1ndez, comerciante\"}]},{\"@type\":\"WebSite\",\"@id\":\"https:\/\/www.noticiasradioreflejos.com.ar\/2021\/#website\",\"url\":\"https:\/\/www.noticiasradioreflejos.com.ar\/2021\/\",\"name\":\"Noticias Radio Reflejos\",\"description\":\"Las noticias de mi comarca\",\"potentialAction\":[{\"@type\":\"SearchAction\",\"target\":{\"@type\":\"EntryPoint\",\"urlTemplate\":\"https:\/\/www.noticiasradioreflejos.com.ar\/2021\/?s={search_term_string}\"},\"query-input\":{\"@type\":\"PropertyValueSpecification\",\"valueRequired\":true,\"valueName\":\"search_term_string\"}}],\"inLanguage\":\"es\"},{\"@type\":\"Person\",\"@id\":\"https:\/\/www.noticiasradioreflejos.com.ar\/2021\/#\/schema\/person\/ad82545263dcc5ec0996818884fd5fb1\",\"name\":\"Arnaldo Botto\",\"image\":{\"@type\":\"ImageObject\",\"inLanguage\":\"es\",\"@id\":\"https:\/\/www.noticiasradioreflejos.com.ar\/2021\/#\/schema\/person\/image\/\",\"url\":\"https:\/\/secure.gravatar.com\/avatar\/55cb5e37c1efa326397366e6974cb338056df65cb50e7d64d1cf314e87504837?s=96&d=mm&r=g\",\"contentUrl\":\"https:\/\/secure.gravatar.com\/avatar\/55cb5e37c1efa326397366e6974cb338056df65cb50e7d64d1cf314e87504837?s=96&d=mm&r=g\",\"caption\":\"Arnaldo Botto\"},\"url\":\"https:\/\/www.noticiasradioreflejos.com.ar\/2021\/author\/arnaldo\/\"}]}<\/script>\n<!-- \/ Yoast SEO plugin. -->","yoast_head_json":{"title":"\"Esta situaci\u00f3n puede ser la puerta a nuevo turismo\" - Esteban Fern\u00e1ndez, comerciante - Noticias Radio Reflejos","robots":{"index":"index","follow":"follow","max-snippet":"max-snippet:-1","max-image-preview":"max-image-preview:large","max-video-preview":"max-video-preview:-1"},"canonical":"https:\/\/www.noticiasradioreflejos.com.ar\/2021\/esta-situacion-puede-ser-la-puerta-a-nuevos-turismos-esteban-fernandez-comerciante\/","og_locale":"es_ES","og_type":"article","og_title":"\"Esta situaci\u00f3n puede ser la puerta a nuevo turismo\" - Esteban Fern\u00e1ndez, comerciante - Noticias Radio Reflejos","og_description":"En busca de distintas opiniones y puntos de vista sobre la situaci\u00f3n actual de pandemia y cuarentena, esta ma\u00f1ana conversamos con Esteban Fern\u00e1ndez, comerciante y due\u00f1o de Regionales La Rueda. En esta nota, nos abre su visi\u00f3n acerca de las circunstancias actuales de los comerciantes y el turismo, y nos cuenta qu\u00e9 estrategias tom\u00f3 para [&hellip;]","og_url":"https:\/\/www.noticiasradioreflejos.com.ar\/2021\/esta-situacion-puede-ser-la-puerta-a-nuevos-turismos-esteban-fernandez-comerciante\/","og_site_name":"Noticias Radio Reflejos","article_published_time":"2020-05-13T18:39:10+00:00","og_image":[{"url":"http:\/\/live.staticflickr.com\/65535\/49891469606_6c7b78729e_z.jpg","type":"","width":"","height":""}],"author":"Arnaldo Botto","twitter_card":"summary_large_image","schema":{"@context":"https:\/\/schema.org","@graph":[{"@type":"WebPage","@id":"https:\/\/www.noticiasradioreflejos.com.ar\/2021\/esta-situacion-puede-ser-la-puerta-a-nuevos-turismos-esteban-fernandez-comerciante\/","url":"https:\/\/www.noticiasradioreflejos.com.ar\/2021\/esta-situacion-puede-ser-la-puerta-a-nuevos-turismos-esteban-fernandez-comerciante\/","name":"\"Esta situaci\u00f3n puede ser la puerta a nuevo turismo\" - Esteban Fern\u00e1ndez, comerciante - Noticias Radio Reflejos","isPartOf":{"@id":"https:\/\/www.noticiasradioreflejos.com.ar\/2021\/#website"},"primaryImageOfPage":{"@id":"https:\/\/www.noticiasradioreflejos.com.ar\/2021\/esta-situacion-puede-ser-la-puerta-a-nuevos-turismos-esteban-fernandez-comerciante\/#primaryimage"},"image":{"@id":"https:\/\/www.noticiasradioreflejos.com.ar\/2021\/esta-situacion-puede-ser-la-puerta-a-nuevos-turismos-esteban-fernandez-comerciante\/#primaryimage"},"thumbnailUrl":"http:\/\/live.staticflickr.com\/65535\/49891469606_6c7b78729e_z.jpg","datePublished":"2020-05-13T18:39:10+00:00","author":{"@id":"https:\/\/www.noticiasradioreflejos.com.ar\/2021\/#\/schema\/person\/ad82545263dcc5ec0996818884fd5fb1"},"breadcrumb":{"@id":"https:\/\/www.noticiasradioreflejos.com.ar\/2021\/esta-situacion-puede-ser-la-puerta-a-nuevos-turismos-esteban-fernandez-comerciante\/#breadcrumb"},"inLanguage":"es","potentialAction":[{"@type":"ReadAction","target":["https:\/\/www.noticiasradioreflejos.com.ar\/2021\/esta-situacion-puede-ser-la-puerta-a-nuevos-turismos-esteban-fernandez-comerciante\/"]}]},{"@type":"ImageObject","inLanguage":"es","@id":"https:\/\/www.noticiasradioreflejos.com.ar\/2021\/esta-situacion-puede-ser-la-puerta-a-nuevos-turismos-esteban-fernandez-comerciante\/#primaryimage","url":"http:\/\/live.staticflickr.com\/65535\/49891469606_6c7b78729e_z.jpg","contentUrl":"http:\/\/live.staticflickr.com\/65535\/49891469606_6c7b78729e_z.jpg"},{"@type":"BreadcrumbList","@id":"https:\/\/www.noticiasradioreflejos.com.ar\/2021\/esta-situacion-puede-ser-la-puerta-a-nuevos-turismos-esteban-fernandez-comerciante\/#breadcrumb","itemListElement":[{"@type":"ListItem","position":1,"name":"Portada","item":"https:\/\/www.noticiasradioreflejos.com.ar\/2021\/"},{"@type":"ListItem","position":2,"name":"\u00abEsta situaci\u00f3n puede ser la puerta a nuevo turismo\u00bb &#8211; Esteban Fern\u00e1ndez, comerciante"}]},{"@type":"WebSite","@id":"https:\/\/www.noticiasradioreflejos.com.ar\/2021\/#website","url":"https:\/\/www.noticiasradioreflejos.com.ar\/2021\/","name":"Noticias Radio Reflejos","description":"Las noticias de mi comarca","potentialAction":[{"@type":"SearchAction","target":{"@type":"EntryPoint","urlTemplate":"https:\/\/www.noticiasradioreflejos.com.ar\/2021\/?s={search_term_string}"},"query-input":{"@type":"PropertyValueSpecification","valueRequired":true,"valueName":"search_term_string"}}],"inLanguage":"es"},{"@type":"Person","@id":"https:\/\/www.noticiasradioreflejos.com.ar\/2021\/#\/schema\/person\/ad82545263dcc5ec0996818884fd5fb1","name":"Arnaldo Botto","image":{"@type":"ImageObject","inLanguage":"es","@id":"https:\/\/www.noticiasradioreflejos.com.ar\/2021\/#\/schema\/person\/image\/","url":"https:\/\/secure.gravatar.com\/avatar\/55cb5e37c1efa326397366e6974cb338056df65cb50e7d64d1cf314e87504837?s=96&d=mm&r=g","contentUrl":"https:\/\/secure.gravatar.com\/avatar\/55cb5e37c1efa326397366e6974cb338056df65cb50e7d64d1cf314e87504837?s=96&d=mm&r=g","caption":"Arnaldo Botto"},"url":"https:\/\/www.noticiasradioreflejos.com.ar\/2021\/author\/arnaldo\/"}]}},"_links":{"self":[{"href":"https:\/\/www.noticiasradioreflejos.com.ar\/2021\/wp-json\/wp\/v2\/posts\/41931","targetHints":{"allow":["GET"]}}],"collection":[{"href":"https:\/\/www.noticiasradioreflejos.com.ar\/2021\/wp-json\/wp\/v2\/posts"}],"about":[{"href":"https:\/\/www.noticiasradioreflejos.com.ar\/2021\/wp-json\/wp\/v2\/types\/post"}],"author":[{"embeddable":true,"href":"https:\/\/www.noticiasradioreflejos.com.ar\/2021\/wp-json\/wp\/v2\/users\/3"}],"replies":[{"embeddable":true,"href":"https:\/\/www.noticiasradioreflejos.com.ar\/2021\/wp-json\/wp\/v2\/comments?post=41931"}],"version-history":[{"count":0,"href":"https:\/\/www.noticiasradioreflejos.com.ar\/2021\/wp-json\/wp\/v2\/posts\/41931\/revisions"}],"wp:attachment":[{"href":"https:\/\/www.noticiasradioreflejos.com.ar\/2021\/wp-json\/wp\/v2\/media?parent=41931"}],"wp:term":[{"taxonomy":"category","embeddable":true,"href":"https:\/\/www.noticiasradioreflejos.com.ar\/2021\/wp-json\/wp\/v2\/categories?post=41931"},{"taxonomy":"post_tag","embeddable":true,"href":"https:\/\/www.noticiasradioreflejos.com.ar\/2021\/wp-json\/wp\/v2\/tags?post=41931"}],"curies":[{"name":"wp","href":"https:\/\/api.w.org\/{rel}","templated":true}]}}