{"id":41905,"date":"2020-05-13T11:40:59","date_gmt":"2020-05-13T14:40:59","guid":{"rendered":"http:\/\/www.noticiasradioreflejos.com.ar\/noticias\/?p=41905"},"modified":"2020-05-13T11:40:59","modified_gmt":"2020-05-13T14:40:59","slug":"el-coronavirus-amenaza-con-reducir-la-cifra-global-de-esperanza-de-vida","status":"publish","type":"post","link":"https:\/\/www.noticiasradioreflejos.com.ar\/2021\/el-coronavirus-amenaza-con-reducir-la-cifra-global-de-esperanza-de-vida\/","title":{"rendered":"El coronavirus amenaza con reducir la cifra global de esperanza de vida."},"content":{"rendered":"<p>La Organizaci\u00f3n Mundial de la Salud (OMS) revel\u00f3 hoy que los avances de la ciencia registrados desde principios de este siglo que extendieron la esperanza de vida de los seres humanos en un promedio de 5,5 a\u00f1os podr\u00edan retroceder por la pandemia del coronavirus. \u00abLa gente tiene vidas m\u00e1s largas y saludables, lo malo es que el progreso es demasiado lento para lograr los Objetivos de Desarrollo Sostenible y que se retroceder\u00e1 con la Covid-19\u00bb, se\u00f1al\u00f3 en un comunicado el director general de la OMS, Tedros Adhanom Ghebreyesus.<!--more--><br \/>\nAdem\u00e1s, aunque hay una clara mejora en la esperanza de vida, se mantiene la brecha entre los pa\u00edses desarrollados, donde la media de vida es de 80,8 a\u00f1os, y los que est\u00e1n en desarrollo, donde es de 62,7 a\u00f1os, seg\u00fan el reporte de 2016, el \u00faltimo que hizo el organismo sobre esperanza de vida.<\/p>\n<p>En Latinoam\u00e9rica, encabeza las estad\u00edsticas Costa Rica (79,6 a\u00f1os), seguida de Cuba (79) y Panam\u00e1 (78), mientras que los pa\u00edses con menor esperanza de vida en la regi\u00f3n son Bolivia (71,5 a\u00f1os), Guatemala (73,2) y Rep\u00fablica Dominicana (73,5), seg\u00fan la OMS.<\/p>\n<p>La esperanza de vida de la Argentina en 2016 era de 76,9 a\u00f1os, 75,1 en Brasil y Colombia, 76,4 en Chile, 76,6 en M\u00e9xico, 75,9 en Per\u00fa y 74,1 en Venezuela, de acuerdo con el informe.<\/p>\n<p>Al otro lado del continente, Espa\u00f1a figura en el tercer lugar mundial, con una esperanza de vida de 83 a\u00f1os, s\u00f3lo por detr\u00e1s de los 84,2 a\u00f1os de Jap\u00f3n y los 83,3 de Suiza, inform\u00f3 la agencia de noticias EFE.<\/p>\n<p>Pese a la gran brecha entre pa\u00edses ricos y pobres, \u00e9sta se ha reducido a lo largo del siglo, ya que mientras la esperanza de vida media en los pa\u00edses en desarrollo aument\u00f3 11 a\u00f1os entre 2000 y 2016, s\u00f3lo lo hizo en tres a\u00f1os en las naciones m\u00e1s desarrolladas.<\/p>\n<p>Las estad\u00edsticas tambi\u00e9n muestran mejoras en el acceso de atenci\u00f3n m\u00e9dica para la prevenci\u00f3n de enfermedades como el sida, la malaria o la tuberculosis, as\u00ed como en los servicios de maternidad, que redujeron a la mitad la mortalidad infantil entre 2000 y 2018, subraya el informe.<\/p>\n<p>En otros indicadores la OMS advierte sobre una paralizaci\u00f3n de los progresos, por ejemplo en el \u00e1rea de inmunizaci\u00f3n, o en la atenci\u00f3n de enfermedades no infecciosas, que en 2016 causaron un 70% de las muertes globales (la mayor\u00eda de ellas, un 85%, en pa\u00edses en desarrollo).<\/p>\n<p>En este sentido, la OMS subraya que en m\u00e1s del 40 % de los pa\u00edses del planeta hay menos de 10 m\u00e9dicos por cada 10.000 personas, y que en un mundo donde la cobertura gratuita universal es a\u00fan una utop\u00eda, unos 1.000 millones de personas gastan al a\u00f1o al menos un 10% de sus ingresos en cuidados m\u00e9dicos.<\/p>\n<p>\u00abLa pandemia ha recordado la necesidad urgente de que todos los pa\u00edses inviertan en sistemas sanitarios fuertes, como la mejor defensa ante brotes como el del coronavirus y otras amenazas que el mundo enfrenta cada d\u00eda\u00bb, concluy\u00f3 Tedros.<\/p>\n","protected":false},"excerpt":{"rendered":"<p>La Organizaci\u00f3n Mundial de la Salud (OMS) revel\u00f3 hoy que los avances de la ciencia registrados desde principios de este siglo que extendieron la esperanza de vida de los seres humanos en un promedio de 5,5 a\u00f1os podr\u00edan retroceder por la pandemia del coronavirus. \u00abLa gente tiene vidas m\u00e1s largas y saludables, lo malo es [&hellip;]<\/p>\n","protected":false},"author":3,"featured_media":0,"comment_status":"closed","ping_status":"open","sticky":false,"template":"","format":"standard","meta":{"footnotes":""},"categories":[30],"tags":[],"class_list":["post-41905","post","type-post","status-publish","format-standard","hentry","category-salud"],"yoast_head":"<!-- This site is optimized with the Yoast SEO plugin v25.9 - https:\/\/yoast.com\/wordpress\/plugins\/seo\/ -->\n<title>El coronavirus amenaza con reducir la cifra global de esperanza de vida. - Noticias Radio Reflejos<\/title>\n<meta name=\"robots\" content=\"index, follow, max-snippet:-1, max-image-preview:large, max-video-preview:-1\" \/>\n<link rel=\"canonical\" href=\"https:\/\/www.noticiasradioreflejos.com.ar\/2021\/el-coronavirus-amenaza-con-reducir-la-cifra-global-de-esperanza-de-vida\/\" \/>\n<meta property=\"og:locale\" content=\"es_ES\" \/>\n<meta property=\"og:type\" content=\"article\" \/>\n<meta property=\"og:title\" content=\"El coronavirus amenaza con reducir la cifra global de esperanza de vida. - Noticias Radio Reflejos\" \/>\n<meta property=\"og:description\" content=\"La Organizaci\u00f3n Mundial de la Salud (OMS) revel\u00f3 hoy que los avances de la ciencia registrados desde principios de este siglo que extendieron la esperanza de vida de los seres humanos en un promedio de 5,5 a\u00f1os podr\u00edan retroceder por la pandemia del coronavirus. \u00abLa gente tiene vidas m\u00e1s largas y saludables, lo malo es [&hellip;]\" \/>\n<meta property=\"og:url\" content=\"https:\/\/www.noticiasradioreflejos.com.ar\/2021\/el-coronavirus-amenaza-con-reducir-la-cifra-global-de-esperanza-de-vida\/\" \/>\n<meta property=\"og:site_name\" content=\"Noticias Radio Reflejos\" \/>\n<meta property=\"article:published_time\" content=\"2020-05-13T14:40:59+00:00\" \/>\n<meta property=\"og:image\" content=\"https:\/\/www.noticiasradioreflejos.com.ar\/2021\/wp-content\/uploads\/2021\/07\/logosol300x200.png\" \/>\n\t<meta property=\"og:image:width\" content=\"300\" \/>\n\t<meta property=\"og:image:height\" content=\"200\" \/>\n\t<meta property=\"og:image:type\" content=\"image\/png\" \/>\n<meta name=\"author\" content=\"Arnaldo Botto\" \/>\n<meta name=\"twitter:card\" content=\"summary_large_image\" \/>\n<script type=\"application\/ld+json\" class=\"yoast-schema-graph\">{\"@context\":\"https:\/\/schema.org\",\"@graph\":[{\"@type\":\"WebPage\",\"@id\":\"https:\/\/www.noticiasradioreflejos.com.ar\/2021\/el-coronavirus-amenaza-con-reducir-la-cifra-global-de-esperanza-de-vida\/\",\"url\":\"https:\/\/www.noticiasradioreflejos.com.ar\/2021\/el-coronavirus-amenaza-con-reducir-la-cifra-global-de-esperanza-de-vida\/\",\"name\":\"El coronavirus amenaza con reducir la cifra global de esperanza de vida. - Noticias Radio Reflejos\",\"isPartOf\":{\"@id\":\"https:\/\/www.noticiasradioreflejos.com.ar\/2021\/#website\"},\"datePublished\":\"2020-05-13T14:40:59+00:00\",\"author\":{\"@id\":\"https:\/\/www.noticiasradioreflejos.com.ar\/2021\/#\/schema\/person\/ad82545263dcc5ec0996818884fd5fb1\"},\"breadcrumb\":{\"@id\":\"https:\/\/www.noticiasradioreflejos.com.ar\/2021\/el-coronavirus-amenaza-con-reducir-la-cifra-global-de-esperanza-de-vida\/#breadcrumb\"},\"inLanguage\":\"es\",\"potentialAction\":[{\"@type\":\"ReadAction\",\"target\":[\"https:\/\/www.noticiasradioreflejos.com.ar\/2021\/el-coronavirus-amenaza-con-reducir-la-cifra-global-de-esperanza-de-vida\/\"]}]},{\"@type\":\"BreadcrumbList\",\"@id\":\"https:\/\/www.noticiasradioreflejos.com.ar\/2021\/el-coronavirus-amenaza-con-reducir-la-cifra-global-de-esperanza-de-vida\/#breadcrumb\",\"itemListElement\":[{\"@type\":\"ListItem\",\"position\":1,\"name\":\"Portada\",\"item\":\"https:\/\/www.noticiasradioreflejos.com.ar\/2021\/\"},{\"@type\":\"ListItem\",\"position\":2,\"name\":\"El coronavirus amenaza con reducir la cifra global de esperanza de vida.\"}]},{\"@type\":\"WebSite\",\"@id\":\"https:\/\/www.noticiasradioreflejos.com.ar\/2021\/#website\",\"url\":\"https:\/\/www.noticiasradioreflejos.com.ar\/2021\/\",\"name\":\"Noticias Radio Reflejos\",\"description\":\"Las noticias de mi comarca\",\"potentialAction\":[{\"@type\":\"SearchAction\",\"target\":{\"@type\":\"EntryPoint\",\"urlTemplate\":\"https:\/\/www.noticiasradioreflejos.com.ar\/2021\/?s={search_term_string}\"},\"query-input\":{\"@type\":\"PropertyValueSpecification\",\"valueRequired\":true,\"valueName\":\"search_term_string\"}}],\"inLanguage\":\"es\"},{\"@type\":\"Person\",\"@id\":\"https:\/\/www.noticiasradioreflejos.com.ar\/2021\/#\/schema\/person\/ad82545263dcc5ec0996818884fd5fb1\",\"name\":\"Arnaldo Botto\",\"image\":{\"@type\":\"ImageObject\",\"inLanguage\":\"es\",\"@id\":\"https:\/\/www.noticiasradioreflejos.com.ar\/2021\/#\/schema\/person\/image\/\",\"url\":\"https:\/\/secure.gravatar.com\/avatar\/55cb5e37c1efa326397366e6974cb338056df65cb50e7d64d1cf314e87504837?s=96&d=mm&r=g\",\"contentUrl\":\"https:\/\/secure.gravatar.com\/avatar\/55cb5e37c1efa326397366e6974cb338056df65cb50e7d64d1cf314e87504837?s=96&d=mm&r=g\",\"caption\":\"Arnaldo Botto\"},\"url\":\"https:\/\/www.noticiasradioreflejos.com.ar\/2021\/author\/arnaldo\/\"}]}<\/script>\n<!-- \/ Yoast SEO plugin. -->","yoast_head_json":{"title":"El coronavirus amenaza con reducir la cifra global de esperanza de vida. - Noticias Radio Reflejos","robots":{"index":"index","follow":"follow","max-snippet":"max-snippet:-1","max-image-preview":"max-image-preview:large","max-video-preview":"max-video-preview:-1"},"canonical":"https:\/\/www.noticiasradioreflejos.com.ar\/2021\/el-coronavirus-amenaza-con-reducir-la-cifra-global-de-esperanza-de-vida\/","og_locale":"es_ES","og_type":"article","og_title":"El coronavirus amenaza con reducir la cifra global de esperanza de vida. - Noticias Radio Reflejos","og_description":"La Organizaci\u00f3n Mundial de la Salud (OMS) revel\u00f3 hoy que los avances de la ciencia registrados desde principios de este siglo que extendieron la esperanza de vida de los seres humanos en un promedio de 5,5 a\u00f1os podr\u00edan retroceder por la pandemia del coronavirus. \u00abLa gente tiene vidas m\u00e1s largas y saludables, lo malo es [&hellip;]","og_url":"https:\/\/www.noticiasradioreflejos.com.ar\/2021\/el-coronavirus-amenaza-con-reducir-la-cifra-global-de-esperanza-de-vida\/","og_site_name":"Noticias Radio Reflejos","article_published_time":"2020-05-13T14:40:59+00:00","og_image":[{"width":300,"height":200,"url":"https:\/\/www.noticiasradioreflejos.com.ar\/2021\/wp-content\/uploads\/2021\/07\/logosol300x200.png","type":"image\/png"}],"author":"Arnaldo Botto","twitter_card":"summary_large_image","schema":{"@context":"https:\/\/schema.org","@graph":[{"@type":"WebPage","@id":"https:\/\/www.noticiasradioreflejos.com.ar\/2021\/el-coronavirus-amenaza-con-reducir-la-cifra-global-de-esperanza-de-vida\/","url":"https:\/\/www.noticiasradioreflejos.com.ar\/2021\/el-coronavirus-amenaza-con-reducir-la-cifra-global-de-esperanza-de-vida\/","name":"El coronavirus amenaza con reducir la cifra global de esperanza de vida. - Noticias Radio Reflejos","isPartOf":{"@id":"https:\/\/www.noticiasradioreflejos.com.ar\/2021\/#website"},"datePublished":"2020-05-13T14:40:59+00:00","author":{"@id":"https:\/\/www.noticiasradioreflejos.com.ar\/2021\/#\/schema\/person\/ad82545263dcc5ec0996818884fd5fb1"},"breadcrumb":{"@id":"https:\/\/www.noticiasradioreflejos.com.ar\/2021\/el-coronavirus-amenaza-con-reducir-la-cifra-global-de-esperanza-de-vida\/#breadcrumb"},"inLanguage":"es","potentialAction":[{"@type":"ReadAction","target":["https:\/\/www.noticiasradioreflejos.com.ar\/2021\/el-coronavirus-amenaza-con-reducir-la-cifra-global-de-esperanza-de-vida\/"]}]},{"@type":"BreadcrumbList","@id":"https:\/\/www.noticiasradioreflejos.com.ar\/2021\/el-coronavirus-amenaza-con-reducir-la-cifra-global-de-esperanza-de-vida\/#breadcrumb","itemListElement":[{"@type":"ListItem","position":1,"name":"Portada","item":"https:\/\/www.noticiasradioreflejos.com.ar\/2021\/"},{"@type":"ListItem","position":2,"name":"El coronavirus amenaza con reducir la cifra global de esperanza de vida."}]},{"@type":"WebSite","@id":"https:\/\/www.noticiasradioreflejos.com.ar\/2021\/#website","url":"https:\/\/www.noticiasradioreflejos.com.ar\/2021\/","name":"Noticias Radio Reflejos","description":"Las noticias de mi comarca","potentialAction":[{"@type":"SearchAction","target":{"@type":"EntryPoint","urlTemplate":"https:\/\/www.noticiasradioreflejos.com.ar\/2021\/?s={search_term_string}"},"query-input":{"@type":"PropertyValueSpecification","valueRequired":true,"valueName":"search_term_string"}}],"inLanguage":"es"},{"@type":"Person","@id":"https:\/\/www.noticiasradioreflejos.com.ar\/2021\/#\/schema\/person\/ad82545263dcc5ec0996818884fd5fb1","name":"Arnaldo Botto","image":{"@type":"ImageObject","inLanguage":"es","@id":"https:\/\/www.noticiasradioreflejos.com.ar\/2021\/#\/schema\/person\/image\/","url":"https:\/\/secure.gravatar.com\/avatar\/55cb5e37c1efa326397366e6974cb338056df65cb50e7d64d1cf314e87504837?s=96&d=mm&r=g","contentUrl":"https:\/\/secure.gravatar.com\/avatar\/55cb5e37c1efa326397366e6974cb338056df65cb50e7d64d1cf314e87504837?s=96&d=mm&r=g","caption":"Arnaldo Botto"},"url":"https:\/\/www.noticiasradioreflejos.com.ar\/2021\/author\/arnaldo\/"}]}},"_links":{"self":[{"href":"https:\/\/www.noticiasradioreflejos.com.ar\/2021\/wp-json\/wp\/v2\/posts\/41905","targetHints":{"allow":["GET"]}}],"collection":[{"href":"https:\/\/www.noticiasradioreflejos.com.ar\/2021\/wp-json\/wp\/v2\/posts"}],"about":[{"href":"https:\/\/www.noticiasradioreflejos.com.ar\/2021\/wp-json\/wp\/v2\/types\/post"}],"author":[{"embeddable":true,"href":"https:\/\/www.noticiasradioreflejos.com.ar\/2021\/wp-json\/wp\/v2\/users\/3"}],"replies":[{"embeddable":true,"href":"https:\/\/www.noticiasradioreflejos.com.ar\/2021\/wp-json\/wp\/v2\/comments?post=41905"}],"version-history":[{"count":0,"href":"https:\/\/www.noticiasradioreflejos.com.ar\/2021\/wp-json\/wp\/v2\/posts\/41905\/revisions"}],"wp:attachment":[{"href":"https:\/\/www.noticiasradioreflejos.com.ar\/2021\/wp-json\/wp\/v2\/media?parent=41905"}],"wp:term":[{"taxonomy":"category","embeddable":true,"href":"https:\/\/www.noticiasradioreflejos.com.ar\/2021\/wp-json\/wp\/v2\/categories?post=41905"},{"taxonomy":"post_tag","embeddable":true,"href":"https:\/\/www.noticiasradioreflejos.com.ar\/2021\/wp-json\/wp\/v2\/tags?post=41905"}],"curies":[{"name":"wp","href":"https:\/\/api.w.org\/{rel}","templated":true}]}}