{"id":41856,"date":"2020-05-12T19:19:19","date_gmt":"2020-05-12T22:19:19","guid":{"rendered":"http:\/\/www.noticiasradioreflejos.com.ar\/noticias\/?p=41856"},"modified":"2020-05-12T19:19:19","modified_gmt":"2020-05-12T22:19:19","slug":"reafirman-que-los-desalojos-estan-suspendidos-y-los-alquileres-congelados-hasta-el-30-de-septiembre","status":"publish","type":"post","link":"https:\/\/www.noticiasradioreflejos.com.ar\/2021\/reafirman-que-los-desalojos-estan-suspendidos-y-los-alquileres-congelados-hasta-el-30-de-septiembre\/","title":{"rendered":"Reafirman que los desalojos est\u00e1n suspendidos y los alquileres congelados hasta el 30 de septiembre."},"content":{"rendered":"<p>El Ministerio de de Desarrollo Territorial y H\u00e1bitat advirti\u00f3 hoy que se mantiene la vigencia de la prohibici\u00f3n de efectuar desalojos y rescindir contratos hasta el 30 de septiembre, a la vez que ratific\u00f3 que se deben mantener los valores de los alquileres vigentes a marzo pasado. La cartera que conduce la ministra Mar\u00eda Eugenia Bielsa hizo una serie de aclaraciones ante las consultas sobre diferentes situaciones vinculadas a problemas con los medios de pago para los alquileres, extensi\u00f3n o iniciaci\u00f3n de contratos, as\u00ed como la posibilidad de realizar mudanzas e intentos de desalojo.<!--more--><br \/>\nEn ese sentido, el Ministerio de de Desarrollo Territorial y H\u00e1bitat record\u00f3 que el Decreto 320 estableci\u00f3 que no se pueden efectuar desalojos ni rescindirse contratos hasta el 30 de septiembre.<\/p>\n<p>En ese mismo sentido, aclar\u00f3 que los precios de los alquileres siguen fijados al valor de marzo y, de generarse deudas, se pagar\u00e1n reci\u00e9n en octubre en 3 o 6 cuotas.<\/p>\n<p>Los inquilinos, adem\u00e1s, pueden exigir los datos bancarios a fin que se les garanticen los medios para el pago de los alquileres, y en los casos de pago por transferencia o dep\u00f3sito no puede sufrir aumentos ni penalizaciones.<\/p>\n<p>En tanto, los contratos de alquiler que se vencieron luego de iniciada la cuarentena -el 20 de marzo- quedaron prorrogados autom\u00e1ticamente hasta el 30 de septiembre.<\/p>\n<p>Tambi\u00e9n se aclar\u00f3 que no puede exigirse el pago de contratos de alquiler de unidades alcanzadas por el DNU que debieron comenzar durante el aislamiento obligatorio, pero no pudieron llegar ser ocupadas dada la imposibilidad de traslado y mudanza.<\/p>\n<p>De esta manera se busca asegurar que el inquilino no se vea necesitado de pagar doble alquiler durante la actual coyuntura sanitaria.<\/p>\n<p>Tras la decisi\u00f3n de permitir la apertura de la actividad inmobiliaria, se aclar\u00f3 que esta posibilidad queda sujeta al pedido formal por parte de cada provincia a la Jefatura de Gabinete de ministros y el posterior an\u00e1lisis de la autoridad sanitaria previo a su aprobaci\u00f3n final.<\/p>\n<p>\u00abTanto en aquellos distritos donde la actividad ya fue autorizada, como en todo el resto del territorio nacional, las medidas que establece el DNU siguen vigentes y con fuerza de ley hasta el 30 de septiembre\u00bb, se reafirm\u00f3 oficialmente.<\/p>\n","protected":false},"excerpt":{"rendered":"<p>El Ministerio de de Desarrollo Territorial y H\u00e1bitat advirti\u00f3 hoy que se mantiene la vigencia de la prohibici\u00f3n de efectuar desalojos y rescindir contratos hasta el 30 de septiembre, a la vez que ratific\u00f3 que se deben mantener los valores de los alquileres vigentes a marzo pasado. La cartera que conduce la ministra Mar\u00eda Eugenia [&hellip;]<\/p>\n","protected":false},"author":3,"featured_media":0,"comment_status":"closed","ping_status":"open","sticky":false,"template":"","format":"standard","meta":{"footnotes":""},"categories":[36],"tags":[],"class_list":["post-41856","post","type-post","status-publish","format-standard","hentry","category-economia"],"yoast_head":"<!-- This site is optimized with the Yoast SEO plugin v25.9 - https:\/\/yoast.com\/wordpress\/plugins\/seo\/ -->\n<title>Reafirman que los desalojos est\u00e1n suspendidos y los alquileres congelados hasta el 30 de septiembre. - Noticias Radio Reflejos<\/title>\n<meta name=\"robots\" content=\"index, follow, max-snippet:-1, max-image-preview:large, max-video-preview:-1\" \/>\n<link rel=\"canonical\" href=\"https:\/\/www.noticiasradioreflejos.com.ar\/2021\/reafirman-que-los-desalojos-estan-suspendidos-y-los-alquileres-congelados-hasta-el-30-de-septiembre\/\" \/>\n<meta property=\"og:locale\" content=\"es_ES\" \/>\n<meta property=\"og:type\" content=\"article\" \/>\n<meta property=\"og:title\" content=\"Reafirman que los desalojos est\u00e1n suspendidos y los alquileres congelados hasta el 30 de septiembre. - Noticias Radio Reflejos\" \/>\n<meta property=\"og:description\" content=\"El Ministerio de de Desarrollo Territorial y H\u00e1bitat advirti\u00f3 hoy que se mantiene la vigencia de la prohibici\u00f3n de efectuar desalojos y rescindir contratos hasta el 30 de septiembre, a la vez que ratific\u00f3 que se deben mantener los valores de los alquileres vigentes a marzo pasado. La cartera que conduce la ministra Mar\u00eda Eugenia [&hellip;]\" \/>\n<meta property=\"og:url\" content=\"https:\/\/www.noticiasradioreflejos.com.ar\/2021\/reafirman-que-los-desalojos-estan-suspendidos-y-los-alquileres-congelados-hasta-el-30-de-septiembre\/\" \/>\n<meta property=\"og:site_name\" content=\"Noticias Radio Reflejos\" \/>\n<meta property=\"article:published_time\" content=\"2020-05-12T22:19:19+00:00\" \/>\n<meta property=\"og:image\" content=\"https:\/\/www.noticiasradioreflejos.com.ar\/2021\/wp-content\/uploads\/2021\/07\/logosol300x200.png\" \/>\n\t<meta property=\"og:image:width\" content=\"300\" \/>\n\t<meta property=\"og:image:height\" content=\"200\" \/>\n\t<meta property=\"og:image:type\" content=\"image\/png\" \/>\n<meta name=\"author\" content=\"Arnaldo Botto\" \/>\n<meta name=\"twitter:card\" content=\"summary_large_image\" \/>\n<script type=\"application\/ld+json\" class=\"yoast-schema-graph\">{\"@context\":\"https:\/\/schema.org\",\"@graph\":[{\"@type\":\"WebPage\",\"@id\":\"https:\/\/www.noticiasradioreflejos.com.ar\/2021\/reafirman-que-los-desalojos-estan-suspendidos-y-los-alquileres-congelados-hasta-el-30-de-septiembre\/\",\"url\":\"https:\/\/www.noticiasradioreflejos.com.ar\/2021\/reafirman-que-los-desalojos-estan-suspendidos-y-los-alquileres-congelados-hasta-el-30-de-septiembre\/\",\"name\":\"Reafirman que los desalojos est\u00e1n suspendidos y los alquileres congelados hasta el 30 de septiembre. - Noticias Radio Reflejos\",\"isPartOf\":{\"@id\":\"https:\/\/www.noticiasradioreflejos.com.ar\/2021\/#website\"},\"datePublished\":\"2020-05-12T22:19:19+00:00\",\"author\":{\"@id\":\"https:\/\/www.noticiasradioreflejos.com.ar\/2021\/#\/schema\/person\/ad82545263dcc5ec0996818884fd5fb1\"},\"breadcrumb\":{\"@id\":\"https:\/\/www.noticiasradioreflejos.com.ar\/2021\/reafirman-que-los-desalojos-estan-suspendidos-y-los-alquileres-congelados-hasta-el-30-de-septiembre\/#breadcrumb\"},\"inLanguage\":\"es\",\"potentialAction\":[{\"@type\":\"ReadAction\",\"target\":[\"https:\/\/www.noticiasradioreflejos.com.ar\/2021\/reafirman-que-los-desalojos-estan-suspendidos-y-los-alquileres-congelados-hasta-el-30-de-septiembre\/\"]}]},{\"@type\":\"BreadcrumbList\",\"@id\":\"https:\/\/www.noticiasradioreflejos.com.ar\/2021\/reafirman-que-los-desalojos-estan-suspendidos-y-los-alquileres-congelados-hasta-el-30-de-septiembre\/#breadcrumb\",\"itemListElement\":[{\"@type\":\"ListItem\",\"position\":1,\"name\":\"Portada\",\"item\":\"https:\/\/www.noticiasradioreflejos.com.ar\/2021\/\"},{\"@type\":\"ListItem\",\"position\":2,\"name\":\"Reafirman que los desalojos est\u00e1n suspendidos y los alquileres congelados hasta el 30 de septiembre.\"}]},{\"@type\":\"WebSite\",\"@id\":\"https:\/\/www.noticiasradioreflejos.com.ar\/2021\/#website\",\"url\":\"https:\/\/www.noticiasradioreflejos.com.ar\/2021\/\",\"name\":\"Noticias Radio Reflejos\",\"description\":\"Las noticias de mi comarca\",\"potentialAction\":[{\"@type\":\"SearchAction\",\"target\":{\"@type\":\"EntryPoint\",\"urlTemplate\":\"https:\/\/www.noticiasradioreflejos.com.ar\/2021\/?s={search_term_string}\"},\"query-input\":{\"@type\":\"PropertyValueSpecification\",\"valueRequired\":true,\"valueName\":\"search_term_string\"}}],\"inLanguage\":\"es\"},{\"@type\":\"Person\",\"@id\":\"https:\/\/www.noticiasradioreflejos.com.ar\/2021\/#\/schema\/person\/ad82545263dcc5ec0996818884fd5fb1\",\"name\":\"Arnaldo Botto\",\"image\":{\"@type\":\"ImageObject\",\"inLanguage\":\"es\",\"@id\":\"https:\/\/www.noticiasradioreflejos.com.ar\/2021\/#\/schema\/person\/image\/\",\"url\":\"https:\/\/secure.gravatar.com\/avatar\/55cb5e37c1efa326397366e6974cb338056df65cb50e7d64d1cf314e87504837?s=96&d=mm&r=g\",\"contentUrl\":\"https:\/\/secure.gravatar.com\/avatar\/55cb5e37c1efa326397366e6974cb338056df65cb50e7d64d1cf314e87504837?s=96&d=mm&r=g\",\"caption\":\"Arnaldo Botto\"},\"url\":\"https:\/\/www.noticiasradioreflejos.com.ar\/2021\/author\/arnaldo\/\"}]}<\/script>\n<!-- \/ Yoast SEO plugin. -->","yoast_head_json":{"title":"Reafirman que los desalojos est\u00e1n suspendidos y los alquileres congelados hasta el 30 de septiembre. - Noticias Radio Reflejos","robots":{"index":"index","follow":"follow","max-snippet":"max-snippet:-1","max-image-preview":"max-image-preview:large","max-video-preview":"max-video-preview:-1"},"canonical":"https:\/\/www.noticiasradioreflejos.com.ar\/2021\/reafirman-que-los-desalojos-estan-suspendidos-y-los-alquileres-congelados-hasta-el-30-de-septiembre\/","og_locale":"es_ES","og_type":"article","og_title":"Reafirman que los desalojos est\u00e1n suspendidos y los alquileres congelados hasta el 30 de septiembre. - Noticias Radio Reflejos","og_description":"El Ministerio de de Desarrollo Territorial y H\u00e1bitat advirti\u00f3 hoy que se mantiene la vigencia de la prohibici\u00f3n de efectuar desalojos y rescindir contratos hasta el 30 de septiembre, a la vez que ratific\u00f3 que se deben mantener los valores de los alquileres vigentes a marzo pasado. La cartera que conduce la ministra Mar\u00eda Eugenia [&hellip;]","og_url":"https:\/\/www.noticiasradioreflejos.com.ar\/2021\/reafirman-que-los-desalojos-estan-suspendidos-y-los-alquileres-congelados-hasta-el-30-de-septiembre\/","og_site_name":"Noticias Radio Reflejos","article_published_time":"2020-05-12T22:19:19+00:00","og_image":[{"width":300,"height":200,"url":"https:\/\/www.noticiasradioreflejos.com.ar\/2021\/wp-content\/uploads\/2021\/07\/logosol300x200.png","type":"image\/png"}],"author":"Arnaldo Botto","twitter_card":"summary_large_image","schema":{"@context":"https:\/\/schema.org","@graph":[{"@type":"WebPage","@id":"https:\/\/www.noticiasradioreflejos.com.ar\/2021\/reafirman-que-los-desalojos-estan-suspendidos-y-los-alquileres-congelados-hasta-el-30-de-septiembre\/","url":"https:\/\/www.noticiasradioreflejos.com.ar\/2021\/reafirman-que-los-desalojos-estan-suspendidos-y-los-alquileres-congelados-hasta-el-30-de-septiembre\/","name":"Reafirman que los desalojos est\u00e1n suspendidos y los alquileres congelados hasta el 30 de septiembre. - Noticias Radio Reflejos","isPartOf":{"@id":"https:\/\/www.noticiasradioreflejos.com.ar\/2021\/#website"},"datePublished":"2020-05-12T22:19:19+00:00","author":{"@id":"https:\/\/www.noticiasradioreflejos.com.ar\/2021\/#\/schema\/person\/ad82545263dcc5ec0996818884fd5fb1"},"breadcrumb":{"@id":"https:\/\/www.noticiasradioreflejos.com.ar\/2021\/reafirman-que-los-desalojos-estan-suspendidos-y-los-alquileres-congelados-hasta-el-30-de-septiembre\/#breadcrumb"},"inLanguage":"es","potentialAction":[{"@type":"ReadAction","target":["https:\/\/www.noticiasradioreflejos.com.ar\/2021\/reafirman-que-los-desalojos-estan-suspendidos-y-los-alquileres-congelados-hasta-el-30-de-septiembre\/"]}]},{"@type":"BreadcrumbList","@id":"https:\/\/www.noticiasradioreflejos.com.ar\/2021\/reafirman-que-los-desalojos-estan-suspendidos-y-los-alquileres-congelados-hasta-el-30-de-septiembre\/#breadcrumb","itemListElement":[{"@type":"ListItem","position":1,"name":"Portada","item":"https:\/\/www.noticiasradioreflejos.com.ar\/2021\/"},{"@type":"ListItem","position":2,"name":"Reafirman que los desalojos est\u00e1n suspendidos y los alquileres congelados hasta el 30 de septiembre."}]},{"@type":"WebSite","@id":"https:\/\/www.noticiasradioreflejos.com.ar\/2021\/#website","url":"https:\/\/www.noticiasradioreflejos.com.ar\/2021\/","name":"Noticias Radio Reflejos","description":"Las noticias de mi comarca","potentialAction":[{"@type":"SearchAction","target":{"@type":"EntryPoint","urlTemplate":"https:\/\/www.noticiasradioreflejos.com.ar\/2021\/?s={search_term_string}"},"query-input":{"@type":"PropertyValueSpecification","valueRequired":true,"valueName":"search_term_string"}}],"inLanguage":"es"},{"@type":"Person","@id":"https:\/\/www.noticiasradioreflejos.com.ar\/2021\/#\/schema\/person\/ad82545263dcc5ec0996818884fd5fb1","name":"Arnaldo Botto","image":{"@type":"ImageObject","inLanguage":"es","@id":"https:\/\/www.noticiasradioreflejos.com.ar\/2021\/#\/schema\/person\/image\/","url":"https:\/\/secure.gravatar.com\/avatar\/55cb5e37c1efa326397366e6974cb338056df65cb50e7d64d1cf314e87504837?s=96&d=mm&r=g","contentUrl":"https:\/\/secure.gravatar.com\/avatar\/55cb5e37c1efa326397366e6974cb338056df65cb50e7d64d1cf314e87504837?s=96&d=mm&r=g","caption":"Arnaldo Botto"},"url":"https:\/\/www.noticiasradioreflejos.com.ar\/2021\/author\/arnaldo\/"}]}},"_links":{"self":[{"href":"https:\/\/www.noticiasradioreflejos.com.ar\/2021\/wp-json\/wp\/v2\/posts\/41856","targetHints":{"allow":["GET"]}}],"collection":[{"href":"https:\/\/www.noticiasradioreflejos.com.ar\/2021\/wp-json\/wp\/v2\/posts"}],"about":[{"href":"https:\/\/www.noticiasradioreflejos.com.ar\/2021\/wp-json\/wp\/v2\/types\/post"}],"author":[{"embeddable":true,"href":"https:\/\/www.noticiasradioreflejos.com.ar\/2021\/wp-json\/wp\/v2\/users\/3"}],"replies":[{"embeddable":true,"href":"https:\/\/www.noticiasradioreflejos.com.ar\/2021\/wp-json\/wp\/v2\/comments?post=41856"}],"version-history":[{"count":0,"href":"https:\/\/www.noticiasradioreflejos.com.ar\/2021\/wp-json\/wp\/v2\/posts\/41856\/revisions"}],"wp:attachment":[{"href":"https:\/\/www.noticiasradioreflejos.com.ar\/2021\/wp-json\/wp\/v2\/media?parent=41856"}],"wp:term":[{"taxonomy":"category","embeddable":true,"href":"https:\/\/www.noticiasradioreflejos.com.ar\/2021\/wp-json\/wp\/v2\/categories?post=41856"},{"taxonomy":"post_tag","embeddable":true,"href":"https:\/\/www.noticiasradioreflejos.com.ar\/2021\/wp-json\/wp\/v2\/tags?post=41856"}],"curies":[{"name":"wp","href":"https:\/\/api.w.org\/{rel}","templated":true}]}}