{"id":41849,"date":"2020-05-12T16:51:56","date_gmt":"2020-05-12T19:51:56","guid":{"rendered":"http:\/\/www.noticiasradioreflejos.com.ar\/noticias\/?p=41849"},"modified":"2020-05-12T16:51:56","modified_gmt":"2020-05-12T19:51:56","slug":"mas-de-180-intendencias-participaron-del-16a-encuentro-nacional-de-municipios-turisticos","status":"publish","type":"post","link":"https:\/\/www.noticiasradioreflejos.com.ar\/2021\/mas-de-180-intendencias-participaron-del-16a-encuentro-nacional-de-municipios-turisticos\/","title":{"rendered":"M\u00e1s de 180 intendencias participaron del 16\u00aa Encuentro Nacional de Municipios Tur\u00edsticos."},"content":{"rendered":"<p>M\u00e1s de 180 intendencias argentinas agrupadas en la Red Federal de Turismo participaron en el 16\u00b0 Encuentro Nacional de Municipios Tur\u00edsticos, realizado en forma virtual la semana anterior, informaron hoy voceros de la organizaci\u00f3n de ese evento, que brindaron un resumen de lo desarrollado.<br \/>\nEl encuentro, programado originalmente en forma presencial en Villa Carlos Paz, se concret\u00f3 el 7 y el 8 de este mes, y adem\u00e1s participaron representantes del Ministerio de Turismo y Deportes, la C\u00e1mara Argentina de Turismo (CAT), las organizaciones Mundial del Turismo y de Estados Americano y consultoras internacionales.<!--more--><br \/>\nEn la reuni\u00f3n se abordaron cuestiones vinculadas al nuevo escenario que plantea la pandemia de coronavirus en la actividad tur\u00edstica, a las barreras sanitarias y de seguridad y a la vulnerabilidad social, entre otras.<\/p>\n<p>El presidente de la Agencia C\u00f3rdoba Turismo, Esteban Avil\u00e9s, abri\u00f3 el encuentro en la primera jornada continu\u00f3, cuando se expusieron las acciones en marcha para manejar la crisis y paliar sus efectos y la aplicaci\u00f3n de protocolos. Otros expositores de ese d\u00eda fueron el presidente de la CAT, Aldo El\u00edas, y el titular de la Asociaci\u00f3n de Hoteles de Turismo, Roberto Amengual, y la secretaria de Promoci\u00f3n Tur\u00edstica de la Naci\u00f3n, Yanina Mart\u00ednez.<\/p>\n<p>La segunda y \u00faltima jornada del encuentro comenz\u00f3 con la presentaci\u00f3n del director ejecutivo de la Academia de la Organizaci\u00f3n Mundial del Turismo, Omar Valdez, ya al cierre hubo una reuni\u00f3n de la Mesa Federal, en la que se analizaron las perspectivas del sector tras la pandemia de coronavirus.<\/p>\n","protected":false},"excerpt":{"rendered":"<p>M\u00e1s de 180 intendencias argentinas agrupadas en la Red Federal de Turismo participaron en el 16\u00b0 Encuentro Nacional de Municipios Tur\u00edsticos, realizado en forma virtual la semana anterior, informaron hoy voceros de la organizaci\u00f3n de ese evento, que brindaron un resumen de lo desarrollado. El encuentro, programado originalmente en forma presencial en Villa Carlos Paz, [&hellip;]<\/p>\n","protected":false},"author":3,"featured_media":0,"comment_status":"closed","ping_status":"open","sticky":false,"template":"","format":"standard","meta":{"footnotes":""},"categories":[33],"tags":[],"class_list":["post-41849","post","type-post","status-publish","format-standard","hentry","category-turismo"],"yoast_head":"<!-- This site is optimized with the Yoast SEO plugin v25.9 - https:\/\/yoast.com\/wordpress\/plugins\/seo\/ -->\n<title>M\u00e1s de 180 intendencias participaron del 16\u00aa Encuentro Nacional de Municipios Tur\u00edsticos. - Noticias Radio Reflejos<\/title>\n<meta name=\"robots\" content=\"index, follow, max-snippet:-1, max-image-preview:large, max-video-preview:-1\" \/>\n<link rel=\"canonical\" href=\"https:\/\/www.noticiasradioreflejos.com.ar\/2021\/mas-de-180-intendencias-participaron-del-16a-encuentro-nacional-de-municipios-turisticos\/\" \/>\n<meta property=\"og:locale\" content=\"es_ES\" \/>\n<meta property=\"og:type\" content=\"article\" \/>\n<meta property=\"og:title\" content=\"M\u00e1s de 180 intendencias participaron del 16\u00aa Encuentro Nacional de Municipios Tur\u00edsticos. - Noticias Radio Reflejos\" \/>\n<meta property=\"og:description\" content=\"M\u00e1s de 180 intendencias argentinas agrupadas en la Red Federal de Turismo participaron en el 16\u00b0 Encuentro Nacional de Municipios Tur\u00edsticos, realizado en forma virtual la semana anterior, informaron hoy voceros de la organizaci\u00f3n de ese evento, que brindaron un resumen de lo desarrollado. El encuentro, programado originalmente en forma presencial en Villa Carlos Paz, [&hellip;]\" \/>\n<meta property=\"og:url\" content=\"https:\/\/www.noticiasradioreflejos.com.ar\/2021\/mas-de-180-intendencias-participaron-del-16a-encuentro-nacional-de-municipios-turisticos\/\" \/>\n<meta property=\"og:site_name\" content=\"Noticias Radio Reflejos\" \/>\n<meta property=\"article:published_time\" content=\"2020-05-12T19:51:56+00:00\" \/>\n<meta property=\"og:image\" content=\"https:\/\/www.noticiasradioreflejos.com.ar\/2021\/wp-content\/uploads\/2021\/07\/logosol300x200.png\" \/>\n\t<meta property=\"og:image:width\" content=\"300\" \/>\n\t<meta property=\"og:image:height\" content=\"200\" \/>\n\t<meta property=\"og:image:type\" content=\"image\/png\" \/>\n<meta name=\"author\" content=\"Arnaldo Botto\" \/>\n<meta name=\"twitter:card\" content=\"summary_large_image\" \/>\n<script type=\"application\/ld+json\" class=\"yoast-schema-graph\">{\"@context\":\"https:\/\/schema.org\",\"@graph\":[{\"@type\":\"WebPage\",\"@id\":\"https:\/\/www.noticiasradioreflejos.com.ar\/2021\/mas-de-180-intendencias-participaron-del-16a-encuentro-nacional-de-municipios-turisticos\/\",\"url\":\"https:\/\/www.noticiasradioreflejos.com.ar\/2021\/mas-de-180-intendencias-participaron-del-16a-encuentro-nacional-de-municipios-turisticos\/\",\"name\":\"M\u00e1s de 180 intendencias participaron del 16\u00aa Encuentro Nacional de Municipios Tur\u00edsticos. - Noticias Radio Reflejos\",\"isPartOf\":{\"@id\":\"https:\/\/www.noticiasradioreflejos.com.ar\/2021\/#website\"},\"datePublished\":\"2020-05-12T19:51:56+00:00\",\"author\":{\"@id\":\"https:\/\/www.noticiasradioreflejos.com.ar\/2021\/#\/schema\/person\/ad82545263dcc5ec0996818884fd5fb1\"},\"breadcrumb\":{\"@id\":\"https:\/\/www.noticiasradioreflejos.com.ar\/2021\/mas-de-180-intendencias-participaron-del-16a-encuentro-nacional-de-municipios-turisticos\/#breadcrumb\"},\"inLanguage\":\"es\",\"potentialAction\":[{\"@type\":\"ReadAction\",\"target\":[\"https:\/\/www.noticiasradioreflejos.com.ar\/2021\/mas-de-180-intendencias-participaron-del-16a-encuentro-nacional-de-municipios-turisticos\/\"]}]},{\"@type\":\"BreadcrumbList\",\"@id\":\"https:\/\/www.noticiasradioreflejos.com.ar\/2021\/mas-de-180-intendencias-participaron-del-16a-encuentro-nacional-de-municipios-turisticos\/#breadcrumb\",\"itemListElement\":[{\"@type\":\"ListItem\",\"position\":1,\"name\":\"Portada\",\"item\":\"https:\/\/www.noticiasradioreflejos.com.ar\/2021\/\"},{\"@type\":\"ListItem\",\"position\":2,\"name\":\"M\u00e1s de 180 intendencias participaron del 16\u00aa Encuentro Nacional de Municipios Tur\u00edsticos.\"}]},{\"@type\":\"WebSite\",\"@id\":\"https:\/\/www.noticiasradioreflejos.com.ar\/2021\/#website\",\"url\":\"https:\/\/www.noticiasradioreflejos.com.ar\/2021\/\",\"name\":\"Noticias Radio Reflejos\",\"description\":\"Las noticias de mi comarca\",\"potentialAction\":[{\"@type\":\"SearchAction\",\"target\":{\"@type\":\"EntryPoint\",\"urlTemplate\":\"https:\/\/www.noticiasradioreflejos.com.ar\/2021\/?s={search_term_string}\"},\"query-input\":{\"@type\":\"PropertyValueSpecification\",\"valueRequired\":true,\"valueName\":\"search_term_string\"}}],\"inLanguage\":\"es\"},{\"@type\":\"Person\",\"@id\":\"https:\/\/www.noticiasradioreflejos.com.ar\/2021\/#\/schema\/person\/ad82545263dcc5ec0996818884fd5fb1\",\"name\":\"Arnaldo Botto\",\"image\":{\"@type\":\"ImageObject\",\"inLanguage\":\"es\",\"@id\":\"https:\/\/www.noticiasradioreflejos.com.ar\/2021\/#\/schema\/person\/image\/\",\"url\":\"https:\/\/secure.gravatar.com\/avatar\/55cb5e37c1efa326397366e6974cb338056df65cb50e7d64d1cf314e87504837?s=96&d=mm&r=g\",\"contentUrl\":\"https:\/\/secure.gravatar.com\/avatar\/55cb5e37c1efa326397366e6974cb338056df65cb50e7d64d1cf314e87504837?s=96&d=mm&r=g\",\"caption\":\"Arnaldo Botto\"},\"url\":\"https:\/\/www.noticiasradioreflejos.com.ar\/2021\/author\/arnaldo\/\"}]}<\/script>\n<!-- \/ Yoast SEO plugin. -->","yoast_head_json":{"title":"M\u00e1s de 180 intendencias participaron del 16\u00aa Encuentro Nacional de Municipios Tur\u00edsticos. - Noticias Radio Reflejos","robots":{"index":"index","follow":"follow","max-snippet":"max-snippet:-1","max-image-preview":"max-image-preview:large","max-video-preview":"max-video-preview:-1"},"canonical":"https:\/\/www.noticiasradioreflejos.com.ar\/2021\/mas-de-180-intendencias-participaron-del-16a-encuentro-nacional-de-municipios-turisticos\/","og_locale":"es_ES","og_type":"article","og_title":"M\u00e1s de 180 intendencias participaron del 16\u00aa Encuentro Nacional de Municipios Tur\u00edsticos. - Noticias Radio Reflejos","og_description":"M\u00e1s de 180 intendencias argentinas agrupadas en la Red Federal de Turismo participaron en el 16\u00b0 Encuentro Nacional de Municipios Tur\u00edsticos, realizado en forma virtual la semana anterior, informaron hoy voceros de la organizaci\u00f3n de ese evento, que brindaron un resumen de lo desarrollado. El encuentro, programado originalmente en forma presencial en Villa Carlos Paz, [&hellip;]","og_url":"https:\/\/www.noticiasradioreflejos.com.ar\/2021\/mas-de-180-intendencias-participaron-del-16a-encuentro-nacional-de-municipios-turisticos\/","og_site_name":"Noticias Radio Reflejos","article_published_time":"2020-05-12T19:51:56+00:00","og_image":[{"width":300,"height":200,"url":"https:\/\/www.noticiasradioreflejos.com.ar\/2021\/wp-content\/uploads\/2021\/07\/logosol300x200.png","type":"image\/png"}],"author":"Arnaldo Botto","twitter_card":"summary_large_image","schema":{"@context":"https:\/\/schema.org","@graph":[{"@type":"WebPage","@id":"https:\/\/www.noticiasradioreflejos.com.ar\/2021\/mas-de-180-intendencias-participaron-del-16a-encuentro-nacional-de-municipios-turisticos\/","url":"https:\/\/www.noticiasradioreflejos.com.ar\/2021\/mas-de-180-intendencias-participaron-del-16a-encuentro-nacional-de-municipios-turisticos\/","name":"M\u00e1s de 180 intendencias participaron del 16\u00aa Encuentro Nacional de Municipios Tur\u00edsticos. - Noticias Radio Reflejos","isPartOf":{"@id":"https:\/\/www.noticiasradioreflejos.com.ar\/2021\/#website"},"datePublished":"2020-05-12T19:51:56+00:00","author":{"@id":"https:\/\/www.noticiasradioreflejos.com.ar\/2021\/#\/schema\/person\/ad82545263dcc5ec0996818884fd5fb1"},"breadcrumb":{"@id":"https:\/\/www.noticiasradioreflejos.com.ar\/2021\/mas-de-180-intendencias-participaron-del-16a-encuentro-nacional-de-municipios-turisticos\/#breadcrumb"},"inLanguage":"es","potentialAction":[{"@type":"ReadAction","target":["https:\/\/www.noticiasradioreflejos.com.ar\/2021\/mas-de-180-intendencias-participaron-del-16a-encuentro-nacional-de-municipios-turisticos\/"]}]},{"@type":"BreadcrumbList","@id":"https:\/\/www.noticiasradioreflejos.com.ar\/2021\/mas-de-180-intendencias-participaron-del-16a-encuentro-nacional-de-municipios-turisticos\/#breadcrumb","itemListElement":[{"@type":"ListItem","position":1,"name":"Portada","item":"https:\/\/www.noticiasradioreflejos.com.ar\/2021\/"},{"@type":"ListItem","position":2,"name":"M\u00e1s de 180 intendencias participaron del 16\u00aa Encuentro Nacional de Municipios Tur\u00edsticos."}]},{"@type":"WebSite","@id":"https:\/\/www.noticiasradioreflejos.com.ar\/2021\/#website","url":"https:\/\/www.noticiasradioreflejos.com.ar\/2021\/","name":"Noticias Radio Reflejos","description":"Las noticias de mi comarca","potentialAction":[{"@type":"SearchAction","target":{"@type":"EntryPoint","urlTemplate":"https:\/\/www.noticiasradioreflejos.com.ar\/2021\/?s={search_term_string}"},"query-input":{"@type":"PropertyValueSpecification","valueRequired":true,"valueName":"search_term_string"}}],"inLanguage":"es"},{"@type":"Person","@id":"https:\/\/www.noticiasradioreflejos.com.ar\/2021\/#\/schema\/person\/ad82545263dcc5ec0996818884fd5fb1","name":"Arnaldo Botto","image":{"@type":"ImageObject","inLanguage":"es","@id":"https:\/\/www.noticiasradioreflejos.com.ar\/2021\/#\/schema\/person\/image\/","url":"https:\/\/secure.gravatar.com\/avatar\/55cb5e37c1efa326397366e6974cb338056df65cb50e7d64d1cf314e87504837?s=96&d=mm&r=g","contentUrl":"https:\/\/secure.gravatar.com\/avatar\/55cb5e37c1efa326397366e6974cb338056df65cb50e7d64d1cf314e87504837?s=96&d=mm&r=g","caption":"Arnaldo Botto"},"url":"https:\/\/www.noticiasradioreflejos.com.ar\/2021\/author\/arnaldo\/"}]}},"_links":{"self":[{"href":"https:\/\/www.noticiasradioreflejos.com.ar\/2021\/wp-json\/wp\/v2\/posts\/41849","targetHints":{"allow":["GET"]}}],"collection":[{"href":"https:\/\/www.noticiasradioreflejos.com.ar\/2021\/wp-json\/wp\/v2\/posts"}],"about":[{"href":"https:\/\/www.noticiasradioreflejos.com.ar\/2021\/wp-json\/wp\/v2\/types\/post"}],"author":[{"embeddable":true,"href":"https:\/\/www.noticiasradioreflejos.com.ar\/2021\/wp-json\/wp\/v2\/users\/3"}],"replies":[{"embeddable":true,"href":"https:\/\/www.noticiasradioreflejos.com.ar\/2021\/wp-json\/wp\/v2\/comments?post=41849"}],"version-history":[{"count":0,"href":"https:\/\/www.noticiasradioreflejos.com.ar\/2021\/wp-json\/wp\/v2\/posts\/41849\/revisions"}],"wp:attachment":[{"href":"https:\/\/www.noticiasradioreflejos.com.ar\/2021\/wp-json\/wp\/v2\/media?parent=41849"}],"wp:term":[{"taxonomy":"category","embeddable":true,"href":"https:\/\/www.noticiasradioreflejos.com.ar\/2021\/wp-json\/wp\/v2\/categories?post=41849"},{"taxonomy":"post_tag","embeddable":true,"href":"https:\/\/www.noticiasradioreflejos.com.ar\/2021\/wp-json\/wp\/v2\/tags?post=41849"}],"curies":[{"name":"wp","href":"https:\/\/api.w.org\/{rel}","templated":true}]}}