{"id":41842,"date":"2020-05-12T15:44:33","date_gmt":"2020-05-12T18:44:33","guid":{"rendered":"http:\/\/www.noticiasradioreflejos.com.ar\/noticias\/?p=41842"},"modified":"2020-05-12T15:44:33","modified_gmt":"2020-05-12T18:44:33","slug":"la-crisis-del-coronavirus-acelera-la-digitalizacion-del-sector-turistico","status":"publish","type":"post","link":"https:\/\/www.noticiasradioreflejos.com.ar\/2021\/la-crisis-del-coronavirus-acelera-la-digitalizacion-del-sector-turistico\/","title":{"rendered":"La crisis del coronavirus acelera la digitalizaci\u00f3n del sector tur\u00edstico"},"content":{"rendered":"<p>La irrupci\u00f3n de la pandemia del coronavirus (Covid-19) implic\u00f3 entre otras varias consecuencias la aceleraci\u00f3n de un proceso que se ven\u00eda desarrollando en el sector tur\u00edstico: la digitalizaci\u00f3n, especialmente en el sector p\u00fablico, como muestra una encuesta realizada entre funcionarios del pa\u00eds.\u00bbEl mundo ya ven\u00eda atravesando un fuerte proceso de digitalizaci\u00f3n y de todas las industrias, la del turismo era una de las que ven\u00eda dando mayores pasos\u00bb, dijo Natalia Bayona, l\u00edder en Innovaci\u00f3n de la Organizaci\u00f3n Mundial de Turismo (OMT).<!--more--><\/p>\n<p>Un relevamiento a nivel nacional entre 44 funcionarios p\u00fablicos en altos cargos directivos de promoci\u00f3n de provincias y municipios del pa\u00eds, realizado por Turtech durante los meses de febrero y marzo de este a\u00f1o, previo a la declaraci\u00f3n de cuarentena, demuestran esa tendencia.<\/p>\n<p>El 91,5% de los encuestados respondi\u00f3 que posee p\u00e1ginas web, de los cuales el 85% las actualiza con frecuencia, pero s\u00f3lo analizan sus m\u00e9tricas el 65% de ellos.<\/p>\n<p>Respecto de las redes sociales, casi el 98% utilizan y tienen perfiles en las principales redes sociales: 100% en Facebook, 95,7% en Instagram, 78,3% en Twitter y 67,4% en Youtube, mientras que el 89,1% analiza sus m\u00e9tricas.<\/p>\n<p>\u00abEs interesante conocer que el 78,3% de los encuestados ya contaba a inicios del a\u00f1o con planificaci\u00f3n para campa\u00f1as del a\u00f1o en curso y m\u00e1s del 91% invierten presupuesto para realizaci\u00f3n de campa\u00f1as tanto on line como offline\u00bb, se destaca en el informe.<\/p>\n<p>Es relevante la creciente digitalizaci\u00f3n de los destinos, donde casi el 79% manifest\u00f3 que invierten presupuestos para la realizaci\u00f3n de campa\u00f1as digitales.<\/p>\n<p>Respecto del tipo de campa\u00f1as, m\u00e1s del 90% proyecta campa\u00f1as de temporadas, el 87% realiza de productos, y el 37% ya se encuentra realizando de precios promocionales.<\/p>\n<p>Dentro de las actuales, las de mayor presencia est\u00e1n en las redes sociales -ads y paid posts- en un 86,5%, seguidas de campa\u00f1as de display con un 54,1%, env\u00edos de email marketing con un 32,4%, y campa\u00f1as en buscadores, un 29,7%.<\/p>\n<p>En cuanto a las audiencias, las de mayor inter\u00e9s son el mercado interno, 97,8%, y los regionales, 78,3%, seguido por el mercado europeo, 43,5%, el de Estados Unidos y Canad\u00e1, 32,5%, M\u00e9xico 15,2%, y el mercado asi\u00e1tico, con un 4%.<\/p>\n<p>En cuanto al inter\u00e9s seg\u00fan el tipo de viajero, hay un 100% dedicado al segmento de familias, un 73,9% a parejas, un 69,6% a j\u00f3venes, y un 60,9% a adultos mayores, mientras que un dato significativo es que el 80,4% se ha manifestado muy interesado en desarrollar el turismo sustentable.<\/p>\n<p>\u00abSi analizamos desde qu\u00e9 a\u00f1o los destinos est\u00e1n realizando campa\u00f1as de marketing digital, observamos que el 67,5% de quienes realizan campa\u00f1as digitales ha comenzado a realizarlas hace menos de 5 a\u00f1os, desde 2015\u00bb, se precisa en el informe.<\/p>\n<p>\u00abPor ello es importante que los destinos contin\u00faen profundizando las estrategias de promoci\u00f3n digital tur\u00edstica en el pa\u00eds para llegar a los mercados y audiencias, claves en esta \u00e9poca de pandemia\u00bb, resaltan.<\/p>\n<p>Durante la videoconferencia \u00abInnovaci\u00f3n y soluciones para el turismo que viene\u00bb, organizada por por el equipo LAB Travel de Turtech, Bayona explic\u00f3 que el turismo ha tenido tres etapas -\u00abgrados de aceleraci\u00f3n\u00bb, defini\u00f3- a lo largo de la historia reciente.<\/p>\n<p>\u00abEl primero fue con la creaci\u00f3n de las punto com; el segundo fue el surgimiento y la consolidaci\u00f3n de las OTAs (agencias de viajes por internet); y el tercero (y el actual) es la innovaci\u00f3n de las startups, solucionando problemas de la industria, multiplic\u00e1ndose masivamente\u00bb, explic\u00f3.<\/p>\n<p>\u00abAhora vino el Covid-19 a romper y acelerar todo lo que ven\u00eda ocurriendo, porque todas aquellas empresas que no cre\u00edan en la digitalizaci\u00f3n, ahora ya no tienen opci\u00f3n\u00bb, remarc\u00f3.<\/p>\n","protected":false},"excerpt":{"rendered":"<p>La irrupci\u00f3n de la pandemia del coronavirus (Covid-19) implic\u00f3 entre otras varias consecuencias la aceleraci\u00f3n de un proceso que se ven\u00eda desarrollando en el sector tur\u00edstico: la digitalizaci\u00f3n, especialmente en el sector p\u00fablico, como muestra una encuesta realizada entre funcionarios del pa\u00eds.\u00bbEl mundo ya ven\u00eda atravesando un fuerte proceso de digitalizaci\u00f3n y de todas las [&hellip;]<\/p>\n","protected":false},"author":3,"featured_media":0,"comment_status":"closed","ping_status":"open","sticky":false,"template":"","format":"standard","meta":{"footnotes":""},"categories":[33],"tags":[],"class_list":["post-41842","post","type-post","status-publish","format-standard","hentry","category-turismo"],"yoast_head":"<!-- This site is optimized with the Yoast SEO plugin v25.9 - https:\/\/yoast.com\/wordpress\/plugins\/seo\/ -->\n<title>La crisis del coronavirus acelera la digitalizaci\u00f3n del sector tur\u00edstico - Noticias Radio Reflejos<\/title>\n<meta name=\"robots\" content=\"index, follow, max-snippet:-1, max-image-preview:large, max-video-preview:-1\" \/>\n<link rel=\"canonical\" href=\"https:\/\/www.noticiasradioreflejos.com.ar\/2021\/la-crisis-del-coronavirus-acelera-la-digitalizacion-del-sector-turistico\/\" \/>\n<meta property=\"og:locale\" content=\"es_ES\" \/>\n<meta property=\"og:type\" content=\"article\" \/>\n<meta property=\"og:title\" content=\"La crisis del coronavirus acelera la digitalizaci\u00f3n del sector tur\u00edstico - Noticias Radio Reflejos\" \/>\n<meta property=\"og:description\" content=\"La irrupci\u00f3n de la pandemia del coronavirus (Covid-19) implic\u00f3 entre otras varias consecuencias la aceleraci\u00f3n de un proceso que se ven\u00eda desarrollando en el sector tur\u00edstico: la digitalizaci\u00f3n, especialmente en el sector p\u00fablico, como muestra una encuesta realizada entre funcionarios del pa\u00eds.\u00bbEl mundo ya ven\u00eda atravesando un fuerte proceso de digitalizaci\u00f3n y de todas las [&hellip;]\" \/>\n<meta property=\"og:url\" content=\"https:\/\/www.noticiasradioreflejos.com.ar\/2021\/la-crisis-del-coronavirus-acelera-la-digitalizacion-del-sector-turistico\/\" \/>\n<meta property=\"og:site_name\" content=\"Noticias Radio Reflejos\" \/>\n<meta property=\"article:published_time\" content=\"2020-05-12T18:44:33+00:00\" \/>\n<meta property=\"og:image\" content=\"https:\/\/www.noticiasradioreflejos.com.ar\/2021\/wp-content\/uploads\/2021\/07\/logosol300x200.png\" \/>\n\t<meta property=\"og:image:width\" content=\"300\" \/>\n\t<meta property=\"og:image:height\" content=\"200\" \/>\n\t<meta property=\"og:image:type\" content=\"image\/png\" \/>\n<meta name=\"author\" content=\"Arnaldo Botto\" \/>\n<meta name=\"twitter:card\" content=\"summary_large_image\" \/>\n<script type=\"application\/ld+json\" class=\"yoast-schema-graph\">{\"@context\":\"https:\/\/schema.org\",\"@graph\":[{\"@type\":\"WebPage\",\"@id\":\"https:\/\/www.noticiasradioreflejos.com.ar\/2021\/la-crisis-del-coronavirus-acelera-la-digitalizacion-del-sector-turistico\/\",\"url\":\"https:\/\/www.noticiasradioreflejos.com.ar\/2021\/la-crisis-del-coronavirus-acelera-la-digitalizacion-del-sector-turistico\/\",\"name\":\"La crisis del coronavirus acelera la digitalizaci\u00f3n del sector tur\u00edstico - Noticias Radio Reflejos\",\"isPartOf\":{\"@id\":\"https:\/\/www.noticiasradioreflejos.com.ar\/2021\/#website\"},\"datePublished\":\"2020-05-12T18:44:33+00:00\",\"author\":{\"@id\":\"https:\/\/www.noticiasradioreflejos.com.ar\/2021\/#\/schema\/person\/ad82545263dcc5ec0996818884fd5fb1\"},\"breadcrumb\":{\"@id\":\"https:\/\/www.noticiasradioreflejos.com.ar\/2021\/la-crisis-del-coronavirus-acelera-la-digitalizacion-del-sector-turistico\/#breadcrumb\"},\"inLanguage\":\"es\",\"potentialAction\":[{\"@type\":\"ReadAction\",\"target\":[\"https:\/\/www.noticiasradioreflejos.com.ar\/2021\/la-crisis-del-coronavirus-acelera-la-digitalizacion-del-sector-turistico\/\"]}]},{\"@type\":\"BreadcrumbList\",\"@id\":\"https:\/\/www.noticiasradioreflejos.com.ar\/2021\/la-crisis-del-coronavirus-acelera-la-digitalizacion-del-sector-turistico\/#breadcrumb\",\"itemListElement\":[{\"@type\":\"ListItem\",\"position\":1,\"name\":\"Portada\",\"item\":\"https:\/\/www.noticiasradioreflejos.com.ar\/2021\/\"},{\"@type\":\"ListItem\",\"position\":2,\"name\":\"La crisis del coronavirus acelera la digitalizaci\u00f3n del sector tur\u00edstico\"}]},{\"@type\":\"WebSite\",\"@id\":\"https:\/\/www.noticiasradioreflejos.com.ar\/2021\/#website\",\"url\":\"https:\/\/www.noticiasradioreflejos.com.ar\/2021\/\",\"name\":\"Noticias Radio Reflejos\",\"description\":\"Las noticias de mi comarca\",\"potentialAction\":[{\"@type\":\"SearchAction\",\"target\":{\"@type\":\"EntryPoint\",\"urlTemplate\":\"https:\/\/www.noticiasradioreflejos.com.ar\/2021\/?s={search_term_string}\"},\"query-input\":{\"@type\":\"PropertyValueSpecification\",\"valueRequired\":true,\"valueName\":\"search_term_string\"}}],\"inLanguage\":\"es\"},{\"@type\":\"Person\",\"@id\":\"https:\/\/www.noticiasradioreflejos.com.ar\/2021\/#\/schema\/person\/ad82545263dcc5ec0996818884fd5fb1\",\"name\":\"Arnaldo Botto\",\"image\":{\"@type\":\"ImageObject\",\"inLanguage\":\"es\",\"@id\":\"https:\/\/www.noticiasradioreflejos.com.ar\/2021\/#\/schema\/person\/image\/\",\"url\":\"https:\/\/secure.gravatar.com\/avatar\/55cb5e37c1efa326397366e6974cb338056df65cb50e7d64d1cf314e87504837?s=96&d=mm&r=g\",\"contentUrl\":\"https:\/\/secure.gravatar.com\/avatar\/55cb5e37c1efa326397366e6974cb338056df65cb50e7d64d1cf314e87504837?s=96&d=mm&r=g\",\"caption\":\"Arnaldo Botto\"},\"url\":\"https:\/\/www.noticiasradioreflejos.com.ar\/2021\/author\/arnaldo\/\"}]}<\/script>\n<!-- \/ Yoast SEO plugin. -->","yoast_head_json":{"title":"La crisis del coronavirus acelera la digitalizaci\u00f3n del sector tur\u00edstico - Noticias Radio Reflejos","robots":{"index":"index","follow":"follow","max-snippet":"max-snippet:-1","max-image-preview":"max-image-preview:large","max-video-preview":"max-video-preview:-1"},"canonical":"https:\/\/www.noticiasradioreflejos.com.ar\/2021\/la-crisis-del-coronavirus-acelera-la-digitalizacion-del-sector-turistico\/","og_locale":"es_ES","og_type":"article","og_title":"La crisis del coronavirus acelera la digitalizaci\u00f3n del sector tur\u00edstico - Noticias Radio Reflejos","og_description":"La irrupci\u00f3n de la pandemia del coronavirus (Covid-19) implic\u00f3 entre otras varias consecuencias la aceleraci\u00f3n de un proceso que se ven\u00eda desarrollando en el sector tur\u00edstico: la digitalizaci\u00f3n, especialmente en el sector p\u00fablico, como muestra una encuesta realizada entre funcionarios del pa\u00eds.\u00bbEl mundo ya ven\u00eda atravesando un fuerte proceso de digitalizaci\u00f3n y de todas las [&hellip;]","og_url":"https:\/\/www.noticiasradioreflejos.com.ar\/2021\/la-crisis-del-coronavirus-acelera-la-digitalizacion-del-sector-turistico\/","og_site_name":"Noticias Radio Reflejos","article_published_time":"2020-05-12T18:44:33+00:00","og_image":[{"width":300,"height":200,"url":"https:\/\/www.noticiasradioreflejos.com.ar\/2021\/wp-content\/uploads\/2021\/07\/logosol300x200.png","type":"image\/png"}],"author":"Arnaldo Botto","twitter_card":"summary_large_image","schema":{"@context":"https:\/\/schema.org","@graph":[{"@type":"WebPage","@id":"https:\/\/www.noticiasradioreflejos.com.ar\/2021\/la-crisis-del-coronavirus-acelera-la-digitalizacion-del-sector-turistico\/","url":"https:\/\/www.noticiasradioreflejos.com.ar\/2021\/la-crisis-del-coronavirus-acelera-la-digitalizacion-del-sector-turistico\/","name":"La crisis del coronavirus acelera la digitalizaci\u00f3n del sector tur\u00edstico - Noticias Radio Reflejos","isPartOf":{"@id":"https:\/\/www.noticiasradioreflejos.com.ar\/2021\/#website"},"datePublished":"2020-05-12T18:44:33+00:00","author":{"@id":"https:\/\/www.noticiasradioreflejos.com.ar\/2021\/#\/schema\/person\/ad82545263dcc5ec0996818884fd5fb1"},"breadcrumb":{"@id":"https:\/\/www.noticiasradioreflejos.com.ar\/2021\/la-crisis-del-coronavirus-acelera-la-digitalizacion-del-sector-turistico\/#breadcrumb"},"inLanguage":"es","potentialAction":[{"@type":"ReadAction","target":["https:\/\/www.noticiasradioreflejos.com.ar\/2021\/la-crisis-del-coronavirus-acelera-la-digitalizacion-del-sector-turistico\/"]}]},{"@type":"BreadcrumbList","@id":"https:\/\/www.noticiasradioreflejos.com.ar\/2021\/la-crisis-del-coronavirus-acelera-la-digitalizacion-del-sector-turistico\/#breadcrumb","itemListElement":[{"@type":"ListItem","position":1,"name":"Portada","item":"https:\/\/www.noticiasradioreflejos.com.ar\/2021\/"},{"@type":"ListItem","position":2,"name":"La crisis del coronavirus acelera la digitalizaci\u00f3n del sector tur\u00edstico"}]},{"@type":"WebSite","@id":"https:\/\/www.noticiasradioreflejos.com.ar\/2021\/#website","url":"https:\/\/www.noticiasradioreflejos.com.ar\/2021\/","name":"Noticias Radio Reflejos","description":"Las noticias de mi comarca","potentialAction":[{"@type":"SearchAction","target":{"@type":"EntryPoint","urlTemplate":"https:\/\/www.noticiasradioreflejos.com.ar\/2021\/?s={search_term_string}"},"query-input":{"@type":"PropertyValueSpecification","valueRequired":true,"valueName":"search_term_string"}}],"inLanguage":"es"},{"@type":"Person","@id":"https:\/\/www.noticiasradioreflejos.com.ar\/2021\/#\/schema\/person\/ad82545263dcc5ec0996818884fd5fb1","name":"Arnaldo Botto","image":{"@type":"ImageObject","inLanguage":"es","@id":"https:\/\/www.noticiasradioreflejos.com.ar\/2021\/#\/schema\/person\/image\/","url":"https:\/\/secure.gravatar.com\/avatar\/55cb5e37c1efa326397366e6974cb338056df65cb50e7d64d1cf314e87504837?s=96&d=mm&r=g","contentUrl":"https:\/\/secure.gravatar.com\/avatar\/55cb5e37c1efa326397366e6974cb338056df65cb50e7d64d1cf314e87504837?s=96&d=mm&r=g","caption":"Arnaldo Botto"},"url":"https:\/\/www.noticiasradioreflejos.com.ar\/2021\/author\/arnaldo\/"}]}},"_links":{"self":[{"href":"https:\/\/www.noticiasradioreflejos.com.ar\/2021\/wp-json\/wp\/v2\/posts\/41842","targetHints":{"allow":["GET"]}}],"collection":[{"href":"https:\/\/www.noticiasradioreflejos.com.ar\/2021\/wp-json\/wp\/v2\/posts"}],"about":[{"href":"https:\/\/www.noticiasradioreflejos.com.ar\/2021\/wp-json\/wp\/v2\/types\/post"}],"author":[{"embeddable":true,"href":"https:\/\/www.noticiasradioreflejos.com.ar\/2021\/wp-json\/wp\/v2\/users\/3"}],"replies":[{"embeddable":true,"href":"https:\/\/www.noticiasradioreflejos.com.ar\/2021\/wp-json\/wp\/v2\/comments?post=41842"}],"version-history":[{"count":0,"href":"https:\/\/www.noticiasradioreflejos.com.ar\/2021\/wp-json\/wp\/v2\/posts\/41842\/revisions"}],"wp:attachment":[{"href":"https:\/\/www.noticiasradioreflejos.com.ar\/2021\/wp-json\/wp\/v2\/media?parent=41842"}],"wp:term":[{"taxonomy":"category","embeddable":true,"href":"https:\/\/www.noticiasradioreflejos.com.ar\/2021\/wp-json\/wp\/v2\/categories?post=41842"},{"taxonomy":"post_tag","embeddable":true,"href":"https:\/\/www.noticiasradioreflejos.com.ar\/2021\/wp-json\/wp\/v2\/tags?post=41842"}],"curies":[{"name":"wp","href":"https:\/\/api.w.org\/{rel}","templated":true}]}}