{"id":41840,"date":"2020-05-12T15:39:17","date_gmt":"2020-05-12T18:39:17","guid":{"rendered":"http:\/\/www.noticiasradioreflejos.com.ar\/noticias\/?p=41840"},"modified":"2020-05-12T15:39:17","modified_gmt":"2020-05-12T18:39:17","slug":"vacunas-antigripales-pediatricas","status":"publish","type":"post","link":"https:\/\/www.noticiasradioreflejos.com.ar\/2021\/vacunas-antigripales-pediatricas\/","title":{"rendered":"Vacunas antigripales pedi\u00e1tricas"},"content":{"rendered":"<p>El \u00e1rea de Inmunizaciones de la Secretar\u00eda de Salud recuerda que todos los CAPS (Centros de Atenci\u00f3n Primaria de la Salud) cuentan con dosis de vacunas pedi\u00e1tricas para beb\u00e9s de entre 6 y 24 meses de edad contra la gripe. Recordamos los d\u00edas y horarios para aplicar la dosis correspondiente de la antigripal pedi\u00e1trica cepa 2020: <!--more--><\/p>\n<p>TORNQUIST:<br \/>\nSALA NORTE: Martes y Jueves de 7 a 14hs.<br \/>\nTel: 4940.812<br \/>\nSALA SUR: Lunes y Mi\u00e9rcoles de 7 a 14hs.<br \/>\nTel: 4940.400<br \/>\nSIERRA DE LA VENTANA:<br \/>\nMartes y jueves de 9 a 14hs.<br \/>\nTel: 4915.030<br \/>\nChasic\u00f3: Comunicarse con la sala para solicitar turnos<br \/>\nTel: 4961.010<br \/>\nVilla Ventana: Comunicarse con la sala para solicitar turnos<br \/>\nTel: 4910.250<br \/>\nSaldungaray: Comunicarse con la sala para solicitar turnos<br \/>\nTel: 4916.035<br \/>\nTres Picos: Se informar\u00e1 oportunamente cuando est\u00e9n disponibles<br \/>\nPor otro lado informamos que a partir del d\u00eda de ma\u00f1ana, se recepcionar\u00e1 un nuevo lote de vacunas antigripales para adultos.<br \/>\nRecordamos que solo se llevar\u00e1 a cabo dicha tarea en los d\u00edas y lugares establecidos, para evitar la saturaci\u00f3n de los espacios y la aglomeraci\u00f3n de personas. <\/p>\n","protected":false},"excerpt":{"rendered":"<p>El \u00e1rea de Inmunizaciones de la Secretar\u00eda de Salud recuerda que todos los CAPS (Centros de Atenci\u00f3n Primaria de la Salud) cuentan con dosis de vacunas pedi\u00e1tricas para beb\u00e9s de entre 6 y 24 meses de edad contra la gripe. Recordamos los d\u00edas y horarios para aplicar la dosis correspondiente de la antigripal pedi\u00e1trica cepa [&hellip;]<\/p>\n","protected":false},"author":3,"featured_media":0,"comment_status":"closed","ping_status":"open","sticky":false,"template":"","format":"standard","meta":{"footnotes":""},"categories":[30],"tags":[],"class_list":["post-41840","post","type-post","status-publish","format-standard","hentry","category-salud"],"yoast_head":"<!-- This site is optimized with the Yoast SEO plugin v25.9 - https:\/\/yoast.com\/wordpress\/plugins\/seo\/ -->\n<title>Vacunas antigripales pedi\u00e1tricas - Noticias Radio Reflejos<\/title>\n<meta name=\"robots\" content=\"index, follow, max-snippet:-1, max-image-preview:large, max-video-preview:-1\" \/>\n<link rel=\"canonical\" href=\"https:\/\/www.noticiasradioreflejos.com.ar\/2021\/vacunas-antigripales-pediatricas\/\" \/>\n<meta property=\"og:locale\" content=\"es_ES\" \/>\n<meta property=\"og:type\" content=\"article\" \/>\n<meta property=\"og:title\" content=\"Vacunas antigripales pedi\u00e1tricas - Noticias Radio Reflejos\" \/>\n<meta property=\"og:description\" content=\"El \u00e1rea de Inmunizaciones de la Secretar\u00eda de Salud recuerda que todos los CAPS (Centros de Atenci\u00f3n Primaria de la Salud) cuentan con dosis de vacunas pedi\u00e1tricas para beb\u00e9s de entre 6 y 24 meses de edad contra la gripe. Recordamos los d\u00edas y horarios para aplicar la dosis correspondiente de la antigripal pedi\u00e1trica cepa [&hellip;]\" \/>\n<meta property=\"og:url\" content=\"https:\/\/www.noticiasradioreflejos.com.ar\/2021\/vacunas-antigripales-pediatricas\/\" \/>\n<meta property=\"og:site_name\" content=\"Noticias Radio Reflejos\" \/>\n<meta property=\"article:published_time\" content=\"2020-05-12T18:39:17+00:00\" \/>\n<meta property=\"og:image\" content=\"https:\/\/www.noticiasradioreflejos.com.ar\/2021\/wp-content\/uploads\/2021\/07\/logosol300x200.png\" \/>\n\t<meta property=\"og:image:width\" content=\"300\" \/>\n\t<meta property=\"og:image:height\" content=\"200\" \/>\n\t<meta property=\"og:image:type\" content=\"image\/png\" \/>\n<meta name=\"author\" content=\"Arnaldo Botto\" \/>\n<meta name=\"twitter:card\" content=\"summary_large_image\" \/>\n<script type=\"application\/ld+json\" class=\"yoast-schema-graph\">{\"@context\":\"https:\/\/schema.org\",\"@graph\":[{\"@type\":\"WebPage\",\"@id\":\"https:\/\/www.noticiasradioreflejos.com.ar\/2021\/vacunas-antigripales-pediatricas\/\",\"url\":\"https:\/\/www.noticiasradioreflejos.com.ar\/2021\/vacunas-antigripales-pediatricas\/\",\"name\":\"Vacunas antigripales pedi\u00e1tricas - Noticias Radio Reflejos\",\"isPartOf\":{\"@id\":\"https:\/\/www.noticiasradioreflejos.com.ar\/2021\/#website\"},\"datePublished\":\"2020-05-12T18:39:17+00:00\",\"author\":{\"@id\":\"https:\/\/www.noticiasradioreflejos.com.ar\/2021\/#\/schema\/person\/ad82545263dcc5ec0996818884fd5fb1\"},\"breadcrumb\":{\"@id\":\"https:\/\/www.noticiasradioreflejos.com.ar\/2021\/vacunas-antigripales-pediatricas\/#breadcrumb\"},\"inLanguage\":\"es\",\"potentialAction\":[{\"@type\":\"ReadAction\",\"target\":[\"https:\/\/www.noticiasradioreflejos.com.ar\/2021\/vacunas-antigripales-pediatricas\/\"]}]},{\"@type\":\"BreadcrumbList\",\"@id\":\"https:\/\/www.noticiasradioreflejos.com.ar\/2021\/vacunas-antigripales-pediatricas\/#breadcrumb\",\"itemListElement\":[{\"@type\":\"ListItem\",\"position\":1,\"name\":\"Portada\",\"item\":\"https:\/\/www.noticiasradioreflejos.com.ar\/2021\/\"},{\"@type\":\"ListItem\",\"position\":2,\"name\":\"Vacunas antigripales pedi\u00e1tricas\"}]},{\"@type\":\"WebSite\",\"@id\":\"https:\/\/www.noticiasradioreflejos.com.ar\/2021\/#website\",\"url\":\"https:\/\/www.noticiasradioreflejos.com.ar\/2021\/\",\"name\":\"Noticias Radio Reflejos\",\"description\":\"Las noticias de mi comarca\",\"potentialAction\":[{\"@type\":\"SearchAction\",\"target\":{\"@type\":\"EntryPoint\",\"urlTemplate\":\"https:\/\/www.noticiasradioreflejos.com.ar\/2021\/?s={search_term_string}\"},\"query-input\":{\"@type\":\"PropertyValueSpecification\",\"valueRequired\":true,\"valueName\":\"search_term_string\"}}],\"inLanguage\":\"es\"},{\"@type\":\"Person\",\"@id\":\"https:\/\/www.noticiasradioreflejos.com.ar\/2021\/#\/schema\/person\/ad82545263dcc5ec0996818884fd5fb1\",\"name\":\"Arnaldo Botto\",\"image\":{\"@type\":\"ImageObject\",\"inLanguage\":\"es\",\"@id\":\"https:\/\/www.noticiasradioreflejos.com.ar\/2021\/#\/schema\/person\/image\/\",\"url\":\"https:\/\/secure.gravatar.com\/avatar\/55cb5e37c1efa326397366e6974cb338056df65cb50e7d64d1cf314e87504837?s=96&d=mm&r=g\",\"contentUrl\":\"https:\/\/secure.gravatar.com\/avatar\/55cb5e37c1efa326397366e6974cb338056df65cb50e7d64d1cf314e87504837?s=96&d=mm&r=g\",\"caption\":\"Arnaldo Botto\"},\"url\":\"https:\/\/www.noticiasradioreflejos.com.ar\/2021\/author\/arnaldo\/\"}]}<\/script>\n<!-- \/ Yoast SEO plugin. -->","yoast_head_json":{"title":"Vacunas antigripales pedi\u00e1tricas - Noticias Radio Reflejos","robots":{"index":"index","follow":"follow","max-snippet":"max-snippet:-1","max-image-preview":"max-image-preview:large","max-video-preview":"max-video-preview:-1"},"canonical":"https:\/\/www.noticiasradioreflejos.com.ar\/2021\/vacunas-antigripales-pediatricas\/","og_locale":"es_ES","og_type":"article","og_title":"Vacunas antigripales pedi\u00e1tricas - Noticias Radio Reflejos","og_description":"El \u00e1rea de Inmunizaciones de la Secretar\u00eda de Salud recuerda que todos los CAPS (Centros de Atenci\u00f3n Primaria de la Salud) cuentan con dosis de vacunas pedi\u00e1tricas para beb\u00e9s de entre 6 y 24 meses de edad contra la gripe. Recordamos los d\u00edas y horarios para aplicar la dosis correspondiente de la antigripal pedi\u00e1trica cepa [&hellip;]","og_url":"https:\/\/www.noticiasradioreflejos.com.ar\/2021\/vacunas-antigripales-pediatricas\/","og_site_name":"Noticias Radio Reflejos","article_published_time":"2020-05-12T18:39:17+00:00","og_image":[{"width":300,"height":200,"url":"https:\/\/www.noticiasradioreflejos.com.ar\/2021\/wp-content\/uploads\/2021\/07\/logosol300x200.png","type":"image\/png"}],"author":"Arnaldo Botto","twitter_card":"summary_large_image","schema":{"@context":"https:\/\/schema.org","@graph":[{"@type":"WebPage","@id":"https:\/\/www.noticiasradioreflejos.com.ar\/2021\/vacunas-antigripales-pediatricas\/","url":"https:\/\/www.noticiasradioreflejos.com.ar\/2021\/vacunas-antigripales-pediatricas\/","name":"Vacunas antigripales pedi\u00e1tricas - Noticias Radio Reflejos","isPartOf":{"@id":"https:\/\/www.noticiasradioreflejos.com.ar\/2021\/#website"},"datePublished":"2020-05-12T18:39:17+00:00","author":{"@id":"https:\/\/www.noticiasradioreflejos.com.ar\/2021\/#\/schema\/person\/ad82545263dcc5ec0996818884fd5fb1"},"breadcrumb":{"@id":"https:\/\/www.noticiasradioreflejos.com.ar\/2021\/vacunas-antigripales-pediatricas\/#breadcrumb"},"inLanguage":"es","potentialAction":[{"@type":"ReadAction","target":["https:\/\/www.noticiasradioreflejos.com.ar\/2021\/vacunas-antigripales-pediatricas\/"]}]},{"@type":"BreadcrumbList","@id":"https:\/\/www.noticiasradioreflejos.com.ar\/2021\/vacunas-antigripales-pediatricas\/#breadcrumb","itemListElement":[{"@type":"ListItem","position":1,"name":"Portada","item":"https:\/\/www.noticiasradioreflejos.com.ar\/2021\/"},{"@type":"ListItem","position":2,"name":"Vacunas antigripales pedi\u00e1tricas"}]},{"@type":"WebSite","@id":"https:\/\/www.noticiasradioreflejos.com.ar\/2021\/#website","url":"https:\/\/www.noticiasradioreflejos.com.ar\/2021\/","name":"Noticias Radio Reflejos","description":"Las noticias de mi comarca","potentialAction":[{"@type":"SearchAction","target":{"@type":"EntryPoint","urlTemplate":"https:\/\/www.noticiasradioreflejos.com.ar\/2021\/?s={search_term_string}"},"query-input":{"@type":"PropertyValueSpecification","valueRequired":true,"valueName":"search_term_string"}}],"inLanguage":"es"},{"@type":"Person","@id":"https:\/\/www.noticiasradioreflejos.com.ar\/2021\/#\/schema\/person\/ad82545263dcc5ec0996818884fd5fb1","name":"Arnaldo Botto","image":{"@type":"ImageObject","inLanguage":"es","@id":"https:\/\/www.noticiasradioreflejos.com.ar\/2021\/#\/schema\/person\/image\/","url":"https:\/\/secure.gravatar.com\/avatar\/55cb5e37c1efa326397366e6974cb338056df65cb50e7d64d1cf314e87504837?s=96&d=mm&r=g","contentUrl":"https:\/\/secure.gravatar.com\/avatar\/55cb5e37c1efa326397366e6974cb338056df65cb50e7d64d1cf314e87504837?s=96&d=mm&r=g","caption":"Arnaldo Botto"},"url":"https:\/\/www.noticiasradioreflejos.com.ar\/2021\/author\/arnaldo\/"}]}},"_links":{"self":[{"href":"https:\/\/www.noticiasradioreflejos.com.ar\/2021\/wp-json\/wp\/v2\/posts\/41840","targetHints":{"allow":["GET"]}}],"collection":[{"href":"https:\/\/www.noticiasradioreflejos.com.ar\/2021\/wp-json\/wp\/v2\/posts"}],"about":[{"href":"https:\/\/www.noticiasradioreflejos.com.ar\/2021\/wp-json\/wp\/v2\/types\/post"}],"author":[{"embeddable":true,"href":"https:\/\/www.noticiasradioreflejos.com.ar\/2021\/wp-json\/wp\/v2\/users\/3"}],"replies":[{"embeddable":true,"href":"https:\/\/www.noticiasradioreflejos.com.ar\/2021\/wp-json\/wp\/v2\/comments?post=41840"}],"version-history":[{"count":0,"href":"https:\/\/www.noticiasradioreflejos.com.ar\/2021\/wp-json\/wp\/v2\/posts\/41840\/revisions"}],"wp:attachment":[{"href":"https:\/\/www.noticiasradioreflejos.com.ar\/2021\/wp-json\/wp\/v2\/media?parent=41840"}],"wp:term":[{"taxonomy":"category","embeddable":true,"href":"https:\/\/www.noticiasradioreflejos.com.ar\/2021\/wp-json\/wp\/v2\/categories?post=41840"},{"taxonomy":"post_tag","embeddable":true,"href":"https:\/\/www.noticiasradioreflejos.com.ar\/2021\/wp-json\/wp\/v2\/tags?post=41840"}],"curies":[{"name":"wp","href":"https:\/\/api.w.org\/{rel}","templated":true}]}}