{"id":41835,"date":"2020-05-12T15:32:57","date_gmt":"2020-05-12T18:32:57","guid":{"rendered":"http:\/\/www.noticiasradioreflejos.com.ar\/noticias\/?p=41835"},"modified":"2020-05-12T15:32:57","modified_gmt":"2020-05-12T18:32:57","slug":"la-proteccion-en-las-cadenas-de-alimentos-ante-la-pandemia","status":"publish","type":"post","link":"https:\/\/www.noticiasradioreflejos.com.ar\/2021\/la-proteccion-en-las-cadenas-de-alimentos-ante-la-pandemia\/","title":{"rendered":"La protecci\u00f3n en las cadenas de alimentos ante la pandemia"},"content":{"rendered":"<p>Por Maureen Birmingham, m\u00e9dica, representante de la Organizaci\u00f3n Panamericana de la Salud\/Organizaci\u00f3n Mundial de la Salud en Argentina y Francisco Yofre, oficial de Programas de la Organizaci\u00f3n de las Naciones Unidas para la Alimentaci\u00f3n y la Agricultura. Para enfrentar la pandemia por COVID-19, es importante tener una mirada integral, que abarque todos los \u00e1mbitos y nos permita entenderlo desde diversas aristas.<!--more--><br \/>\nEn lo que respecta a las cadenas alimentarias, si se realizan buenas pr\u00e1cticas de higiene, limpieza y desinfecci\u00f3n, es muy poco probable que las personas puedan contraer el virus mediante los alimentos o sus envases. Actualmente no hay evidencia de que este tipo de enfermedades se trasmitan as\u00ed.<\/p>\n<p>La COVID-19 es una enfermedad respiratoria y se trasmite principalmente mediante el contacto cercano entre personas, cuando alguien infectado tose o estornuda y produce gotas respiratorias que llegan a los ojos, nariz y boca de alguien m\u00e1s.<\/p>\n<p>En algunas oportunidades, como las gotitas respiratorias son muy pesadas, pueden caer sobre superficies cercanas a las personas infectadas, como picaportes o barandas; o estas superficies pueden ser tocadas por alguien con las manos contaminadas donde otra persona puede infectarse. En este sentido, al igual que la desinfecci\u00f3n en espacios p\u00fablicos, es clave que la industria de alimentos refuerce las medidas de higiene y prepare al personal con capacitaciones y el equipamiento necesario para reducir el riesgo de contaminaci\u00f3n.<\/p>\n<p>Las estrategias para mantener el flujo de producci\u00f3n son clave para no caer en otro inconveniente: desabastecimiento o escasez de productos. Dar respuestas de protecci\u00f3n es esencial para cuidar la salud de los empleados, preservar la inocuidad de los alimentos y mantener la tranquilidad de los consumidores. Tal como indica el documento \u00abCOVID-19 e Inocuidad Alimentaria: Orientaci\u00f3n para empresas del sector alimentario\u00bb, elaborado por la Organizaci\u00f3n Panamericana de la Salud\/Organizaci\u00f3n Mundial de la Salud (OPS\/OMS) y la Organizaci\u00f3n de las Naciones Unidas para la Alimentaci\u00f3n y la Agricultura (FAO).<\/p>\n<p>Dise\u00f1ar un plan de acci\u00f3n que de respuesta a las necesidades de protecci\u00f3n de los trabajadores es un factor sustancial a ser atendido. Reducir la cantidad de empleados que est\u00e1n a la vez, ordenar la disposici\u00f3n del lugar o dividir al personal para que haya mayor distancia, adem\u00e1s de promover el lavado de manos y la desinfecci\u00f3n frecuente en todas las etapas de procesamiento, fabricaci\u00f3n, transporte y comercializaci\u00f3n, disminuye las posibilidades de transmisi\u00f3n.<\/p>\n<p>Las medidas tomadas a tiempo reducen la posibilidad de transmisi\u00f3n entre los trabajadores. Es importante que los empresarios del sector puedan establecer orientaciones por escrito para informar a sus empleados sobre como notificar y actuar ante s\u00edntomas. En este caso, se debe evitar asistir, aislarse y saber c\u00f3mo recibir atenci\u00f3n m\u00e9dica. Asimismo, si un trabajador entra en contacto con una persona infectada debe quedarse en cuarentena e informar su estado para recibir atenci\u00f3n si fuese necesario y alertar a sus contactos. As\u00ed se puede romper la cadena de transmisi\u00f3n.<\/p>\n<p>Quienes realizan traslados de alimentos o servicios de delivery, es fundamental que respeten las reglas de distanciamiento f\u00edsico al relacionarse con los clientes. Adem\u00e1s, deben cuidar minuciosamente su higiene y usar ropa protectora limpia. Tambi\u00e9n es clave tener en cuenta que todos los contenedores utilizados para el transporte deben estar limpios y desinfectados y que es necesario proteger los alimentos de la contaminaci\u00f3n y separarlos de otros elementos que puedan provocarla.<\/p>\n<p>Las recomendaciones se extienden al \u00e1mbito del hogar. Los trabajadores deben higienizarse las manos y la cara al llegar a sus casas, y seguir las conductas de prevenci\u00f3n indicadas.<\/p>\n<p>El sistema alimentario es un circuito complejo que va desde el inicio de la producci\u00f3n hasta el consumo, y si en todos los eslabones se toman recaudos y se coordina de manera integral, es posible evitar la transmisi\u00f3n. Como en otros aspectos de la pandemia, es necesario el compromiso y la solidaridad de todas y todos.<\/p>\n<p>Para m\u00e1s informaci\u00f3n: COVID-19 e Inocuidad Alimentaria: Orientaci\u00f3n para empresas del sector alimentario.<\/p>\n","protected":false},"excerpt":{"rendered":"<p>Por Maureen Birmingham, m\u00e9dica, representante de la Organizaci\u00f3n Panamericana de la Salud\/Organizaci\u00f3n Mundial de la Salud en Argentina y Francisco Yofre, oficial de Programas de la Organizaci\u00f3n de las Naciones Unidas para la Alimentaci\u00f3n y la Agricultura. Para enfrentar la pandemia por COVID-19, es importante tener una mirada integral, que abarque todos los \u00e1mbitos y [&hellip;]<\/p>\n","protected":false},"author":3,"featured_media":0,"comment_status":"closed","ping_status":"open","sticky":false,"template":"","format":"standard","meta":{"footnotes":""},"categories":[30],"tags":[],"class_list":["post-41835","post","type-post","status-publish","format-standard","hentry","category-salud"],"yoast_head":"<!-- This site is optimized with the Yoast SEO plugin v25.9 - https:\/\/yoast.com\/wordpress\/plugins\/seo\/ -->\n<title>La protecci\u00f3n en las cadenas de alimentos ante la pandemia - Noticias Radio Reflejos<\/title>\n<meta name=\"robots\" content=\"index, follow, max-snippet:-1, max-image-preview:large, max-video-preview:-1\" \/>\n<link rel=\"canonical\" href=\"https:\/\/www.noticiasradioreflejos.com.ar\/2021\/la-proteccion-en-las-cadenas-de-alimentos-ante-la-pandemia\/\" \/>\n<meta property=\"og:locale\" content=\"es_ES\" \/>\n<meta property=\"og:type\" content=\"article\" \/>\n<meta property=\"og:title\" content=\"La protecci\u00f3n en las cadenas de alimentos ante la pandemia - Noticias Radio Reflejos\" \/>\n<meta property=\"og:description\" content=\"Por Maureen Birmingham, m\u00e9dica, representante de la Organizaci\u00f3n Panamericana de la Salud\/Organizaci\u00f3n Mundial de la Salud en Argentina y Francisco Yofre, oficial de Programas de la Organizaci\u00f3n de las Naciones Unidas para la Alimentaci\u00f3n y la Agricultura. Para enfrentar la pandemia por COVID-19, es importante tener una mirada integral, que abarque todos los \u00e1mbitos y [&hellip;]\" \/>\n<meta property=\"og:url\" content=\"https:\/\/www.noticiasradioreflejos.com.ar\/2021\/la-proteccion-en-las-cadenas-de-alimentos-ante-la-pandemia\/\" \/>\n<meta property=\"og:site_name\" content=\"Noticias Radio Reflejos\" \/>\n<meta property=\"article:published_time\" content=\"2020-05-12T18:32:57+00:00\" \/>\n<meta property=\"og:image\" content=\"https:\/\/www.noticiasradioreflejos.com.ar\/2021\/wp-content\/uploads\/2021\/07\/logosol300x200.png\" \/>\n\t<meta property=\"og:image:width\" content=\"300\" \/>\n\t<meta property=\"og:image:height\" content=\"200\" \/>\n\t<meta property=\"og:image:type\" content=\"image\/png\" \/>\n<meta name=\"author\" content=\"Arnaldo Botto\" \/>\n<meta name=\"twitter:card\" content=\"summary_large_image\" \/>\n<script type=\"application\/ld+json\" class=\"yoast-schema-graph\">{\"@context\":\"https:\/\/schema.org\",\"@graph\":[{\"@type\":\"WebPage\",\"@id\":\"https:\/\/www.noticiasradioreflejos.com.ar\/2021\/la-proteccion-en-las-cadenas-de-alimentos-ante-la-pandemia\/\",\"url\":\"https:\/\/www.noticiasradioreflejos.com.ar\/2021\/la-proteccion-en-las-cadenas-de-alimentos-ante-la-pandemia\/\",\"name\":\"La protecci\u00f3n en las cadenas de alimentos ante la pandemia - Noticias Radio Reflejos\",\"isPartOf\":{\"@id\":\"https:\/\/www.noticiasradioreflejos.com.ar\/2021\/#website\"},\"datePublished\":\"2020-05-12T18:32:57+00:00\",\"author\":{\"@id\":\"https:\/\/www.noticiasradioreflejos.com.ar\/2021\/#\/schema\/person\/ad82545263dcc5ec0996818884fd5fb1\"},\"breadcrumb\":{\"@id\":\"https:\/\/www.noticiasradioreflejos.com.ar\/2021\/la-proteccion-en-las-cadenas-de-alimentos-ante-la-pandemia\/#breadcrumb\"},\"inLanguage\":\"es\",\"potentialAction\":[{\"@type\":\"ReadAction\",\"target\":[\"https:\/\/www.noticiasradioreflejos.com.ar\/2021\/la-proteccion-en-las-cadenas-de-alimentos-ante-la-pandemia\/\"]}]},{\"@type\":\"BreadcrumbList\",\"@id\":\"https:\/\/www.noticiasradioreflejos.com.ar\/2021\/la-proteccion-en-las-cadenas-de-alimentos-ante-la-pandemia\/#breadcrumb\",\"itemListElement\":[{\"@type\":\"ListItem\",\"position\":1,\"name\":\"Portada\",\"item\":\"https:\/\/www.noticiasradioreflejos.com.ar\/2021\/\"},{\"@type\":\"ListItem\",\"position\":2,\"name\":\"La protecci\u00f3n en las cadenas de alimentos ante la pandemia\"}]},{\"@type\":\"WebSite\",\"@id\":\"https:\/\/www.noticiasradioreflejos.com.ar\/2021\/#website\",\"url\":\"https:\/\/www.noticiasradioreflejos.com.ar\/2021\/\",\"name\":\"Noticias Radio Reflejos\",\"description\":\"Las noticias de mi comarca\",\"potentialAction\":[{\"@type\":\"SearchAction\",\"target\":{\"@type\":\"EntryPoint\",\"urlTemplate\":\"https:\/\/www.noticiasradioreflejos.com.ar\/2021\/?s={search_term_string}\"},\"query-input\":{\"@type\":\"PropertyValueSpecification\",\"valueRequired\":true,\"valueName\":\"search_term_string\"}}],\"inLanguage\":\"es\"},{\"@type\":\"Person\",\"@id\":\"https:\/\/www.noticiasradioreflejos.com.ar\/2021\/#\/schema\/person\/ad82545263dcc5ec0996818884fd5fb1\",\"name\":\"Arnaldo Botto\",\"image\":{\"@type\":\"ImageObject\",\"inLanguage\":\"es\",\"@id\":\"https:\/\/www.noticiasradioreflejos.com.ar\/2021\/#\/schema\/person\/image\/\",\"url\":\"https:\/\/secure.gravatar.com\/avatar\/55cb5e37c1efa326397366e6974cb338056df65cb50e7d64d1cf314e87504837?s=96&d=mm&r=g\",\"contentUrl\":\"https:\/\/secure.gravatar.com\/avatar\/55cb5e37c1efa326397366e6974cb338056df65cb50e7d64d1cf314e87504837?s=96&d=mm&r=g\",\"caption\":\"Arnaldo Botto\"},\"url\":\"https:\/\/www.noticiasradioreflejos.com.ar\/2021\/author\/arnaldo\/\"}]}<\/script>\n<!-- \/ Yoast SEO plugin. -->","yoast_head_json":{"title":"La protecci\u00f3n en las cadenas de alimentos ante la pandemia - Noticias Radio Reflejos","robots":{"index":"index","follow":"follow","max-snippet":"max-snippet:-1","max-image-preview":"max-image-preview:large","max-video-preview":"max-video-preview:-1"},"canonical":"https:\/\/www.noticiasradioreflejos.com.ar\/2021\/la-proteccion-en-las-cadenas-de-alimentos-ante-la-pandemia\/","og_locale":"es_ES","og_type":"article","og_title":"La protecci\u00f3n en las cadenas de alimentos ante la pandemia - Noticias Radio Reflejos","og_description":"Por Maureen Birmingham, m\u00e9dica, representante de la Organizaci\u00f3n Panamericana de la Salud\/Organizaci\u00f3n Mundial de la Salud en Argentina y Francisco Yofre, oficial de Programas de la Organizaci\u00f3n de las Naciones Unidas para la Alimentaci\u00f3n y la Agricultura. Para enfrentar la pandemia por COVID-19, es importante tener una mirada integral, que abarque todos los \u00e1mbitos y [&hellip;]","og_url":"https:\/\/www.noticiasradioreflejos.com.ar\/2021\/la-proteccion-en-las-cadenas-de-alimentos-ante-la-pandemia\/","og_site_name":"Noticias Radio Reflejos","article_published_time":"2020-05-12T18:32:57+00:00","og_image":[{"width":300,"height":200,"url":"https:\/\/www.noticiasradioreflejos.com.ar\/2021\/wp-content\/uploads\/2021\/07\/logosol300x200.png","type":"image\/png"}],"author":"Arnaldo Botto","twitter_card":"summary_large_image","schema":{"@context":"https:\/\/schema.org","@graph":[{"@type":"WebPage","@id":"https:\/\/www.noticiasradioreflejos.com.ar\/2021\/la-proteccion-en-las-cadenas-de-alimentos-ante-la-pandemia\/","url":"https:\/\/www.noticiasradioreflejos.com.ar\/2021\/la-proteccion-en-las-cadenas-de-alimentos-ante-la-pandemia\/","name":"La protecci\u00f3n en las cadenas de alimentos ante la pandemia - Noticias Radio Reflejos","isPartOf":{"@id":"https:\/\/www.noticiasradioreflejos.com.ar\/2021\/#website"},"datePublished":"2020-05-12T18:32:57+00:00","author":{"@id":"https:\/\/www.noticiasradioreflejos.com.ar\/2021\/#\/schema\/person\/ad82545263dcc5ec0996818884fd5fb1"},"breadcrumb":{"@id":"https:\/\/www.noticiasradioreflejos.com.ar\/2021\/la-proteccion-en-las-cadenas-de-alimentos-ante-la-pandemia\/#breadcrumb"},"inLanguage":"es","potentialAction":[{"@type":"ReadAction","target":["https:\/\/www.noticiasradioreflejos.com.ar\/2021\/la-proteccion-en-las-cadenas-de-alimentos-ante-la-pandemia\/"]}]},{"@type":"BreadcrumbList","@id":"https:\/\/www.noticiasradioreflejos.com.ar\/2021\/la-proteccion-en-las-cadenas-de-alimentos-ante-la-pandemia\/#breadcrumb","itemListElement":[{"@type":"ListItem","position":1,"name":"Portada","item":"https:\/\/www.noticiasradioreflejos.com.ar\/2021\/"},{"@type":"ListItem","position":2,"name":"La protecci\u00f3n en las cadenas de alimentos ante la pandemia"}]},{"@type":"WebSite","@id":"https:\/\/www.noticiasradioreflejos.com.ar\/2021\/#website","url":"https:\/\/www.noticiasradioreflejos.com.ar\/2021\/","name":"Noticias Radio Reflejos","description":"Las noticias de mi comarca","potentialAction":[{"@type":"SearchAction","target":{"@type":"EntryPoint","urlTemplate":"https:\/\/www.noticiasradioreflejos.com.ar\/2021\/?s={search_term_string}"},"query-input":{"@type":"PropertyValueSpecification","valueRequired":true,"valueName":"search_term_string"}}],"inLanguage":"es"},{"@type":"Person","@id":"https:\/\/www.noticiasradioreflejos.com.ar\/2021\/#\/schema\/person\/ad82545263dcc5ec0996818884fd5fb1","name":"Arnaldo Botto","image":{"@type":"ImageObject","inLanguage":"es","@id":"https:\/\/www.noticiasradioreflejos.com.ar\/2021\/#\/schema\/person\/image\/","url":"https:\/\/secure.gravatar.com\/avatar\/55cb5e37c1efa326397366e6974cb338056df65cb50e7d64d1cf314e87504837?s=96&d=mm&r=g","contentUrl":"https:\/\/secure.gravatar.com\/avatar\/55cb5e37c1efa326397366e6974cb338056df65cb50e7d64d1cf314e87504837?s=96&d=mm&r=g","caption":"Arnaldo Botto"},"url":"https:\/\/www.noticiasradioreflejos.com.ar\/2021\/author\/arnaldo\/"}]}},"_links":{"self":[{"href":"https:\/\/www.noticiasradioreflejos.com.ar\/2021\/wp-json\/wp\/v2\/posts\/41835","targetHints":{"allow":["GET"]}}],"collection":[{"href":"https:\/\/www.noticiasradioreflejos.com.ar\/2021\/wp-json\/wp\/v2\/posts"}],"about":[{"href":"https:\/\/www.noticiasradioreflejos.com.ar\/2021\/wp-json\/wp\/v2\/types\/post"}],"author":[{"embeddable":true,"href":"https:\/\/www.noticiasradioreflejos.com.ar\/2021\/wp-json\/wp\/v2\/users\/3"}],"replies":[{"embeddable":true,"href":"https:\/\/www.noticiasradioreflejos.com.ar\/2021\/wp-json\/wp\/v2\/comments?post=41835"}],"version-history":[{"count":0,"href":"https:\/\/www.noticiasradioreflejos.com.ar\/2021\/wp-json\/wp\/v2\/posts\/41835\/revisions"}],"wp:attachment":[{"href":"https:\/\/www.noticiasradioreflejos.com.ar\/2021\/wp-json\/wp\/v2\/media?parent=41835"}],"wp:term":[{"taxonomy":"category","embeddable":true,"href":"https:\/\/www.noticiasradioreflejos.com.ar\/2021\/wp-json\/wp\/v2\/categories?post=41835"},{"taxonomy":"post_tag","embeddable":true,"href":"https:\/\/www.noticiasradioreflejos.com.ar\/2021\/wp-json\/wp\/v2\/tags?post=41835"}],"curies":[{"name":"wp","href":"https:\/\/api.w.org\/{rel}","templated":true}]}}