{"id":41832,"date":"2020-05-12T13:06:20","date_gmt":"2020-05-12T16:06:20","guid":{"rendered":"http:\/\/www.noticiasradioreflejos.com.ar\/noticias\/?p=41832"},"modified":"2020-05-12T13:06:20","modified_gmt":"2020-05-12T16:06:20","slug":"el-enargas-promueve-la-creacion-de-la-comision-de-usuarios-inquilinos-dentro-del-organismo","status":"publish","type":"post","link":"https:\/\/www.noticiasradioreflejos.com.ar\/2021\/el-enargas-promueve-la-creacion-de-la-comision-de-usuarios-inquilinos-dentro-del-organismo\/","title":{"rendered":"El Enargas promueve la creaci\u00f3n de la Comisi\u00f3n de Usuarios Inquilinos dentro del organismo"},"content":{"rendered":"<p>El Ente Nacional Regulador del Gas (Enargas) promovi\u00f3 la creaci\u00f3n de la Comisi\u00f3n de Usuarios Inquilinos, para que participe como un espacio de trabajo permanente en el \u00e1mbito del organismo. As\u00ed qued\u00f3 establecido tras una reuni\u00f3n virtual entre el interventor del Enargas, Federico Bernal, con integrantes de la Federaci\u00f3n Nacional de Inquilinos, el Observatorio del Derecho de la Ciudad y representantes de inquilinos de Buenos Aires, C\u00f3rdoba, San Juan y Santa Cruz.<!--more--><br \/>\n\u00abSe decidi\u00f3 la creaci\u00f3n de la Comisi\u00f3n de Usuarios Inquilinos, para que act\u00fae como una mesa de trabajo permanente en el \u00e1mbito del organismo\u00bb, inform\u00f3 el Enargas a trav\u00e9s de un comunicado.<\/p>\n<p>Bernal destac\u00f3 que \u201cel Ente sufri\u00f3 un enorme retroceso en estos \u00faltimos cuatro a\u00f1os y abandon\u00f3 el rol que le compete en cuanto a la protecci\u00f3n de los derechos de los usuarios y las usuarias. Sabemos que los inquilinos e inquilinas fueron ignorados\u00bb.<\/p>\n<p>En este sentido, a\u00f1adi\u00f3 que \u00ablos problemas y reclamos en materia de tarifa de gas no tuvieron respuesta alguna. Con la creaci\u00f3n de estas comisiones intentamos instrumentar una audiencia p\u00fablica permanente, es decir, que los usuarios y las usuarias de este servicio p\u00fablico est\u00e9n dentro del ente, planteando sus necesidades y propuestas\u201d.<\/p>\n<p>El primer paso de la Comisi\u00f3n consistir\u00e1 en el desarrollo de un Registro que incorpore a los inquilinos usuarios de gas, y que permita conocer sus perfiles de consumo y determinar su distribuci\u00f3n geogr\u00e1fica.<\/p>\n<p>La Comisi\u00f3n tratar\u00e1 las diversas problem\u00e1ticas del inquilino usuario, tales como la cuesti\u00f3n tarifaria y el acceso al servicio de gas, alcanzando tanto a aquel que posee un contrato de locaci\u00f3n urbana tradicional, como a quienes residen en un hotel familiar o en una pensi\u00f3n.<\/p>\n","protected":false},"excerpt":{"rendered":"<p>El Ente Nacional Regulador del Gas (Enargas) promovi\u00f3 la creaci\u00f3n de la Comisi\u00f3n de Usuarios Inquilinos, para que participe como un espacio de trabajo permanente en el \u00e1mbito del organismo. As\u00ed qued\u00f3 establecido tras una reuni\u00f3n virtual entre el interventor del Enargas, Federico Bernal, con integrantes de la Federaci\u00f3n Nacional de Inquilinos, el Observatorio del [&hellip;]<\/p>\n","protected":false},"author":3,"featured_media":0,"comment_status":"closed","ping_status":"open","sticky":false,"template":"","format":"standard","meta":{"footnotes":""},"categories":[26],"tags":[],"class_list":["post-41832","post","type-post","status-publish","format-standard","hentry","category-sociedad"],"yoast_head":"<!-- This site is optimized with the Yoast SEO plugin v25.9 - https:\/\/yoast.com\/wordpress\/plugins\/seo\/ -->\n<title>El Enargas promueve la creaci\u00f3n de la Comisi\u00f3n de Usuarios Inquilinos dentro del organismo - Noticias Radio Reflejos<\/title>\n<meta name=\"robots\" content=\"index, follow, max-snippet:-1, max-image-preview:large, max-video-preview:-1\" \/>\n<link rel=\"canonical\" href=\"https:\/\/www.noticiasradioreflejos.com.ar\/2021\/el-enargas-promueve-la-creacion-de-la-comision-de-usuarios-inquilinos-dentro-del-organismo\/\" \/>\n<meta property=\"og:locale\" content=\"es_ES\" \/>\n<meta property=\"og:type\" content=\"article\" \/>\n<meta property=\"og:title\" content=\"El Enargas promueve la creaci\u00f3n de la Comisi\u00f3n de Usuarios Inquilinos dentro del organismo - Noticias Radio Reflejos\" \/>\n<meta property=\"og:description\" content=\"El Ente Nacional Regulador del Gas (Enargas) promovi\u00f3 la creaci\u00f3n de la Comisi\u00f3n de Usuarios Inquilinos, para que participe como un espacio de trabajo permanente en el \u00e1mbito del organismo. As\u00ed qued\u00f3 establecido tras una reuni\u00f3n virtual entre el interventor del Enargas, Federico Bernal, con integrantes de la Federaci\u00f3n Nacional de Inquilinos, el Observatorio del [&hellip;]\" \/>\n<meta property=\"og:url\" content=\"https:\/\/www.noticiasradioreflejos.com.ar\/2021\/el-enargas-promueve-la-creacion-de-la-comision-de-usuarios-inquilinos-dentro-del-organismo\/\" \/>\n<meta property=\"og:site_name\" content=\"Noticias Radio Reflejos\" \/>\n<meta property=\"article:published_time\" content=\"2020-05-12T16:06:20+00:00\" \/>\n<meta property=\"og:image\" content=\"https:\/\/www.noticiasradioreflejos.com.ar\/2021\/wp-content\/uploads\/2021\/07\/logosol300x200.png\" \/>\n\t<meta property=\"og:image:width\" content=\"300\" \/>\n\t<meta property=\"og:image:height\" content=\"200\" \/>\n\t<meta property=\"og:image:type\" content=\"image\/png\" \/>\n<meta name=\"author\" content=\"Arnaldo Botto\" \/>\n<meta name=\"twitter:card\" content=\"summary_large_image\" \/>\n<script type=\"application\/ld+json\" class=\"yoast-schema-graph\">{\"@context\":\"https:\/\/schema.org\",\"@graph\":[{\"@type\":\"WebPage\",\"@id\":\"https:\/\/www.noticiasradioreflejos.com.ar\/2021\/el-enargas-promueve-la-creacion-de-la-comision-de-usuarios-inquilinos-dentro-del-organismo\/\",\"url\":\"https:\/\/www.noticiasradioreflejos.com.ar\/2021\/el-enargas-promueve-la-creacion-de-la-comision-de-usuarios-inquilinos-dentro-del-organismo\/\",\"name\":\"El Enargas promueve la creaci\u00f3n de la Comisi\u00f3n de Usuarios Inquilinos dentro del organismo - Noticias Radio Reflejos\",\"isPartOf\":{\"@id\":\"https:\/\/www.noticiasradioreflejos.com.ar\/2021\/#website\"},\"datePublished\":\"2020-05-12T16:06:20+00:00\",\"author\":{\"@id\":\"https:\/\/www.noticiasradioreflejos.com.ar\/2021\/#\/schema\/person\/ad82545263dcc5ec0996818884fd5fb1\"},\"breadcrumb\":{\"@id\":\"https:\/\/www.noticiasradioreflejos.com.ar\/2021\/el-enargas-promueve-la-creacion-de-la-comision-de-usuarios-inquilinos-dentro-del-organismo\/#breadcrumb\"},\"inLanguage\":\"es\",\"potentialAction\":[{\"@type\":\"ReadAction\",\"target\":[\"https:\/\/www.noticiasradioreflejos.com.ar\/2021\/el-enargas-promueve-la-creacion-de-la-comision-de-usuarios-inquilinos-dentro-del-organismo\/\"]}]},{\"@type\":\"BreadcrumbList\",\"@id\":\"https:\/\/www.noticiasradioreflejos.com.ar\/2021\/el-enargas-promueve-la-creacion-de-la-comision-de-usuarios-inquilinos-dentro-del-organismo\/#breadcrumb\",\"itemListElement\":[{\"@type\":\"ListItem\",\"position\":1,\"name\":\"Portada\",\"item\":\"https:\/\/www.noticiasradioreflejos.com.ar\/2021\/\"},{\"@type\":\"ListItem\",\"position\":2,\"name\":\"El Enargas promueve la creaci\u00f3n de la Comisi\u00f3n de Usuarios Inquilinos dentro del organismo\"}]},{\"@type\":\"WebSite\",\"@id\":\"https:\/\/www.noticiasradioreflejos.com.ar\/2021\/#website\",\"url\":\"https:\/\/www.noticiasradioreflejos.com.ar\/2021\/\",\"name\":\"Noticias Radio Reflejos\",\"description\":\"Las noticias de mi comarca\",\"potentialAction\":[{\"@type\":\"SearchAction\",\"target\":{\"@type\":\"EntryPoint\",\"urlTemplate\":\"https:\/\/www.noticiasradioreflejos.com.ar\/2021\/?s={search_term_string}\"},\"query-input\":{\"@type\":\"PropertyValueSpecification\",\"valueRequired\":true,\"valueName\":\"search_term_string\"}}],\"inLanguage\":\"es\"},{\"@type\":\"Person\",\"@id\":\"https:\/\/www.noticiasradioreflejos.com.ar\/2021\/#\/schema\/person\/ad82545263dcc5ec0996818884fd5fb1\",\"name\":\"Arnaldo Botto\",\"image\":{\"@type\":\"ImageObject\",\"inLanguage\":\"es\",\"@id\":\"https:\/\/www.noticiasradioreflejos.com.ar\/2021\/#\/schema\/person\/image\/\",\"url\":\"https:\/\/secure.gravatar.com\/avatar\/55cb5e37c1efa326397366e6974cb338056df65cb50e7d64d1cf314e87504837?s=96&d=mm&r=g\",\"contentUrl\":\"https:\/\/secure.gravatar.com\/avatar\/55cb5e37c1efa326397366e6974cb338056df65cb50e7d64d1cf314e87504837?s=96&d=mm&r=g\",\"caption\":\"Arnaldo Botto\"},\"url\":\"https:\/\/www.noticiasradioreflejos.com.ar\/2021\/author\/arnaldo\/\"}]}<\/script>\n<!-- \/ Yoast SEO plugin. -->","yoast_head_json":{"title":"El Enargas promueve la creaci\u00f3n de la Comisi\u00f3n de Usuarios Inquilinos dentro del organismo - Noticias Radio Reflejos","robots":{"index":"index","follow":"follow","max-snippet":"max-snippet:-1","max-image-preview":"max-image-preview:large","max-video-preview":"max-video-preview:-1"},"canonical":"https:\/\/www.noticiasradioreflejos.com.ar\/2021\/el-enargas-promueve-la-creacion-de-la-comision-de-usuarios-inquilinos-dentro-del-organismo\/","og_locale":"es_ES","og_type":"article","og_title":"El Enargas promueve la creaci\u00f3n de la Comisi\u00f3n de Usuarios Inquilinos dentro del organismo - Noticias Radio Reflejos","og_description":"El Ente Nacional Regulador del Gas (Enargas) promovi\u00f3 la creaci\u00f3n de la Comisi\u00f3n de Usuarios Inquilinos, para que participe como un espacio de trabajo permanente en el \u00e1mbito del organismo. As\u00ed qued\u00f3 establecido tras una reuni\u00f3n virtual entre el interventor del Enargas, Federico Bernal, con integrantes de la Federaci\u00f3n Nacional de Inquilinos, el Observatorio del [&hellip;]","og_url":"https:\/\/www.noticiasradioreflejos.com.ar\/2021\/el-enargas-promueve-la-creacion-de-la-comision-de-usuarios-inquilinos-dentro-del-organismo\/","og_site_name":"Noticias Radio Reflejos","article_published_time":"2020-05-12T16:06:20+00:00","og_image":[{"width":300,"height":200,"url":"https:\/\/www.noticiasradioreflejos.com.ar\/2021\/wp-content\/uploads\/2021\/07\/logosol300x200.png","type":"image\/png"}],"author":"Arnaldo Botto","twitter_card":"summary_large_image","schema":{"@context":"https:\/\/schema.org","@graph":[{"@type":"WebPage","@id":"https:\/\/www.noticiasradioreflejos.com.ar\/2021\/el-enargas-promueve-la-creacion-de-la-comision-de-usuarios-inquilinos-dentro-del-organismo\/","url":"https:\/\/www.noticiasradioreflejos.com.ar\/2021\/el-enargas-promueve-la-creacion-de-la-comision-de-usuarios-inquilinos-dentro-del-organismo\/","name":"El Enargas promueve la creaci\u00f3n de la Comisi\u00f3n de Usuarios Inquilinos dentro del organismo - Noticias Radio Reflejos","isPartOf":{"@id":"https:\/\/www.noticiasradioreflejos.com.ar\/2021\/#website"},"datePublished":"2020-05-12T16:06:20+00:00","author":{"@id":"https:\/\/www.noticiasradioreflejos.com.ar\/2021\/#\/schema\/person\/ad82545263dcc5ec0996818884fd5fb1"},"breadcrumb":{"@id":"https:\/\/www.noticiasradioreflejos.com.ar\/2021\/el-enargas-promueve-la-creacion-de-la-comision-de-usuarios-inquilinos-dentro-del-organismo\/#breadcrumb"},"inLanguage":"es","potentialAction":[{"@type":"ReadAction","target":["https:\/\/www.noticiasradioreflejos.com.ar\/2021\/el-enargas-promueve-la-creacion-de-la-comision-de-usuarios-inquilinos-dentro-del-organismo\/"]}]},{"@type":"BreadcrumbList","@id":"https:\/\/www.noticiasradioreflejos.com.ar\/2021\/el-enargas-promueve-la-creacion-de-la-comision-de-usuarios-inquilinos-dentro-del-organismo\/#breadcrumb","itemListElement":[{"@type":"ListItem","position":1,"name":"Portada","item":"https:\/\/www.noticiasradioreflejos.com.ar\/2021\/"},{"@type":"ListItem","position":2,"name":"El Enargas promueve la creaci\u00f3n de la Comisi\u00f3n de Usuarios Inquilinos dentro del organismo"}]},{"@type":"WebSite","@id":"https:\/\/www.noticiasradioreflejos.com.ar\/2021\/#website","url":"https:\/\/www.noticiasradioreflejos.com.ar\/2021\/","name":"Noticias Radio Reflejos","description":"Las noticias de mi comarca","potentialAction":[{"@type":"SearchAction","target":{"@type":"EntryPoint","urlTemplate":"https:\/\/www.noticiasradioreflejos.com.ar\/2021\/?s={search_term_string}"},"query-input":{"@type":"PropertyValueSpecification","valueRequired":true,"valueName":"search_term_string"}}],"inLanguage":"es"},{"@type":"Person","@id":"https:\/\/www.noticiasradioreflejos.com.ar\/2021\/#\/schema\/person\/ad82545263dcc5ec0996818884fd5fb1","name":"Arnaldo Botto","image":{"@type":"ImageObject","inLanguage":"es","@id":"https:\/\/www.noticiasradioreflejos.com.ar\/2021\/#\/schema\/person\/image\/","url":"https:\/\/secure.gravatar.com\/avatar\/55cb5e37c1efa326397366e6974cb338056df65cb50e7d64d1cf314e87504837?s=96&d=mm&r=g","contentUrl":"https:\/\/secure.gravatar.com\/avatar\/55cb5e37c1efa326397366e6974cb338056df65cb50e7d64d1cf314e87504837?s=96&d=mm&r=g","caption":"Arnaldo Botto"},"url":"https:\/\/www.noticiasradioreflejos.com.ar\/2021\/author\/arnaldo\/"}]}},"_links":{"self":[{"href":"https:\/\/www.noticiasradioreflejos.com.ar\/2021\/wp-json\/wp\/v2\/posts\/41832","targetHints":{"allow":["GET"]}}],"collection":[{"href":"https:\/\/www.noticiasradioreflejos.com.ar\/2021\/wp-json\/wp\/v2\/posts"}],"about":[{"href":"https:\/\/www.noticiasradioreflejos.com.ar\/2021\/wp-json\/wp\/v2\/types\/post"}],"author":[{"embeddable":true,"href":"https:\/\/www.noticiasradioreflejos.com.ar\/2021\/wp-json\/wp\/v2\/users\/3"}],"replies":[{"embeddable":true,"href":"https:\/\/www.noticiasradioreflejos.com.ar\/2021\/wp-json\/wp\/v2\/comments?post=41832"}],"version-history":[{"count":0,"href":"https:\/\/www.noticiasradioreflejos.com.ar\/2021\/wp-json\/wp\/v2\/posts\/41832\/revisions"}],"wp:attachment":[{"href":"https:\/\/www.noticiasradioreflejos.com.ar\/2021\/wp-json\/wp\/v2\/media?parent=41832"}],"wp:term":[{"taxonomy":"category","embeddable":true,"href":"https:\/\/www.noticiasradioreflejos.com.ar\/2021\/wp-json\/wp\/v2\/categories?post=41832"},{"taxonomy":"post_tag","embeddable":true,"href":"https:\/\/www.noticiasradioreflejos.com.ar\/2021\/wp-json\/wp\/v2\/tags?post=41832"}],"curies":[{"name":"wp","href":"https:\/\/api.w.org\/{rel}","templated":true}]}}