{"id":41829,"date":"2020-05-12T13:02:07","date_gmt":"2020-05-12T16:02:07","guid":{"rendered":"http:\/\/www.noticiasradioreflejos.com.ar\/noticias\/?p=41829"},"modified":"2020-05-12T13:02:07","modified_gmt":"2020-05-12T16:02:07","slug":"presentan-protocolos-globales-para-reactivar-el-sector-turistico","status":"publish","type":"post","link":"https:\/\/www.noticiasradioreflejos.com.ar\/2021\/presentan-protocolos-globales-para-reactivar-el-sector-turistico\/","title":{"rendered":"Presentan protocolos globales para reactivar el sector tur\u00edstico"},"content":{"rendered":"<p>El Consejo Mundial de Viajes y Turismo (WTTC) present\u00f3 hoy los protocolos globales para reactivar el sector tur\u00edstico y que permitan generar confianza entre los consumidores, para viajar de forma segura una vez superada la fase cr\u00edtica de la pandemia de Covid-19. Las medidas fueron dise\u00f1adas por los representantes de la industria tur\u00edstica global basados en evidencia m\u00e9dica y de acuerdo a las normas establecidas por la Organizaci\u00f3n Mundial de la Salud (OMS) y de los Centros para la Prevenci\u00f3n de Enfermedades (CDC).<!--more--><\/p>\n<p>Adem\u00e1s, fueron realizados en consulta con los miembros del WTTC y con organismos como el Consejo Internacional de Aeropuertos (ACI), la Asociaci\u00f3n Internacional de Cruceros (CLIA) y la Asociaci\u00f3n Internacional de Transporte A\u00e9reo (IATA).<\/p>\n<p>Buscan homologar criterios y brindar orientaci\u00f3n sanitaria a los proveedores, operadores de viajes y a los turistas, sobre el nuevo enfoque de salud e higiene en el mundo,destacaron desde el organismos internacional.<\/p>\n<p>\u00abLos protocolos reflejan el nuevo rostro del turismo y buscan la pronta reactivaci\u00f3n del sector, la recuperaci\u00f3n de los empleos y resarcir las enormes p\u00e9rdidas financieras que dej\u00f3 la ca\u00edda del turismo por la pandemia\u00bb, dijo en un comunicado la presidenta de la WTTC, Gloria Guevara.<\/p>\n<p>\u00abEs fundamental que haya coordinaci\u00f3n en el sector y que se implementen medidas globales para regresar la confianza del consumidor, y que sean adoptadas por los gobiernos y el sector privado\u00bb, refiri\u00f3.<\/p>\n<p>Resalt\u00f3 que el eje de estas acciones es la salud de los viajeros y de los prestadores de servicios tur\u00edsticos, y aplicar\u00e1n en la industria de la hospitalidad, la aviaci\u00f3n, terminales a\u00e9reas, operadores de cruceros, comercio minorista, transporte y operadores tur\u00edsticos, entre muchos otros.<\/p>\n<p>Las medidas anunciadas incluyen protocolos de hoteles, que implican procesos de limpieza profunda y lavado de manos entre el personal y los invitados; desinfecci\u00f3n de las tarjetas de las habitaciones y fomento de pago electr\u00f3nico; desinfectantes para manos a base de alcohol en cada piso, entradas y salidas.<\/p>\n<p>Tambi\u00e9n, la desinfecci\u00f3n de controles de TV, interruptores de luz, termostatos y manijas de puertas; limpieza y reducida capacidad en elevadores, as\u00ed como fomentar el uso de escaleras; y de ser posible, entrega de desayunos en la habitaci\u00f3n.; mientras que los buffets deben garantizar que los hu\u00e9spedes no manipulen alimentos.<\/p>\n<p>Para establecimientos comerciales establecen una limpieza profunda y distanciamiento social con marcadores visuales especiales; uso de m\u00e1scaras faciales y, de ser posible, escaneo t\u00e9rmico; fomento de mapas digitales, gesti\u00f3n de filas, men\u00fas electr\u00f3nicos y compras virtuales; y la promoci\u00f3n de pagos sin contacto, recibos por correo electr\u00f3nico y WIFI gratuito.<\/p>\n<p>Asimismo, desinfectante de manos en las entradas y salidas de las tiendas, ba\u00f1os y otros puntos; gesti\u00f3n de asientos y filas de acuerdo con los requisitos de distanciamiento social; y l\u00edmites de capacidad en estacionamientos, para evitar el hacinamiento.<\/p>\n<p>Durante las pr\u00f3ximas semanas se anunciar\u00e1n protocolos para el resto de las industrias, incluyendo aviaci\u00f3n y cruceros, entre otras, que considerar\u00e1n protocolos de distanciamiento, mayores procesos de desinfecci\u00f3n, sanitizaci\u00f3n y limpieza, adem\u00e1s del uso de la tecnolog\u00eda en algunos puntos para reducir el contacto humano.<\/p>\n<p><strong>Foto de portada de Juanjo Navarro<\/strong><\/p>\n","protected":false},"excerpt":{"rendered":"<p>El Consejo Mundial de Viajes y Turismo (WTTC) present\u00f3 hoy los protocolos globales para reactivar el sector tur\u00edstico y que permitan generar confianza entre los consumidores, para viajar de forma segura una vez superada la fase cr\u00edtica de la pandemia de Covid-19. Las medidas fueron dise\u00f1adas por los representantes de la industria tur\u00edstica global basados [&hellip;]<\/p>\n","protected":false},"author":3,"featured_media":0,"comment_status":"closed","ping_status":"open","sticky":false,"template":"","format":"standard","meta":{"footnotes":""},"categories":[33],"tags":[],"class_list":["post-41829","post","type-post","status-publish","format-standard","hentry","category-turismo"],"yoast_head":"<!-- This site is optimized with the Yoast SEO plugin v25.9 - https:\/\/yoast.com\/wordpress\/plugins\/seo\/ -->\n<title>Presentan protocolos globales para reactivar el sector tur\u00edstico - Noticias Radio Reflejos<\/title>\n<meta name=\"robots\" content=\"index, follow, max-snippet:-1, max-image-preview:large, max-video-preview:-1\" \/>\n<link rel=\"canonical\" href=\"https:\/\/www.noticiasradioreflejos.com.ar\/2021\/presentan-protocolos-globales-para-reactivar-el-sector-turistico\/\" \/>\n<meta property=\"og:locale\" content=\"es_ES\" \/>\n<meta property=\"og:type\" content=\"article\" \/>\n<meta property=\"og:title\" content=\"Presentan protocolos globales para reactivar el sector tur\u00edstico - Noticias Radio Reflejos\" \/>\n<meta property=\"og:description\" content=\"El Consejo Mundial de Viajes y Turismo (WTTC) present\u00f3 hoy los protocolos globales para reactivar el sector tur\u00edstico y que permitan generar confianza entre los consumidores, para viajar de forma segura una vez superada la fase cr\u00edtica de la pandemia de Covid-19. Las medidas fueron dise\u00f1adas por los representantes de la industria tur\u00edstica global basados [&hellip;]\" \/>\n<meta property=\"og:url\" content=\"https:\/\/www.noticiasradioreflejos.com.ar\/2021\/presentan-protocolos-globales-para-reactivar-el-sector-turistico\/\" \/>\n<meta property=\"og:site_name\" content=\"Noticias Radio Reflejos\" \/>\n<meta property=\"article:published_time\" content=\"2020-05-12T16:02:07+00:00\" \/>\n<meta property=\"og:image\" content=\"https:\/\/www.noticiasradioreflejos.com.ar\/2021\/wp-content\/uploads\/2021\/07\/logosol300x200.png\" \/>\n\t<meta property=\"og:image:width\" content=\"300\" \/>\n\t<meta property=\"og:image:height\" content=\"200\" \/>\n\t<meta property=\"og:image:type\" content=\"image\/png\" \/>\n<meta name=\"author\" content=\"Arnaldo Botto\" \/>\n<meta name=\"twitter:card\" content=\"summary_large_image\" \/>\n<script type=\"application\/ld+json\" class=\"yoast-schema-graph\">{\"@context\":\"https:\/\/schema.org\",\"@graph\":[{\"@type\":\"WebPage\",\"@id\":\"https:\/\/www.noticiasradioreflejos.com.ar\/2021\/presentan-protocolos-globales-para-reactivar-el-sector-turistico\/\",\"url\":\"https:\/\/www.noticiasradioreflejos.com.ar\/2021\/presentan-protocolos-globales-para-reactivar-el-sector-turistico\/\",\"name\":\"Presentan protocolos globales para reactivar el sector tur\u00edstico - Noticias Radio Reflejos\",\"isPartOf\":{\"@id\":\"https:\/\/www.noticiasradioreflejos.com.ar\/2021\/#website\"},\"datePublished\":\"2020-05-12T16:02:07+00:00\",\"author\":{\"@id\":\"https:\/\/www.noticiasradioreflejos.com.ar\/2021\/#\/schema\/person\/ad82545263dcc5ec0996818884fd5fb1\"},\"breadcrumb\":{\"@id\":\"https:\/\/www.noticiasradioreflejos.com.ar\/2021\/presentan-protocolos-globales-para-reactivar-el-sector-turistico\/#breadcrumb\"},\"inLanguage\":\"es\",\"potentialAction\":[{\"@type\":\"ReadAction\",\"target\":[\"https:\/\/www.noticiasradioreflejos.com.ar\/2021\/presentan-protocolos-globales-para-reactivar-el-sector-turistico\/\"]}]},{\"@type\":\"BreadcrumbList\",\"@id\":\"https:\/\/www.noticiasradioreflejos.com.ar\/2021\/presentan-protocolos-globales-para-reactivar-el-sector-turistico\/#breadcrumb\",\"itemListElement\":[{\"@type\":\"ListItem\",\"position\":1,\"name\":\"Portada\",\"item\":\"https:\/\/www.noticiasradioreflejos.com.ar\/2021\/\"},{\"@type\":\"ListItem\",\"position\":2,\"name\":\"Presentan protocolos globales para reactivar el sector tur\u00edstico\"}]},{\"@type\":\"WebSite\",\"@id\":\"https:\/\/www.noticiasradioreflejos.com.ar\/2021\/#website\",\"url\":\"https:\/\/www.noticiasradioreflejos.com.ar\/2021\/\",\"name\":\"Noticias Radio Reflejos\",\"description\":\"Las noticias de mi comarca\",\"potentialAction\":[{\"@type\":\"SearchAction\",\"target\":{\"@type\":\"EntryPoint\",\"urlTemplate\":\"https:\/\/www.noticiasradioreflejos.com.ar\/2021\/?s={search_term_string}\"},\"query-input\":{\"@type\":\"PropertyValueSpecification\",\"valueRequired\":true,\"valueName\":\"search_term_string\"}}],\"inLanguage\":\"es\"},{\"@type\":\"Person\",\"@id\":\"https:\/\/www.noticiasradioreflejos.com.ar\/2021\/#\/schema\/person\/ad82545263dcc5ec0996818884fd5fb1\",\"name\":\"Arnaldo Botto\",\"image\":{\"@type\":\"ImageObject\",\"inLanguage\":\"es\",\"@id\":\"https:\/\/www.noticiasradioreflejos.com.ar\/2021\/#\/schema\/person\/image\/\",\"url\":\"https:\/\/secure.gravatar.com\/avatar\/55cb5e37c1efa326397366e6974cb338056df65cb50e7d64d1cf314e87504837?s=96&d=mm&r=g\",\"contentUrl\":\"https:\/\/secure.gravatar.com\/avatar\/55cb5e37c1efa326397366e6974cb338056df65cb50e7d64d1cf314e87504837?s=96&d=mm&r=g\",\"caption\":\"Arnaldo Botto\"},\"url\":\"https:\/\/www.noticiasradioreflejos.com.ar\/2021\/author\/arnaldo\/\"}]}<\/script>\n<!-- \/ Yoast SEO plugin. -->","yoast_head_json":{"title":"Presentan protocolos globales para reactivar el sector tur\u00edstico - Noticias Radio Reflejos","robots":{"index":"index","follow":"follow","max-snippet":"max-snippet:-1","max-image-preview":"max-image-preview:large","max-video-preview":"max-video-preview:-1"},"canonical":"https:\/\/www.noticiasradioreflejos.com.ar\/2021\/presentan-protocolos-globales-para-reactivar-el-sector-turistico\/","og_locale":"es_ES","og_type":"article","og_title":"Presentan protocolos globales para reactivar el sector tur\u00edstico - Noticias Radio Reflejos","og_description":"El Consejo Mundial de Viajes y Turismo (WTTC) present\u00f3 hoy los protocolos globales para reactivar el sector tur\u00edstico y que permitan generar confianza entre los consumidores, para viajar de forma segura una vez superada la fase cr\u00edtica de la pandemia de Covid-19. Las medidas fueron dise\u00f1adas por los representantes de la industria tur\u00edstica global basados [&hellip;]","og_url":"https:\/\/www.noticiasradioreflejos.com.ar\/2021\/presentan-protocolos-globales-para-reactivar-el-sector-turistico\/","og_site_name":"Noticias Radio Reflejos","article_published_time":"2020-05-12T16:02:07+00:00","og_image":[{"width":300,"height":200,"url":"https:\/\/www.noticiasradioreflejos.com.ar\/2021\/wp-content\/uploads\/2021\/07\/logosol300x200.png","type":"image\/png"}],"author":"Arnaldo Botto","twitter_card":"summary_large_image","schema":{"@context":"https:\/\/schema.org","@graph":[{"@type":"WebPage","@id":"https:\/\/www.noticiasradioreflejos.com.ar\/2021\/presentan-protocolos-globales-para-reactivar-el-sector-turistico\/","url":"https:\/\/www.noticiasradioreflejos.com.ar\/2021\/presentan-protocolos-globales-para-reactivar-el-sector-turistico\/","name":"Presentan protocolos globales para reactivar el sector tur\u00edstico - Noticias Radio Reflejos","isPartOf":{"@id":"https:\/\/www.noticiasradioreflejos.com.ar\/2021\/#website"},"datePublished":"2020-05-12T16:02:07+00:00","author":{"@id":"https:\/\/www.noticiasradioreflejos.com.ar\/2021\/#\/schema\/person\/ad82545263dcc5ec0996818884fd5fb1"},"breadcrumb":{"@id":"https:\/\/www.noticiasradioreflejos.com.ar\/2021\/presentan-protocolos-globales-para-reactivar-el-sector-turistico\/#breadcrumb"},"inLanguage":"es","potentialAction":[{"@type":"ReadAction","target":["https:\/\/www.noticiasradioreflejos.com.ar\/2021\/presentan-protocolos-globales-para-reactivar-el-sector-turistico\/"]}]},{"@type":"BreadcrumbList","@id":"https:\/\/www.noticiasradioreflejos.com.ar\/2021\/presentan-protocolos-globales-para-reactivar-el-sector-turistico\/#breadcrumb","itemListElement":[{"@type":"ListItem","position":1,"name":"Portada","item":"https:\/\/www.noticiasradioreflejos.com.ar\/2021\/"},{"@type":"ListItem","position":2,"name":"Presentan protocolos globales para reactivar el sector tur\u00edstico"}]},{"@type":"WebSite","@id":"https:\/\/www.noticiasradioreflejos.com.ar\/2021\/#website","url":"https:\/\/www.noticiasradioreflejos.com.ar\/2021\/","name":"Noticias Radio Reflejos","description":"Las noticias de mi comarca","potentialAction":[{"@type":"SearchAction","target":{"@type":"EntryPoint","urlTemplate":"https:\/\/www.noticiasradioreflejos.com.ar\/2021\/?s={search_term_string}"},"query-input":{"@type":"PropertyValueSpecification","valueRequired":true,"valueName":"search_term_string"}}],"inLanguage":"es"},{"@type":"Person","@id":"https:\/\/www.noticiasradioreflejos.com.ar\/2021\/#\/schema\/person\/ad82545263dcc5ec0996818884fd5fb1","name":"Arnaldo Botto","image":{"@type":"ImageObject","inLanguage":"es","@id":"https:\/\/www.noticiasradioreflejos.com.ar\/2021\/#\/schema\/person\/image\/","url":"https:\/\/secure.gravatar.com\/avatar\/55cb5e37c1efa326397366e6974cb338056df65cb50e7d64d1cf314e87504837?s=96&d=mm&r=g","contentUrl":"https:\/\/secure.gravatar.com\/avatar\/55cb5e37c1efa326397366e6974cb338056df65cb50e7d64d1cf314e87504837?s=96&d=mm&r=g","caption":"Arnaldo Botto"},"url":"https:\/\/www.noticiasradioreflejos.com.ar\/2021\/author\/arnaldo\/"}]}},"_links":{"self":[{"href":"https:\/\/www.noticiasradioreflejos.com.ar\/2021\/wp-json\/wp\/v2\/posts\/41829","targetHints":{"allow":["GET"]}}],"collection":[{"href":"https:\/\/www.noticiasradioreflejos.com.ar\/2021\/wp-json\/wp\/v2\/posts"}],"about":[{"href":"https:\/\/www.noticiasradioreflejos.com.ar\/2021\/wp-json\/wp\/v2\/types\/post"}],"author":[{"embeddable":true,"href":"https:\/\/www.noticiasradioreflejos.com.ar\/2021\/wp-json\/wp\/v2\/users\/3"}],"replies":[{"embeddable":true,"href":"https:\/\/www.noticiasradioreflejos.com.ar\/2021\/wp-json\/wp\/v2\/comments?post=41829"}],"version-history":[{"count":0,"href":"https:\/\/www.noticiasradioreflejos.com.ar\/2021\/wp-json\/wp\/v2\/posts\/41829\/revisions"}],"wp:attachment":[{"href":"https:\/\/www.noticiasradioreflejos.com.ar\/2021\/wp-json\/wp\/v2\/media?parent=41829"}],"wp:term":[{"taxonomy":"category","embeddable":true,"href":"https:\/\/www.noticiasradioreflejos.com.ar\/2021\/wp-json\/wp\/v2\/categories?post=41829"},{"taxonomy":"post_tag","embeddable":true,"href":"https:\/\/www.noticiasradioreflejos.com.ar\/2021\/wp-json\/wp\/v2\/tags?post=41829"}],"curies":[{"name":"wp","href":"https:\/\/api.w.org\/{rel}","templated":true}]}}