{"id":41822,"date":"2020-05-12T18:50:19","date_gmt":"2020-05-12T21:50:19","guid":{"rendered":"http:\/\/www.noticiasradioreflejos.com.ar\/noticias\/?p=41822"},"modified":"2020-05-12T18:50:19","modified_gmt":"2020-05-12T21:50:19","slug":"la-situacion-de-los-guias-turisticos-en-la-comarca","status":"publish","type":"post","link":"https:\/\/www.noticiasradioreflejos.com.ar\/2021\/la-situacion-de-los-guias-turisticos-en-la-comarca\/","title":{"rendered":"La situaci\u00f3n de los Gu\u00edas Tur\u00edsticos en la Comarca. \u00abDentro de lo malo, nosotros vamos a estar totalmente privilegiados\u00bb &#8211; Juanjo Navarro."},"content":{"rendered":"<p><a title=\"WhatsApp Image 2020-05-12 at 11.02.52\" href=\"http:\/\/live.staticflickr.com\/65535\/49887265807_4ab7f7c8df_s.jpg\" rel=\"\"><img loading=\"lazy\" decoding=\"async\" class=\"alignleft\" style=\"float: left;\" title=\"WhatsApp Image 2020-05-12 at 11.02.52\" src=\"http:\/\/live.staticflickr.com\/65535\/49887265807_4ab7f7c8df.jpg\" alt=\"WhatsApp Image 2020-05-12 at 11.02.52\" width=\"500\" height=\"333\" \/><\/a><strong>\u00abJuanjo Navarro turismo de naturaleza\u00bb<\/strong>, es la agencia que fund\u00f3 y administra nuestro invitado de hoy.<br \/>\nNavarro analiza la situaci\u00f3n actual con una visi\u00f3n positiva sobre el futuro del Turismo y la Actividad de los gu\u00edas para el despu\u00e9s de la pandemia, asegurando que se viene un turismo m\u00e1s selectivo a la regi\u00f3n.<!--more--><\/p>\n<p>\u00abCada vez m\u00e1s, el turismo es uno de los motores m\u00e1s importantes que tiene el pa\u00eds con una proyecci\u00f3n muy importante, ya que tiene conexi\u00f3n con un mont\u00f3n de actividades m\u00e1s que trabajan paralelamente. No est\u00e1bamos preparados para este tipo de eventos\u00bb comenz\u00f3 expres\u00e1ndose Juanjo refiri\u00e9ndose a la situaci\u00f3n actual de cuarentena obligatoria que condiciona y paraliza a muchos rubros, entre ellos, el turismo. Nos coment\u00f3 que cerraron moment\u00e1neamente su local ya hace dos meses. \u00abVamos para adelante, hay que aguantarla\u00bb dijo esperanzadamente. Juanjo sostiene que hay que aprovechar este tiempo para prepararse porque Sierra de la Ventana y sus alrededores van a ser muy requeridos a nivel nacional luego de que todo esto pase, \u00abdentro de lo malo, nosotros vamos a estar totalmente privilegiados\u00bb.<br \/>\nHablamos sobre la situaci\u00f3n de los gu\u00edas tur\u00edsticos en la comarca y le preguntamos a Juanjo qu\u00e9 tipo de ayudas recibieron de parte del Gobierno a nivel Estatal. \u00abNuestro sector, el de los que no tenemos empleados, recibimos el cr\u00e9dito a taza 0. Pero es una ayuda puntual para un momento que no alcanza, porque la estructura que tenemos es dif\u00edcil de sostener\u00bb se refiri\u00f3 Juanjo a todos sus gastos fijos que deben afrontar, como alquiler, camionetas, seguros, etc. Afirma que el \u00abmientras tanto\u00bb se vuelve dif\u00edcil a pesar de que tenga una visi\u00f3n positiva sobre la situaci\u00f3n actual.<br \/>\nAdem\u00e1s, Juanjo nos inform\u00f3 sobre la situaci\u00f3n del Parque Provincial, el eje atractivo de actividades de la Comarca Serrana. Nos coment\u00f3 que el mismo esta presionado al ser el \u00fanico lugar donde se pueden realizar ciertas actividades, \u00abestar\u00eda bueno que los campos abran\u00bb. Sostiene que no cree que el Parque pueda abrir sus puertas pronto.<br \/>\nEl turismo que se viene, va a ser un turismo no masivo, es decir, que distintas actividades se van a poder realizar pero siempre con esta idea de mantener a la gente distanciada. Juanjo cree que esta es una buena oportunidad para desarrollar el turismo rural de calidad en la Comarca con el fin de atender a esta necesidad de \u00abTurismo No Masivo\u00bb, o de pocos pasajeros. \u00abQu\u00e9 tipo de turismo queremos en la comarca?\u00bb ser\u00eda la pregunta disparadora que \u00e9l propone para direccionar las actividades.<br \/>\nNos comunic\u00f3 que est\u00e1n en contacto permanente con la Secretar\u00eda de Turismo mediante reuniones continuas por distintas plataformas, es decir, que no porque el Turismo est\u00e9 estancado gracias a la cuarentena, ellos han dejado de trabajar.<br \/>\nPara cerrar, le pedimos a Juanjo algunas palabras de aliento, aprovechando su optimismo. \u00abTenemos que ser inteligentes para saber aprovechar esta situaci\u00f3n, nuestra tierra es muy rica, \u00fanica en la Provincia de Buenos Aires y con un gran potencial. Hoy no tenemos dudas del valor que tenemos, \u00a1a trabajar!\u00bb.<\/p>\n<p>&nbsp;<\/p>\n<p><iframe loading=\"lazy\" src=\"https:\/\/w.soundcloud.com\/player\/?url=https%3A\/\/api.soundcloud.com\/tracks\/818931556&amp;color=%23ff5500&amp;auto_play=false&amp;hide_related=false&amp;show_comments=true&amp;show_user=true&amp;show_reposts=false&amp;show_teaser=true\" width=\"100%\" height=\"166\" frameborder=\"no\" scrolling=\"no\"><\/iframe><\/p>\n<p><strong>Fotos de Juanjo Navarro<\/strong><br \/>\n<a title=\"WhatsApp Image 2020-05-12 at 11.06.46\" href=\"http:\/\/live.staticflickr.com\/65535\/49886435508_379a82f1bd_s.jpg\" rel=\"\"><img loading=\"lazy\" decoding=\"async\" class=\"aligncenter\" title=\"WhatsApp Image 2020-05-12 at 11.06.46\" src=\"http:\/\/live.staticflickr.com\/65535\/49886435508_379a82f1bd_z.jpg\" alt=\"WhatsApp Image 2020-05-12 at 11.06.46\" width=\"640\" height=\"480\" \/><\/a><\/p>\n<p>&nbsp;<\/p>\n<p><a title=\"WhatsApp Image 2020-05-12 at 11.02.52 (1)\" href=\"http:\/\/live.staticflickr.com\/65535\/49886953346_4e09373f64_s.jpg\" rel=\"\"><img loading=\"lazy\" decoding=\"async\" class=\"aligncenter\" title=\"WhatsApp Image 2020-05-12 at 11.02.52 (1)\" src=\"http:\/\/live.staticflickr.com\/65535\/49886953346_4e09373f64_z.jpg\" alt=\"WhatsApp Image 2020-05-12 at 11.02.52 (1)\" width=\"640\" height=\"427\" \/><\/a><\/p>\n<p>&nbsp;<\/p>\n<p><a title=\"WhatsApp Image 2020-05-12 at 11.02.53\" href=\"http:\/\/live.staticflickr.com\/65535\/49887265982_61440842a7_s.jpg\" rel=\"\"><img loading=\"lazy\" decoding=\"async\" class=\"aligncenter\" title=\"WhatsApp Image 2020-05-12 at 11.02.53\" src=\"http:\/\/live.staticflickr.com\/65535\/49887265982_61440842a7_z.jpg\" alt=\"WhatsApp Image 2020-05-12 at 11.02.53\" width=\"640\" height=\"454\" \/><\/a><\/p>\n","protected":false},"excerpt":{"rendered":"<p>\u00abJuanjo Navarro turismo de naturaleza\u00bb, es la agencia que fund\u00f3 y administra nuestro invitado de hoy. Navarro analiza la situaci\u00f3n actual con una visi\u00f3n positiva sobre el futuro del Turismo y la Actividad de los gu\u00edas para el despu\u00e9s de la pandemia, asegurando que se viene un turismo m\u00e1s selectivo a la regi\u00f3n.<\/p>\n","protected":false},"author":3,"featured_media":0,"comment_status":"closed","ping_status":"open","sticky":false,"template":"","format":"standard","meta":{"footnotes":""},"categories":[33],"tags":[],"class_list":["post-41822","post","type-post","status-publish","format-standard","hentry","category-turismo"],"yoast_head":"<!-- This site is optimized with the Yoast SEO plugin v25.9 - https:\/\/yoast.com\/wordpress\/plugins\/seo\/ -->\n<title>La situaci\u00f3n de los Gu\u00edas Tur\u00edsticos en la Comarca. &quot;Dentro de lo malo, nosotros vamos a estar totalmente privilegiados&quot; - Juanjo Navarro. - Noticias Radio Reflejos<\/title>\n<meta name=\"robots\" content=\"index, follow, max-snippet:-1, max-image-preview:large, max-video-preview:-1\" \/>\n<link rel=\"canonical\" href=\"https:\/\/www.noticiasradioreflejos.com.ar\/2021\/la-situacion-de-los-guias-turisticos-en-la-comarca\/\" \/>\n<meta property=\"og:locale\" content=\"es_ES\" \/>\n<meta property=\"og:type\" content=\"article\" \/>\n<meta property=\"og:title\" content=\"La situaci\u00f3n de los Gu\u00edas Tur\u00edsticos en la Comarca. &quot;Dentro de lo malo, nosotros vamos a estar totalmente privilegiados&quot; - Juanjo Navarro. - Noticias Radio Reflejos\" \/>\n<meta property=\"og:description\" content=\"\u00abJuanjo Navarro turismo de naturaleza\u00bb, es la agencia que fund\u00f3 y administra nuestro invitado de hoy. Navarro analiza la situaci\u00f3n actual con una visi\u00f3n positiva sobre el futuro del Turismo y la Actividad de los gu\u00edas para el despu\u00e9s de la pandemia, asegurando que se viene un turismo m\u00e1s selectivo a la regi\u00f3n.\" \/>\n<meta property=\"og:url\" content=\"https:\/\/www.noticiasradioreflejos.com.ar\/2021\/la-situacion-de-los-guias-turisticos-en-la-comarca\/\" \/>\n<meta property=\"og:site_name\" content=\"Noticias Radio Reflejos\" \/>\n<meta property=\"article:published_time\" content=\"2020-05-12T21:50:19+00:00\" \/>\n<meta property=\"og:image\" content=\"http:\/\/live.staticflickr.com\/65535\/49887265807_4ab7f7c8df.jpg\" \/>\n<meta name=\"author\" content=\"Arnaldo Botto\" \/>\n<meta name=\"twitter:card\" content=\"summary_large_image\" \/>\n<script type=\"application\/ld+json\" class=\"yoast-schema-graph\">{\"@context\":\"https:\/\/schema.org\",\"@graph\":[{\"@type\":\"WebPage\",\"@id\":\"https:\/\/www.noticiasradioreflejos.com.ar\/2021\/la-situacion-de-los-guias-turisticos-en-la-comarca\/\",\"url\":\"https:\/\/www.noticiasradioreflejos.com.ar\/2021\/la-situacion-de-los-guias-turisticos-en-la-comarca\/\",\"name\":\"La situaci\u00f3n de los Gu\u00edas Tur\u00edsticos en la Comarca. \\\"Dentro de lo malo, nosotros vamos a estar totalmente privilegiados\\\" - Juanjo Navarro. - Noticias Radio Reflejos\",\"isPartOf\":{\"@id\":\"https:\/\/www.noticiasradioreflejos.com.ar\/2021\/#website\"},\"primaryImageOfPage\":{\"@id\":\"https:\/\/www.noticiasradioreflejos.com.ar\/2021\/la-situacion-de-los-guias-turisticos-en-la-comarca\/#primaryimage\"},\"image\":{\"@id\":\"https:\/\/www.noticiasradioreflejos.com.ar\/2021\/la-situacion-de-los-guias-turisticos-en-la-comarca\/#primaryimage\"},\"thumbnailUrl\":\"http:\/\/live.staticflickr.com\/65535\/49887265807_4ab7f7c8df.jpg\",\"datePublished\":\"2020-05-12T21:50:19+00:00\",\"author\":{\"@id\":\"https:\/\/www.noticiasradioreflejos.com.ar\/2021\/#\/schema\/person\/ad82545263dcc5ec0996818884fd5fb1\"},\"breadcrumb\":{\"@id\":\"https:\/\/www.noticiasradioreflejos.com.ar\/2021\/la-situacion-de-los-guias-turisticos-en-la-comarca\/#breadcrumb\"},\"inLanguage\":\"es\",\"potentialAction\":[{\"@type\":\"ReadAction\",\"target\":[\"https:\/\/www.noticiasradioreflejos.com.ar\/2021\/la-situacion-de-los-guias-turisticos-en-la-comarca\/\"]}]},{\"@type\":\"ImageObject\",\"inLanguage\":\"es\",\"@id\":\"https:\/\/www.noticiasradioreflejos.com.ar\/2021\/la-situacion-de-los-guias-turisticos-en-la-comarca\/#primaryimage\",\"url\":\"http:\/\/live.staticflickr.com\/65535\/49887265807_4ab7f7c8df.jpg\",\"contentUrl\":\"http:\/\/live.staticflickr.com\/65535\/49887265807_4ab7f7c8df.jpg\"},{\"@type\":\"BreadcrumbList\",\"@id\":\"https:\/\/www.noticiasradioreflejos.com.ar\/2021\/la-situacion-de-los-guias-turisticos-en-la-comarca\/#breadcrumb\",\"itemListElement\":[{\"@type\":\"ListItem\",\"position\":1,\"name\":\"Portada\",\"item\":\"https:\/\/www.noticiasradioreflejos.com.ar\/2021\/\"},{\"@type\":\"ListItem\",\"position\":2,\"name\":\"La situaci\u00f3n de los Gu\u00edas Tur\u00edsticos en la Comarca. \u00abDentro de lo malo, nosotros vamos a estar totalmente privilegiados\u00bb &#8211; Juanjo Navarro.\"}]},{\"@type\":\"WebSite\",\"@id\":\"https:\/\/www.noticiasradioreflejos.com.ar\/2021\/#website\",\"url\":\"https:\/\/www.noticiasradioreflejos.com.ar\/2021\/\",\"name\":\"Noticias Radio Reflejos\",\"description\":\"Las noticias de mi comarca\",\"potentialAction\":[{\"@type\":\"SearchAction\",\"target\":{\"@type\":\"EntryPoint\",\"urlTemplate\":\"https:\/\/www.noticiasradioreflejos.com.ar\/2021\/?s={search_term_string}\"},\"query-input\":{\"@type\":\"PropertyValueSpecification\",\"valueRequired\":true,\"valueName\":\"search_term_string\"}}],\"inLanguage\":\"es\"},{\"@type\":\"Person\",\"@id\":\"https:\/\/www.noticiasradioreflejos.com.ar\/2021\/#\/schema\/person\/ad82545263dcc5ec0996818884fd5fb1\",\"name\":\"Arnaldo Botto\",\"image\":{\"@type\":\"ImageObject\",\"inLanguage\":\"es\",\"@id\":\"https:\/\/www.noticiasradioreflejos.com.ar\/2021\/#\/schema\/person\/image\/\",\"url\":\"https:\/\/secure.gravatar.com\/avatar\/55cb5e37c1efa326397366e6974cb338056df65cb50e7d64d1cf314e87504837?s=96&d=mm&r=g\",\"contentUrl\":\"https:\/\/secure.gravatar.com\/avatar\/55cb5e37c1efa326397366e6974cb338056df65cb50e7d64d1cf314e87504837?s=96&d=mm&r=g\",\"caption\":\"Arnaldo Botto\"},\"url\":\"https:\/\/www.noticiasradioreflejos.com.ar\/2021\/author\/arnaldo\/\"}]}<\/script>\n<!-- \/ Yoast SEO plugin. -->","yoast_head_json":{"title":"La situaci\u00f3n de los Gu\u00edas Tur\u00edsticos en la Comarca. \"Dentro de lo malo, nosotros vamos a estar totalmente privilegiados\" - Juanjo Navarro. - Noticias Radio Reflejos","robots":{"index":"index","follow":"follow","max-snippet":"max-snippet:-1","max-image-preview":"max-image-preview:large","max-video-preview":"max-video-preview:-1"},"canonical":"https:\/\/www.noticiasradioreflejos.com.ar\/2021\/la-situacion-de-los-guias-turisticos-en-la-comarca\/","og_locale":"es_ES","og_type":"article","og_title":"La situaci\u00f3n de los Gu\u00edas Tur\u00edsticos en la Comarca. \"Dentro de lo malo, nosotros vamos a estar totalmente privilegiados\" - Juanjo Navarro. - Noticias Radio Reflejos","og_description":"\u00abJuanjo Navarro turismo de naturaleza\u00bb, es la agencia que fund\u00f3 y administra nuestro invitado de hoy. Navarro analiza la situaci\u00f3n actual con una visi\u00f3n positiva sobre el futuro del Turismo y la Actividad de los gu\u00edas para el despu\u00e9s de la pandemia, asegurando que se viene un turismo m\u00e1s selectivo a la regi\u00f3n.","og_url":"https:\/\/www.noticiasradioreflejos.com.ar\/2021\/la-situacion-de-los-guias-turisticos-en-la-comarca\/","og_site_name":"Noticias Radio Reflejos","article_published_time":"2020-05-12T21:50:19+00:00","og_image":[{"url":"http:\/\/live.staticflickr.com\/65535\/49887265807_4ab7f7c8df.jpg","type":"","width":"","height":""}],"author":"Arnaldo Botto","twitter_card":"summary_large_image","schema":{"@context":"https:\/\/schema.org","@graph":[{"@type":"WebPage","@id":"https:\/\/www.noticiasradioreflejos.com.ar\/2021\/la-situacion-de-los-guias-turisticos-en-la-comarca\/","url":"https:\/\/www.noticiasradioreflejos.com.ar\/2021\/la-situacion-de-los-guias-turisticos-en-la-comarca\/","name":"La situaci\u00f3n de los Gu\u00edas Tur\u00edsticos en la Comarca. \"Dentro de lo malo, nosotros vamos a estar totalmente privilegiados\" - Juanjo Navarro. - Noticias Radio Reflejos","isPartOf":{"@id":"https:\/\/www.noticiasradioreflejos.com.ar\/2021\/#website"},"primaryImageOfPage":{"@id":"https:\/\/www.noticiasradioreflejos.com.ar\/2021\/la-situacion-de-los-guias-turisticos-en-la-comarca\/#primaryimage"},"image":{"@id":"https:\/\/www.noticiasradioreflejos.com.ar\/2021\/la-situacion-de-los-guias-turisticos-en-la-comarca\/#primaryimage"},"thumbnailUrl":"http:\/\/live.staticflickr.com\/65535\/49887265807_4ab7f7c8df.jpg","datePublished":"2020-05-12T21:50:19+00:00","author":{"@id":"https:\/\/www.noticiasradioreflejos.com.ar\/2021\/#\/schema\/person\/ad82545263dcc5ec0996818884fd5fb1"},"breadcrumb":{"@id":"https:\/\/www.noticiasradioreflejos.com.ar\/2021\/la-situacion-de-los-guias-turisticos-en-la-comarca\/#breadcrumb"},"inLanguage":"es","potentialAction":[{"@type":"ReadAction","target":["https:\/\/www.noticiasradioreflejos.com.ar\/2021\/la-situacion-de-los-guias-turisticos-en-la-comarca\/"]}]},{"@type":"ImageObject","inLanguage":"es","@id":"https:\/\/www.noticiasradioreflejos.com.ar\/2021\/la-situacion-de-los-guias-turisticos-en-la-comarca\/#primaryimage","url":"http:\/\/live.staticflickr.com\/65535\/49887265807_4ab7f7c8df.jpg","contentUrl":"http:\/\/live.staticflickr.com\/65535\/49887265807_4ab7f7c8df.jpg"},{"@type":"BreadcrumbList","@id":"https:\/\/www.noticiasradioreflejos.com.ar\/2021\/la-situacion-de-los-guias-turisticos-en-la-comarca\/#breadcrumb","itemListElement":[{"@type":"ListItem","position":1,"name":"Portada","item":"https:\/\/www.noticiasradioreflejos.com.ar\/2021\/"},{"@type":"ListItem","position":2,"name":"La situaci\u00f3n de los Gu\u00edas Tur\u00edsticos en la Comarca. \u00abDentro de lo malo, nosotros vamos a estar totalmente privilegiados\u00bb &#8211; Juanjo Navarro."}]},{"@type":"WebSite","@id":"https:\/\/www.noticiasradioreflejos.com.ar\/2021\/#website","url":"https:\/\/www.noticiasradioreflejos.com.ar\/2021\/","name":"Noticias Radio Reflejos","description":"Las noticias de mi comarca","potentialAction":[{"@type":"SearchAction","target":{"@type":"EntryPoint","urlTemplate":"https:\/\/www.noticiasradioreflejos.com.ar\/2021\/?s={search_term_string}"},"query-input":{"@type":"PropertyValueSpecification","valueRequired":true,"valueName":"search_term_string"}}],"inLanguage":"es"},{"@type":"Person","@id":"https:\/\/www.noticiasradioreflejos.com.ar\/2021\/#\/schema\/person\/ad82545263dcc5ec0996818884fd5fb1","name":"Arnaldo Botto","image":{"@type":"ImageObject","inLanguage":"es","@id":"https:\/\/www.noticiasradioreflejos.com.ar\/2021\/#\/schema\/person\/image\/","url":"https:\/\/secure.gravatar.com\/avatar\/55cb5e37c1efa326397366e6974cb338056df65cb50e7d64d1cf314e87504837?s=96&d=mm&r=g","contentUrl":"https:\/\/secure.gravatar.com\/avatar\/55cb5e37c1efa326397366e6974cb338056df65cb50e7d64d1cf314e87504837?s=96&d=mm&r=g","caption":"Arnaldo Botto"},"url":"https:\/\/www.noticiasradioreflejos.com.ar\/2021\/author\/arnaldo\/"}]}},"_links":{"self":[{"href":"https:\/\/www.noticiasradioreflejos.com.ar\/2021\/wp-json\/wp\/v2\/posts\/41822","targetHints":{"allow":["GET"]}}],"collection":[{"href":"https:\/\/www.noticiasradioreflejos.com.ar\/2021\/wp-json\/wp\/v2\/posts"}],"about":[{"href":"https:\/\/www.noticiasradioreflejos.com.ar\/2021\/wp-json\/wp\/v2\/types\/post"}],"author":[{"embeddable":true,"href":"https:\/\/www.noticiasradioreflejos.com.ar\/2021\/wp-json\/wp\/v2\/users\/3"}],"replies":[{"embeddable":true,"href":"https:\/\/www.noticiasradioreflejos.com.ar\/2021\/wp-json\/wp\/v2\/comments?post=41822"}],"version-history":[{"count":0,"href":"https:\/\/www.noticiasradioreflejos.com.ar\/2021\/wp-json\/wp\/v2\/posts\/41822\/revisions"}],"wp:attachment":[{"href":"https:\/\/www.noticiasradioreflejos.com.ar\/2021\/wp-json\/wp\/v2\/media?parent=41822"}],"wp:term":[{"taxonomy":"category","embeddable":true,"href":"https:\/\/www.noticiasradioreflejos.com.ar\/2021\/wp-json\/wp\/v2\/categories?post=41822"},{"taxonomy":"post_tag","embeddable":true,"href":"https:\/\/www.noticiasradioreflejos.com.ar\/2021\/wp-json\/wp\/v2\/tags?post=41822"}],"curies":[{"name":"wp","href":"https:\/\/api.w.org\/{rel}","templated":true}]}}