{"id":41809,"date":"2020-05-12T07:42:55","date_gmt":"2020-05-12T10:42:55","guid":{"rendered":"http:\/\/www.noticiasradioreflejos.com.ar\/noticias\/?p=41809"},"modified":"2020-05-12T07:42:55","modified_gmt":"2020-05-12T10:42:55","slug":"la-iglesia-catolica-abrira-templos-para-asistencia-espiritual-pero-sin-misas","status":"publish","type":"post","link":"https:\/\/www.noticiasradioreflejos.com.ar\/2021\/la-iglesia-catolica-abrira-templos-para-asistencia-espiritual-pero-sin-misas\/","title":{"rendered":"La Iglesia cat\u00f3lica abrir\u00e1 templos para asistencia espiritual pero sin misas"},"content":{"rendered":"<p>La Iglesia cat\u00f3lica volver\u00e1 a reabrir sus templos para rezos individuales y confesiones, sin celebraci\u00f3n de misas u otros rituales comunitarios, seg\u00fan lo acordado hoy entre el gobierno nacional y las m\u00e1ximas autoridades de la Conferencia Episcopal Argentina (CEA) en una reuni\u00f3n en la Casa Rosada. El encuentro se realiz\u00f3 entre el jefe de Gabinete, Santiago Cafiero; el canciller Felipe Sol\u00e1 y el secretario de Culto, Guillermo Oliveri, por parte del gobierno, y el cardenal Mario Poli, arzobispo de Buenos Aires y Primado de la Argentina; y los monse\u00f1ores Oscar Ojea y Carlos Malfa, presidente y secretario de general de la CEA, informaron fuentes de la Jefatura de Ministros.<!--more--><\/p>\n<p>Tras la reuni\u00f3n el Episcopado confirm\u00f3 la decisi\u00f3n y dijo: \u00abSe ratific\u00f3 la posibilidad de que los templos est\u00e9n abiertos para la oraci\u00f3n individual, y los sacerdotes puedan recibir, de ser posible de manera previamente acordada, a los fieles que soliciten ayuda y orientaci\u00f3n espiritual. Siempre teniendo en cuenta las disposiciones sanitarias\u00bb.<\/p>\n<p>Asimismo, se analiz\u00f3 \u00abla situaci\u00f3n que est\u00e1n atravesando los barrios populares\u00bb por el coronavirus, indicaron las fuentes oficiales.<\/p>\n<p>Seg\u00fan precisaron los portavoces, las iglesias cat\u00f3licas \u00abpodr\u00e1n abrir sus puertas para la asistencia espiritual a los fieles y los rezos individuales, y estas ser\u00edan las primeras pr\u00e1cticas de fe que podr\u00edan permitirse en las iglesias y templos de nuestro pa\u00eds\u00bb.<\/p>\n<p>En ese sentido, se abordaron los protocolos de salud que deber\u00e1n implementarse \u00abuna vez que se reanuden los servicios religiosos en toda la Argentina, priorizando la seguridad sanitaria de todos los asistentes\u00bb, a\u00f1adieron.<\/p>\n<p>\u00abTiene que ver exclusivamente con la oraci\u00f3n individual y la asistencia espiritual con las debidas medidas sanitarias. No hay celebraci\u00f3n de misas, no hay celebraciones comunitarias. Los templos que quieran podr\u00e1n estar abiertos para la oraci\u00f3n individual de la gente, nada m\u00e1s que eso\u00bb, subrayaron fuentes del Epsicopado a T\u00e9lam.<\/p>\n<p>Adem\u00e1s, fuentes de la Secretar\u00eda de Culto dijeron que Oliveri y Malfa volver\u00e1n a reunirse ma\u00f1ana para avanzar en esa agenda de trabajo, que, subrayaron, \u00abde ning\u00fan modo contempla la posibilidad de que sean reanudadas las misas\u00bb.<\/p>\n<p>Asimismo, el gobierno y los prelados conversaron acerca del trabajo diario que est\u00e1 realizando la Iglesia cat\u00f3lica en los barrios de todo el pa\u00eds para brindar asistencia a los sectores m\u00e1s vulnerables.<\/p>\n<p>En ese sentido, se analizaron las \u00abconsecuencias sociales y econ\u00f3micas que surgieron a ra\u00edz de la lucha contra la pandemia, acordando que lo m\u00e1s importante es la salud y preservar la vida de la gente\u00bb, dijeron los voceros.<\/p>\n<p>Y se remarc\u00f3 la \u00aborganizaci\u00f3n conjunta\u00bb entre municipios y organizaciones de distintos lugares del pa\u00eds para \u00abresolver muchas necesidades sanitarias\u00bb que surgieron a partir del aislamiento social por el Covid-19.<\/p>\n<p>La CEA emiti\u00f3 un comunicado en el que inform\u00f3 que \u00abse dialog\u00f3 sobre esta nueva etapa del aislamiento social, preventivo y obligatorio y la diferente realidad que afecta a cada lugar del pa\u00eds\u00bb.<\/p>\n<p>Adem\u00e1s, dijo, \u00abse ratific\u00f3 la posibilidad de que los templos est\u00e9n abiertos para la oraci\u00f3n individual, y los sacerdotes puedan recibir, de ser posible de manera previamente acordada, a los fieles que soliciten ayuda y orientaci\u00f3n espiritual. Siempre teniendo en cuenta las disposiciones sanitarias\u00bb.<\/p>\n<p>\u00abEn cuanto a la celebraci\u00f3n con participaci\u00f3n de los fieles, cuando llegue el momento adecuado para las mismas, se acord\u00f3 ir trabajando en la elaboraci\u00f3n de los protocolos lit\u00fargicos y sanitarios correspondientes\u00bb, a\u00f1adi\u00f3 la informaci\u00f3n del Episcopado.<\/p>\n","protected":false},"excerpt":{"rendered":"<p>La Iglesia cat\u00f3lica volver\u00e1 a reabrir sus templos para rezos individuales y confesiones, sin celebraci\u00f3n de misas u otros rituales comunitarios, seg\u00fan lo acordado hoy entre el gobierno nacional y las m\u00e1ximas autoridades de la Conferencia Episcopal Argentina (CEA) en una reuni\u00f3n en la Casa Rosada. El encuentro se realiz\u00f3 entre el jefe de Gabinete, [&hellip;]<\/p>\n","protected":false},"author":3,"featured_media":39101,"comment_status":"closed","ping_status":"open","sticky":false,"template":"","format":"standard","meta":{"footnotes":""},"categories":[26],"tags":[],"class_list":["post-41809","post","type-post","status-publish","format-standard","has-post-thumbnail","hentry","category-sociedad"],"yoast_head":"<!-- This site is optimized with the Yoast SEO plugin v25.9 - https:\/\/yoast.com\/wordpress\/plugins\/seo\/ -->\n<title>La Iglesia cat\u00f3lica abrir\u00e1 templos para asistencia espiritual pero sin misas - Noticias Radio Reflejos<\/title>\n<meta name=\"robots\" content=\"index, follow, max-snippet:-1, max-image-preview:large, max-video-preview:-1\" \/>\n<link rel=\"canonical\" href=\"https:\/\/www.noticiasradioreflejos.com.ar\/2021\/la-iglesia-catolica-abrira-templos-para-asistencia-espiritual-pero-sin-misas\/\" \/>\n<meta property=\"og:locale\" content=\"es_ES\" \/>\n<meta property=\"og:type\" content=\"article\" \/>\n<meta property=\"og:title\" content=\"La Iglesia cat\u00f3lica abrir\u00e1 templos para asistencia espiritual pero sin misas - Noticias Radio Reflejos\" \/>\n<meta property=\"og:description\" content=\"La Iglesia cat\u00f3lica volver\u00e1 a reabrir sus templos para rezos individuales y confesiones, sin celebraci\u00f3n de misas u otros rituales comunitarios, seg\u00fan lo acordado hoy entre el gobierno nacional y las m\u00e1ximas autoridades de la Conferencia Episcopal Argentina (CEA) en una reuni\u00f3n en la Casa Rosada. El encuentro se realiz\u00f3 entre el jefe de Gabinete, [&hellip;]\" \/>\n<meta property=\"og:url\" content=\"https:\/\/www.noticiasradioreflejos.com.ar\/2021\/la-iglesia-catolica-abrira-templos-para-asistencia-espiritual-pero-sin-misas\/\" \/>\n<meta property=\"og:site_name\" content=\"Noticias Radio Reflejos\" \/>\n<meta property=\"article:published_time\" content=\"2020-05-12T10:42:55+00:00\" \/>\n<meta property=\"og:image\" content=\"https:\/\/www.noticiasradioreflejos.com.ar\/2021\/wp-content\/uploads\/2020\/03\/Plaza-ET-iglesia-1.jpg\" \/>\n\t<meta property=\"og:image:width\" content=\"550\" \/>\n\t<meta property=\"og:image:height\" content=\"412\" \/>\n\t<meta property=\"og:image:type\" content=\"image\/jpeg\" \/>\n<meta name=\"author\" content=\"Arnaldo Botto\" \/>\n<meta name=\"twitter:card\" content=\"summary_large_image\" \/>\n<script type=\"application\/ld+json\" class=\"yoast-schema-graph\">{\"@context\":\"https:\/\/schema.org\",\"@graph\":[{\"@type\":\"WebPage\",\"@id\":\"https:\/\/www.noticiasradioreflejos.com.ar\/2021\/la-iglesia-catolica-abrira-templos-para-asistencia-espiritual-pero-sin-misas\/\",\"url\":\"https:\/\/www.noticiasradioreflejos.com.ar\/2021\/la-iglesia-catolica-abrira-templos-para-asistencia-espiritual-pero-sin-misas\/\",\"name\":\"La Iglesia cat\u00f3lica abrir\u00e1 templos para asistencia espiritual pero sin misas - Noticias Radio Reflejos\",\"isPartOf\":{\"@id\":\"https:\/\/www.noticiasradioreflejos.com.ar\/2021\/#website\"},\"primaryImageOfPage\":{\"@id\":\"https:\/\/www.noticiasradioreflejos.com.ar\/2021\/la-iglesia-catolica-abrira-templos-para-asistencia-espiritual-pero-sin-misas\/#primaryimage\"},\"image\":{\"@id\":\"https:\/\/www.noticiasradioreflejos.com.ar\/2021\/la-iglesia-catolica-abrira-templos-para-asistencia-espiritual-pero-sin-misas\/#primaryimage\"},\"thumbnailUrl\":\"https:\/\/www.noticiasradioreflejos.com.ar\/2021\/wp-content\/uploads\/2020\/03\/Plaza-ET-iglesia-1.jpg\",\"datePublished\":\"2020-05-12T10:42:55+00:00\",\"author\":{\"@id\":\"https:\/\/www.noticiasradioreflejos.com.ar\/2021\/#\/schema\/person\/ad82545263dcc5ec0996818884fd5fb1\"},\"breadcrumb\":{\"@id\":\"https:\/\/www.noticiasradioreflejos.com.ar\/2021\/la-iglesia-catolica-abrira-templos-para-asistencia-espiritual-pero-sin-misas\/#breadcrumb\"},\"inLanguage\":\"es\",\"potentialAction\":[{\"@type\":\"ReadAction\",\"target\":[\"https:\/\/www.noticiasradioreflejos.com.ar\/2021\/la-iglesia-catolica-abrira-templos-para-asistencia-espiritual-pero-sin-misas\/\"]}]},{\"@type\":\"ImageObject\",\"inLanguage\":\"es\",\"@id\":\"https:\/\/www.noticiasradioreflejos.com.ar\/2021\/la-iglesia-catolica-abrira-templos-para-asistencia-espiritual-pero-sin-misas\/#primaryimage\",\"url\":\"https:\/\/www.noticiasradioreflejos.com.ar\/2021\/wp-content\/uploads\/2020\/03\/Plaza-ET-iglesia-1.jpg\",\"contentUrl\":\"https:\/\/www.noticiasradioreflejos.com.ar\/2021\/wp-content\/uploads\/2020\/03\/Plaza-ET-iglesia-1.jpg\",\"width\":550,\"height\":412},{\"@type\":\"BreadcrumbList\",\"@id\":\"https:\/\/www.noticiasradioreflejos.com.ar\/2021\/la-iglesia-catolica-abrira-templos-para-asistencia-espiritual-pero-sin-misas\/#breadcrumb\",\"itemListElement\":[{\"@type\":\"ListItem\",\"position\":1,\"name\":\"Portada\",\"item\":\"https:\/\/www.noticiasradioreflejos.com.ar\/2021\/\"},{\"@type\":\"ListItem\",\"position\":2,\"name\":\"La Iglesia cat\u00f3lica abrir\u00e1 templos para asistencia espiritual pero sin misas\"}]},{\"@type\":\"WebSite\",\"@id\":\"https:\/\/www.noticiasradioreflejos.com.ar\/2021\/#website\",\"url\":\"https:\/\/www.noticiasradioreflejos.com.ar\/2021\/\",\"name\":\"Noticias Radio Reflejos\",\"description\":\"Las noticias de mi comarca\",\"potentialAction\":[{\"@type\":\"SearchAction\",\"target\":{\"@type\":\"EntryPoint\",\"urlTemplate\":\"https:\/\/www.noticiasradioreflejos.com.ar\/2021\/?s={search_term_string}\"},\"query-input\":{\"@type\":\"PropertyValueSpecification\",\"valueRequired\":true,\"valueName\":\"search_term_string\"}}],\"inLanguage\":\"es\"},{\"@type\":\"Person\",\"@id\":\"https:\/\/www.noticiasradioreflejos.com.ar\/2021\/#\/schema\/person\/ad82545263dcc5ec0996818884fd5fb1\",\"name\":\"Arnaldo Botto\",\"image\":{\"@type\":\"ImageObject\",\"inLanguage\":\"es\",\"@id\":\"https:\/\/www.noticiasradioreflejos.com.ar\/2021\/#\/schema\/person\/image\/\",\"url\":\"https:\/\/secure.gravatar.com\/avatar\/55cb5e37c1efa326397366e6974cb338056df65cb50e7d64d1cf314e87504837?s=96&d=mm&r=g\",\"contentUrl\":\"https:\/\/secure.gravatar.com\/avatar\/55cb5e37c1efa326397366e6974cb338056df65cb50e7d64d1cf314e87504837?s=96&d=mm&r=g\",\"caption\":\"Arnaldo Botto\"},\"url\":\"https:\/\/www.noticiasradioreflejos.com.ar\/2021\/author\/arnaldo\/\"}]}<\/script>\n<!-- \/ Yoast SEO plugin. -->","yoast_head_json":{"title":"La Iglesia cat\u00f3lica abrir\u00e1 templos para asistencia espiritual pero sin misas - Noticias Radio Reflejos","robots":{"index":"index","follow":"follow","max-snippet":"max-snippet:-1","max-image-preview":"max-image-preview:large","max-video-preview":"max-video-preview:-1"},"canonical":"https:\/\/www.noticiasradioreflejos.com.ar\/2021\/la-iglesia-catolica-abrira-templos-para-asistencia-espiritual-pero-sin-misas\/","og_locale":"es_ES","og_type":"article","og_title":"La Iglesia cat\u00f3lica abrir\u00e1 templos para asistencia espiritual pero sin misas - Noticias Radio Reflejos","og_description":"La Iglesia cat\u00f3lica volver\u00e1 a reabrir sus templos para rezos individuales y confesiones, sin celebraci\u00f3n de misas u otros rituales comunitarios, seg\u00fan lo acordado hoy entre el gobierno nacional y las m\u00e1ximas autoridades de la Conferencia Episcopal Argentina (CEA) en una reuni\u00f3n en la Casa Rosada. El encuentro se realiz\u00f3 entre el jefe de Gabinete, [&hellip;]","og_url":"https:\/\/www.noticiasradioreflejos.com.ar\/2021\/la-iglesia-catolica-abrira-templos-para-asistencia-espiritual-pero-sin-misas\/","og_site_name":"Noticias Radio Reflejos","article_published_time":"2020-05-12T10:42:55+00:00","og_image":[{"width":550,"height":412,"url":"https:\/\/www.noticiasradioreflejos.com.ar\/2021\/wp-content\/uploads\/2020\/03\/Plaza-ET-iglesia-1.jpg","type":"image\/jpeg"}],"author":"Arnaldo Botto","twitter_card":"summary_large_image","schema":{"@context":"https:\/\/schema.org","@graph":[{"@type":"WebPage","@id":"https:\/\/www.noticiasradioreflejos.com.ar\/2021\/la-iglesia-catolica-abrira-templos-para-asistencia-espiritual-pero-sin-misas\/","url":"https:\/\/www.noticiasradioreflejos.com.ar\/2021\/la-iglesia-catolica-abrira-templos-para-asistencia-espiritual-pero-sin-misas\/","name":"La Iglesia cat\u00f3lica abrir\u00e1 templos para asistencia espiritual pero sin misas - Noticias Radio Reflejos","isPartOf":{"@id":"https:\/\/www.noticiasradioreflejos.com.ar\/2021\/#website"},"primaryImageOfPage":{"@id":"https:\/\/www.noticiasradioreflejos.com.ar\/2021\/la-iglesia-catolica-abrira-templos-para-asistencia-espiritual-pero-sin-misas\/#primaryimage"},"image":{"@id":"https:\/\/www.noticiasradioreflejos.com.ar\/2021\/la-iglesia-catolica-abrira-templos-para-asistencia-espiritual-pero-sin-misas\/#primaryimage"},"thumbnailUrl":"https:\/\/www.noticiasradioreflejos.com.ar\/2021\/wp-content\/uploads\/2020\/03\/Plaza-ET-iglesia-1.jpg","datePublished":"2020-05-12T10:42:55+00:00","author":{"@id":"https:\/\/www.noticiasradioreflejos.com.ar\/2021\/#\/schema\/person\/ad82545263dcc5ec0996818884fd5fb1"},"breadcrumb":{"@id":"https:\/\/www.noticiasradioreflejos.com.ar\/2021\/la-iglesia-catolica-abrira-templos-para-asistencia-espiritual-pero-sin-misas\/#breadcrumb"},"inLanguage":"es","potentialAction":[{"@type":"ReadAction","target":["https:\/\/www.noticiasradioreflejos.com.ar\/2021\/la-iglesia-catolica-abrira-templos-para-asistencia-espiritual-pero-sin-misas\/"]}]},{"@type":"ImageObject","inLanguage":"es","@id":"https:\/\/www.noticiasradioreflejos.com.ar\/2021\/la-iglesia-catolica-abrira-templos-para-asistencia-espiritual-pero-sin-misas\/#primaryimage","url":"https:\/\/www.noticiasradioreflejos.com.ar\/2021\/wp-content\/uploads\/2020\/03\/Plaza-ET-iglesia-1.jpg","contentUrl":"https:\/\/www.noticiasradioreflejos.com.ar\/2021\/wp-content\/uploads\/2020\/03\/Plaza-ET-iglesia-1.jpg","width":550,"height":412},{"@type":"BreadcrumbList","@id":"https:\/\/www.noticiasradioreflejos.com.ar\/2021\/la-iglesia-catolica-abrira-templos-para-asistencia-espiritual-pero-sin-misas\/#breadcrumb","itemListElement":[{"@type":"ListItem","position":1,"name":"Portada","item":"https:\/\/www.noticiasradioreflejos.com.ar\/2021\/"},{"@type":"ListItem","position":2,"name":"La Iglesia cat\u00f3lica abrir\u00e1 templos para asistencia espiritual pero sin misas"}]},{"@type":"WebSite","@id":"https:\/\/www.noticiasradioreflejos.com.ar\/2021\/#website","url":"https:\/\/www.noticiasradioreflejos.com.ar\/2021\/","name":"Noticias Radio Reflejos","description":"Las noticias de mi comarca","potentialAction":[{"@type":"SearchAction","target":{"@type":"EntryPoint","urlTemplate":"https:\/\/www.noticiasradioreflejos.com.ar\/2021\/?s={search_term_string}"},"query-input":{"@type":"PropertyValueSpecification","valueRequired":true,"valueName":"search_term_string"}}],"inLanguage":"es"},{"@type":"Person","@id":"https:\/\/www.noticiasradioreflejos.com.ar\/2021\/#\/schema\/person\/ad82545263dcc5ec0996818884fd5fb1","name":"Arnaldo Botto","image":{"@type":"ImageObject","inLanguage":"es","@id":"https:\/\/www.noticiasradioreflejos.com.ar\/2021\/#\/schema\/person\/image\/","url":"https:\/\/secure.gravatar.com\/avatar\/55cb5e37c1efa326397366e6974cb338056df65cb50e7d64d1cf314e87504837?s=96&d=mm&r=g","contentUrl":"https:\/\/secure.gravatar.com\/avatar\/55cb5e37c1efa326397366e6974cb338056df65cb50e7d64d1cf314e87504837?s=96&d=mm&r=g","caption":"Arnaldo Botto"},"url":"https:\/\/www.noticiasradioreflejos.com.ar\/2021\/author\/arnaldo\/"}]}},"_links":{"self":[{"href":"https:\/\/www.noticiasradioreflejos.com.ar\/2021\/wp-json\/wp\/v2\/posts\/41809","targetHints":{"allow":["GET"]}}],"collection":[{"href":"https:\/\/www.noticiasradioreflejos.com.ar\/2021\/wp-json\/wp\/v2\/posts"}],"about":[{"href":"https:\/\/www.noticiasradioreflejos.com.ar\/2021\/wp-json\/wp\/v2\/types\/post"}],"author":[{"embeddable":true,"href":"https:\/\/www.noticiasradioreflejos.com.ar\/2021\/wp-json\/wp\/v2\/users\/3"}],"replies":[{"embeddable":true,"href":"https:\/\/www.noticiasradioreflejos.com.ar\/2021\/wp-json\/wp\/v2\/comments?post=41809"}],"version-history":[{"count":0,"href":"https:\/\/www.noticiasradioreflejos.com.ar\/2021\/wp-json\/wp\/v2\/posts\/41809\/revisions"}],"wp:featuredmedia":[{"embeddable":true,"href":"https:\/\/www.noticiasradioreflejos.com.ar\/2021\/wp-json\/wp\/v2\/media\/39101"}],"wp:attachment":[{"href":"https:\/\/www.noticiasradioreflejos.com.ar\/2021\/wp-json\/wp\/v2\/media?parent=41809"}],"wp:term":[{"taxonomy":"category","embeddable":true,"href":"https:\/\/www.noticiasradioreflejos.com.ar\/2021\/wp-json\/wp\/v2\/categories?post=41809"},{"taxonomy":"post_tag","embeddable":true,"href":"https:\/\/www.noticiasradioreflejos.com.ar\/2021\/wp-json\/wp\/v2\/tags?post=41809"}],"curies":[{"name":"wp","href":"https:\/\/api.w.org\/{rel}","templated":true}]}}